{"id":886,"date":"2024-05-19T16:12:41","date_gmt":"2024-05-19T16:12:41","guid":{"rendered":"https:\/\/elmawkie.dz\/fr\/?p=886"},"modified":"2024-05-19T16:34:04","modified_gmt":"2024-05-19T16:34:04","slug":"le-wali-said-sayoud-donne-le-coup-denvoi-du-recensement-general-de-lagriculture","status":"publish","type":"post","link":"https:\/\/elmawkie.dz\/fr\/le-wali-said-sayoud-donne-le-coup-denvoi-du-recensement-general-de-lagriculture\/","title":{"rendered":"Oran : Le wali Said Sayoud donne le coup d\u2019envoi du recensement g\u00e9n\u00e9ral de l&rsquo;agriculture"},"content":{"rendered":"<p>Le wali d\u2019Oran Said Sayoud a donn\u00e9 ce dimanche le coup d\u2019envoi du Recensement g\u00e9n\u00e9ral de l&rsquo;agriculture (RGA) qui se poursuivra jusqu&rsquo;au 17 juillet 2024. La wilaya d\u2019Oran par le biais de la direction des services agricoles a pris toutes les mesures afin de r\u00e9ussir cette campagne de recensement, avec des moyens humains et mat\u00e9riels. <!--more--><\/p>\n<p>La directrices de la DSA Karima Amrani a affirm\u00e9 que des r\u00e9unions ont \u00e9t\u00e9 tenues avec le wali d\u2019Oran qui a veill\u00e9 sur le bon d\u00e9roulement de cette campagne. L\u2019interlocutrice a r\u00e9v\u00e9l\u00e9 que 51 agents de recensement et 11 contr\u00f4leurs ont \u00e9t\u00e9 mobilis\u00e9s pour la r\u00e9ussite de l\u2019initiative. Ces agents ont b\u00e9n\u00e9fici\u00e9 d\u2019une session de formation au niveau du centre de l\u2019agriculture de Ain T\u00e9mouchent. <!--more-->Des instructions ont \u00e9t\u00e9 donn\u00e9es par le pr\u00e9sident de la R\u00e9publique, M. Abdelmadjid Tebboune, lors du Conseil des ministres quant \u00e0 l&rsquo;imp\u00e9ratif d&rsquo;accorder une grande importance au recensement g\u00e9n\u00e9ral dans le secteur de l&rsquo;agriculture, en ce qu&rsquo;il repr\u00e9sente un m\u00e9canisme essentiel pour conna\u00eetre les capacit\u00e9s nationales et identifier les besoins afin de prendre les bonnes d\u00e9cisions sur la base de donn\u00e9es scientifiques exactes. <!--more--><br \/>\nLa Commission nationale du RGA a adopt\u00e9 le mod\u00e8le de questionnaire final de cette op\u00e9ration nationale, avec la pr\u00e9sentation d&rsquo;un expos\u00e9 sur l&rsquo;application d\u00e9di\u00e9e \u00e0 la saisie des donn\u00e9es collect\u00e9es. A noter que le RGA de 2024 est le troisi\u00e8me recensement agricole en Alg\u00e9rie, apr\u00e8s les recensements de 1973 et de 2001.<\/p>\n<p>J.M<\/p>\n","protected":false},"excerpt":{"rendered":"<p>Le wali d\u2019Oran Said Sayoud a donn\u00e9 ce dimanche le coup d\u2019envoi du Recensement g\u00e9n\u00e9ral de l&rsquo;agriculture (RGA) qui se poursuivra jusqu&rsquo;au 17 juillet 2024. La wilaya d\u2019Oran par le biais de la direction des services agricoles a pris toutes les mesures afin de r\u00e9ussir cette campagne de recensement, avec des moyens humains et mat\u00e9riels. &hellip;<\/p>\n","protected":false},"author":3,"featured_media":888,"comment_status":"open","ping_status":"open","sticky":false,"template":"","format":"standard","meta":{"footnotes":""},"categories":[50],"tags":[],"class_list":["post-886","post","type-post","status-publish","format-standard","has-post-thumbnail","hentry","category-region"],"yoast_head":"<!-- This site is optimized with the Yoast SEO Premium plugin v22.6 (Yoast SEO v22.6) - https:\/\/yoast.com\/wordpress\/plugins\/seo\/ -->\n<title>Oran : Le wali Said Sayoud donne le coup d\u2019envoi du recensement g\u00e9n\u00e9ral de l&#039;agriculture - El Mawkie<\/title>\n<meta name=\"robots\" content=\"index, follow, max-snippet:-1, max-image-preview:large, max-video-preview:-1\" \/>\n<link rel=\"canonical\" href=\"https:\/\/elmawkie.dz\/fr\/le-wali-said-sayoud-donne-le-coup-denvoi-du-recensement-general-de-lagriculture\/\" \/>\n<meta property=\"og:locale\" content=\"fr_FR\" \/>\n<meta property=\"og:type\" content=\"article\" \/>\n<meta property=\"og:title\" content=\"Oran : Le wali Said Sayoud donne le coup d\u2019envoi du recensement g\u00e9n\u00e9ral de l&#039;agriculture\" \/>\n<meta property=\"og:description\" content=\"Le wali d\u2019Oran Said Sayoud a donn\u00e9 ce dimanche le coup d\u2019envoi du Recensement g\u00e9n\u00e9ral de l&rsquo;agriculture (RGA) qui se poursuivra jusqu&rsquo;au 17 juillet 2024. La wilaya d\u2019Oran par le biais de la direction des services agricoles a pris toutes les mesures afin de r\u00e9ussir cette campagne de recensement, avec des moyens humains et mat\u00e9riels. &hellip;\" \/>\n<meta property=\"og:url\" content=\"https:\/\/elmawkie.dz\/fr\/le-wali-said-sayoud-donne-le-coup-denvoi-du-recensement-general-de-lagriculture\/\" \/>\n<meta property=\"og:site_name\" content=\"El Mawkie\" \/>\n<meta property=\"article:publisher\" content=\"https:\/\/www.facebook.com\/profile.php?id=100088407094989&amp;locale=fr_FR\" \/>\n<meta property=\"article:published_time\" content=\"2024-05-19T16:12:41+00:00\" \/>\n<meta property=\"article:modified_time\" content=\"2024-05-19T16:34:04+00:00\" \/>\n<meta property=\"og:image\" content=\"https:\/\/elmawkie.dz\/fr\/wp-content\/uploads\/2024\/05\/441953371_797404189249899_8701256352116578167_n.jpg\" \/>\n\t<meta property=\"og:image:width\" content=\"1610\" \/>\n\t<meta property=\"og:image:height\" content=\"1074\" \/>\n\t<meta property=\"og:image:type\" content=\"image\/jpeg\" \/>\n<meta name=\"author\" content=\"Hamra Fouzia\" \/>\n<meta name=\"twitter:card\" content=\"summary_large_image\" \/>\n<meta name=\"twitter:label1\" content=\"Written by\" \/>\n\t<meta name=\"twitter:data1\" content=\"Hamra Fouzia\" \/>\n\t<meta name=\"twitter:label2\" content=\"Est. reading time\" \/>\n\t<meta name=\"twitter:data2\" content=\"1 minute\" \/>\n<script type=\"application\/ld+json\" class=\"yoast-schema-graph\">{\"@context\":\"https:\/\/schema.org\",\"@graph\":[{\"@type\":\"Article\",\"@id\":\"https:\/\/elmawkie.dz\/fr\/le-wali-said-sayoud-donne-le-coup-denvoi-du-recensement-general-de-lagriculture\/#article\",\"isPartOf\":{\"@id\":\"https:\/\/elmawkie.dz\/fr\/le-wali-said-sayoud-donne-le-coup-denvoi-du-recensement-general-de-lagriculture\/\"},\"author\":{\"name\":\"Hamra Fouzia\",\"@id\":\"https:\/\/elmawkie.dz\/fr\/#\/schema\/person\/4ed8433201bc23634185d8dd37097c64\"},\"headline\":\"Oran : Le wali Said Sayoud donne le coup d\u2019envoi du recensement g\u00e9n\u00e9ral de l&rsquo;agriculture\",\"datePublished\":\"2024-05-19T16:12:41+00:00\",\"dateModified\":\"2024-05-19T16:34:04+00:00\",\"mainEntityOfPage\":{\"@id\":\"https:\/\/elmawkie.dz\/fr\/le-wali-said-sayoud-donne-le-coup-denvoi-du-recensement-general-de-lagriculture\/\"},\"wordCount\":298,\"commentCount\":0,\"publisher\":{\"@id\":\"https:\/\/elmawkie.dz\/fr\/#organization\"},\"image\":{\"@id\":\"https:\/\/elmawkie.dz\/fr\/le-wali-said-sayoud-donne-le-coup-denvoi-du-recensement-general-de-lagriculture\/#primaryimage\"},\"thumbnailUrl\":\"https:\/\/elmawkie.dz\/fr\/wp-content\/uploads\/2024\/05\/441953371_797404189249899_8701256352116578167_n.jpg\",\"articleSection\":[\"R\u00e9gion\"],\"inLanguage\":\"fr-FR\",\"potentialAction\":[{\"@type\":\"CommentAction\",\"name\":\"Comment\",\"target\":[\"https:\/\/elmawkie.dz\/fr\/le-wali-said-sayoud-donne-le-coup-denvoi-du-recensement-general-de-lagriculture\/#respond\"]}]},{\"@type\":\"WebPage\",\"@id\":\"https:\/\/elmawkie.dz\/fr\/le-wali-said-sayoud-donne-le-coup-denvoi-du-recensement-general-de-lagriculture\/\",\"url\":\"https:\/\/elmawkie.dz\/fr\/le-wali-said-sayoud-donne-le-coup-denvoi-du-recensement-general-de-lagriculture\/\",\"name\":\"Oran : Le wali Said Sayoud donne le coup d\u2019envoi du recensement g\u00e9n\u00e9ral de l'agriculture - El Mawkie\",\"isPartOf\":{\"@id\":\"https:\/\/elmawkie.dz\/fr\/#website\"},\"primaryImageOfPage\":{\"@id\":\"https:\/\/elmawkie.dz\/fr\/le-wali-said-sayoud-donne-le-coup-denvoi-du-recensement-general-de-lagriculture\/#primaryimage\"},\"image\":{\"@id\":\"https:\/\/elmawkie.dz\/fr\/le-wali-said-sayoud-donne-le-coup-denvoi-du-recensement-general-de-lagriculture\/#primaryimage\"},\"thumbnailUrl\":\"https:\/\/elmawkie.dz\/fr\/wp-content\/uploads\/2024\/05\/441953371_797404189249899_8701256352116578167_n.jpg\",\"datePublished\":\"2024-05-19T16:12:41+00:00\",\"dateModified\":\"2024-05-19T16:34:04+00:00\",\"breadcrumb\":{\"@id\":\"https:\/\/elmawkie.dz\/fr\/le-wali-said-sayoud-donne-le-coup-denvoi-du-recensement-general-de-lagriculture\/#breadcrumb\"},\"inLanguage\":\"fr-FR\",\"potentialAction\":[{\"@type\":\"ReadAction\",\"target\":[\"https:\/\/elmawkie.dz\/fr\/le-wali-said-sayoud-donne-le-coup-denvoi-du-recensement-general-de-lagriculture\/\"]}]},{\"@type\":\"ImageObject\",\"inLanguage\":\"fr-FR\",\"@id\":\"https:\/\/elmawkie.dz\/fr\/le-wali-said-sayoud-donne-le-coup-denvoi-du-recensement-general-de-lagriculture\/#primaryimage\",\"url\":\"https:\/\/elmawkie.dz\/fr\/wp-content\/uploads\/2024\/05\/441953371_797404189249899_8701256352116578167_n.jpg\",\"contentUrl\":\"https:\/\/elmawkie.dz\/fr\/wp-content\/uploads\/2024\/05\/441953371_797404189249899_8701256352116578167_n.jpg\",\"width\":1610,\"height\":1074},{\"@type\":\"BreadcrumbList\",\"@id\":\"https:\/\/elmawkie.dz\/fr\/le-wali-said-sayoud-donne-le-coup-denvoi-du-recensement-general-de-lagriculture\/#breadcrumb\",\"itemListElement\":[{\"@type\":\"ListItem\",\"position\":1,\"name\":\"Home\",\"item\":\"https:\/\/elmawkie.dz\/fr\/\"},{\"@type\":\"ListItem\",\"position\":2,\"name\":\"Oran : Le wali Said Sayoud donne le coup d\u2019envoi du recensement g\u00e9n\u00e9ral de l&rsquo;agriculture\"}]},{\"@type\":\"WebSite\",\"@id\":\"https:\/\/elmawkie.dz\/fr\/#website\",\"url\":\"https:\/\/elmawkie.dz\/fr\/\",\"name\":\"EL MAWKIE\",\"description\":\"Journal \u00c9lectronique Alg\u00e9rien\",\"publisher\":{\"@id\":\"https:\/\/elmawkie.dz\/fr\/#organization\"},\"potentialAction\":[{\"@type\":\"SearchAction\",\"target\":{\"@type\":\"EntryPoint\",\"urlTemplate\":\"https:\/\/elmawkie.dz\/fr\/?s={search_term_string}\"},\"query-input\":\"required name=search_term_string\"}],\"inLanguage\":\"fr-FR\"},{\"@type\":\"Organization\",\"@id\":\"https:\/\/elmawkie.dz\/fr\/#organization\",\"name\":\"EL MAWKIE\",\"url\":\"https:\/\/elmawkie.dz\/fr\/\",\"logo\":{\"@type\":\"ImageObject\",\"inLanguage\":\"fr-FR\",\"@id\":\"https:\/\/elmawkie.dz\/fr\/#\/schema\/logo\/image\/\",\"url\":\"https:\/\/elmawkie.dz\/fr\/wp-content\/uploads\/2024\/05\/logo1.png\",\"contentUrl\":\"https:\/\/elmawkie.dz\/fr\/wp-content\/uploads\/2024\/05\/logo1.png\",\"width\":1648,\"height\":652,\"caption\":\"EL MAWKIE\"},\"image\":{\"@id\":\"https:\/\/elmawkie.dz\/fr\/#\/schema\/logo\/image\/\"},\"sameAs\":[\"https:\/\/www.facebook.com\/profile.php?id=100088407094989&locale=fr_FR\"]},{\"@type\":\"Person\",\"@id\":\"https:\/\/elmawkie.dz\/fr\/#\/schema\/person\/4ed8433201bc23634185d8dd37097c64\",\"name\":\"Hamra Fouzia\",\"image\":{\"@type\":\"ImageObject\",\"inLanguage\":\"fr-FR\",\"@id\":\"https:\/\/elmawkie.dz\/fr\/#\/schema\/person\/image\/\",\"url\":\"https:\/\/secure.gravatar.com\/avatar\/ea215268aad51f3219f9a59227db6fa1?s=96&d=mm&r=g\",\"contentUrl\":\"https:\/\/secure.gravatar.com\/avatar\/ea215268aad51f3219f9a59227db6fa1?s=96&d=mm&r=g\",\"caption\":\"Hamra Fouzia\"},\"sameAs\":[\"https:\/\/elmawkie.dz\/fr\"],\"url\":\"https:\/\/elmawkie.dz\/fr\/author\/elmawkie\/\"}]}<\/script>\n<!-- \/ Yoast SEO Premium plugin. -->","yoast_head_json":{"title":"Oran : Le wali Said Sayoud donne le coup d\u2019envoi du recensement g\u00e9n\u00e9ral de l'agriculture - El Mawkie","robots":{"index":"index","follow":"follow","max-snippet":"max-snippet:-1","max-image-preview":"max-image-preview:large","max-video-preview":"max-video-preview:-1"},"canonical":"https:\/\/elmawkie.dz\/fr\/le-wali-said-sayoud-donne-le-coup-denvoi-du-recensement-general-de-lagriculture\/","og_locale":"fr_FR","og_type":"article","og_title":"Oran : Le wali Said Sayoud donne le coup d\u2019envoi du recensement g\u00e9n\u00e9ral de l'agriculture","og_description":"Le wali d\u2019Oran Said Sayoud a donn\u00e9 ce dimanche le coup d\u2019envoi du Recensement g\u00e9n\u00e9ral de l&rsquo;agriculture (RGA) qui se poursuivra jusqu&rsquo;au 17 juillet 2024. La wilaya d\u2019Oran par le biais de la direction des services agricoles a pris toutes les mesures afin de r\u00e9ussir cette campagne de recensement, avec des moyens humains et mat\u00e9riels. &hellip;","og_url":"https:\/\/elmawkie.dz\/fr\/le-wali-said-sayoud-donne-le-coup-denvoi-du-recensement-general-de-lagriculture\/","og_site_name":"El Mawkie","article_publisher":"https:\/\/www.facebook.com\/profile.php?id=100088407094989&locale=fr_FR","article_published_time":"2024-05-19T16:12:41+00:00","article_modified_time":"2024-05-19T16:34:04+00:00","og_image":[{"width":1610,"height":1074,"url":"https:\/\/elmawkie.dz\/fr\/wp-content\/uploads\/2024\/05\/441953371_797404189249899_8701256352116578167_n.jpg","type":"image\/jpeg"}],"author":"Hamra Fouzia","twitter_card":"summary_large_image","twitter_misc":{"Written by":"Hamra Fouzia","Est. reading time":"1 minute"},"schema":{"@context":"https:\/\/schema.org","@graph":[{"@type":"Article","@id":"https:\/\/elmawkie.dz\/fr\/le-wali-said-sayoud-donne-le-coup-denvoi-du-recensement-general-de-lagriculture\/#article","isPartOf":{"@id":"https:\/\/elmawkie.dz\/fr\/le-wali-said-sayoud-donne-le-coup-denvoi-du-recensement-general-de-lagriculture\/"},"author":{"name":"Hamra Fouzia","@id":"https:\/\/elmawkie.dz\/fr\/#\/schema\/person\/4ed8433201bc23634185d8dd37097c64"},"headline":"Oran : Le wali Said Sayoud donne le coup d\u2019envoi du recensement g\u00e9n\u00e9ral de l&rsquo;agriculture","datePublished":"2024-05-19T16:12:41+00:00","dateModified":"2024-05-19T16:34:04+00:00","mainEntityOfPage":{"@id":"https:\/\/elmawkie.dz\/fr\/le-wali-said-sayoud-donne-le-coup-denvoi-du-recensement-general-de-lagriculture\/"},"wordCount":298,"commentCount":0,"publisher":{"@id":"https:\/\/elmawkie.dz\/fr\/#organization"},"image":{"@id":"https:\/\/elmawkie.dz\/fr\/le-wali-said-sayoud-donne-le-coup-denvoi-du-recensement-general-de-lagriculture\/#primaryimage"},"thumbnailUrl":"https:\/\/elmawkie.dz\/fr\/wp-content\/uploads\/2024\/05\/441953371_797404189249899_8701256352116578167_n.jpg","articleSection":["R\u00e9gion"],"inLanguage":"fr-FR","potentialAction":[{"@type":"CommentAction","name":"Comment","target":["https:\/\/elmawkie.dz\/fr\/le-wali-said-sayoud-donne-le-coup-denvoi-du-recensement-general-de-lagriculture\/#respond"]}]},{"@type":"WebPage","@id":"https:\/\/elmawkie.dz\/fr\/le-wali-said-sayoud-donne-le-coup-denvoi-du-recensement-general-de-lagriculture\/","url":"https:\/\/elmawkie.dz\/fr\/le-wali-said-sayoud-donne-le-coup-denvoi-du-recensement-general-de-lagriculture\/","name":"Oran : Le wali Said Sayoud donne le coup d\u2019envoi du recensement g\u00e9n\u00e9ral de l'agriculture - El Mawkie","isPartOf":{"@id":"https:\/\/elmawkie.dz\/fr\/#website"},"primaryImageOfPage":{"@id":"https:\/\/elmawkie.dz\/fr\/le-wali-said-sayoud-donne-le-coup-denvoi-du-recensement-general-de-lagriculture\/#primaryimage"},"image":{"@id":"https:\/\/elmawkie.dz\/fr\/le-wali-said-sayoud-donne-le-coup-denvoi-du-recensement-general-de-lagriculture\/#primaryimage"},"thumbnailUrl":"https:\/\/elmawkie.dz\/fr\/wp-content\/uploads\/2024\/05\/441953371_797404189249899_8701256352116578167_n.jpg","datePublished":"2024-05-19T16:12:41+00:00","dateModified":"2024-05-19T16:34:04+00:00","breadcrumb":{"@id":"https:\/\/elmawkie.dz\/fr\/le-wali-said-sayoud-donne-le-coup-denvoi-du-recensement-general-de-lagriculture\/#breadcrumb"},"inLanguage":"fr-FR","potentialAction":[{"@type":"ReadAction","target":["https:\/\/elmawkie.dz\/fr\/le-wali-said-sayoud-donne-le-coup-denvoi-du-recensement-general-de-lagriculture\/"]}]},{"@type":"ImageObject","inLanguage":"fr-FR","@id":"https:\/\/elmawkie.dz\/fr\/le-wali-said-sayoud-donne-le-coup-denvoi-du-recensement-general-de-lagriculture\/#primaryimage","url":"https:\/\/elmawkie.dz\/fr\/wp-content\/uploads\/2024\/05\/441953371_797404189249899_8701256352116578167_n.jpg","contentUrl":"https:\/\/elmawkie.dz\/fr\/wp-content\/uploads\/2024\/05\/441953371_797404189249899_8701256352116578167_n.jpg","width":1610,"height":1074},{"@type":"BreadcrumbList","@id":"https:\/\/elmawkie.dz\/fr\/le-wali-said-sayoud-donne-le-coup-denvoi-du-recensement-general-de-lagriculture\/#breadcrumb","itemListElement":[{"@type":"ListItem","position":1,"name":"Home","item":"https:\/\/elmawkie.dz\/fr\/"},{"@type":"ListItem","position":2,"name":"Oran : Le wali Said Sayoud donne le coup d\u2019envoi du recensement g\u00e9n\u00e9ral de l&rsquo;agriculture"}]},{"@type":"WebSite","@id":"https:\/\/elmawkie.dz\/fr\/#website","url":"https:\/\/elmawkie.dz\/fr\/","name":"EL MAWKIE","description":"Journal \u00c9lectronique Alg\u00e9rien","publisher":{"@id":"https:\/\/elmawkie.dz\/fr\/#organization"},"potentialAction":[{"@type":"SearchAction","target":{"@type":"EntryPoint","urlTemplate":"https:\/\/elmawkie.dz\/fr\/?s={search_term_string}"},"query-input":"required name=search_term_string"}],"inLanguage":"fr-FR"},{"@type":"Organization","@id":"https:\/\/elmawkie.dz\/fr\/#organization","name":"EL MAWKIE","url":"https:\/\/elmawkie.dz\/fr\/","logo":{"@type":"ImageObject","inLanguage":"fr-FR","@id":"https:\/\/elmawkie.dz\/fr\/#\/schema\/logo\/image\/","url":"https:\/\/elmawkie.dz\/fr\/wp-content\/uploads\/2024\/05\/logo1.png","contentUrl":"https:\/\/elmawkie.dz\/fr\/wp-content\/uploads\/2024\/05\/logo1.png","width":1648,"height":652,"caption":"EL MAWKIE"},"image":{"@id":"https:\/\/elmawkie.dz\/fr\/#\/schema\/logo\/image\/"},"sameAs":["https:\/\/www.facebook.com\/profile.php?id=100088407094989&locale=fr_FR"]},{"@type":"Person","@id":"https:\/\/elmawkie.dz\/fr\/#\/schema\/person\/4ed8433201bc23634185d8dd37097c64","name":"Hamra Fouzia","image":{"@type":"ImageObject","inLanguage":"fr-FR","@id":"https:\/\/elmawkie.dz\/fr\/#\/schema\/person\/image\/","url":"https:\/\/secure.gravatar.com\/avatar\/ea215268aad51f3219f9a59227db6fa1?s=96&d=mm&r=g","contentUrl":"https:\/\/secure.gravatar.com\/avatar\/ea215268aad51f3219f9a59227db6fa1?s=96&d=mm&r=g","caption":"Hamra Fouzia"},"sameAs":["https:\/\/elmawkie.dz\/fr"],"url":"https:\/\/elmawkie.dz\/fr\/author\/elmawkie\/"}]}},"_links":{"self":[{"href":"https:\/\/elmawkie.dz\/fr\/wp-json\/wp\/v2\/posts\/886","targetHints":{"allow":["GET"]}}],"collection":[{"href":"https:\/\/elmawkie.dz\/fr\/wp-json\/wp\/v2\/posts"}],"about":[{"href":"https:\/\/elmawkie.dz\/fr\/wp-json\/wp\/v2\/types\/post"}],"author":[{"embeddable":true,"href":"https:\/\/elmawkie.dz\/fr\/wp-json\/wp\/v2\/users\/3"}],"replies":[{"embeddable":true,"href":"https:\/\/elmawkie.dz\/fr\/wp-json\/wp\/v2\/comments?post=886"}],"version-history":[{"count":0,"href":"https:\/\/elmawkie.dz\/fr\/wp-json\/wp\/v2\/posts\/886\/revisions"}],"wp:featuredmedia":[{"embeddable":true,"href":"https:\/\/elmawkie.dz\/fr\/wp-json\/wp\/v2\/media\/888"}],"wp:attachment":[{"href":"https:\/\/elmawkie.dz\/fr\/wp-json\/wp\/v2\/media?parent=886"}],"wp:term":[{"taxonomy":"category","embeddable":true,"href":"https:\/\/elmawkie.dz\/fr\/wp-json\/wp\/v2\/categories?post=886"},{"taxonomy":"post_tag","embeddable":true,"href":"https:\/\/elmawkie.dz\/fr\/wp-json\/wp\/v2\/tags?post=886"}],"curies":[{"name":"wp","href":"https:\/\/api.w.org\/{rel}","templated":true}]}}