{"id":8106,"date":"2025-01-17T15:08:27","date_gmt":"2025-01-17T14:08:27","guid":{"rendered":"https:\/\/elmawkie.dz\/fr\/?p=8106"},"modified":"2025-01-17T17:34:46","modified_gmt":"2025-01-17T16:34:46","slug":"caravane-de-sensibilisation-sur-linvestissement-et-lentrepreneuriat-pour-les-jeunes-du-sud","status":"publish","type":"post","link":"https:\/\/elmawkie.dz\/fr\/caravane-de-sensibilisation-sur-linvestissement-et-lentrepreneuriat-pour-les-jeunes-du-sud\/","title":{"rendered":"Caravane de sensibilisation sur l\u2019investissement et l\u2019entrepreneuriat pour les jeunes du Sud"},"content":{"rendered":"<p><strong><em>Une caravane de formation sur les opportunit\u00e9s d&rsquo;investissement et d&rsquo;entrepreneuriat sera lanc\u00e9e, lundi prochain, au profit des jeunes des wilayas du Sud, sous le slogan: \u00ab\u00a0Perspectives de d\u00e9veloppement \u00e9conomique \u00e0 l&rsquo;initiative des jeunes\u00a0\u00bb, dans le but de renforcer la contribution des jeunes au d\u00e9veloppement \u00e9conomique, indique, vendredi, un communiqu\u00e9 du Conseil sup\u00e9rieur de la jeunesse (CSJ). Le lancement de cette caravane, qui se poursuivra jusqu&rsquo;au 28 janvier en cours, s&rsquo;inscrit dans le cadre de la \u00ab\u00a0strat\u00e9gie du CSJ visant \u00e0 renforcer la contribution des jeunes au d\u00e9veloppement \u00e9conomique et leur participation active \u00e0 la prise de d\u00e9cision\u00a0\u00bb, pr\u00e9cise le communiqu\u00e9. Il s&rsquo;agit \u00e9galement de \u00ab\u00a0proposer des solutions innovantes et adapt\u00e9es, contribuant ainsi \u00e0 une croissance globale et durable valorisant les \u00e9nergies des jeunes et am\u00e9liorant la qualit\u00e9 de vie\u00a0\u00bb. Cette caravane qui inclura, dans une premi\u00e8re phase, les wilayas de Tindouf, B\u00e9ni Abb\u00e8s et B\u00e9char, et ensuite Tin Zaouatine, Bordj Badji Mokhtar et Timiaouine, traduit \u00ab\u00a0l&rsquo;engagement du CSJ quant aux conclusions de ses pr\u00e9c\u00e9dentes visites de terrain et ses activit\u00e9s qualitatives, notamment le dernier forum de Gara Djebilet \u00e0 Tindouf, qui \u0153uvre \u00e0 soutenir un environnement socio \u00e9conomique durable en encourageant les initiatives des jeunes, les sous-traitants et les start-up\u00a0\u00bb, selon la m\u00eame source. <\/em><\/strong><\/p>\n","protected":false},"excerpt":{"rendered":"<p>Une caravane de formation sur les opportunit\u00e9s d&rsquo;investissement et d&rsquo;entrepreneuriat sera lanc\u00e9e, lundi prochain, au profit des jeunes des wilayas du Sud, sous le slogan: \u00ab\u00a0Perspectives de d\u00e9veloppement \u00e9conomique \u00e0 l&rsquo;initiative des jeunes\u00a0\u00bb, dans le but de renforcer la contribution des jeunes au d\u00e9veloppement \u00e9conomique, indique, vendredi, un communiqu\u00e9 du Conseil sup\u00e9rieur de la jeunesse &hellip;<\/p>\n","protected":false},"author":9,"featured_media":8107,"comment_status":"open","ping_status":"open","sticky":false,"template":"","format":"standard","meta":{"footnotes":""},"categories":[50],"tags":[2172,1520,2173,2174],"class_list":["post-8106","post","type-post","status-publish","format-standard","has-post-thumbnail","hentry","category-region","tag-caravane-de-sensibilisation","tag-lentrepreneuriat","tag-linvestissement","tag-les-jeunes-du-sud"],"yoast_head":"<!-- This site is optimized with the Yoast SEO Premium plugin v22.6 (Yoast SEO v22.6) - https:\/\/yoast.com\/wordpress\/plugins\/seo\/ -->\n<title>Caravane de sensibilisation sur l\u2019investissement et l\u2019entrepreneuriat pour les jeunes du Sud - El Mawkie<\/title>\n<meta name=\"robots\" content=\"index, follow, max-snippet:-1, max-image-preview:large, max-video-preview:-1\" \/>\n<link rel=\"canonical\" href=\"https:\/\/elmawkie.dz\/fr\/caravane-de-sensibilisation-sur-linvestissement-et-lentrepreneuriat-pour-les-jeunes-du-sud\/\" \/>\n<meta property=\"og:locale\" content=\"fr_FR\" \/>\n<meta property=\"og:type\" content=\"article\" \/>\n<meta property=\"og:title\" content=\"Caravane de sensibilisation sur l\u2019investissement et l\u2019entrepreneuriat pour les jeunes du Sud\" \/>\n<meta property=\"og:description\" content=\"Une caravane de formation sur les opportunit\u00e9s d&rsquo;investissement et d&rsquo;entrepreneuriat sera lanc\u00e9e, lundi prochain, au profit des jeunes des wilayas du Sud, sous le slogan: \u00ab\u00a0Perspectives de d\u00e9veloppement \u00e9conomique \u00e0 l&rsquo;initiative des jeunes\u00a0\u00bb, dans le but de renforcer la contribution des jeunes au d\u00e9veloppement \u00e9conomique, indique, vendredi, un communiqu\u00e9 du Conseil sup\u00e9rieur de la jeunesse &hellip;\" \/>\n<meta property=\"og:url\" content=\"https:\/\/elmawkie.dz\/fr\/caravane-de-sensibilisation-sur-linvestissement-et-lentrepreneuriat-pour-les-jeunes-du-sud\/\" \/>\n<meta property=\"og:site_name\" content=\"El Mawkie\" \/>\n<meta property=\"article:publisher\" content=\"https:\/\/www.facebook.com\/profile.php?id=100088407094989&amp;locale=fr_FR\" \/>\n<meta property=\"article:published_time\" content=\"2025-01-17T14:08:27+00:00\" \/>\n<meta property=\"article:modified_time\" content=\"2025-01-17T16:34:46+00:00\" \/>\n<meta property=\"og:image\" content=\"https:\/\/elmawkie.dz\/fr\/wp-content\/uploads\/2025\/01\/IMG_8229.jpeg\" \/>\n\t<meta property=\"og:image:width\" content=\"1918\" \/>\n\t<meta property=\"og:image:height\" content=\"1264\" \/>\n\t<meta property=\"og:image:type\" content=\"image\/jpeg\" \/>\n<meta name=\"author\" content=\"R\u00e9daction\" \/>\n<meta name=\"twitter:card\" content=\"summary_large_image\" \/>\n<meta name=\"twitter:label1\" content=\"Written by\" \/>\n\t<meta name=\"twitter:data1\" content=\"R\u00e9daction\" \/>\n\t<meta name=\"twitter:label2\" content=\"Est. reading time\" \/>\n\t<meta name=\"twitter:data2\" content=\"1 minute\" \/>\n<script type=\"application\/ld+json\" class=\"yoast-schema-graph\">{\"@context\":\"https:\/\/schema.org\",\"@graph\":[{\"@type\":\"Article\",\"@id\":\"https:\/\/elmawkie.dz\/fr\/caravane-de-sensibilisation-sur-linvestissement-et-lentrepreneuriat-pour-les-jeunes-du-sud\/#article\",\"isPartOf\":{\"@id\":\"https:\/\/elmawkie.dz\/fr\/caravane-de-sensibilisation-sur-linvestissement-et-lentrepreneuriat-pour-les-jeunes-du-sud\/\"},\"author\":{\"name\":\"R\u00e9daction\",\"@id\":\"https:\/\/elmawkie.dz\/fr\/#\/schema\/person\/e7bd59d6467874ba5c4723d8a9f0a63c\"},\"headline\":\"Caravane de sensibilisation sur l\u2019investissement et l\u2019entrepreneuriat pour les jeunes du Sud\",\"datePublished\":\"2025-01-17T14:08:27+00:00\",\"dateModified\":\"2025-01-17T16:34:46+00:00\",\"mainEntityOfPage\":{\"@id\":\"https:\/\/elmawkie.dz\/fr\/caravane-de-sensibilisation-sur-linvestissement-et-lentrepreneuriat-pour-les-jeunes-du-sud\/\"},\"wordCount\":237,\"commentCount\":0,\"publisher\":{\"@id\":\"https:\/\/elmawkie.dz\/fr\/#organization\"},\"image\":{\"@id\":\"https:\/\/elmawkie.dz\/fr\/caravane-de-sensibilisation-sur-linvestissement-et-lentrepreneuriat-pour-les-jeunes-du-sud\/#primaryimage\"},\"thumbnailUrl\":\"https:\/\/elmawkie.dz\/fr\/wp-content\/uploads\/2025\/01\/IMG_8229.jpeg\",\"keywords\":[\"Caravane de sensibilisation\",\"l'entrepreneuriat\",\"l\u2019investissement\",\"les jeunes du Sud\"],\"articleSection\":[\"R\u00e9gion\"],\"inLanguage\":\"fr-FR\",\"potentialAction\":[{\"@type\":\"CommentAction\",\"name\":\"Comment\",\"target\":[\"https:\/\/elmawkie.dz\/fr\/caravane-de-sensibilisation-sur-linvestissement-et-lentrepreneuriat-pour-les-jeunes-du-sud\/#respond\"]}]},{\"@type\":\"WebPage\",\"@id\":\"https:\/\/elmawkie.dz\/fr\/caravane-de-sensibilisation-sur-linvestissement-et-lentrepreneuriat-pour-les-jeunes-du-sud\/\",\"url\":\"https:\/\/elmawkie.dz\/fr\/caravane-de-sensibilisation-sur-linvestissement-et-lentrepreneuriat-pour-les-jeunes-du-sud\/\",\"name\":\"Caravane de sensibilisation sur l\u2019investissement et l\u2019entrepreneuriat pour les jeunes du Sud - El Mawkie\",\"isPartOf\":{\"@id\":\"https:\/\/elmawkie.dz\/fr\/#website\"},\"primaryImageOfPage\":{\"@id\":\"https:\/\/elmawkie.dz\/fr\/caravane-de-sensibilisation-sur-linvestissement-et-lentrepreneuriat-pour-les-jeunes-du-sud\/#primaryimage\"},\"image\":{\"@id\":\"https:\/\/elmawkie.dz\/fr\/caravane-de-sensibilisation-sur-linvestissement-et-lentrepreneuriat-pour-les-jeunes-du-sud\/#primaryimage\"},\"thumbnailUrl\":\"https:\/\/elmawkie.dz\/fr\/wp-content\/uploads\/2025\/01\/IMG_8229.jpeg\",\"datePublished\":\"2025-01-17T14:08:27+00:00\",\"dateModified\":\"2025-01-17T16:34:46+00:00\",\"breadcrumb\":{\"@id\":\"https:\/\/elmawkie.dz\/fr\/caravane-de-sensibilisation-sur-linvestissement-et-lentrepreneuriat-pour-les-jeunes-du-sud\/#breadcrumb\"},\"inLanguage\":\"fr-FR\",\"potentialAction\":[{\"@type\":\"ReadAction\",\"target\":[\"https:\/\/elmawkie.dz\/fr\/caravane-de-sensibilisation-sur-linvestissement-et-lentrepreneuriat-pour-les-jeunes-du-sud\/\"]}]},{\"@type\":\"ImageObject\",\"inLanguage\":\"fr-FR\",\"@id\":\"https:\/\/elmawkie.dz\/fr\/caravane-de-sensibilisation-sur-linvestissement-et-lentrepreneuriat-pour-les-jeunes-du-sud\/#primaryimage\",\"url\":\"https:\/\/elmawkie.dz\/fr\/wp-content\/uploads\/2025\/01\/IMG_8229.jpeg\",\"contentUrl\":\"https:\/\/elmawkie.dz\/fr\/wp-content\/uploads\/2025\/01\/IMG_8229.jpeg\",\"width\":1918,\"height\":1264},{\"@type\":\"BreadcrumbList\",\"@id\":\"https:\/\/elmawkie.dz\/fr\/caravane-de-sensibilisation-sur-linvestissement-et-lentrepreneuriat-pour-les-jeunes-du-sud\/#breadcrumb\",\"itemListElement\":[{\"@type\":\"ListItem\",\"position\":1,\"name\":\"Home\",\"item\":\"https:\/\/elmawkie.dz\/fr\/\"},{\"@type\":\"ListItem\",\"position\":2,\"name\":\"Caravane de sensibilisation sur l\u2019investissement et l\u2019entrepreneuriat pour les jeunes du Sud\"}]},{\"@type\":\"WebSite\",\"@id\":\"https:\/\/elmawkie.dz\/fr\/#website\",\"url\":\"https:\/\/elmawkie.dz\/fr\/\",\"name\":\"EL MAWKIE\",\"description\":\"Journal \u00c9lectronique Alg\u00e9rien\",\"publisher\":{\"@id\":\"https:\/\/elmawkie.dz\/fr\/#organization\"},\"potentialAction\":[{\"@type\":\"SearchAction\",\"target\":{\"@type\":\"EntryPoint\",\"urlTemplate\":\"https:\/\/elmawkie.dz\/fr\/?s={search_term_string}\"},\"query-input\":\"required name=search_term_string\"}],\"inLanguage\":\"fr-FR\"},{\"@type\":\"Organization\",\"@id\":\"https:\/\/elmawkie.dz\/fr\/#organization\",\"name\":\"EL MAWKIE\",\"url\":\"https:\/\/elmawkie.dz\/fr\/\",\"logo\":{\"@type\":\"ImageObject\",\"inLanguage\":\"fr-FR\",\"@id\":\"https:\/\/elmawkie.dz\/fr\/#\/schema\/logo\/image\/\",\"url\":\"https:\/\/elmawkie.dz\/fr\/wp-content\/uploads\/2024\/05\/logo1.png\",\"contentUrl\":\"https:\/\/elmawkie.dz\/fr\/wp-content\/uploads\/2024\/05\/logo1.png\",\"width\":1648,\"height\":652,\"caption\":\"EL MAWKIE\"},\"image\":{\"@id\":\"https:\/\/elmawkie.dz\/fr\/#\/schema\/logo\/image\/\"},\"sameAs\":[\"https:\/\/www.facebook.com\/profile.php?id=100088407094989&locale=fr_FR\"]},{\"@type\":\"Person\",\"@id\":\"https:\/\/elmawkie.dz\/fr\/#\/schema\/person\/e7bd59d6467874ba5c4723d8a9f0a63c\",\"name\":\"R\u00e9daction\",\"image\":{\"@type\":\"ImageObject\",\"inLanguage\":\"fr-FR\",\"@id\":\"https:\/\/elmawkie.dz\/fr\/#\/schema\/person\/image\/\",\"url\":\"https:\/\/secure.gravatar.com\/avatar\/f0f773456344da4d2788c054a3d30a0c?s=96&d=mm&r=g\",\"contentUrl\":\"https:\/\/secure.gravatar.com\/avatar\/f0f773456344da4d2788c054a3d30a0c?s=96&d=mm&r=g\",\"caption\":\"R\u00e9daction\"},\"url\":\"https:\/\/elmawkie.dz\/fr\/author\/redaction\/\"}]}<\/script>\n<!-- \/ Yoast SEO Premium plugin. -->","yoast_head_json":{"title":"Caravane de sensibilisation sur l\u2019investissement et l\u2019entrepreneuriat pour les jeunes du Sud - El Mawkie","robots":{"index":"index","follow":"follow","max-snippet":"max-snippet:-1","max-image-preview":"max-image-preview:large","max-video-preview":"max-video-preview:-1"},"canonical":"https:\/\/elmawkie.dz\/fr\/caravane-de-sensibilisation-sur-linvestissement-et-lentrepreneuriat-pour-les-jeunes-du-sud\/","og_locale":"fr_FR","og_type":"article","og_title":"Caravane de sensibilisation sur l\u2019investissement et l\u2019entrepreneuriat pour les jeunes du Sud","og_description":"Une caravane de formation sur les opportunit\u00e9s d&rsquo;investissement et d&rsquo;entrepreneuriat sera lanc\u00e9e, lundi prochain, au profit des jeunes des wilayas du Sud, sous le slogan: \u00ab\u00a0Perspectives de d\u00e9veloppement \u00e9conomique \u00e0 l&rsquo;initiative des jeunes\u00a0\u00bb, dans le but de renforcer la contribution des jeunes au d\u00e9veloppement \u00e9conomique, indique, vendredi, un communiqu\u00e9 du Conseil sup\u00e9rieur de la jeunesse &hellip;","og_url":"https:\/\/elmawkie.dz\/fr\/caravane-de-sensibilisation-sur-linvestissement-et-lentrepreneuriat-pour-les-jeunes-du-sud\/","og_site_name":"El Mawkie","article_publisher":"https:\/\/www.facebook.com\/profile.php?id=100088407094989&locale=fr_FR","article_published_time":"2025-01-17T14:08:27+00:00","article_modified_time":"2025-01-17T16:34:46+00:00","og_image":[{"width":1918,"height":1264,"url":"https:\/\/elmawkie.dz\/fr\/wp-content\/uploads\/2025\/01\/IMG_8229.jpeg","type":"image\/jpeg"}],"author":"R\u00e9daction","twitter_card":"summary_large_image","twitter_misc":{"Written by":"R\u00e9daction","Est. reading time":"1 minute"},"schema":{"@context":"https:\/\/schema.org","@graph":[{"@type":"Article","@id":"https:\/\/elmawkie.dz\/fr\/caravane-de-sensibilisation-sur-linvestissement-et-lentrepreneuriat-pour-les-jeunes-du-sud\/#article","isPartOf":{"@id":"https:\/\/elmawkie.dz\/fr\/caravane-de-sensibilisation-sur-linvestissement-et-lentrepreneuriat-pour-les-jeunes-du-sud\/"},"author":{"name":"R\u00e9daction","@id":"https:\/\/elmawkie.dz\/fr\/#\/schema\/person\/e7bd59d6467874ba5c4723d8a9f0a63c"},"headline":"Caravane de sensibilisation sur l\u2019investissement et l\u2019entrepreneuriat pour les jeunes du Sud","datePublished":"2025-01-17T14:08:27+00:00","dateModified":"2025-01-17T16:34:46+00:00","mainEntityOfPage":{"@id":"https:\/\/elmawkie.dz\/fr\/caravane-de-sensibilisation-sur-linvestissement-et-lentrepreneuriat-pour-les-jeunes-du-sud\/"},"wordCount":237,"commentCount":0,"publisher":{"@id":"https:\/\/elmawkie.dz\/fr\/#organization"},"image":{"@id":"https:\/\/elmawkie.dz\/fr\/caravane-de-sensibilisation-sur-linvestissement-et-lentrepreneuriat-pour-les-jeunes-du-sud\/#primaryimage"},"thumbnailUrl":"https:\/\/elmawkie.dz\/fr\/wp-content\/uploads\/2025\/01\/IMG_8229.jpeg","keywords":["Caravane de sensibilisation","l'entrepreneuriat","l\u2019investissement","les jeunes du Sud"],"articleSection":["R\u00e9gion"],"inLanguage":"fr-FR","potentialAction":[{"@type":"CommentAction","name":"Comment","target":["https:\/\/elmawkie.dz\/fr\/caravane-de-sensibilisation-sur-linvestissement-et-lentrepreneuriat-pour-les-jeunes-du-sud\/#respond"]}]},{"@type":"WebPage","@id":"https:\/\/elmawkie.dz\/fr\/caravane-de-sensibilisation-sur-linvestissement-et-lentrepreneuriat-pour-les-jeunes-du-sud\/","url":"https:\/\/elmawkie.dz\/fr\/caravane-de-sensibilisation-sur-linvestissement-et-lentrepreneuriat-pour-les-jeunes-du-sud\/","name":"Caravane de sensibilisation sur l\u2019investissement et l\u2019entrepreneuriat pour les jeunes du Sud - El Mawkie","isPartOf":{"@id":"https:\/\/elmawkie.dz\/fr\/#website"},"primaryImageOfPage":{"@id":"https:\/\/elmawkie.dz\/fr\/caravane-de-sensibilisation-sur-linvestissement-et-lentrepreneuriat-pour-les-jeunes-du-sud\/#primaryimage"},"image":{"@id":"https:\/\/elmawkie.dz\/fr\/caravane-de-sensibilisation-sur-linvestissement-et-lentrepreneuriat-pour-les-jeunes-du-sud\/#primaryimage"},"thumbnailUrl":"https:\/\/elmawkie.dz\/fr\/wp-content\/uploads\/2025\/01\/IMG_8229.jpeg","datePublished":"2025-01-17T14:08:27+00:00","dateModified":"2025-01-17T16:34:46+00:00","breadcrumb":{"@id":"https:\/\/elmawkie.dz\/fr\/caravane-de-sensibilisation-sur-linvestissement-et-lentrepreneuriat-pour-les-jeunes-du-sud\/#breadcrumb"},"inLanguage":"fr-FR","potentialAction":[{"@type":"ReadAction","target":["https:\/\/elmawkie.dz\/fr\/caravane-de-sensibilisation-sur-linvestissement-et-lentrepreneuriat-pour-les-jeunes-du-sud\/"]}]},{"@type":"ImageObject","inLanguage":"fr-FR","@id":"https:\/\/elmawkie.dz\/fr\/caravane-de-sensibilisation-sur-linvestissement-et-lentrepreneuriat-pour-les-jeunes-du-sud\/#primaryimage","url":"https:\/\/elmawkie.dz\/fr\/wp-content\/uploads\/2025\/01\/IMG_8229.jpeg","contentUrl":"https:\/\/elmawkie.dz\/fr\/wp-content\/uploads\/2025\/01\/IMG_8229.jpeg","width":1918,"height":1264},{"@type":"BreadcrumbList","@id":"https:\/\/elmawkie.dz\/fr\/caravane-de-sensibilisation-sur-linvestissement-et-lentrepreneuriat-pour-les-jeunes-du-sud\/#breadcrumb","itemListElement":[{"@type":"ListItem","position":1,"name":"Home","item":"https:\/\/elmawkie.dz\/fr\/"},{"@type":"ListItem","position":2,"name":"Caravane de sensibilisation sur l\u2019investissement et l\u2019entrepreneuriat pour les jeunes du Sud"}]},{"@type":"WebSite","@id":"https:\/\/elmawkie.dz\/fr\/#website","url":"https:\/\/elmawkie.dz\/fr\/","name":"EL MAWKIE","description":"Journal \u00c9lectronique Alg\u00e9rien","publisher":{"@id":"https:\/\/elmawkie.dz\/fr\/#organization"},"potentialAction":[{"@type":"SearchAction","target":{"@type":"EntryPoint","urlTemplate":"https:\/\/elmawkie.dz\/fr\/?s={search_term_string}"},"query-input":"required name=search_term_string"}],"inLanguage":"fr-FR"},{"@type":"Organization","@id":"https:\/\/elmawkie.dz\/fr\/#organization","name":"EL MAWKIE","url":"https:\/\/elmawkie.dz\/fr\/","logo":{"@type":"ImageObject","inLanguage":"fr-FR","@id":"https:\/\/elmawkie.dz\/fr\/#\/schema\/logo\/image\/","url":"https:\/\/elmawkie.dz\/fr\/wp-content\/uploads\/2024\/05\/logo1.png","contentUrl":"https:\/\/elmawkie.dz\/fr\/wp-content\/uploads\/2024\/05\/logo1.png","width":1648,"height":652,"caption":"EL MAWKIE"},"image":{"@id":"https:\/\/elmawkie.dz\/fr\/#\/schema\/logo\/image\/"},"sameAs":["https:\/\/www.facebook.com\/profile.php?id=100088407094989&locale=fr_FR"]},{"@type":"Person","@id":"https:\/\/elmawkie.dz\/fr\/#\/schema\/person\/e7bd59d6467874ba5c4723d8a9f0a63c","name":"R\u00e9daction","image":{"@type":"ImageObject","inLanguage":"fr-FR","@id":"https:\/\/elmawkie.dz\/fr\/#\/schema\/person\/image\/","url":"https:\/\/secure.gravatar.com\/avatar\/f0f773456344da4d2788c054a3d30a0c?s=96&d=mm&r=g","contentUrl":"https:\/\/secure.gravatar.com\/avatar\/f0f773456344da4d2788c054a3d30a0c?s=96&d=mm&r=g","caption":"R\u00e9daction"},"url":"https:\/\/elmawkie.dz\/fr\/author\/redaction\/"}]}},"_links":{"self":[{"href":"https:\/\/elmawkie.dz\/fr\/wp-json\/wp\/v2\/posts\/8106","targetHints":{"allow":["GET"]}}],"collection":[{"href":"https:\/\/elmawkie.dz\/fr\/wp-json\/wp\/v2\/posts"}],"about":[{"href":"https:\/\/elmawkie.dz\/fr\/wp-json\/wp\/v2\/types\/post"}],"author":[{"embeddable":true,"href":"https:\/\/elmawkie.dz\/fr\/wp-json\/wp\/v2\/users\/9"}],"replies":[{"embeddable":true,"href":"https:\/\/elmawkie.dz\/fr\/wp-json\/wp\/v2\/comments?post=8106"}],"version-history":[{"count":0,"href":"https:\/\/elmawkie.dz\/fr\/wp-json\/wp\/v2\/posts\/8106\/revisions"}],"wp:featuredmedia":[{"embeddable":true,"href":"https:\/\/elmawkie.dz\/fr\/wp-json\/wp\/v2\/media\/8107"}],"wp:attachment":[{"href":"https:\/\/elmawkie.dz\/fr\/wp-json\/wp\/v2\/media?parent=8106"}],"wp:term":[{"taxonomy":"category","embeddable":true,"href":"https:\/\/elmawkie.dz\/fr\/wp-json\/wp\/v2\/categories?post=8106"},{"taxonomy":"post_tag","embeddable":true,"href":"https:\/\/elmawkie.dz\/fr\/wp-json\/wp\/v2\/tags?post=8106"}],"curies":[{"name":"wp","href":"https:\/\/api.w.org\/{rel}","templated":true}]}}