{"id":8100,"date":"2025-01-17T14:59:58","date_gmt":"2025-01-17T13:59:58","guid":{"rendered":"https:\/\/elmawkie.dz\/fr\/?p=8100"},"modified":"2025-01-17T17:35:02","modified_gmt":"2025-01-17T16:35:02","slug":"lalgerie-et-le-senegal-sengagent-a-approfondir-leur-cooperation-bilaterale","status":"publish","type":"post","link":"https:\/\/elmawkie.dz\/fr\/lalgerie-et-le-senegal-sengagent-a-approfondir-leur-cooperation-bilaterale\/","title":{"rendered":"L\u2019Alg\u00e9rie et le S\u00e9n\u00e9gal s\u2019engagent \u00e0 approfondir leur coop\u00e9ration bilat\u00e9rale"},"content":{"rendered":"<p><strong><em>Le ministre des Forces arm\u00e9es de la R\u00e9publique du S\u00e9n\u00e9gal, M. Birame Diop, a affirm\u00e9 que l&rsquo;Alg\u00e9rie et le S\u00e9n\u00e9gal ont exprim\u00e9 leur volont\u00e9 d&rsquo;\u0153uvrer pour renforcer davantage leurs relations bilat\u00e9rales dans divers domaines. Dans une d\u00e9claration \u00e0 l&rsquo;issue de l&rsquo;audience que lui a accord\u00e9e, jeudi, le pr\u00e9sident de la R\u00e9publique, M. Abdelmadjid Tebboune, M. Diop, envoy\u00e9 sp\u00e9cial du pr\u00e9sident s\u00e9n\u00e9galais, a indiqu\u00e9 qu&rsquo;il \u00e9tait porteur d&rsquo;un \u00ab\u00a0message d&rsquo;amiti\u00e9 et de fraternit\u00e9 au pr\u00e9sident de la R\u00e9publique, mais \u00e9galement de f\u00e9licitations suite \u00e0 sa r\u00e9\u00e9lection \u00e0 la t\u00eate de la magistrature supr\u00eame du pays\u00a0\u00bb. \u00ab\u00a0Durant l&rsquo;entretien, nous avons pass\u00e9 en revue les grandes lignes de la relation entre l&rsquo;Alg\u00e9rie et le S\u00e9n\u00e9gal et nous avons convenu que cette relation \u00e9tait de tr\u00e8s bonne qualit\u00e9 en mettant l&rsquo;accent sur la n\u00e9cessit\u00e9 de travailler ensemble, main dans la main, pour l&rsquo;am\u00e9liorer, la diversifier et l&rsquo;\u00e9largir, notamment dans les domaines de l&rsquo;\u00e9ducation et de la formation de nos cadres et des hydrocarbures\u00a0\u00bb, a-t-il soulign\u00e9, saluant l&rsquo;exp\u00e9rience alg\u00e9rienne dans ce domaine. \u00ab\u00a0Renforcer ensemble la relation avec l&rsquo;Alg\u00e9rie pour quelle soit au plus haut niveau possible. Ceci n&rsquo;est pas tr\u00e8s difficile du fait que nous partageons avec l&rsquo;Alg\u00e9rie beaucoup d&rsquo;id\u00e9aux. D&rsquo;abord sur le besoin de souverainet\u00e9 que nous partageons ensemble. Pouvoir d\u00e9cider pour soi-m\u00eame, d\u00e9cider par soi-m\u00eame\u00a0\u00bb, a-t-il encore soutenu, ajoutant que \u00ab\u00a0la souverainet\u00e9 est le capital pour les nouvelles autorit\u00e9s africaines s\u00e9n\u00e9galaises, mais \u00e9galement pour les autorit\u00e9s alg\u00e9riennes\u00a0\u00bb. \u00ab\u00a0L&rsquo;Alg\u00e9rie et le S\u00e9n\u00e9gal sont aussi deux pays qui tiennent beaucoup \u00e0 la solidarit\u00e9 internationale, parce que nous avons des biens collectifs \u00e0 pr\u00e9server et cela n&rsquo;est possible que si nous nous donnons la main au plan international, mais \u00e9galement, le S\u00e9n\u00e9gal et l&rsquo;Alg\u00e9rie tiennent beaucoup \u00e0 l&rsquo;int\u00e9gration africaine et qui dit int\u00e9gration dit besoin de disposer d&rsquo;institutions fortes, d&rsquo;institutions suffisamment bien dot\u00e9es de capacit\u00e9s avec le personnel dont elles ont besoin, un personnel bien form\u00e9, un personnel dont la connaissance et la vision sont fondamentales\u00a0\u00bb, a-t-il mentionn\u00e9. \u00ab\u00a0Et l\u00e0 \u00e9galement, l&rsquo;Alg\u00e9rie et le S\u00e9n\u00e9gal sont aussi deux pays qui tiennent beaucoup \u00e0 la solidarit\u00e9 internationale et \u00e0 l&rsquo;int\u00e9gration africaine et ont d\u00e9cid\u00e9 de se donner la main pour faire en sorte que toutes les institutions africaines soient capables d&rsquo;accompagner leurs Etats dans l&rsquo;atteinte des objectifs qu&rsquo;ils se sont assign\u00e9s\u00a0\u00bb, a-t-il conclu.<\/em><\/strong><\/p>\n","protected":false},"excerpt":{"rendered":"<p>Le ministre des Forces arm\u00e9es de la R\u00e9publique du S\u00e9n\u00e9gal, M. Birame Diop, a affirm\u00e9 que l&rsquo;Alg\u00e9rie et le S\u00e9n\u00e9gal ont exprim\u00e9 leur volont\u00e9 d&rsquo;\u0153uvrer pour renforcer davantage leurs relations bilat\u00e9rales dans divers domaines. Dans une d\u00e9claration \u00e0 l&rsquo;issue de l&rsquo;audience que lui a accord\u00e9e, jeudi, le pr\u00e9sident de la R\u00e9publique, M. Abdelmadjid Tebboune, M. &hellip;<\/p>\n","protected":false},"author":9,"featured_media":8101,"comment_status":"open","ping_status":"open","sticky":false,"template":"","format":"standard","meta":{"footnotes":""},"categories":[47],"tags":[2170,2171,294,2169],"class_list":["post-8100","post","type-post","status-publish","format-standard","has-post-thumbnail","hentry","category-national","tag-approfondir","tag-cooperation-bilaterale","tag-lalgerie","tag-le-senegal"],"yoast_head":"<!-- This site is optimized with the Yoast SEO Premium plugin v22.6 (Yoast SEO v22.6) - https:\/\/yoast.com\/wordpress\/plugins\/seo\/ -->\n<title>L\u2019Alg\u00e9rie et le S\u00e9n\u00e9gal s\u2019engagent \u00e0 approfondir leur coop\u00e9ration bilat\u00e9rale - El Mawkie<\/title>\n<meta name=\"robots\" content=\"index, follow, max-snippet:-1, max-image-preview:large, max-video-preview:-1\" \/>\n<link rel=\"canonical\" href=\"https:\/\/elmawkie.dz\/fr\/lalgerie-et-le-senegal-sengagent-a-approfondir-leur-cooperation-bilaterale\/\" \/>\n<meta property=\"og:locale\" content=\"fr_FR\" \/>\n<meta property=\"og:type\" content=\"article\" \/>\n<meta property=\"og:title\" content=\"L\u2019Alg\u00e9rie et le S\u00e9n\u00e9gal s\u2019engagent \u00e0 approfondir leur coop\u00e9ration bilat\u00e9rale\" \/>\n<meta property=\"og:description\" content=\"Le ministre des Forces arm\u00e9es de la R\u00e9publique du S\u00e9n\u00e9gal, M. Birame Diop, a affirm\u00e9 que l&rsquo;Alg\u00e9rie et le S\u00e9n\u00e9gal ont exprim\u00e9 leur volont\u00e9 d&rsquo;\u0153uvrer pour renforcer davantage leurs relations bilat\u00e9rales dans divers domaines. Dans une d\u00e9claration \u00e0 l&rsquo;issue de l&rsquo;audience que lui a accord\u00e9e, jeudi, le pr\u00e9sident de la R\u00e9publique, M. Abdelmadjid Tebboune, M. &hellip;\" \/>\n<meta property=\"og:url\" content=\"https:\/\/elmawkie.dz\/fr\/lalgerie-et-le-senegal-sengagent-a-approfondir-leur-cooperation-bilaterale\/\" \/>\n<meta property=\"og:site_name\" content=\"El Mawkie\" \/>\n<meta property=\"article:publisher\" content=\"https:\/\/www.facebook.com\/profile.php?id=100088407094989&amp;locale=fr_FR\" \/>\n<meta property=\"article:published_time\" content=\"2025-01-17T13:59:58+00:00\" \/>\n<meta property=\"article:modified_time\" content=\"2025-01-17T16:35:02+00:00\" \/>\n<meta property=\"og:image\" content=\"https:\/\/elmawkie.dz\/fr\/wp-content\/uploads\/2025\/01\/IMG_8228.jpeg\" \/>\n\t<meta property=\"og:image:width\" content=\"702\" \/>\n\t<meta property=\"og:image:height\" content=\"541\" \/>\n\t<meta property=\"og:image:type\" content=\"image\/jpeg\" \/>\n<meta name=\"author\" content=\"R\u00e9daction\" \/>\n<meta name=\"twitter:card\" content=\"summary_large_image\" \/>\n<meta name=\"twitter:label1\" content=\"Written by\" \/>\n\t<meta name=\"twitter:data1\" content=\"R\u00e9daction\" \/>\n\t<meta name=\"twitter:label2\" content=\"Est. reading time\" \/>\n\t<meta name=\"twitter:data2\" content=\"2 minutes\" \/>\n<script type=\"application\/ld+json\" class=\"yoast-schema-graph\">{\"@context\":\"https:\/\/schema.org\",\"@graph\":[{\"@type\":\"Article\",\"@id\":\"https:\/\/elmawkie.dz\/fr\/lalgerie-et-le-senegal-sengagent-a-approfondir-leur-cooperation-bilaterale\/#article\",\"isPartOf\":{\"@id\":\"https:\/\/elmawkie.dz\/fr\/lalgerie-et-le-senegal-sengagent-a-approfondir-leur-cooperation-bilaterale\/\"},\"author\":{\"name\":\"R\u00e9daction\",\"@id\":\"https:\/\/elmawkie.dz\/fr\/#\/schema\/person\/e7bd59d6467874ba5c4723d8a9f0a63c\"},\"headline\":\"L\u2019Alg\u00e9rie et le S\u00e9n\u00e9gal s\u2019engagent \u00e0 approfondir leur coop\u00e9ration bilat\u00e9rale\",\"datePublished\":\"2025-01-17T13:59:58+00:00\",\"dateModified\":\"2025-01-17T16:35:02+00:00\",\"mainEntityOfPage\":{\"@id\":\"https:\/\/elmawkie.dz\/fr\/lalgerie-et-le-senegal-sengagent-a-approfondir-leur-cooperation-bilaterale\/\"},\"wordCount\":474,\"commentCount\":0,\"publisher\":{\"@id\":\"https:\/\/elmawkie.dz\/fr\/#organization\"},\"image\":{\"@id\":\"https:\/\/elmawkie.dz\/fr\/lalgerie-et-le-senegal-sengagent-a-approfondir-leur-cooperation-bilaterale\/#primaryimage\"},\"thumbnailUrl\":\"https:\/\/elmawkie.dz\/fr\/wp-content\/uploads\/2025\/01\/IMG_8228.jpeg\",\"keywords\":[\"approfondir\",\"coop\u00e9ration bilat\u00e9rale\",\"L'Alg\u00e9rie\",\"le S\u00e9n\u00e9gal\"],\"articleSection\":[\"National\"],\"inLanguage\":\"fr-FR\",\"potentialAction\":[{\"@type\":\"CommentAction\",\"name\":\"Comment\",\"target\":[\"https:\/\/elmawkie.dz\/fr\/lalgerie-et-le-senegal-sengagent-a-approfondir-leur-cooperation-bilaterale\/#respond\"]}]},{\"@type\":\"WebPage\",\"@id\":\"https:\/\/elmawkie.dz\/fr\/lalgerie-et-le-senegal-sengagent-a-approfondir-leur-cooperation-bilaterale\/\",\"url\":\"https:\/\/elmawkie.dz\/fr\/lalgerie-et-le-senegal-sengagent-a-approfondir-leur-cooperation-bilaterale\/\",\"name\":\"L\u2019Alg\u00e9rie et le S\u00e9n\u00e9gal s\u2019engagent \u00e0 approfondir leur coop\u00e9ration bilat\u00e9rale - El Mawkie\",\"isPartOf\":{\"@id\":\"https:\/\/elmawkie.dz\/fr\/#website\"},\"primaryImageOfPage\":{\"@id\":\"https:\/\/elmawkie.dz\/fr\/lalgerie-et-le-senegal-sengagent-a-approfondir-leur-cooperation-bilaterale\/#primaryimage\"},\"image\":{\"@id\":\"https:\/\/elmawkie.dz\/fr\/lalgerie-et-le-senegal-sengagent-a-approfondir-leur-cooperation-bilaterale\/#primaryimage\"},\"thumbnailUrl\":\"https:\/\/elmawkie.dz\/fr\/wp-content\/uploads\/2025\/01\/IMG_8228.jpeg\",\"datePublished\":\"2025-01-17T13:59:58+00:00\",\"dateModified\":\"2025-01-17T16:35:02+00:00\",\"breadcrumb\":{\"@id\":\"https:\/\/elmawkie.dz\/fr\/lalgerie-et-le-senegal-sengagent-a-approfondir-leur-cooperation-bilaterale\/#breadcrumb\"},\"inLanguage\":\"fr-FR\",\"potentialAction\":[{\"@type\":\"ReadAction\",\"target\":[\"https:\/\/elmawkie.dz\/fr\/lalgerie-et-le-senegal-sengagent-a-approfondir-leur-cooperation-bilaterale\/\"]}]},{\"@type\":\"ImageObject\",\"inLanguage\":\"fr-FR\",\"@id\":\"https:\/\/elmawkie.dz\/fr\/lalgerie-et-le-senegal-sengagent-a-approfondir-leur-cooperation-bilaterale\/#primaryimage\",\"url\":\"https:\/\/elmawkie.dz\/fr\/wp-content\/uploads\/2025\/01\/IMG_8228.jpeg\",\"contentUrl\":\"https:\/\/elmawkie.dz\/fr\/wp-content\/uploads\/2025\/01\/IMG_8228.jpeg\",\"width\":702,\"height\":541},{\"@type\":\"BreadcrumbList\",\"@id\":\"https:\/\/elmawkie.dz\/fr\/lalgerie-et-le-senegal-sengagent-a-approfondir-leur-cooperation-bilaterale\/#breadcrumb\",\"itemListElement\":[{\"@type\":\"ListItem\",\"position\":1,\"name\":\"Home\",\"item\":\"https:\/\/elmawkie.dz\/fr\/\"},{\"@type\":\"ListItem\",\"position\":2,\"name\":\"L\u2019Alg\u00e9rie et le S\u00e9n\u00e9gal s\u2019engagent \u00e0 approfondir leur coop\u00e9ration bilat\u00e9rale\"}]},{\"@type\":\"WebSite\",\"@id\":\"https:\/\/elmawkie.dz\/fr\/#website\",\"url\":\"https:\/\/elmawkie.dz\/fr\/\",\"name\":\"EL MAWKIE\",\"description\":\"Journal \u00c9lectronique Alg\u00e9rien\",\"publisher\":{\"@id\":\"https:\/\/elmawkie.dz\/fr\/#organization\"},\"potentialAction\":[{\"@type\":\"SearchAction\",\"target\":{\"@type\":\"EntryPoint\",\"urlTemplate\":\"https:\/\/elmawkie.dz\/fr\/?s={search_term_string}\"},\"query-input\":\"required name=search_term_string\"}],\"inLanguage\":\"fr-FR\"},{\"@type\":\"Organization\",\"@id\":\"https:\/\/elmawkie.dz\/fr\/#organization\",\"name\":\"EL MAWKIE\",\"url\":\"https:\/\/elmawkie.dz\/fr\/\",\"logo\":{\"@type\":\"ImageObject\",\"inLanguage\":\"fr-FR\",\"@id\":\"https:\/\/elmawkie.dz\/fr\/#\/schema\/logo\/image\/\",\"url\":\"https:\/\/elmawkie.dz\/fr\/wp-content\/uploads\/2024\/05\/logo1.png\",\"contentUrl\":\"https:\/\/elmawkie.dz\/fr\/wp-content\/uploads\/2024\/05\/logo1.png\",\"width\":1648,\"height\":652,\"caption\":\"EL MAWKIE\"},\"image\":{\"@id\":\"https:\/\/elmawkie.dz\/fr\/#\/schema\/logo\/image\/\"},\"sameAs\":[\"https:\/\/www.facebook.com\/profile.php?id=100088407094989&locale=fr_FR\"]},{\"@type\":\"Person\",\"@id\":\"https:\/\/elmawkie.dz\/fr\/#\/schema\/person\/e7bd59d6467874ba5c4723d8a9f0a63c\",\"name\":\"R\u00e9daction\",\"image\":{\"@type\":\"ImageObject\",\"inLanguage\":\"fr-FR\",\"@id\":\"https:\/\/elmawkie.dz\/fr\/#\/schema\/person\/image\/\",\"url\":\"https:\/\/secure.gravatar.com\/avatar\/f0f773456344da4d2788c054a3d30a0c?s=96&d=mm&r=g\",\"contentUrl\":\"https:\/\/secure.gravatar.com\/avatar\/f0f773456344da4d2788c054a3d30a0c?s=96&d=mm&r=g\",\"caption\":\"R\u00e9daction\"},\"url\":\"https:\/\/elmawkie.dz\/fr\/author\/redaction\/\"}]}<\/script>\n<!-- \/ Yoast SEO Premium plugin. -->","yoast_head_json":{"title":"L\u2019Alg\u00e9rie et le S\u00e9n\u00e9gal s\u2019engagent \u00e0 approfondir leur coop\u00e9ration bilat\u00e9rale - El Mawkie","robots":{"index":"index","follow":"follow","max-snippet":"max-snippet:-1","max-image-preview":"max-image-preview:large","max-video-preview":"max-video-preview:-1"},"canonical":"https:\/\/elmawkie.dz\/fr\/lalgerie-et-le-senegal-sengagent-a-approfondir-leur-cooperation-bilaterale\/","og_locale":"fr_FR","og_type":"article","og_title":"L\u2019Alg\u00e9rie et le S\u00e9n\u00e9gal s\u2019engagent \u00e0 approfondir leur coop\u00e9ration bilat\u00e9rale","og_description":"Le ministre des Forces arm\u00e9es de la R\u00e9publique du S\u00e9n\u00e9gal, M. Birame Diop, a affirm\u00e9 que l&rsquo;Alg\u00e9rie et le S\u00e9n\u00e9gal ont exprim\u00e9 leur volont\u00e9 d&rsquo;\u0153uvrer pour renforcer davantage leurs relations bilat\u00e9rales dans divers domaines. Dans une d\u00e9claration \u00e0 l&rsquo;issue de l&rsquo;audience que lui a accord\u00e9e, jeudi, le pr\u00e9sident de la R\u00e9publique, M. Abdelmadjid Tebboune, M. &hellip;","og_url":"https:\/\/elmawkie.dz\/fr\/lalgerie-et-le-senegal-sengagent-a-approfondir-leur-cooperation-bilaterale\/","og_site_name":"El Mawkie","article_publisher":"https:\/\/www.facebook.com\/profile.php?id=100088407094989&locale=fr_FR","article_published_time":"2025-01-17T13:59:58+00:00","article_modified_time":"2025-01-17T16:35:02+00:00","og_image":[{"width":702,"height":541,"url":"https:\/\/elmawkie.dz\/fr\/wp-content\/uploads\/2025\/01\/IMG_8228.jpeg","type":"image\/jpeg"}],"author":"R\u00e9daction","twitter_card":"summary_large_image","twitter_misc":{"Written by":"R\u00e9daction","Est. reading time":"2 minutes"},"schema":{"@context":"https:\/\/schema.org","@graph":[{"@type":"Article","@id":"https:\/\/elmawkie.dz\/fr\/lalgerie-et-le-senegal-sengagent-a-approfondir-leur-cooperation-bilaterale\/#article","isPartOf":{"@id":"https:\/\/elmawkie.dz\/fr\/lalgerie-et-le-senegal-sengagent-a-approfondir-leur-cooperation-bilaterale\/"},"author":{"name":"R\u00e9daction","@id":"https:\/\/elmawkie.dz\/fr\/#\/schema\/person\/e7bd59d6467874ba5c4723d8a9f0a63c"},"headline":"L\u2019Alg\u00e9rie et le S\u00e9n\u00e9gal s\u2019engagent \u00e0 approfondir leur coop\u00e9ration bilat\u00e9rale","datePublished":"2025-01-17T13:59:58+00:00","dateModified":"2025-01-17T16:35:02+00:00","mainEntityOfPage":{"@id":"https:\/\/elmawkie.dz\/fr\/lalgerie-et-le-senegal-sengagent-a-approfondir-leur-cooperation-bilaterale\/"},"wordCount":474,"commentCount":0,"publisher":{"@id":"https:\/\/elmawkie.dz\/fr\/#organization"},"image":{"@id":"https:\/\/elmawkie.dz\/fr\/lalgerie-et-le-senegal-sengagent-a-approfondir-leur-cooperation-bilaterale\/#primaryimage"},"thumbnailUrl":"https:\/\/elmawkie.dz\/fr\/wp-content\/uploads\/2025\/01\/IMG_8228.jpeg","keywords":["approfondir","coop\u00e9ration bilat\u00e9rale","L'Alg\u00e9rie","le S\u00e9n\u00e9gal"],"articleSection":["National"],"inLanguage":"fr-FR","potentialAction":[{"@type":"CommentAction","name":"Comment","target":["https:\/\/elmawkie.dz\/fr\/lalgerie-et-le-senegal-sengagent-a-approfondir-leur-cooperation-bilaterale\/#respond"]}]},{"@type":"WebPage","@id":"https:\/\/elmawkie.dz\/fr\/lalgerie-et-le-senegal-sengagent-a-approfondir-leur-cooperation-bilaterale\/","url":"https:\/\/elmawkie.dz\/fr\/lalgerie-et-le-senegal-sengagent-a-approfondir-leur-cooperation-bilaterale\/","name":"L\u2019Alg\u00e9rie et le S\u00e9n\u00e9gal s\u2019engagent \u00e0 approfondir leur coop\u00e9ration bilat\u00e9rale - El Mawkie","isPartOf":{"@id":"https:\/\/elmawkie.dz\/fr\/#website"},"primaryImageOfPage":{"@id":"https:\/\/elmawkie.dz\/fr\/lalgerie-et-le-senegal-sengagent-a-approfondir-leur-cooperation-bilaterale\/#primaryimage"},"image":{"@id":"https:\/\/elmawkie.dz\/fr\/lalgerie-et-le-senegal-sengagent-a-approfondir-leur-cooperation-bilaterale\/#primaryimage"},"thumbnailUrl":"https:\/\/elmawkie.dz\/fr\/wp-content\/uploads\/2025\/01\/IMG_8228.jpeg","datePublished":"2025-01-17T13:59:58+00:00","dateModified":"2025-01-17T16:35:02+00:00","breadcrumb":{"@id":"https:\/\/elmawkie.dz\/fr\/lalgerie-et-le-senegal-sengagent-a-approfondir-leur-cooperation-bilaterale\/#breadcrumb"},"inLanguage":"fr-FR","potentialAction":[{"@type":"ReadAction","target":["https:\/\/elmawkie.dz\/fr\/lalgerie-et-le-senegal-sengagent-a-approfondir-leur-cooperation-bilaterale\/"]}]},{"@type":"ImageObject","inLanguage":"fr-FR","@id":"https:\/\/elmawkie.dz\/fr\/lalgerie-et-le-senegal-sengagent-a-approfondir-leur-cooperation-bilaterale\/#primaryimage","url":"https:\/\/elmawkie.dz\/fr\/wp-content\/uploads\/2025\/01\/IMG_8228.jpeg","contentUrl":"https:\/\/elmawkie.dz\/fr\/wp-content\/uploads\/2025\/01\/IMG_8228.jpeg","width":702,"height":541},{"@type":"BreadcrumbList","@id":"https:\/\/elmawkie.dz\/fr\/lalgerie-et-le-senegal-sengagent-a-approfondir-leur-cooperation-bilaterale\/#breadcrumb","itemListElement":[{"@type":"ListItem","position":1,"name":"Home","item":"https:\/\/elmawkie.dz\/fr\/"},{"@type":"ListItem","position":2,"name":"L\u2019Alg\u00e9rie et le S\u00e9n\u00e9gal s\u2019engagent \u00e0 approfondir leur coop\u00e9ration bilat\u00e9rale"}]},{"@type":"WebSite","@id":"https:\/\/elmawkie.dz\/fr\/#website","url":"https:\/\/elmawkie.dz\/fr\/","name":"EL MAWKIE","description":"Journal \u00c9lectronique Alg\u00e9rien","publisher":{"@id":"https:\/\/elmawkie.dz\/fr\/#organization"},"potentialAction":[{"@type":"SearchAction","target":{"@type":"EntryPoint","urlTemplate":"https:\/\/elmawkie.dz\/fr\/?s={search_term_string}"},"query-input":"required name=search_term_string"}],"inLanguage":"fr-FR"},{"@type":"Organization","@id":"https:\/\/elmawkie.dz\/fr\/#organization","name":"EL MAWKIE","url":"https:\/\/elmawkie.dz\/fr\/","logo":{"@type":"ImageObject","inLanguage":"fr-FR","@id":"https:\/\/elmawkie.dz\/fr\/#\/schema\/logo\/image\/","url":"https:\/\/elmawkie.dz\/fr\/wp-content\/uploads\/2024\/05\/logo1.png","contentUrl":"https:\/\/elmawkie.dz\/fr\/wp-content\/uploads\/2024\/05\/logo1.png","width":1648,"height":652,"caption":"EL MAWKIE"},"image":{"@id":"https:\/\/elmawkie.dz\/fr\/#\/schema\/logo\/image\/"},"sameAs":["https:\/\/www.facebook.com\/profile.php?id=100088407094989&locale=fr_FR"]},{"@type":"Person","@id":"https:\/\/elmawkie.dz\/fr\/#\/schema\/person\/e7bd59d6467874ba5c4723d8a9f0a63c","name":"R\u00e9daction","image":{"@type":"ImageObject","inLanguage":"fr-FR","@id":"https:\/\/elmawkie.dz\/fr\/#\/schema\/person\/image\/","url":"https:\/\/secure.gravatar.com\/avatar\/f0f773456344da4d2788c054a3d30a0c?s=96&d=mm&r=g","contentUrl":"https:\/\/secure.gravatar.com\/avatar\/f0f773456344da4d2788c054a3d30a0c?s=96&d=mm&r=g","caption":"R\u00e9daction"},"url":"https:\/\/elmawkie.dz\/fr\/author\/redaction\/"}]}},"_links":{"self":[{"href":"https:\/\/elmawkie.dz\/fr\/wp-json\/wp\/v2\/posts\/8100","targetHints":{"allow":["GET"]}}],"collection":[{"href":"https:\/\/elmawkie.dz\/fr\/wp-json\/wp\/v2\/posts"}],"about":[{"href":"https:\/\/elmawkie.dz\/fr\/wp-json\/wp\/v2\/types\/post"}],"author":[{"embeddable":true,"href":"https:\/\/elmawkie.dz\/fr\/wp-json\/wp\/v2\/users\/9"}],"replies":[{"embeddable":true,"href":"https:\/\/elmawkie.dz\/fr\/wp-json\/wp\/v2\/comments?post=8100"}],"version-history":[{"count":0,"href":"https:\/\/elmawkie.dz\/fr\/wp-json\/wp\/v2\/posts\/8100\/revisions"}],"wp:featuredmedia":[{"embeddable":true,"href":"https:\/\/elmawkie.dz\/fr\/wp-json\/wp\/v2\/media\/8101"}],"wp:attachment":[{"href":"https:\/\/elmawkie.dz\/fr\/wp-json\/wp\/v2\/media?parent=8100"}],"wp:term":[{"taxonomy":"category","embeddable":true,"href":"https:\/\/elmawkie.dz\/fr\/wp-json\/wp\/v2\/categories?post=8100"},{"taxonomy":"post_tag","embeddable":true,"href":"https:\/\/elmawkie.dz\/fr\/wp-json\/wp\/v2\/tags?post=8100"}],"curies":[{"name":"wp","href":"https:\/\/api.w.org\/{rel}","templated":true}]}}