{"id":7964,"date":"2025-01-12T16:28:41","date_gmt":"2025-01-12T15:28:41","guid":{"rendered":"https:\/\/elmawkie.dz\/fr\/?p=7964"},"modified":"2025-01-12T18:12:40","modified_gmt":"2025-01-12T17:12:40","slug":"une-ong-denonce-la-torture-systematique-sioniste-contre-les-prisonniers-palestiniens-et-libanais","status":"publish","type":"post","link":"https:\/\/elmawkie.dz\/fr\/une-ong-denonce-la-torture-systematique-sioniste-contre-les-prisonniers-palestiniens-et-libanais\/","title":{"rendered":"Une ONG d\u00e9nonce la torture syst\u00e9matique sioniste contre les prisonniers palestiniens et libanais"},"content":{"rendered":"<p><strong><em>L&rsquo;Observatoire Euro-m\u00e9diterran\u00e9en des Droits de l&rsquo;Homme a d\u00e9nonc\u00e9 dimanche la torture syst\u00e9matique que l&rsquo;entit\u00e9 sioniste applique dans ses prisons contre les d\u00e9tenus palestiniens et libanais, captur\u00e9s ces derniers mois dans la bande de Ghaza et dans le pays voisin. Les centres de d\u00e9tention de l&rsquo;occupation, de par leur conception et leur structure m\u00eames, constituent un cadre syst\u00e9matique visant intrins\u00e8quement \u00e0 torturer et \u00e0 maltraiter les d\u00e9tenus, a d\u00e9clar\u00e9 l&rsquo;organisation dans un communiqu\u00e9. \u00ab\u00a0Les images de prisonniers dans des conditions de vie terribles confirment les violations des droits de l&rsquo;homme et montrent le m\u00e9pris sioniste pour le syst\u00e8me judiciaire mondial\u00a0\u00bb, a-t-elle soulign\u00e9. L\u2019ONG attribue cette politique \u00e0 \u00ab\u00a0la longue histoire d\u2019impunit\u00e9 rendue possible par le soutien total dont l&rsquo;entit\u00e9 sioniste b\u00e9n\u00e9ficie de la part des Etats-Unis et de nombreux gouvernements europ\u00e9ens\u00a0\u00bb. Les vid\u00e9os montraient les d\u00e9tenus encha\u00een\u00e9s dans les cellules souterraines, sans matelas ni couverture, a d\u00e9plor\u00e9 l&rsquo;Organisation. Elle a rappel\u00e9 que les normes mondiales stipulent que tous les prisonniers doivent \u00eatre trait\u00e9s avec humanit\u00e9 et interdisent les atteintes \u00e0 leur vie et \u00e0 leur int\u00e9grit\u00e9 physique, y compris la torture, les mutilations et les traitements cruels. Enfin, l\u2019Organisation estime \u00e0 30 le nombre de prisons et de centres de d\u00e9tention sionistes destin\u00e9s \u00e0 d\u00e9tenir des Palestiniens.<\/em><\/strong><\/p>\n","protected":false},"excerpt":{"rendered":"<p>L&rsquo;Observatoire Euro-m\u00e9diterran\u00e9en des Droits de l&rsquo;Homme a d\u00e9nonc\u00e9 dimanche la torture syst\u00e9matique que l&rsquo;entit\u00e9 sioniste applique dans ses prisons contre les d\u00e9tenus palestiniens et libanais, captur\u00e9s ces derniers mois dans la bande de Ghaza et dans le pays voisin. Les centres de d\u00e9tention de l&rsquo;occupation, de par leur conception et leur structure m\u00eames, constituent un &hellip;<\/p>\n","protected":false},"author":9,"featured_media":7965,"comment_status":"open","ping_status":"open","sticky":false,"template":"","format":"standard","meta":{"footnotes":""},"categories":[44],"tags":[2133],"class_list":["post-7964","post","type-post","status-publish","format-standard","has-post-thumbnail","hentry","category-international","tag-une-ong"],"yoast_head":"<!-- This site is optimized with the Yoast SEO Premium plugin v22.6 (Yoast SEO v22.6) - https:\/\/yoast.com\/wordpress\/plugins\/seo\/ -->\n<title>Une ONG d\u00e9nonce la torture syst\u00e9matique sioniste contre les prisonniers palestiniens et libanais - El Mawkie<\/title>\n<meta name=\"robots\" content=\"index, follow, max-snippet:-1, max-image-preview:large, max-video-preview:-1\" \/>\n<link rel=\"canonical\" href=\"https:\/\/elmawkie.dz\/fr\/une-ong-denonce-la-torture-systematique-sioniste-contre-les-prisonniers-palestiniens-et-libanais\/\" \/>\n<meta property=\"og:locale\" content=\"fr_FR\" \/>\n<meta property=\"og:type\" content=\"article\" \/>\n<meta property=\"og:title\" content=\"Une ONG d\u00e9nonce la torture syst\u00e9matique sioniste contre les prisonniers palestiniens et libanais\" \/>\n<meta property=\"og:description\" content=\"L&rsquo;Observatoire Euro-m\u00e9diterran\u00e9en des Droits de l&rsquo;Homme a d\u00e9nonc\u00e9 dimanche la torture syst\u00e9matique que l&rsquo;entit\u00e9 sioniste applique dans ses prisons contre les d\u00e9tenus palestiniens et libanais, captur\u00e9s ces derniers mois dans la bande de Ghaza et dans le pays voisin. Les centres de d\u00e9tention de l&rsquo;occupation, de par leur conception et leur structure m\u00eames, constituent un &hellip;\" \/>\n<meta property=\"og:url\" content=\"https:\/\/elmawkie.dz\/fr\/une-ong-denonce-la-torture-systematique-sioniste-contre-les-prisonniers-palestiniens-et-libanais\/\" \/>\n<meta property=\"og:site_name\" content=\"El Mawkie\" \/>\n<meta property=\"article:publisher\" content=\"https:\/\/www.facebook.com\/profile.php?id=100088407094989&amp;locale=fr_FR\" \/>\n<meta property=\"article:published_time\" content=\"2025-01-12T15:28:41+00:00\" \/>\n<meta property=\"article:modified_time\" content=\"2025-01-12T17:12:40+00:00\" \/>\n<meta property=\"og:image\" content=\"https:\/\/elmawkie.dz\/fr\/wp-content\/uploads\/2025\/01\/IMG_8021.jpeg\" \/>\n\t<meta property=\"og:image:width\" content=\"750\" \/>\n\t<meta property=\"og:image:height\" content=\"400\" \/>\n\t<meta property=\"og:image:type\" content=\"image\/jpeg\" \/>\n<meta name=\"author\" content=\"R\u00e9daction\" \/>\n<meta name=\"twitter:card\" content=\"summary_large_image\" \/>\n<meta name=\"twitter:label1\" content=\"Written by\" \/>\n\t<meta name=\"twitter:data1\" content=\"R\u00e9daction\" \/>\n\t<meta name=\"twitter:label2\" content=\"Est. reading time\" \/>\n\t<meta name=\"twitter:data2\" content=\"1 minute\" \/>\n<script type=\"application\/ld+json\" class=\"yoast-schema-graph\">{\"@context\":\"https:\/\/schema.org\",\"@graph\":[{\"@type\":\"Article\",\"@id\":\"https:\/\/elmawkie.dz\/fr\/une-ong-denonce-la-torture-systematique-sioniste-contre-les-prisonniers-palestiniens-et-libanais\/#article\",\"isPartOf\":{\"@id\":\"https:\/\/elmawkie.dz\/fr\/une-ong-denonce-la-torture-systematique-sioniste-contre-les-prisonniers-palestiniens-et-libanais\/\"},\"author\":{\"name\":\"R\u00e9daction\",\"@id\":\"https:\/\/elmawkie.dz\/fr\/#\/schema\/person\/e7bd59d6467874ba5c4723d8a9f0a63c\"},\"headline\":\"Une ONG d\u00e9nonce la torture syst\u00e9matique sioniste contre les prisonniers palestiniens et libanais\",\"datePublished\":\"2025-01-12T15:28:41+00:00\",\"dateModified\":\"2025-01-12T17:12:40+00:00\",\"mainEntityOfPage\":{\"@id\":\"https:\/\/elmawkie.dz\/fr\/une-ong-denonce-la-torture-systematique-sioniste-contre-les-prisonniers-palestiniens-et-libanais\/\"},\"wordCount\":251,\"commentCount\":0,\"publisher\":{\"@id\":\"https:\/\/elmawkie.dz\/fr\/#organization\"},\"image\":{\"@id\":\"https:\/\/elmawkie.dz\/fr\/une-ong-denonce-la-torture-systematique-sioniste-contre-les-prisonniers-palestiniens-et-libanais\/#primaryimage\"},\"thumbnailUrl\":\"https:\/\/elmawkie.dz\/fr\/wp-content\/uploads\/2025\/01\/IMG_8021.jpeg\",\"keywords\":[\"Une ONG\"],\"articleSection\":[\"International\"],\"inLanguage\":\"fr-FR\",\"potentialAction\":[{\"@type\":\"CommentAction\",\"name\":\"Comment\",\"target\":[\"https:\/\/elmawkie.dz\/fr\/une-ong-denonce-la-torture-systematique-sioniste-contre-les-prisonniers-palestiniens-et-libanais\/#respond\"]}]},{\"@type\":\"WebPage\",\"@id\":\"https:\/\/elmawkie.dz\/fr\/une-ong-denonce-la-torture-systematique-sioniste-contre-les-prisonniers-palestiniens-et-libanais\/\",\"url\":\"https:\/\/elmawkie.dz\/fr\/une-ong-denonce-la-torture-systematique-sioniste-contre-les-prisonniers-palestiniens-et-libanais\/\",\"name\":\"Une ONG d\u00e9nonce la torture syst\u00e9matique sioniste contre les prisonniers palestiniens et libanais - El Mawkie\",\"isPartOf\":{\"@id\":\"https:\/\/elmawkie.dz\/fr\/#website\"},\"primaryImageOfPage\":{\"@id\":\"https:\/\/elmawkie.dz\/fr\/une-ong-denonce-la-torture-systematique-sioniste-contre-les-prisonniers-palestiniens-et-libanais\/#primaryimage\"},\"image\":{\"@id\":\"https:\/\/elmawkie.dz\/fr\/une-ong-denonce-la-torture-systematique-sioniste-contre-les-prisonniers-palestiniens-et-libanais\/#primaryimage\"},\"thumbnailUrl\":\"https:\/\/elmawkie.dz\/fr\/wp-content\/uploads\/2025\/01\/IMG_8021.jpeg\",\"datePublished\":\"2025-01-12T15:28:41+00:00\",\"dateModified\":\"2025-01-12T17:12:40+00:00\",\"breadcrumb\":{\"@id\":\"https:\/\/elmawkie.dz\/fr\/une-ong-denonce-la-torture-systematique-sioniste-contre-les-prisonniers-palestiniens-et-libanais\/#breadcrumb\"},\"inLanguage\":\"fr-FR\",\"potentialAction\":[{\"@type\":\"ReadAction\",\"target\":[\"https:\/\/elmawkie.dz\/fr\/une-ong-denonce-la-torture-systematique-sioniste-contre-les-prisonniers-palestiniens-et-libanais\/\"]}]},{\"@type\":\"ImageObject\",\"inLanguage\":\"fr-FR\",\"@id\":\"https:\/\/elmawkie.dz\/fr\/une-ong-denonce-la-torture-systematique-sioniste-contre-les-prisonniers-palestiniens-et-libanais\/#primaryimage\",\"url\":\"https:\/\/elmawkie.dz\/fr\/wp-content\/uploads\/2025\/01\/IMG_8021.jpeg\",\"contentUrl\":\"https:\/\/elmawkie.dz\/fr\/wp-content\/uploads\/2025\/01\/IMG_8021.jpeg\",\"width\":750,\"height\":400},{\"@type\":\"BreadcrumbList\",\"@id\":\"https:\/\/elmawkie.dz\/fr\/une-ong-denonce-la-torture-systematique-sioniste-contre-les-prisonniers-palestiniens-et-libanais\/#breadcrumb\",\"itemListElement\":[{\"@type\":\"ListItem\",\"position\":1,\"name\":\"Home\",\"item\":\"https:\/\/elmawkie.dz\/fr\/\"},{\"@type\":\"ListItem\",\"position\":2,\"name\":\"Une ONG d\u00e9nonce la torture syst\u00e9matique sioniste contre les prisonniers palestiniens et libanais\"}]},{\"@type\":\"WebSite\",\"@id\":\"https:\/\/elmawkie.dz\/fr\/#website\",\"url\":\"https:\/\/elmawkie.dz\/fr\/\",\"name\":\"EL MAWKIE\",\"description\":\"Journal \u00c9lectronique Alg\u00e9rien\",\"publisher\":{\"@id\":\"https:\/\/elmawkie.dz\/fr\/#organization\"},\"potentialAction\":[{\"@type\":\"SearchAction\",\"target\":{\"@type\":\"EntryPoint\",\"urlTemplate\":\"https:\/\/elmawkie.dz\/fr\/?s={search_term_string}\"},\"query-input\":\"required name=search_term_string\"}],\"inLanguage\":\"fr-FR\"},{\"@type\":\"Organization\",\"@id\":\"https:\/\/elmawkie.dz\/fr\/#organization\",\"name\":\"EL MAWKIE\",\"url\":\"https:\/\/elmawkie.dz\/fr\/\",\"logo\":{\"@type\":\"ImageObject\",\"inLanguage\":\"fr-FR\",\"@id\":\"https:\/\/elmawkie.dz\/fr\/#\/schema\/logo\/image\/\",\"url\":\"https:\/\/elmawkie.dz\/fr\/wp-content\/uploads\/2024\/05\/logo1.png\",\"contentUrl\":\"https:\/\/elmawkie.dz\/fr\/wp-content\/uploads\/2024\/05\/logo1.png\",\"width\":1648,\"height\":652,\"caption\":\"EL MAWKIE\"},\"image\":{\"@id\":\"https:\/\/elmawkie.dz\/fr\/#\/schema\/logo\/image\/\"},\"sameAs\":[\"https:\/\/www.facebook.com\/profile.php?id=100088407094989&locale=fr_FR\"]},{\"@type\":\"Person\",\"@id\":\"https:\/\/elmawkie.dz\/fr\/#\/schema\/person\/e7bd59d6467874ba5c4723d8a9f0a63c\",\"name\":\"R\u00e9daction\",\"image\":{\"@type\":\"ImageObject\",\"inLanguage\":\"fr-FR\",\"@id\":\"https:\/\/elmawkie.dz\/fr\/#\/schema\/person\/image\/\",\"url\":\"https:\/\/secure.gravatar.com\/avatar\/f0f773456344da4d2788c054a3d30a0c?s=96&d=mm&r=g\",\"contentUrl\":\"https:\/\/secure.gravatar.com\/avatar\/f0f773456344da4d2788c054a3d30a0c?s=96&d=mm&r=g\",\"caption\":\"R\u00e9daction\"},\"url\":\"https:\/\/elmawkie.dz\/fr\/author\/redaction\/\"}]}<\/script>\n<!-- \/ Yoast SEO Premium plugin. -->","yoast_head_json":{"title":"Une ONG d\u00e9nonce la torture syst\u00e9matique sioniste contre les prisonniers palestiniens et libanais - El Mawkie","robots":{"index":"index","follow":"follow","max-snippet":"max-snippet:-1","max-image-preview":"max-image-preview:large","max-video-preview":"max-video-preview:-1"},"canonical":"https:\/\/elmawkie.dz\/fr\/une-ong-denonce-la-torture-systematique-sioniste-contre-les-prisonniers-palestiniens-et-libanais\/","og_locale":"fr_FR","og_type":"article","og_title":"Une ONG d\u00e9nonce la torture syst\u00e9matique sioniste contre les prisonniers palestiniens et libanais","og_description":"L&rsquo;Observatoire Euro-m\u00e9diterran\u00e9en des Droits de l&rsquo;Homme a d\u00e9nonc\u00e9 dimanche la torture syst\u00e9matique que l&rsquo;entit\u00e9 sioniste applique dans ses prisons contre les d\u00e9tenus palestiniens et libanais, captur\u00e9s ces derniers mois dans la bande de Ghaza et dans le pays voisin. Les centres de d\u00e9tention de l&rsquo;occupation, de par leur conception et leur structure m\u00eames, constituent un &hellip;","og_url":"https:\/\/elmawkie.dz\/fr\/une-ong-denonce-la-torture-systematique-sioniste-contre-les-prisonniers-palestiniens-et-libanais\/","og_site_name":"El Mawkie","article_publisher":"https:\/\/www.facebook.com\/profile.php?id=100088407094989&locale=fr_FR","article_published_time":"2025-01-12T15:28:41+00:00","article_modified_time":"2025-01-12T17:12:40+00:00","og_image":[{"width":750,"height":400,"url":"https:\/\/elmawkie.dz\/fr\/wp-content\/uploads\/2025\/01\/IMG_8021.jpeg","type":"image\/jpeg"}],"author":"R\u00e9daction","twitter_card":"summary_large_image","twitter_misc":{"Written by":"R\u00e9daction","Est. reading time":"1 minute"},"schema":{"@context":"https:\/\/schema.org","@graph":[{"@type":"Article","@id":"https:\/\/elmawkie.dz\/fr\/une-ong-denonce-la-torture-systematique-sioniste-contre-les-prisonniers-palestiniens-et-libanais\/#article","isPartOf":{"@id":"https:\/\/elmawkie.dz\/fr\/une-ong-denonce-la-torture-systematique-sioniste-contre-les-prisonniers-palestiniens-et-libanais\/"},"author":{"name":"R\u00e9daction","@id":"https:\/\/elmawkie.dz\/fr\/#\/schema\/person\/e7bd59d6467874ba5c4723d8a9f0a63c"},"headline":"Une ONG d\u00e9nonce la torture syst\u00e9matique sioniste contre les prisonniers palestiniens et libanais","datePublished":"2025-01-12T15:28:41+00:00","dateModified":"2025-01-12T17:12:40+00:00","mainEntityOfPage":{"@id":"https:\/\/elmawkie.dz\/fr\/une-ong-denonce-la-torture-systematique-sioniste-contre-les-prisonniers-palestiniens-et-libanais\/"},"wordCount":251,"commentCount":0,"publisher":{"@id":"https:\/\/elmawkie.dz\/fr\/#organization"},"image":{"@id":"https:\/\/elmawkie.dz\/fr\/une-ong-denonce-la-torture-systematique-sioniste-contre-les-prisonniers-palestiniens-et-libanais\/#primaryimage"},"thumbnailUrl":"https:\/\/elmawkie.dz\/fr\/wp-content\/uploads\/2025\/01\/IMG_8021.jpeg","keywords":["Une ONG"],"articleSection":["International"],"inLanguage":"fr-FR","potentialAction":[{"@type":"CommentAction","name":"Comment","target":["https:\/\/elmawkie.dz\/fr\/une-ong-denonce-la-torture-systematique-sioniste-contre-les-prisonniers-palestiniens-et-libanais\/#respond"]}]},{"@type":"WebPage","@id":"https:\/\/elmawkie.dz\/fr\/une-ong-denonce-la-torture-systematique-sioniste-contre-les-prisonniers-palestiniens-et-libanais\/","url":"https:\/\/elmawkie.dz\/fr\/une-ong-denonce-la-torture-systematique-sioniste-contre-les-prisonniers-palestiniens-et-libanais\/","name":"Une ONG d\u00e9nonce la torture syst\u00e9matique sioniste contre les prisonniers palestiniens et libanais - El Mawkie","isPartOf":{"@id":"https:\/\/elmawkie.dz\/fr\/#website"},"primaryImageOfPage":{"@id":"https:\/\/elmawkie.dz\/fr\/une-ong-denonce-la-torture-systematique-sioniste-contre-les-prisonniers-palestiniens-et-libanais\/#primaryimage"},"image":{"@id":"https:\/\/elmawkie.dz\/fr\/une-ong-denonce-la-torture-systematique-sioniste-contre-les-prisonniers-palestiniens-et-libanais\/#primaryimage"},"thumbnailUrl":"https:\/\/elmawkie.dz\/fr\/wp-content\/uploads\/2025\/01\/IMG_8021.jpeg","datePublished":"2025-01-12T15:28:41+00:00","dateModified":"2025-01-12T17:12:40+00:00","breadcrumb":{"@id":"https:\/\/elmawkie.dz\/fr\/une-ong-denonce-la-torture-systematique-sioniste-contre-les-prisonniers-palestiniens-et-libanais\/#breadcrumb"},"inLanguage":"fr-FR","potentialAction":[{"@type":"ReadAction","target":["https:\/\/elmawkie.dz\/fr\/une-ong-denonce-la-torture-systematique-sioniste-contre-les-prisonniers-palestiniens-et-libanais\/"]}]},{"@type":"ImageObject","inLanguage":"fr-FR","@id":"https:\/\/elmawkie.dz\/fr\/une-ong-denonce-la-torture-systematique-sioniste-contre-les-prisonniers-palestiniens-et-libanais\/#primaryimage","url":"https:\/\/elmawkie.dz\/fr\/wp-content\/uploads\/2025\/01\/IMG_8021.jpeg","contentUrl":"https:\/\/elmawkie.dz\/fr\/wp-content\/uploads\/2025\/01\/IMG_8021.jpeg","width":750,"height":400},{"@type":"BreadcrumbList","@id":"https:\/\/elmawkie.dz\/fr\/une-ong-denonce-la-torture-systematique-sioniste-contre-les-prisonniers-palestiniens-et-libanais\/#breadcrumb","itemListElement":[{"@type":"ListItem","position":1,"name":"Home","item":"https:\/\/elmawkie.dz\/fr\/"},{"@type":"ListItem","position":2,"name":"Une ONG d\u00e9nonce la torture syst\u00e9matique sioniste contre les prisonniers palestiniens et libanais"}]},{"@type":"WebSite","@id":"https:\/\/elmawkie.dz\/fr\/#website","url":"https:\/\/elmawkie.dz\/fr\/","name":"EL MAWKIE","description":"Journal \u00c9lectronique Alg\u00e9rien","publisher":{"@id":"https:\/\/elmawkie.dz\/fr\/#organization"},"potentialAction":[{"@type":"SearchAction","target":{"@type":"EntryPoint","urlTemplate":"https:\/\/elmawkie.dz\/fr\/?s={search_term_string}"},"query-input":"required name=search_term_string"}],"inLanguage":"fr-FR"},{"@type":"Organization","@id":"https:\/\/elmawkie.dz\/fr\/#organization","name":"EL MAWKIE","url":"https:\/\/elmawkie.dz\/fr\/","logo":{"@type":"ImageObject","inLanguage":"fr-FR","@id":"https:\/\/elmawkie.dz\/fr\/#\/schema\/logo\/image\/","url":"https:\/\/elmawkie.dz\/fr\/wp-content\/uploads\/2024\/05\/logo1.png","contentUrl":"https:\/\/elmawkie.dz\/fr\/wp-content\/uploads\/2024\/05\/logo1.png","width":1648,"height":652,"caption":"EL MAWKIE"},"image":{"@id":"https:\/\/elmawkie.dz\/fr\/#\/schema\/logo\/image\/"},"sameAs":["https:\/\/www.facebook.com\/profile.php?id=100088407094989&locale=fr_FR"]},{"@type":"Person","@id":"https:\/\/elmawkie.dz\/fr\/#\/schema\/person\/e7bd59d6467874ba5c4723d8a9f0a63c","name":"R\u00e9daction","image":{"@type":"ImageObject","inLanguage":"fr-FR","@id":"https:\/\/elmawkie.dz\/fr\/#\/schema\/person\/image\/","url":"https:\/\/secure.gravatar.com\/avatar\/f0f773456344da4d2788c054a3d30a0c?s=96&d=mm&r=g","contentUrl":"https:\/\/secure.gravatar.com\/avatar\/f0f773456344da4d2788c054a3d30a0c?s=96&d=mm&r=g","caption":"R\u00e9daction"},"url":"https:\/\/elmawkie.dz\/fr\/author\/redaction\/"}]}},"_links":{"self":[{"href":"https:\/\/elmawkie.dz\/fr\/wp-json\/wp\/v2\/posts\/7964","targetHints":{"allow":["GET"]}}],"collection":[{"href":"https:\/\/elmawkie.dz\/fr\/wp-json\/wp\/v2\/posts"}],"about":[{"href":"https:\/\/elmawkie.dz\/fr\/wp-json\/wp\/v2\/types\/post"}],"author":[{"embeddable":true,"href":"https:\/\/elmawkie.dz\/fr\/wp-json\/wp\/v2\/users\/9"}],"replies":[{"embeddable":true,"href":"https:\/\/elmawkie.dz\/fr\/wp-json\/wp\/v2\/comments?post=7964"}],"version-history":[{"count":0,"href":"https:\/\/elmawkie.dz\/fr\/wp-json\/wp\/v2\/posts\/7964\/revisions"}],"wp:featuredmedia":[{"embeddable":true,"href":"https:\/\/elmawkie.dz\/fr\/wp-json\/wp\/v2\/media\/7965"}],"wp:attachment":[{"href":"https:\/\/elmawkie.dz\/fr\/wp-json\/wp\/v2\/media?parent=7964"}],"wp:term":[{"taxonomy":"category","embeddable":true,"href":"https:\/\/elmawkie.dz\/fr\/wp-json\/wp\/v2\/categories?post=7964"},{"taxonomy":"post_tag","embeddable":true,"href":"https:\/\/elmawkie.dz\/fr\/wp-json\/wp\/v2\/tags?post=7964"}],"curies":[{"name":"wp","href":"https:\/\/api.w.org\/{rel}","templated":true}]}}