{"id":7961,"date":"2025-01-12T16:22:46","date_gmt":"2025-01-12T15:22:46","guid":{"rendered":"https:\/\/elmawkie.dz\/fr\/?p=7961"},"modified":"2025-01-12T18:11:58","modified_gmt":"2025-01-12T17:11:58","slug":"celebration-du-nouvel-an-amazigh-2975-un-riche-programme-dans-les-wilayas-de-lest","status":"publish","type":"post","link":"https:\/\/elmawkie.dz\/fr\/celebration-du-nouvel-an-amazigh-2975-un-riche-programme-dans-les-wilayas-de-lest\/","title":{"rendered":"C\u00e9l\u00e9bration du Nouvel An amazigh 2975 : Un riche programme dans les wilayas de l\u2019Est"},"content":{"rendered":"<p><strong><em>Les wilayas de l&rsquo;Est du pays ont f\u00eat\u00e9 samedi et dimanche le nouvel an amazigh (12 janvier 2975) par diverses activit\u00e9s culturelles mettant en relief le patrimoine amazigh. A Constantine, les autorit\u00e9s de la wilaya ont pr\u00e9sid\u00e9 hier samedi l&rsquo;ouverture d&rsquo;une exposition historique tenue sous le th\u00e8me \u00ab\u00a0Vieux Rocher, identit\u00e9 de la terre\u00a0\u00bb et ont donn\u00e9 le coup d&rsquo;envoi du tournage d&rsquo;un documentaire \u00ab\u00a0The Roche\u00a0\u00bb produit par la maison de la culture Malek Haddad, avant d&rsquo;honorer plusieurs figures de la culture et de la presse pour leurs efforts dans la pr\u00e9servation du patrimoine et de l&rsquo;identit\u00e9 nationale. La maison de la culture Mohamed Seradj de Skikda a accueilli plusieurs expositions sur le patrimoine culturel local et national li\u00e9 aux traditions de tissage, couture et borderie et aux savoir-faire culinaire des wilayas de Tizi Ouzou, de Khenchela, de Guelma et de Bordj Bou Arreridj. Oum El Bouaghi a connu l&rsquo;organisation de d\u00e9fil\u00e9s folkloriques et de plusieurs expositions des produits et costumes traditionnels tenues \u00e0 la maison de la culture Nouar Boubaker. La maison de la culture M&rsquo;barek El Mili de Mila a accueilli \u00e0 l&rsquo;occasion une exposition regroupant des associations culturelles locales et plusieurs organismes et instances publics, dont les stands ont mis en valeur les riches histoire et patrimoine amazighs \u00e0 travers des produits de tissage, de poterie et de bois ainsi que les mets traditionnels sal\u00e9s et sucr\u00e9s pr\u00e9par\u00e9s par les familles \u00e0 Mila en cette occasion, dont la Trida, Echerchem et Leghrayef. Un stand particulier a \u00e9t\u00e9 consacr\u00e9 au costume f\u00e9minin de c\u00e9r\u00e9monie du grand Est alg\u00e9rien qui vient d&rsquo;\u00eatre int\u00e9gr\u00e9 par l&rsquo;UNESCO \u00e0 la liste du patrimoine culturel immat\u00e9riel de l&rsquo;humanit\u00e9. La direction de la culture et des arts de M&rsquo;sila a initi\u00e9 \u00e0 l&rsquo;occasion un concours de plats traditionnels \u00e0 la maison de la culture Guenfoud Hamlaoui avec la participation de 10 artisanes qui ont tenu \u00e0 mettre en exergue les traditions et le patrimoine culturel local li\u00e9s \u00e0 la c\u00e9l\u00e9bration de Yennayer. A Batna, le programme de c\u00e9l\u00e9bration a port\u00e9 sur la tenue de spectacles et expositions \u00e0 travers les communes, dont Fesdis qui a organis\u00e9 en coordination avec l&rsquo;Office des \u00e9tablissements de jeunes un concours des m\u00e9tiers traditionnels au complexe sportif de proximit\u00e9. La commune de Ghassira, c\u00e9l\u00e8bre pour ses gorges de Ghoufi, a initi\u00e9 une exposition de l&rsquo;artisanat et des plats populaires pr\u00e9par\u00e9s \u00e0 l&rsquo;occasion dont l&rsquo;Irechmen ou Cherchem dont le principal ingr\u00e9dient est le bl\u00e9 dur. La direction de la culture et des arts d&rsquo;Ouled Djellal a organis\u00e9 plusieurs activit\u00e9s de pr\u00e9sentation de la richesse culturelle de ses diverses r\u00e9gions mettant en l&rsquo;honneur le costume amazigh et les plats populaires pr\u00e9par\u00e9s \u00e0 l&rsquo;occasion de Yennayer. A Bordj Bou Arreridj, la commune de Tassameurt a accueilli les manifestations de c\u00e9l\u00e9bration du nouvel an Yennayer 2975 avec la tenue \u00e0 l&rsquo;annexe de la maison de la culture d&rsquo;une exposition des produits agricoles et de mets, de costumes, de bijoux et de poterie traditionnels. Parall\u00e8lement, la maison de la culture Mohamed Boudiaf a pr\u00e9vu du 10 au 15 janvier un programme vari\u00e9 d&rsquo;expositions et de conf\u00e9rences-d\u00e9bats, tandis que le complexe culturel A\u00efcha Haddad a accueilli des expositions des m\u00e9tiers artisanaux et des arts plastiques. A Guelma, l&rsquo;h\u00f4tel public Mermoura a accueilli une exposition des m\u00e9tiers artisanaux et un d\u00e9fil\u00e9 de costumes traditionnels regroupant, en pr\u00e9sence des autorit\u00e9s locales, des artisans, des associations professionnelles et des plasticiens. Les autres wilayas de l&rsquo;Est ont connu des activit\u00e9s similaires de c\u00e9l\u00e9bration du nouvel an amazigh 2975.<\/em><\/strong><\/p>\n","protected":false},"excerpt":{"rendered":"<p>Les wilayas de l&rsquo;Est du pays ont f\u00eat\u00e9 samedi et dimanche le nouvel an amazigh (12 janvier 2975) par diverses activit\u00e9s culturelles mettant en relief le patrimoine amazigh. A Constantine, les autorit\u00e9s de la wilaya ont pr\u00e9sid\u00e9 hier samedi l&rsquo;ouverture d&rsquo;une exposition historique tenue sous le th\u00e8me \u00ab\u00a0Vieux Rocher, identit\u00e9 de la terre\u00a0\u00bb et ont &hellip;<\/p>\n","protected":false},"author":9,"featured_media":7962,"comment_status":"open","ping_status":"open","sticky":false,"template":"","format":"standard","meta":{"footnotes":""},"categories":[3],"tags":[2077,2131,2132],"class_list":["post-7961","post","type-post","status-publish","format-standard","has-post-thumbnail","hentry","category-bs-culture","tag-nouvel-an-amazigh-2975","tag-un-riche-programme","tag-wilayas-de-lest"],"yoast_head":"<!-- This site is optimized with the Yoast SEO Premium plugin v22.6 (Yoast SEO v22.6) - https:\/\/yoast.com\/wordpress\/plugins\/seo\/ -->\n<title>C\u00e9l\u00e9bration du Nouvel An amazigh 2975 : Un riche programme dans les wilayas de l\u2019Est - El Mawkie<\/title>\n<meta name=\"robots\" content=\"index, follow, max-snippet:-1, max-image-preview:large, max-video-preview:-1\" \/>\n<link rel=\"canonical\" href=\"https:\/\/elmawkie.dz\/fr\/celebration-du-nouvel-an-amazigh-2975-un-riche-programme-dans-les-wilayas-de-lest\/\" \/>\n<meta property=\"og:locale\" content=\"fr_FR\" \/>\n<meta property=\"og:type\" content=\"article\" \/>\n<meta property=\"og:title\" content=\"C\u00e9l\u00e9bration du Nouvel An amazigh 2975 : Un riche programme dans les wilayas de l\u2019Est\" \/>\n<meta property=\"og:description\" content=\"Les wilayas de l&rsquo;Est du pays ont f\u00eat\u00e9 samedi et dimanche le nouvel an amazigh (12 janvier 2975) par diverses activit\u00e9s culturelles mettant en relief le patrimoine amazigh. A Constantine, les autorit\u00e9s de la wilaya ont pr\u00e9sid\u00e9 hier samedi l&rsquo;ouverture d&rsquo;une exposition historique tenue sous le th\u00e8me \u00ab\u00a0Vieux Rocher, identit\u00e9 de la terre\u00a0\u00bb et ont &hellip;\" \/>\n<meta property=\"og:url\" content=\"https:\/\/elmawkie.dz\/fr\/celebration-du-nouvel-an-amazigh-2975-un-riche-programme-dans-les-wilayas-de-lest\/\" \/>\n<meta property=\"og:site_name\" content=\"El Mawkie\" \/>\n<meta property=\"article:publisher\" content=\"https:\/\/www.facebook.com\/profile.php?id=100088407094989&amp;locale=fr_FR\" \/>\n<meta property=\"article:published_time\" content=\"2025-01-12T15:22:46+00:00\" \/>\n<meta property=\"article:modified_time\" content=\"2025-01-12T17:11:58+00:00\" \/>\n<meta property=\"og:image\" content=\"https:\/\/elmawkie.dz\/fr\/wp-content\/uploads\/2025\/01\/IMG_8020.jpeg\" \/>\n\t<meta property=\"og:image:width\" content=\"1080\" \/>\n\t<meta property=\"og:image:height\" content=\"720\" \/>\n\t<meta property=\"og:image:type\" content=\"image\/jpeg\" \/>\n<meta name=\"author\" content=\"R\u00e9daction\" \/>\n<meta name=\"twitter:card\" content=\"summary_large_image\" \/>\n<meta name=\"twitter:label1\" content=\"Written by\" \/>\n\t<meta name=\"twitter:data1\" content=\"R\u00e9daction\" \/>\n\t<meta name=\"twitter:label2\" content=\"Est. reading time\" \/>\n\t<meta name=\"twitter:data2\" content=\"3 minutes\" \/>\n<script type=\"application\/ld+json\" class=\"yoast-schema-graph\">{\"@context\":\"https:\/\/schema.org\",\"@graph\":[{\"@type\":\"Article\",\"@id\":\"https:\/\/elmawkie.dz\/fr\/celebration-du-nouvel-an-amazigh-2975-un-riche-programme-dans-les-wilayas-de-lest\/#article\",\"isPartOf\":{\"@id\":\"https:\/\/elmawkie.dz\/fr\/celebration-du-nouvel-an-amazigh-2975-un-riche-programme-dans-les-wilayas-de-lest\/\"},\"author\":{\"name\":\"R\u00e9daction\",\"@id\":\"https:\/\/elmawkie.dz\/fr\/#\/schema\/person\/e7bd59d6467874ba5c4723d8a9f0a63c\"},\"headline\":\"C\u00e9l\u00e9bration du Nouvel An amazigh 2975 : Un riche programme dans les wilayas de l\u2019Est\",\"datePublished\":\"2025-01-12T15:22:46+00:00\",\"dateModified\":\"2025-01-12T17:11:58+00:00\",\"mainEntityOfPage\":{\"@id\":\"https:\/\/elmawkie.dz\/fr\/celebration-du-nouvel-an-amazigh-2975-un-riche-programme-dans-les-wilayas-de-lest\/\"},\"wordCount\":651,\"commentCount\":0,\"publisher\":{\"@id\":\"https:\/\/elmawkie.dz\/fr\/#organization\"},\"image\":{\"@id\":\"https:\/\/elmawkie.dz\/fr\/celebration-du-nouvel-an-amazigh-2975-un-riche-programme-dans-les-wilayas-de-lest\/#primaryimage\"},\"thumbnailUrl\":\"https:\/\/elmawkie.dz\/fr\/wp-content\/uploads\/2025\/01\/IMG_8020.jpeg\",\"keywords\":[\"Nouvel An amazigh 2975\",\"Un riche programme\",\"wilayas de l\u2019Est\"],\"articleSection\":[\"Culture\"],\"inLanguage\":\"fr-FR\",\"potentialAction\":[{\"@type\":\"CommentAction\",\"name\":\"Comment\",\"target\":[\"https:\/\/elmawkie.dz\/fr\/celebration-du-nouvel-an-amazigh-2975-un-riche-programme-dans-les-wilayas-de-lest\/#respond\"]}]},{\"@type\":\"WebPage\",\"@id\":\"https:\/\/elmawkie.dz\/fr\/celebration-du-nouvel-an-amazigh-2975-un-riche-programme-dans-les-wilayas-de-lest\/\",\"url\":\"https:\/\/elmawkie.dz\/fr\/celebration-du-nouvel-an-amazigh-2975-un-riche-programme-dans-les-wilayas-de-lest\/\",\"name\":\"C\u00e9l\u00e9bration du Nouvel An amazigh 2975 : Un riche programme dans les wilayas de l\u2019Est - El Mawkie\",\"isPartOf\":{\"@id\":\"https:\/\/elmawkie.dz\/fr\/#website\"},\"primaryImageOfPage\":{\"@id\":\"https:\/\/elmawkie.dz\/fr\/celebration-du-nouvel-an-amazigh-2975-un-riche-programme-dans-les-wilayas-de-lest\/#primaryimage\"},\"image\":{\"@id\":\"https:\/\/elmawkie.dz\/fr\/celebration-du-nouvel-an-amazigh-2975-un-riche-programme-dans-les-wilayas-de-lest\/#primaryimage\"},\"thumbnailUrl\":\"https:\/\/elmawkie.dz\/fr\/wp-content\/uploads\/2025\/01\/IMG_8020.jpeg\",\"datePublished\":\"2025-01-12T15:22:46+00:00\",\"dateModified\":\"2025-01-12T17:11:58+00:00\",\"breadcrumb\":{\"@id\":\"https:\/\/elmawkie.dz\/fr\/celebration-du-nouvel-an-amazigh-2975-un-riche-programme-dans-les-wilayas-de-lest\/#breadcrumb\"},\"inLanguage\":\"fr-FR\",\"potentialAction\":[{\"@type\":\"ReadAction\",\"target\":[\"https:\/\/elmawkie.dz\/fr\/celebration-du-nouvel-an-amazigh-2975-un-riche-programme-dans-les-wilayas-de-lest\/\"]}]},{\"@type\":\"ImageObject\",\"inLanguage\":\"fr-FR\",\"@id\":\"https:\/\/elmawkie.dz\/fr\/celebration-du-nouvel-an-amazigh-2975-un-riche-programme-dans-les-wilayas-de-lest\/#primaryimage\",\"url\":\"https:\/\/elmawkie.dz\/fr\/wp-content\/uploads\/2025\/01\/IMG_8020.jpeg\",\"contentUrl\":\"https:\/\/elmawkie.dz\/fr\/wp-content\/uploads\/2025\/01\/IMG_8020.jpeg\",\"width\":1080,\"height\":720},{\"@type\":\"BreadcrumbList\",\"@id\":\"https:\/\/elmawkie.dz\/fr\/celebration-du-nouvel-an-amazigh-2975-un-riche-programme-dans-les-wilayas-de-lest\/#breadcrumb\",\"itemListElement\":[{\"@type\":\"ListItem\",\"position\":1,\"name\":\"Home\",\"item\":\"https:\/\/elmawkie.dz\/fr\/\"},{\"@type\":\"ListItem\",\"position\":2,\"name\":\"C\u00e9l\u00e9bration du Nouvel An amazigh 2975 : Un riche programme dans les wilayas de l\u2019Est\"}]},{\"@type\":\"WebSite\",\"@id\":\"https:\/\/elmawkie.dz\/fr\/#website\",\"url\":\"https:\/\/elmawkie.dz\/fr\/\",\"name\":\"EL MAWKIE\",\"description\":\"Journal \u00c9lectronique Alg\u00e9rien\",\"publisher\":{\"@id\":\"https:\/\/elmawkie.dz\/fr\/#organization\"},\"potentialAction\":[{\"@type\":\"SearchAction\",\"target\":{\"@type\":\"EntryPoint\",\"urlTemplate\":\"https:\/\/elmawkie.dz\/fr\/?s={search_term_string}\"},\"query-input\":\"required name=search_term_string\"}],\"inLanguage\":\"fr-FR\"},{\"@type\":\"Organization\",\"@id\":\"https:\/\/elmawkie.dz\/fr\/#organization\",\"name\":\"EL MAWKIE\",\"url\":\"https:\/\/elmawkie.dz\/fr\/\",\"logo\":{\"@type\":\"ImageObject\",\"inLanguage\":\"fr-FR\",\"@id\":\"https:\/\/elmawkie.dz\/fr\/#\/schema\/logo\/image\/\",\"url\":\"https:\/\/elmawkie.dz\/fr\/wp-content\/uploads\/2024\/05\/logo1.png\",\"contentUrl\":\"https:\/\/elmawkie.dz\/fr\/wp-content\/uploads\/2024\/05\/logo1.png\",\"width\":1648,\"height\":652,\"caption\":\"EL MAWKIE\"},\"image\":{\"@id\":\"https:\/\/elmawkie.dz\/fr\/#\/schema\/logo\/image\/\"},\"sameAs\":[\"https:\/\/www.facebook.com\/profile.php?id=100088407094989&locale=fr_FR\"]},{\"@type\":\"Person\",\"@id\":\"https:\/\/elmawkie.dz\/fr\/#\/schema\/person\/e7bd59d6467874ba5c4723d8a9f0a63c\",\"name\":\"R\u00e9daction\",\"image\":{\"@type\":\"ImageObject\",\"inLanguage\":\"fr-FR\",\"@id\":\"https:\/\/elmawkie.dz\/fr\/#\/schema\/person\/image\/\",\"url\":\"https:\/\/secure.gravatar.com\/avatar\/f0f773456344da4d2788c054a3d30a0c?s=96&d=mm&r=g\",\"contentUrl\":\"https:\/\/secure.gravatar.com\/avatar\/f0f773456344da4d2788c054a3d30a0c?s=96&d=mm&r=g\",\"caption\":\"R\u00e9daction\"},\"url\":\"https:\/\/elmawkie.dz\/fr\/author\/redaction\/\"}]}<\/script>\n<!-- \/ Yoast SEO Premium plugin. -->","yoast_head_json":{"title":"C\u00e9l\u00e9bration du Nouvel An amazigh 2975 : Un riche programme dans les wilayas de l\u2019Est - El Mawkie","robots":{"index":"index","follow":"follow","max-snippet":"max-snippet:-1","max-image-preview":"max-image-preview:large","max-video-preview":"max-video-preview:-1"},"canonical":"https:\/\/elmawkie.dz\/fr\/celebration-du-nouvel-an-amazigh-2975-un-riche-programme-dans-les-wilayas-de-lest\/","og_locale":"fr_FR","og_type":"article","og_title":"C\u00e9l\u00e9bration du Nouvel An amazigh 2975 : Un riche programme dans les wilayas de l\u2019Est","og_description":"Les wilayas de l&rsquo;Est du pays ont f\u00eat\u00e9 samedi et dimanche le nouvel an amazigh (12 janvier 2975) par diverses activit\u00e9s culturelles mettant en relief le patrimoine amazigh. A Constantine, les autorit\u00e9s de la wilaya ont pr\u00e9sid\u00e9 hier samedi l&rsquo;ouverture d&rsquo;une exposition historique tenue sous le th\u00e8me \u00ab\u00a0Vieux Rocher, identit\u00e9 de la terre\u00a0\u00bb et ont &hellip;","og_url":"https:\/\/elmawkie.dz\/fr\/celebration-du-nouvel-an-amazigh-2975-un-riche-programme-dans-les-wilayas-de-lest\/","og_site_name":"El Mawkie","article_publisher":"https:\/\/www.facebook.com\/profile.php?id=100088407094989&locale=fr_FR","article_published_time":"2025-01-12T15:22:46+00:00","article_modified_time":"2025-01-12T17:11:58+00:00","og_image":[{"width":1080,"height":720,"url":"https:\/\/elmawkie.dz\/fr\/wp-content\/uploads\/2025\/01\/IMG_8020.jpeg","type":"image\/jpeg"}],"author":"R\u00e9daction","twitter_card":"summary_large_image","twitter_misc":{"Written by":"R\u00e9daction","Est. reading time":"3 minutes"},"schema":{"@context":"https:\/\/schema.org","@graph":[{"@type":"Article","@id":"https:\/\/elmawkie.dz\/fr\/celebration-du-nouvel-an-amazigh-2975-un-riche-programme-dans-les-wilayas-de-lest\/#article","isPartOf":{"@id":"https:\/\/elmawkie.dz\/fr\/celebration-du-nouvel-an-amazigh-2975-un-riche-programme-dans-les-wilayas-de-lest\/"},"author":{"name":"R\u00e9daction","@id":"https:\/\/elmawkie.dz\/fr\/#\/schema\/person\/e7bd59d6467874ba5c4723d8a9f0a63c"},"headline":"C\u00e9l\u00e9bration du Nouvel An amazigh 2975 : Un riche programme dans les wilayas de l\u2019Est","datePublished":"2025-01-12T15:22:46+00:00","dateModified":"2025-01-12T17:11:58+00:00","mainEntityOfPage":{"@id":"https:\/\/elmawkie.dz\/fr\/celebration-du-nouvel-an-amazigh-2975-un-riche-programme-dans-les-wilayas-de-lest\/"},"wordCount":651,"commentCount":0,"publisher":{"@id":"https:\/\/elmawkie.dz\/fr\/#organization"},"image":{"@id":"https:\/\/elmawkie.dz\/fr\/celebration-du-nouvel-an-amazigh-2975-un-riche-programme-dans-les-wilayas-de-lest\/#primaryimage"},"thumbnailUrl":"https:\/\/elmawkie.dz\/fr\/wp-content\/uploads\/2025\/01\/IMG_8020.jpeg","keywords":["Nouvel An amazigh 2975","Un riche programme","wilayas de l\u2019Est"],"articleSection":["Culture"],"inLanguage":"fr-FR","potentialAction":[{"@type":"CommentAction","name":"Comment","target":["https:\/\/elmawkie.dz\/fr\/celebration-du-nouvel-an-amazigh-2975-un-riche-programme-dans-les-wilayas-de-lest\/#respond"]}]},{"@type":"WebPage","@id":"https:\/\/elmawkie.dz\/fr\/celebration-du-nouvel-an-amazigh-2975-un-riche-programme-dans-les-wilayas-de-lest\/","url":"https:\/\/elmawkie.dz\/fr\/celebration-du-nouvel-an-amazigh-2975-un-riche-programme-dans-les-wilayas-de-lest\/","name":"C\u00e9l\u00e9bration du Nouvel An amazigh 2975 : Un riche programme dans les wilayas de l\u2019Est - El Mawkie","isPartOf":{"@id":"https:\/\/elmawkie.dz\/fr\/#website"},"primaryImageOfPage":{"@id":"https:\/\/elmawkie.dz\/fr\/celebration-du-nouvel-an-amazigh-2975-un-riche-programme-dans-les-wilayas-de-lest\/#primaryimage"},"image":{"@id":"https:\/\/elmawkie.dz\/fr\/celebration-du-nouvel-an-amazigh-2975-un-riche-programme-dans-les-wilayas-de-lest\/#primaryimage"},"thumbnailUrl":"https:\/\/elmawkie.dz\/fr\/wp-content\/uploads\/2025\/01\/IMG_8020.jpeg","datePublished":"2025-01-12T15:22:46+00:00","dateModified":"2025-01-12T17:11:58+00:00","breadcrumb":{"@id":"https:\/\/elmawkie.dz\/fr\/celebration-du-nouvel-an-amazigh-2975-un-riche-programme-dans-les-wilayas-de-lest\/#breadcrumb"},"inLanguage":"fr-FR","potentialAction":[{"@type":"ReadAction","target":["https:\/\/elmawkie.dz\/fr\/celebration-du-nouvel-an-amazigh-2975-un-riche-programme-dans-les-wilayas-de-lest\/"]}]},{"@type":"ImageObject","inLanguage":"fr-FR","@id":"https:\/\/elmawkie.dz\/fr\/celebration-du-nouvel-an-amazigh-2975-un-riche-programme-dans-les-wilayas-de-lest\/#primaryimage","url":"https:\/\/elmawkie.dz\/fr\/wp-content\/uploads\/2025\/01\/IMG_8020.jpeg","contentUrl":"https:\/\/elmawkie.dz\/fr\/wp-content\/uploads\/2025\/01\/IMG_8020.jpeg","width":1080,"height":720},{"@type":"BreadcrumbList","@id":"https:\/\/elmawkie.dz\/fr\/celebration-du-nouvel-an-amazigh-2975-un-riche-programme-dans-les-wilayas-de-lest\/#breadcrumb","itemListElement":[{"@type":"ListItem","position":1,"name":"Home","item":"https:\/\/elmawkie.dz\/fr\/"},{"@type":"ListItem","position":2,"name":"C\u00e9l\u00e9bration du Nouvel An amazigh 2975 : Un riche programme dans les wilayas de l\u2019Est"}]},{"@type":"WebSite","@id":"https:\/\/elmawkie.dz\/fr\/#website","url":"https:\/\/elmawkie.dz\/fr\/","name":"EL MAWKIE","description":"Journal \u00c9lectronique Alg\u00e9rien","publisher":{"@id":"https:\/\/elmawkie.dz\/fr\/#organization"},"potentialAction":[{"@type":"SearchAction","target":{"@type":"EntryPoint","urlTemplate":"https:\/\/elmawkie.dz\/fr\/?s={search_term_string}"},"query-input":"required name=search_term_string"}],"inLanguage":"fr-FR"},{"@type":"Organization","@id":"https:\/\/elmawkie.dz\/fr\/#organization","name":"EL MAWKIE","url":"https:\/\/elmawkie.dz\/fr\/","logo":{"@type":"ImageObject","inLanguage":"fr-FR","@id":"https:\/\/elmawkie.dz\/fr\/#\/schema\/logo\/image\/","url":"https:\/\/elmawkie.dz\/fr\/wp-content\/uploads\/2024\/05\/logo1.png","contentUrl":"https:\/\/elmawkie.dz\/fr\/wp-content\/uploads\/2024\/05\/logo1.png","width":1648,"height":652,"caption":"EL MAWKIE"},"image":{"@id":"https:\/\/elmawkie.dz\/fr\/#\/schema\/logo\/image\/"},"sameAs":["https:\/\/www.facebook.com\/profile.php?id=100088407094989&locale=fr_FR"]},{"@type":"Person","@id":"https:\/\/elmawkie.dz\/fr\/#\/schema\/person\/e7bd59d6467874ba5c4723d8a9f0a63c","name":"R\u00e9daction","image":{"@type":"ImageObject","inLanguage":"fr-FR","@id":"https:\/\/elmawkie.dz\/fr\/#\/schema\/person\/image\/","url":"https:\/\/secure.gravatar.com\/avatar\/f0f773456344da4d2788c054a3d30a0c?s=96&d=mm&r=g","contentUrl":"https:\/\/secure.gravatar.com\/avatar\/f0f773456344da4d2788c054a3d30a0c?s=96&d=mm&r=g","caption":"R\u00e9daction"},"url":"https:\/\/elmawkie.dz\/fr\/author\/redaction\/"}]}},"_links":{"self":[{"href":"https:\/\/elmawkie.dz\/fr\/wp-json\/wp\/v2\/posts\/7961","targetHints":{"allow":["GET"]}}],"collection":[{"href":"https:\/\/elmawkie.dz\/fr\/wp-json\/wp\/v2\/posts"}],"about":[{"href":"https:\/\/elmawkie.dz\/fr\/wp-json\/wp\/v2\/types\/post"}],"author":[{"embeddable":true,"href":"https:\/\/elmawkie.dz\/fr\/wp-json\/wp\/v2\/users\/9"}],"replies":[{"embeddable":true,"href":"https:\/\/elmawkie.dz\/fr\/wp-json\/wp\/v2\/comments?post=7961"}],"version-history":[{"count":0,"href":"https:\/\/elmawkie.dz\/fr\/wp-json\/wp\/v2\/posts\/7961\/revisions"}],"wp:featuredmedia":[{"embeddable":true,"href":"https:\/\/elmawkie.dz\/fr\/wp-json\/wp\/v2\/media\/7962"}],"wp:attachment":[{"href":"https:\/\/elmawkie.dz\/fr\/wp-json\/wp\/v2\/media?parent=7961"}],"wp:term":[{"taxonomy":"category","embeddable":true,"href":"https:\/\/elmawkie.dz\/fr\/wp-json\/wp\/v2\/categories?post=7961"},{"taxonomy":"post_tag","embeddable":true,"href":"https:\/\/elmawkie.dz\/fr\/wp-json\/wp\/v2\/tags?post=7961"}],"curies":[{"name":"wp","href":"https:\/\/api.w.org\/{rel}","templated":true}]}}