{"id":7898,"date":"2025-01-10T18:19:45","date_gmt":"2025-01-10T17:19:45","guid":{"rendered":"https:\/\/elmawkie.dz\/fr\/?p=7898"},"modified":"2025-01-11T08:35:28","modified_gmt":"2025-01-11T07:35:28","slug":"m-faid-participera-a-medine-au-seminaire-sur-le-futur-cadre-strategique-de-la-banque-islamique-de-developpement","status":"publish","type":"post","link":"https:\/\/elmawkie.dz\/fr\/m-faid-participera-a-medine-au-seminaire-sur-le-futur-cadre-strategique-de-la-banque-islamique-de-developpement\/","title":{"rendered":"M. Faid participera \u00e0 M\u00e9dine au s\u00e9minaire sur le futur cadre strat\u00e9gique de la Banque islamique de d\u00e9veloppement"},"content":{"rendered":"<p><strong><em>Le ministre des Finances Laaziz Fa\u00efd se rendra du 10 au 13 janvier \u00e0 M\u00e9dine (Arabie Saoudite), pour participer, en sa qualit\u00e9 de pr\u00e9sident du Conseil des gouverneurs du groupe de la Banque islamique de d\u00e9veloppement (BID), au s\u00e9minaire consultatif sur le futur cadre strat\u00e9gique de cette institution, indique vendredi un communiqu\u00e9 du minist\u00e8re. \u00ab\u00a0Cette rencontre se tiendra \u00e0 l&rsquo;occasion de la fin du cycle strat\u00e9gique actuel de la BID et vise \u00e0 examiner les contours du nouveau processus de planification strat\u00e9gique pour la p\u00e9riode 2026-2035, dans le but de fa\u00e7onner la prochaine d\u00e9cennie et de r\u00e9pondre aux aspirations actuelles et futures des pays membres de cette institution\u00a0\u00bb, pr\u00e9cise le minist\u00e8re. Ce s\u00e9minaire qui s&rsquo;inspire du mod\u00e8le de la table ronde des gouverneurs, \u00ab\u00a0offrira une plateforme pour des consultations de haut niveau et l&rsquo;\u00e9change de points de vue, d&rsquo;id\u00e9es et de suggestions, enrichissant ainsi le processus d&rsquo;\u00e9laboration de l&rsquo;avenir de la Banque islamique de d\u00e9veloppement\u00a0\u00bb. A cette occasion, et en sa qualit\u00e9 de pr\u00e9sident du Conseil des gouverneurs de la BID, M. Faid animera les travaux de ce s\u00e9minaire o\u00f9 il \u00ab\u00a0pr\u00e9sentera \u00e9galement le point de vue et la position de l&rsquo;Alg\u00e9rie sur l&rsquo;approche que la BID devrait adopter durant les dix prochaines ann\u00e9es pour r\u00e9pondre au mieux aux attentes des pays de la r\u00e9gion \u00e0 m\u00eame de booster leur d\u00e9veloppement socio-\u00e9conomique, encourager la diversification de leurs \u00e9conomies, renforcer leurs r\u00e9siliences face aux multiples d\u00e9fis externes et consolider leur int\u00e9gration pour une croissance durable et partag\u00e9e\u00a0\u00bb, souligne-t-on de m\u00eame source. En marge de ce s\u00e9minaire, le ministre proc\u00e9dera \u00e0 la signature, conjointement avec le pr\u00e9sident du Groupe de la BID, du m\u00e9morandum d&rsquo;entente relatif \u00e0 l&rsquo;accueil par Alg\u00e9rie de l&rsquo;\u00e9dition 2025 des Assembl\u00e9es annuelles du groupe, et qui se tiendront \u00e0 Alger du 19 au 22 mai prochain. Il saisira cette opportunit\u00e9 pour adresser officiellement l&rsquo;invitation aux 56 Gouverneurs repr\u00e9sentants de pays membres du Groupe de la BID, pour prendre part \u00e0 ces assembl\u00e9es, indique le minist\u00e8re.<\/em><\/strong><\/p>\n","protected":false},"excerpt":{"rendered":"<p>Le ministre des Finances Laaziz Fa\u00efd se rendra du 10 au 13 janvier \u00e0 M\u00e9dine (Arabie Saoudite), pour participer, en sa qualit\u00e9 de pr\u00e9sident du Conseil des gouverneurs du groupe de la Banque islamique de d\u00e9veloppement (BID), au s\u00e9minaire consultatif sur le futur cadre strat\u00e9gique de cette institution, indique vendredi un communiqu\u00e9 du minist\u00e8re. \u00ab\u00a0Cette &hellip;<\/p>\n","protected":false},"author":9,"featured_media":7899,"comment_status":"open","ping_status":"open","sticky":false,"template":"","format":"standard","meta":{"footnotes":""},"categories":[47],"tags":[2094,2091,2092,2093],"class_list":["post-7898","post","type-post","status-publish","format-standard","has-post-thumbnail","hentry","category-national","tag-la-banque-islamique-de-developpement","tag-m-faid","tag-medine","tag-seminaire"],"yoast_head":"<!-- This site is optimized with the Yoast SEO Premium plugin v22.6 (Yoast SEO v22.6) - https:\/\/yoast.com\/wordpress\/plugins\/seo\/ -->\n<title>M. Faid participera \u00e0 M\u00e9dine au s\u00e9minaire sur le futur cadre strat\u00e9gique de la Banque islamique de d\u00e9veloppement - El Mawkie<\/title>\n<meta name=\"robots\" content=\"index, follow, max-snippet:-1, max-image-preview:large, max-video-preview:-1\" \/>\n<link rel=\"canonical\" href=\"https:\/\/elmawkie.dz\/fr\/m-faid-participera-a-medine-au-seminaire-sur-le-futur-cadre-strategique-de-la-banque-islamique-de-developpement\/\" \/>\n<meta property=\"og:locale\" content=\"fr_FR\" \/>\n<meta property=\"og:type\" content=\"article\" \/>\n<meta property=\"og:title\" content=\"M. Faid participera \u00e0 M\u00e9dine au s\u00e9minaire sur le futur cadre strat\u00e9gique de la Banque islamique de d\u00e9veloppement\" \/>\n<meta property=\"og:description\" content=\"Le ministre des Finances Laaziz Fa\u00efd se rendra du 10 au 13 janvier \u00e0 M\u00e9dine (Arabie Saoudite), pour participer, en sa qualit\u00e9 de pr\u00e9sident du Conseil des gouverneurs du groupe de la Banque islamique de d\u00e9veloppement (BID), au s\u00e9minaire consultatif sur le futur cadre strat\u00e9gique de cette institution, indique vendredi un communiqu\u00e9 du minist\u00e8re. \u00ab\u00a0Cette &hellip;\" \/>\n<meta property=\"og:url\" content=\"https:\/\/elmawkie.dz\/fr\/m-faid-participera-a-medine-au-seminaire-sur-le-futur-cadre-strategique-de-la-banque-islamique-de-developpement\/\" \/>\n<meta property=\"og:site_name\" content=\"El Mawkie\" \/>\n<meta property=\"article:publisher\" content=\"https:\/\/www.facebook.com\/profile.php?id=100088407094989&amp;locale=fr_FR\" \/>\n<meta property=\"article:published_time\" content=\"2025-01-10T17:19:45+00:00\" \/>\n<meta property=\"article:modified_time\" content=\"2025-01-11T07:35:28+00:00\" \/>\n<meta property=\"og:image\" content=\"https:\/\/elmawkie.dz\/fr\/wp-content\/uploads\/2025\/01\/IMG_7886.jpeg\" \/>\n\t<meta property=\"og:image:width\" content=\"724\" \/>\n\t<meta property=\"og:image:height\" content=\"392\" \/>\n\t<meta property=\"og:image:type\" content=\"image\/jpeg\" \/>\n<meta name=\"author\" content=\"R\u00e9daction\" \/>\n<meta name=\"twitter:card\" content=\"summary_large_image\" \/>\n<meta name=\"twitter:label1\" content=\"Written by\" \/>\n\t<meta name=\"twitter:data1\" content=\"R\u00e9daction\" \/>\n\t<meta name=\"twitter:label2\" content=\"Est. reading time\" \/>\n\t<meta name=\"twitter:data2\" content=\"2 minutes\" \/>\n<script type=\"application\/ld+json\" class=\"yoast-schema-graph\">{\"@context\":\"https:\/\/schema.org\",\"@graph\":[{\"@type\":\"Article\",\"@id\":\"https:\/\/elmawkie.dz\/fr\/m-faid-participera-a-medine-au-seminaire-sur-le-futur-cadre-strategique-de-la-banque-islamique-de-developpement\/#article\",\"isPartOf\":{\"@id\":\"https:\/\/elmawkie.dz\/fr\/m-faid-participera-a-medine-au-seminaire-sur-le-futur-cadre-strategique-de-la-banque-islamique-de-developpement\/\"},\"author\":{\"name\":\"R\u00e9daction\",\"@id\":\"https:\/\/elmawkie.dz\/fr\/#\/schema\/person\/e7bd59d6467874ba5c4723d8a9f0a63c\"},\"headline\":\"M. Faid participera \u00e0 M\u00e9dine au s\u00e9minaire sur le futur cadre strat\u00e9gique de la Banque islamique de d\u00e9veloppement\",\"datePublished\":\"2025-01-10T17:19:45+00:00\",\"dateModified\":\"2025-01-11T07:35:28+00:00\",\"mainEntityOfPage\":{\"@id\":\"https:\/\/elmawkie.dz\/fr\/m-faid-participera-a-medine-au-seminaire-sur-le-futur-cadre-strategique-de-la-banque-islamique-de-developpement\/\"},\"wordCount\":389,\"commentCount\":0,\"publisher\":{\"@id\":\"https:\/\/elmawkie.dz\/fr\/#organization\"},\"image\":{\"@id\":\"https:\/\/elmawkie.dz\/fr\/m-faid-participera-a-medine-au-seminaire-sur-le-futur-cadre-strategique-de-la-banque-islamique-de-developpement\/#primaryimage\"},\"thumbnailUrl\":\"https:\/\/elmawkie.dz\/fr\/wp-content\/uploads\/2025\/01\/IMG_7886.jpeg\",\"keywords\":[\"la Banque islamique de d\u00e9veloppement\",\"M. Faid\",\"M\u00e9dine\",\"s\u00e9minaire\"],\"articleSection\":[\"National\"],\"inLanguage\":\"fr-FR\",\"potentialAction\":[{\"@type\":\"CommentAction\",\"name\":\"Comment\",\"target\":[\"https:\/\/elmawkie.dz\/fr\/m-faid-participera-a-medine-au-seminaire-sur-le-futur-cadre-strategique-de-la-banque-islamique-de-developpement\/#respond\"]}]},{\"@type\":\"WebPage\",\"@id\":\"https:\/\/elmawkie.dz\/fr\/m-faid-participera-a-medine-au-seminaire-sur-le-futur-cadre-strategique-de-la-banque-islamique-de-developpement\/\",\"url\":\"https:\/\/elmawkie.dz\/fr\/m-faid-participera-a-medine-au-seminaire-sur-le-futur-cadre-strategique-de-la-banque-islamique-de-developpement\/\",\"name\":\"M. Faid participera \u00e0 M\u00e9dine au s\u00e9minaire sur le futur cadre strat\u00e9gique de la Banque islamique de d\u00e9veloppement - El Mawkie\",\"isPartOf\":{\"@id\":\"https:\/\/elmawkie.dz\/fr\/#website\"},\"primaryImageOfPage\":{\"@id\":\"https:\/\/elmawkie.dz\/fr\/m-faid-participera-a-medine-au-seminaire-sur-le-futur-cadre-strategique-de-la-banque-islamique-de-developpement\/#primaryimage\"},\"image\":{\"@id\":\"https:\/\/elmawkie.dz\/fr\/m-faid-participera-a-medine-au-seminaire-sur-le-futur-cadre-strategique-de-la-banque-islamique-de-developpement\/#primaryimage\"},\"thumbnailUrl\":\"https:\/\/elmawkie.dz\/fr\/wp-content\/uploads\/2025\/01\/IMG_7886.jpeg\",\"datePublished\":\"2025-01-10T17:19:45+00:00\",\"dateModified\":\"2025-01-11T07:35:28+00:00\",\"breadcrumb\":{\"@id\":\"https:\/\/elmawkie.dz\/fr\/m-faid-participera-a-medine-au-seminaire-sur-le-futur-cadre-strategique-de-la-banque-islamique-de-developpement\/#breadcrumb\"},\"inLanguage\":\"fr-FR\",\"potentialAction\":[{\"@type\":\"ReadAction\",\"target\":[\"https:\/\/elmawkie.dz\/fr\/m-faid-participera-a-medine-au-seminaire-sur-le-futur-cadre-strategique-de-la-banque-islamique-de-developpement\/\"]}]},{\"@type\":\"ImageObject\",\"inLanguage\":\"fr-FR\",\"@id\":\"https:\/\/elmawkie.dz\/fr\/m-faid-participera-a-medine-au-seminaire-sur-le-futur-cadre-strategique-de-la-banque-islamique-de-developpement\/#primaryimage\",\"url\":\"https:\/\/elmawkie.dz\/fr\/wp-content\/uploads\/2025\/01\/IMG_7886.jpeg\",\"contentUrl\":\"https:\/\/elmawkie.dz\/fr\/wp-content\/uploads\/2025\/01\/IMG_7886.jpeg\",\"width\":724,\"height\":392},{\"@type\":\"BreadcrumbList\",\"@id\":\"https:\/\/elmawkie.dz\/fr\/m-faid-participera-a-medine-au-seminaire-sur-le-futur-cadre-strategique-de-la-banque-islamique-de-developpement\/#breadcrumb\",\"itemListElement\":[{\"@type\":\"ListItem\",\"position\":1,\"name\":\"Home\",\"item\":\"https:\/\/elmawkie.dz\/fr\/\"},{\"@type\":\"ListItem\",\"position\":2,\"name\":\"M. Faid participera \u00e0 M\u00e9dine au s\u00e9minaire sur le futur cadre strat\u00e9gique de la Banque islamique de d\u00e9veloppement\"}]},{\"@type\":\"WebSite\",\"@id\":\"https:\/\/elmawkie.dz\/fr\/#website\",\"url\":\"https:\/\/elmawkie.dz\/fr\/\",\"name\":\"EL MAWKIE\",\"description\":\"Journal \u00c9lectronique Alg\u00e9rien\",\"publisher\":{\"@id\":\"https:\/\/elmawkie.dz\/fr\/#organization\"},\"potentialAction\":[{\"@type\":\"SearchAction\",\"target\":{\"@type\":\"EntryPoint\",\"urlTemplate\":\"https:\/\/elmawkie.dz\/fr\/?s={search_term_string}\"},\"query-input\":\"required name=search_term_string\"}],\"inLanguage\":\"fr-FR\"},{\"@type\":\"Organization\",\"@id\":\"https:\/\/elmawkie.dz\/fr\/#organization\",\"name\":\"EL MAWKIE\",\"url\":\"https:\/\/elmawkie.dz\/fr\/\",\"logo\":{\"@type\":\"ImageObject\",\"inLanguage\":\"fr-FR\",\"@id\":\"https:\/\/elmawkie.dz\/fr\/#\/schema\/logo\/image\/\",\"url\":\"https:\/\/elmawkie.dz\/fr\/wp-content\/uploads\/2024\/05\/logo1.png\",\"contentUrl\":\"https:\/\/elmawkie.dz\/fr\/wp-content\/uploads\/2024\/05\/logo1.png\",\"width\":1648,\"height\":652,\"caption\":\"EL MAWKIE\"},\"image\":{\"@id\":\"https:\/\/elmawkie.dz\/fr\/#\/schema\/logo\/image\/\"},\"sameAs\":[\"https:\/\/www.facebook.com\/profile.php?id=100088407094989&locale=fr_FR\"]},{\"@type\":\"Person\",\"@id\":\"https:\/\/elmawkie.dz\/fr\/#\/schema\/person\/e7bd59d6467874ba5c4723d8a9f0a63c\",\"name\":\"R\u00e9daction\",\"image\":{\"@type\":\"ImageObject\",\"inLanguage\":\"fr-FR\",\"@id\":\"https:\/\/elmawkie.dz\/fr\/#\/schema\/person\/image\/\",\"url\":\"https:\/\/secure.gravatar.com\/avatar\/f0f773456344da4d2788c054a3d30a0c?s=96&d=mm&r=g\",\"contentUrl\":\"https:\/\/secure.gravatar.com\/avatar\/f0f773456344da4d2788c054a3d30a0c?s=96&d=mm&r=g\",\"caption\":\"R\u00e9daction\"},\"url\":\"https:\/\/elmawkie.dz\/fr\/author\/redaction\/\"}]}<\/script>\n<!-- \/ Yoast SEO Premium plugin. -->","yoast_head_json":{"title":"M. Faid participera \u00e0 M\u00e9dine au s\u00e9minaire sur le futur cadre strat\u00e9gique de la Banque islamique de d\u00e9veloppement - El Mawkie","robots":{"index":"index","follow":"follow","max-snippet":"max-snippet:-1","max-image-preview":"max-image-preview:large","max-video-preview":"max-video-preview:-1"},"canonical":"https:\/\/elmawkie.dz\/fr\/m-faid-participera-a-medine-au-seminaire-sur-le-futur-cadre-strategique-de-la-banque-islamique-de-developpement\/","og_locale":"fr_FR","og_type":"article","og_title":"M. Faid participera \u00e0 M\u00e9dine au s\u00e9minaire sur le futur cadre strat\u00e9gique de la Banque islamique de d\u00e9veloppement","og_description":"Le ministre des Finances Laaziz Fa\u00efd se rendra du 10 au 13 janvier \u00e0 M\u00e9dine (Arabie Saoudite), pour participer, en sa qualit\u00e9 de pr\u00e9sident du Conseil des gouverneurs du groupe de la Banque islamique de d\u00e9veloppement (BID), au s\u00e9minaire consultatif sur le futur cadre strat\u00e9gique de cette institution, indique vendredi un communiqu\u00e9 du minist\u00e8re. \u00ab\u00a0Cette &hellip;","og_url":"https:\/\/elmawkie.dz\/fr\/m-faid-participera-a-medine-au-seminaire-sur-le-futur-cadre-strategique-de-la-banque-islamique-de-developpement\/","og_site_name":"El Mawkie","article_publisher":"https:\/\/www.facebook.com\/profile.php?id=100088407094989&locale=fr_FR","article_published_time":"2025-01-10T17:19:45+00:00","article_modified_time":"2025-01-11T07:35:28+00:00","og_image":[{"width":724,"height":392,"url":"https:\/\/elmawkie.dz\/fr\/wp-content\/uploads\/2025\/01\/IMG_7886.jpeg","type":"image\/jpeg"}],"author":"R\u00e9daction","twitter_card":"summary_large_image","twitter_misc":{"Written by":"R\u00e9daction","Est. reading time":"2 minutes"},"schema":{"@context":"https:\/\/schema.org","@graph":[{"@type":"Article","@id":"https:\/\/elmawkie.dz\/fr\/m-faid-participera-a-medine-au-seminaire-sur-le-futur-cadre-strategique-de-la-banque-islamique-de-developpement\/#article","isPartOf":{"@id":"https:\/\/elmawkie.dz\/fr\/m-faid-participera-a-medine-au-seminaire-sur-le-futur-cadre-strategique-de-la-banque-islamique-de-developpement\/"},"author":{"name":"R\u00e9daction","@id":"https:\/\/elmawkie.dz\/fr\/#\/schema\/person\/e7bd59d6467874ba5c4723d8a9f0a63c"},"headline":"M. Faid participera \u00e0 M\u00e9dine au s\u00e9minaire sur le futur cadre strat\u00e9gique de la Banque islamique de d\u00e9veloppement","datePublished":"2025-01-10T17:19:45+00:00","dateModified":"2025-01-11T07:35:28+00:00","mainEntityOfPage":{"@id":"https:\/\/elmawkie.dz\/fr\/m-faid-participera-a-medine-au-seminaire-sur-le-futur-cadre-strategique-de-la-banque-islamique-de-developpement\/"},"wordCount":389,"commentCount":0,"publisher":{"@id":"https:\/\/elmawkie.dz\/fr\/#organization"},"image":{"@id":"https:\/\/elmawkie.dz\/fr\/m-faid-participera-a-medine-au-seminaire-sur-le-futur-cadre-strategique-de-la-banque-islamique-de-developpement\/#primaryimage"},"thumbnailUrl":"https:\/\/elmawkie.dz\/fr\/wp-content\/uploads\/2025\/01\/IMG_7886.jpeg","keywords":["la Banque islamique de d\u00e9veloppement","M. Faid","M\u00e9dine","s\u00e9minaire"],"articleSection":["National"],"inLanguage":"fr-FR","potentialAction":[{"@type":"CommentAction","name":"Comment","target":["https:\/\/elmawkie.dz\/fr\/m-faid-participera-a-medine-au-seminaire-sur-le-futur-cadre-strategique-de-la-banque-islamique-de-developpement\/#respond"]}]},{"@type":"WebPage","@id":"https:\/\/elmawkie.dz\/fr\/m-faid-participera-a-medine-au-seminaire-sur-le-futur-cadre-strategique-de-la-banque-islamique-de-developpement\/","url":"https:\/\/elmawkie.dz\/fr\/m-faid-participera-a-medine-au-seminaire-sur-le-futur-cadre-strategique-de-la-banque-islamique-de-developpement\/","name":"M. Faid participera \u00e0 M\u00e9dine au s\u00e9minaire sur le futur cadre strat\u00e9gique de la Banque islamique de d\u00e9veloppement - El Mawkie","isPartOf":{"@id":"https:\/\/elmawkie.dz\/fr\/#website"},"primaryImageOfPage":{"@id":"https:\/\/elmawkie.dz\/fr\/m-faid-participera-a-medine-au-seminaire-sur-le-futur-cadre-strategique-de-la-banque-islamique-de-developpement\/#primaryimage"},"image":{"@id":"https:\/\/elmawkie.dz\/fr\/m-faid-participera-a-medine-au-seminaire-sur-le-futur-cadre-strategique-de-la-banque-islamique-de-developpement\/#primaryimage"},"thumbnailUrl":"https:\/\/elmawkie.dz\/fr\/wp-content\/uploads\/2025\/01\/IMG_7886.jpeg","datePublished":"2025-01-10T17:19:45+00:00","dateModified":"2025-01-11T07:35:28+00:00","breadcrumb":{"@id":"https:\/\/elmawkie.dz\/fr\/m-faid-participera-a-medine-au-seminaire-sur-le-futur-cadre-strategique-de-la-banque-islamique-de-developpement\/#breadcrumb"},"inLanguage":"fr-FR","potentialAction":[{"@type":"ReadAction","target":["https:\/\/elmawkie.dz\/fr\/m-faid-participera-a-medine-au-seminaire-sur-le-futur-cadre-strategique-de-la-banque-islamique-de-developpement\/"]}]},{"@type":"ImageObject","inLanguage":"fr-FR","@id":"https:\/\/elmawkie.dz\/fr\/m-faid-participera-a-medine-au-seminaire-sur-le-futur-cadre-strategique-de-la-banque-islamique-de-developpement\/#primaryimage","url":"https:\/\/elmawkie.dz\/fr\/wp-content\/uploads\/2025\/01\/IMG_7886.jpeg","contentUrl":"https:\/\/elmawkie.dz\/fr\/wp-content\/uploads\/2025\/01\/IMG_7886.jpeg","width":724,"height":392},{"@type":"BreadcrumbList","@id":"https:\/\/elmawkie.dz\/fr\/m-faid-participera-a-medine-au-seminaire-sur-le-futur-cadre-strategique-de-la-banque-islamique-de-developpement\/#breadcrumb","itemListElement":[{"@type":"ListItem","position":1,"name":"Home","item":"https:\/\/elmawkie.dz\/fr\/"},{"@type":"ListItem","position":2,"name":"M. Faid participera \u00e0 M\u00e9dine au s\u00e9minaire sur le futur cadre strat\u00e9gique de la Banque islamique de d\u00e9veloppement"}]},{"@type":"WebSite","@id":"https:\/\/elmawkie.dz\/fr\/#website","url":"https:\/\/elmawkie.dz\/fr\/","name":"EL MAWKIE","description":"Journal \u00c9lectronique Alg\u00e9rien","publisher":{"@id":"https:\/\/elmawkie.dz\/fr\/#organization"},"potentialAction":[{"@type":"SearchAction","target":{"@type":"EntryPoint","urlTemplate":"https:\/\/elmawkie.dz\/fr\/?s={search_term_string}"},"query-input":"required name=search_term_string"}],"inLanguage":"fr-FR"},{"@type":"Organization","@id":"https:\/\/elmawkie.dz\/fr\/#organization","name":"EL MAWKIE","url":"https:\/\/elmawkie.dz\/fr\/","logo":{"@type":"ImageObject","inLanguage":"fr-FR","@id":"https:\/\/elmawkie.dz\/fr\/#\/schema\/logo\/image\/","url":"https:\/\/elmawkie.dz\/fr\/wp-content\/uploads\/2024\/05\/logo1.png","contentUrl":"https:\/\/elmawkie.dz\/fr\/wp-content\/uploads\/2024\/05\/logo1.png","width":1648,"height":652,"caption":"EL MAWKIE"},"image":{"@id":"https:\/\/elmawkie.dz\/fr\/#\/schema\/logo\/image\/"},"sameAs":["https:\/\/www.facebook.com\/profile.php?id=100088407094989&locale=fr_FR"]},{"@type":"Person","@id":"https:\/\/elmawkie.dz\/fr\/#\/schema\/person\/e7bd59d6467874ba5c4723d8a9f0a63c","name":"R\u00e9daction","image":{"@type":"ImageObject","inLanguage":"fr-FR","@id":"https:\/\/elmawkie.dz\/fr\/#\/schema\/person\/image\/","url":"https:\/\/secure.gravatar.com\/avatar\/f0f773456344da4d2788c054a3d30a0c?s=96&d=mm&r=g","contentUrl":"https:\/\/secure.gravatar.com\/avatar\/f0f773456344da4d2788c054a3d30a0c?s=96&d=mm&r=g","caption":"R\u00e9daction"},"url":"https:\/\/elmawkie.dz\/fr\/author\/redaction\/"}]}},"_links":{"self":[{"href":"https:\/\/elmawkie.dz\/fr\/wp-json\/wp\/v2\/posts\/7898","targetHints":{"allow":["GET"]}}],"collection":[{"href":"https:\/\/elmawkie.dz\/fr\/wp-json\/wp\/v2\/posts"}],"about":[{"href":"https:\/\/elmawkie.dz\/fr\/wp-json\/wp\/v2\/types\/post"}],"author":[{"embeddable":true,"href":"https:\/\/elmawkie.dz\/fr\/wp-json\/wp\/v2\/users\/9"}],"replies":[{"embeddable":true,"href":"https:\/\/elmawkie.dz\/fr\/wp-json\/wp\/v2\/comments?post=7898"}],"version-history":[{"count":0,"href":"https:\/\/elmawkie.dz\/fr\/wp-json\/wp\/v2\/posts\/7898\/revisions"}],"wp:featuredmedia":[{"embeddable":true,"href":"https:\/\/elmawkie.dz\/fr\/wp-json\/wp\/v2\/media\/7899"}],"wp:attachment":[{"href":"https:\/\/elmawkie.dz\/fr\/wp-json\/wp\/v2\/media?parent=7898"}],"wp:term":[{"taxonomy":"category","embeddable":true,"href":"https:\/\/elmawkie.dz\/fr\/wp-json\/wp\/v2\/categories?post=7898"},{"taxonomy":"post_tag","embeddable":true,"href":"https:\/\/elmawkie.dz\/fr\/wp-json\/wp\/v2\/tags?post=7898"}],"curies":[{"name":"wp","href":"https:\/\/api.w.org\/{rel}","templated":true}]}}