{"id":7784,"date":"2025-01-07T17:22:35","date_gmt":"2025-01-07T16:22:35","guid":{"rendered":"https:\/\/elmawkie.dz\/fr\/?p=7784"},"modified":"2025-01-07T21:00:26","modified_gmt":"2025-01-07T20:00:26","slug":"affaires-interieures-dalgerie-les-partis-algeriens-unis-contre-les-declarations-de-macron","status":"publish","type":"post","link":"https:\/\/elmawkie.dz\/fr\/affaires-interieures-dalgerie-les-partis-algeriens-unis-contre-les-declarations-de-macron\/","title":{"rendered":"Affaires int\u00e9rieures d&rsquo;Alg\u00e9rie : Les partis alg\u00e9riens unis contre les d\u00e9clarations de Macron"},"content":{"rendered":"<p><strong><em>Les r\u00e9centes d\u00e9clarations du pr\u00e9sident fran\u00e7ais Emmanuel Macron concernant les affaires int\u00e9rieures de l\u2019Alg\u00e9rie ont provoqu\u00e9 une vague de r\u00e9actions fermes et unanimes de la part de plusieurs partis politiques alg\u00e9riens. Ces r\u00e9actions, toutes marqu\u00e9es par une forte condamnation, d\u00e9noncent ce qui est per\u00e7u comme une ing\u00e9rence flagrante et une atteinte \u00e0 la souverainet\u00e9 de l&rsquo;Alg\u00e9rie. Voici un tour d&rsquo;horizon des diff\u00e9rentes prises de position.<\/em><\/strong><\/p>\n<p><strong>Sawt Echaab : Un rejet cat\u00e9gorique de l\u2019ing\u00e9rence<\/strong><\/p>\n<p><strong><em>Le mouvement Sawt Echaab a fermement r\u00e9agi en affirmant : \u00ab Les d\u00e9clarations irresponsables de Macron ne correspondent en rien aux usages et \u00e0 l\u2019\u00e9thique diplomatique \u00bb. Le parti a qualifi\u00e9 les propos de Macron d\u2019\u00ab ing\u00e9rence flagrante et inacceptable dans les affaires int\u00e9rieures de l\u2019Alg\u00e9rie \u00bb. Il a insist\u00e9 sur le fait que \u00ab la justice alg\u00e9rienne demeure souveraine et ind\u00e9pendante dans ses d\u00e9cisions \u00bb, soulignant que l\u2019Alg\u00e9rie ne tol\u00e8re aucune le\u00e7on en mati\u00e8re de droits de l\u2019homme et de libert\u00e9s.<\/em><\/strong><\/p>\n<p><strong><em>Le mouvement a \u00e9galement accus\u00e9 Macron de tenter de \u00ab ternir l\u2019image de l\u2019Alg\u00e9rie \u00bb et a soulign\u00e9 que cette d\u00e9marche \u00e9tait une manifestation d\u2019une \u00ab rancune profonde \u00bb envers le pays, une tentative d\u2019\u00ab agacement \u00bb face aux r\u00e9ussites de l\u2019Alg\u00e9rie sur la sc\u00e8ne internationale.<\/em><\/strong><\/p>\n<p><strong>Mouvement de la Soci\u00e9t\u00e9 pour la Paix (MSP) : Arrogance coloniale et d\u00e9connexion des r\u00e9alit\u00e9s<\/strong><\/p>\n<p><strong><em>Le Mouvement de la Soci\u00e9t\u00e9 pour la Paix (MSP) a exprim\u00e9 son profond regret face \u00e0 ces d\u00e9clarations, les qualifiant de \u00ab comportement diplomatique inacceptable dans les relations entre \u00c9tats souverains \u00bb. Le MSP a d\u00e9nonc\u00e9 \u00ab une arrogance li\u00e9e \u00e0 une mentalit\u00e9 coloniale nuisible \u00bb, d\u00e9plorant une incompr\u00e9hension persistante des r\u00e9alit\u00e9s alg\u00e9riennes par la France.<\/em><\/strong><\/p>\n<p><strong><em>Le MSP a \u00e9galement soulign\u00e9 que ces propos traduisent un \u00e9tat de confusion dans les relations bilat\u00e9rales, exacerb\u00e9e par des d\u00e9saccords historiques, notamment sur la question de la m\u00e9moire. Il a r\u00e9it\u00e9r\u00e9 sa demande pour que la France \u00ab reconnaisse ses torts, s&rsquo;excuse, indemnise et criminalise le colonialisme \u00bb.<\/em><\/strong><\/p>\n<p><strong>Front El-Moustakbel : Une tentative de d\u00e9stabilisation<\/strong><\/p>\n<p><strong><em>Le Front El-Moustakbel, par la voix de son pr\u00e9sident Dr. Fateh Boutbik, a exprim\u00e9 son indignation face \u00e0 ces d\u00e9clarations qu\u2019il juge \u00ab extr\u00e9mistes \u00bb et empreintes de rancune envers l\u2019Alg\u00e9rie. Il a d\u00e9nonc\u00e9 l\u2019ing\u00e9rence dans les affaires judiciaires de l&rsquo;Alg\u00e9rie, insistant sur le fait que la justice alg\u00e9rienne est \u00ab souveraine \u00bb et respectueuse des droits de l&rsquo;homme.<\/em><\/strong><\/p>\n<p><strong><em>Le Front a ajout\u00e9 que ces propos traduisent un \u00ab plan hostile et m\u00e9thodique visant \u00e0 porter atteinte \u00e0 la stabilit\u00e9 et aux aspirations de la nation alg\u00e9rienne \u00bb. Le parti a appel\u00e9 \u00e0 la solidarit\u00e9 nationale et \u00e0 l\u2019unit\u00e9 autour des institutions de la R\u00e9publique, saluant les positions du pr\u00e9sident Abdelmadjid Tebboune.<\/em><\/strong><\/p>\n<p><strong>Front du Militantisme Alg\u00e9rien (FMN) : Une obsession de la part de Macron<\/strong><\/p>\n<p><strong><em>Le Front du Militantisme Alg\u00e9rien (FMN) a estim\u00e9 que les d\u00e9clarations de Macron ne sont \u00ab pas significatives \u00bb et ne m\u00e9ritent pas d\u2019\u00eatre \u00ab accord\u00e9es une importance d\u00e9mesur\u00e9e \u00bb. Selon le FMN, Macron semble \u00ab obs\u00e9d\u00e9 \u00bb par l\u2019Alg\u00e9rie, une obsession qui d\u00e9coule de l&rsquo;incapacit\u00e9 de la France \u00e0 comprendre la r\u00e9alit\u00e9 alg\u00e9rienne. Le Front a pr\u00e9cis\u00e9 que ces propos \u00e9taient le fruit de la \u00ab confusion \u00bb du pr\u00e9sident fran\u00e7ais, en proie \u00e0 ses propres crises internes.<\/em><\/strong><\/p>\n<p><strong>Parti El-Karama : Une ing\u00e9rence inacceptable<\/strong><\/p>\n<p><strong><em>Le Parti El-Karama a exprim\u00e9 son regret face \u00e0 la persistance de l\u2019ing\u00e9rence de Macron, soulignant que \u00ab Macron s\u2019est immisc\u00e9 dans une affaire concernant une personne d\u00e9tenue par la justice alg\u00e9rienne, accus\u00e9e de plusieurs crimes \u00bb. Le parti a \u00e9galement d\u00e9nonc\u00e9 l\u2019attitude de la France, qui selon lui, \u00ab n\u2019a toujours pas surmont\u00e9 son complexe colonial \u00bb.<\/em><\/strong><\/p>\n<p><strong><em>Le Parti a ajout\u00e9 : \u00ab Personne n\u2019a le droit de nous donner des le\u00e7ons, car nous sommes les ma\u00eetres du monde en mati\u00e8re de morale et d\u2019honneur \u00bb.<\/em><\/strong><\/p>\n<p><strong>Rassemblement National D\u00e9mocratique (RND) : Tentative de manipulation<\/strong><\/p>\n<p><strong><em>Le Rassemblement National D\u00e9mocratique (RND) a exprim\u00e9 une vive condamnation, affirmant que les propos de Macron constituaient \u00ab une ing\u00e9rence flagrante et inacceptable dans les affaires int\u00e9rieures de l\u2019Alg\u00e9rie \u00bb. Le RND a soulign\u00e9 que ces d\u00e9clarations \u00e9taient une \u00ab tentative d\u00e9sesp\u00e9r\u00e9e d&rsquo;influencer l\u2019institution judiciaire alg\u00e9rienne ind\u00e9pendante \u00bb et ont r\u00e9v\u00e9l\u00e9 la \u00ab crise profonde \u00bb travers\u00e9e par la France. Selon le RND, Macron \u00ab est devenu otage de l\u2019extr\u00eame droite \u00bb, et ses propos sont une \u00ab chute politique et morale pour un \u00c9tat qui se pr\u00e9tend d\u00e9mocratique \u00bb.<\/em><\/strong><\/p>\n<p><strong>Front de Lib\u00e9ration Nationale (FLN) : Une ing\u00e9rence intol\u00e9rable<\/strong><\/p>\n<p><strong><em>Le Front de Lib\u00e9ration Nationale (FLN) a exprim\u00e9 son d\u00e9go\u00fbt face aux d\u00e9clarations de Macron, les qualifiant de \u00ab chute immorale \u00bb et d\u2019une \u00ab ing\u00e9rence flagrante dans les affaires int\u00e9rieures de l&rsquo;Alg\u00e9rie \u00bb. Le FLN a fermement rejet\u00e9 ces propos, rappelant que l&rsquo;Alg\u00e9rie \u00ab restera libre \u00bb et que ses citoyens \u00ab sont n\u00e9s libres et le resteront \u00e0 jamais \u00bb.<\/em><\/strong><\/p>\n<p><strong><em>Le FLN a \u00e9galement qualifi\u00e9 les d\u00e9clarations de Macron de \u00ab tentative d\u00e9sesp\u00e9r\u00e9e de ternir l\u2019image de l\u2019Alg\u00e9rie \u00bb et a soulign\u00e9 qu&rsquo;elles traduisent une \u00ab confusion \u00bb au sein de la classe politique fran\u00e7aise, frapp\u00e9e par ses propres crises.<\/em><\/strong><\/p>\n<p><strong>Front des Forces Socialistes (FFS) : M\u00e9pris et incapacit\u00e9<\/strong><\/p>\n<p><strong><em>Le Front des Forces Socialistes (FFS) a \u00e9galement exprim\u00e9 sa r\u00e9volte, qualifiant les d\u00e9clarations de Macron de \u00ab r\u00e9voltantes, honteuses et inacceptables \u00bb. Le FFS a soulign\u00e9 que ces propos refl\u00e8tent un \u00ab m\u00e9pris maladif \u00bb et une incapacit\u00e9 de la France officielle \u00e0 comprendre la souverainet\u00e9 de l\u2019Alg\u00e9rie.<\/em><\/strong><\/p>\n","protected":false},"excerpt":{"rendered":"<p>Les r\u00e9centes d\u00e9clarations du pr\u00e9sident fran\u00e7ais Emmanuel Macron concernant les affaires int\u00e9rieures de l\u2019Alg\u00e9rie ont provoqu\u00e9 une vague de r\u00e9actions fermes et unanimes de la part de plusieurs partis politiques alg\u00e9riens. Ces r\u00e9actions, toutes marqu\u00e9es par une forte condamnation, d\u00e9noncent ce qui est per\u00e7u comme une ing\u00e9rence flagrante et une atteinte \u00e0 la souverainet\u00e9 de &hellip;<\/p>\n","protected":false},"author":8,"featured_media":7788,"comment_status":"open","ping_status":"open","sticky":false,"template":"","format":"standard","meta":{"footnotes":""},"categories":[47],"tags":[88,2050,204],"class_list":["post-7784","post","type-post","status-publish","format-standard","has-post-thumbnail","hentry","category-national","tag-algerie","tag-emmanuel-macron","tag-partis-politiques"],"yoast_head":"<!-- This site is optimized with the Yoast SEO Premium plugin v22.6 (Yoast SEO v22.6) - https:\/\/yoast.com\/wordpress\/plugins\/seo\/ -->\n<title>Affaires int\u00e9rieures d&#039;Alg\u00e9rie : Les partis alg\u00e9riens unis contre les d\u00e9clarations de Macron - El Mawkie<\/title>\n<meta name=\"robots\" content=\"index, follow, max-snippet:-1, max-image-preview:large, max-video-preview:-1\" \/>\n<link rel=\"canonical\" href=\"https:\/\/elmawkie.dz\/fr\/affaires-interieures-dalgerie-les-partis-algeriens-unis-contre-les-declarations-de-macron\/\" \/>\n<meta property=\"og:locale\" content=\"fr_FR\" \/>\n<meta property=\"og:type\" content=\"article\" \/>\n<meta property=\"og:title\" content=\"Affaires int\u00e9rieures d&#039;Alg\u00e9rie : Les partis alg\u00e9riens unis contre les d\u00e9clarations de Macron\" \/>\n<meta property=\"og:description\" content=\"Les r\u00e9centes d\u00e9clarations du pr\u00e9sident fran\u00e7ais Emmanuel Macron concernant les affaires int\u00e9rieures de l\u2019Alg\u00e9rie ont provoqu\u00e9 une vague de r\u00e9actions fermes et unanimes de la part de plusieurs partis politiques alg\u00e9riens. Ces r\u00e9actions, toutes marqu\u00e9es par une forte condamnation, d\u00e9noncent ce qui est per\u00e7u comme une ing\u00e9rence flagrante et une atteinte \u00e0 la souverainet\u00e9 de &hellip;\" \/>\n<meta property=\"og:url\" content=\"https:\/\/elmawkie.dz\/fr\/affaires-interieures-dalgerie-les-partis-algeriens-unis-contre-les-declarations-de-macron\/\" \/>\n<meta property=\"og:site_name\" content=\"El Mawkie\" \/>\n<meta property=\"article:publisher\" content=\"https:\/\/www.facebook.com\/profile.php?id=100088407094989&amp;locale=fr_FR\" \/>\n<meta property=\"article:published_time\" content=\"2025-01-07T16:22:35+00:00\" \/>\n<meta property=\"article:modified_time\" content=\"2025-01-07T20:00:26+00:00\" \/>\n<meta property=\"og:image\" content=\"https:\/\/elmawkie.dz\/fr\/wp-content\/uploads\/2025\/01\/IMG_7766.jpeg\" \/>\n\t<meta property=\"og:image:width\" content=\"678\" \/>\n\t<meta property=\"og:image:height\" content=\"452\" \/>\n\t<meta property=\"og:image:type\" content=\"image\/jpeg\" \/>\n<meta name=\"author\" content=\"khayro\" \/>\n<meta name=\"twitter:card\" content=\"summary_large_image\" \/>\n<meta name=\"twitter:label1\" content=\"Written by\" \/>\n\t<meta name=\"twitter:data1\" content=\"khayro\" \/>\n\t<meta name=\"twitter:label2\" content=\"Est. reading time\" \/>\n\t<meta name=\"twitter:data2\" content=\"5 minutes\" \/>\n<script type=\"application\/ld+json\" class=\"yoast-schema-graph\">{\"@context\":\"https:\/\/schema.org\",\"@graph\":[{\"@type\":\"Article\",\"@id\":\"https:\/\/elmawkie.dz\/fr\/affaires-interieures-dalgerie-les-partis-algeriens-unis-contre-les-declarations-de-macron\/#article\",\"isPartOf\":{\"@id\":\"https:\/\/elmawkie.dz\/fr\/affaires-interieures-dalgerie-les-partis-algeriens-unis-contre-les-declarations-de-macron\/\"},\"author\":{\"name\":\"khayro\",\"@id\":\"https:\/\/elmawkie.dz\/fr\/#\/schema\/person\/15cb7eba76e08e2d2d0ad4b4c4fbb6cb\"},\"headline\":\"Affaires int\u00e9rieures d&rsquo;Alg\u00e9rie : Les partis alg\u00e9riens unis contre les d\u00e9clarations de Macron\",\"datePublished\":\"2025-01-07T16:22:35+00:00\",\"dateModified\":\"2025-01-07T20:00:26+00:00\",\"mainEntityOfPage\":{\"@id\":\"https:\/\/elmawkie.dz\/fr\/affaires-interieures-dalgerie-les-partis-algeriens-unis-contre-les-declarations-de-macron\/\"},\"wordCount\":996,\"commentCount\":0,\"publisher\":{\"@id\":\"https:\/\/elmawkie.dz\/fr\/#organization\"},\"image\":{\"@id\":\"https:\/\/elmawkie.dz\/fr\/affaires-interieures-dalgerie-les-partis-algeriens-unis-contre-les-declarations-de-macron\/#primaryimage\"},\"thumbnailUrl\":\"https:\/\/elmawkie.dz\/fr\/wp-content\/uploads\/2025\/01\/IMG_7766.jpeg\",\"keywords\":[\"Alg\u00e9rie\",\"Emmanuel Macron\",\"Partis Politiques\"],\"articleSection\":[\"National\"],\"inLanguage\":\"fr-FR\",\"potentialAction\":[{\"@type\":\"CommentAction\",\"name\":\"Comment\",\"target\":[\"https:\/\/elmawkie.dz\/fr\/affaires-interieures-dalgerie-les-partis-algeriens-unis-contre-les-declarations-de-macron\/#respond\"]}]},{\"@type\":\"WebPage\",\"@id\":\"https:\/\/elmawkie.dz\/fr\/affaires-interieures-dalgerie-les-partis-algeriens-unis-contre-les-declarations-de-macron\/\",\"url\":\"https:\/\/elmawkie.dz\/fr\/affaires-interieures-dalgerie-les-partis-algeriens-unis-contre-les-declarations-de-macron\/\",\"name\":\"Affaires int\u00e9rieures d'Alg\u00e9rie : Les partis alg\u00e9riens unis contre les d\u00e9clarations de Macron - El Mawkie\",\"isPartOf\":{\"@id\":\"https:\/\/elmawkie.dz\/fr\/#website\"},\"primaryImageOfPage\":{\"@id\":\"https:\/\/elmawkie.dz\/fr\/affaires-interieures-dalgerie-les-partis-algeriens-unis-contre-les-declarations-de-macron\/#primaryimage\"},\"image\":{\"@id\":\"https:\/\/elmawkie.dz\/fr\/affaires-interieures-dalgerie-les-partis-algeriens-unis-contre-les-declarations-de-macron\/#primaryimage\"},\"thumbnailUrl\":\"https:\/\/elmawkie.dz\/fr\/wp-content\/uploads\/2025\/01\/IMG_7766.jpeg\",\"datePublished\":\"2025-01-07T16:22:35+00:00\",\"dateModified\":\"2025-01-07T20:00:26+00:00\",\"breadcrumb\":{\"@id\":\"https:\/\/elmawkie.dz\/fr\/affaires-interieures-dalgerie-les-partis-algeriens-unis-contre-les-declarations-de-macron\/#breadcrumb\"},\"inLanguage\":\"fr-FR\",\"potentialAction\":[{\"@type\":\"ReadAction\",\"target\":[\"https:\/\/elmawkie.dz\/fr\/affaires-interieures-dalgerie-les-partis-algeriens-unis-contre-les-declarations-de-macron\/\"]}]},{\"@type\":\"ImageObject\",\"inLanguage\":\"fr-FR\",\"@id\":\"https:\/\/elmawkie.dz\/fr\/affaires-interieures-dalgerie-les-partis-algeriens-unis-contre-les-declarations-de-macron\/#primaryimage\",\"url\":\"https:\/\/elmawkie.dz\/fr\/wp-content\/uploads\/2025\/01\/IMG_7766.jpeg\",\"contentUrl\":\"https:\/\/elmawkie.dz\/fr\/wp-content\/uploads\/2025\/01\/IMG_7766.jpeg\",\"width\":678,\"height\":452},{\"@type\":\"BreadcrumbList\",\"@id\":\"https:\/\/elmawkie.dz\/fr\/affaires-interieures-dalgerie-les-partis-algeriens-unis-contre-les-declarations-de-macron\/#breadcrumb\",\"itemListElement\":[{\"@type\":\"ListItem\",\"position\":1,\"name\":\"Home\",\"item\":\"https:\/\/elmawkie.dz\/fr\/\"},{\"@type\":\"ListItem\",\"position\":2,\"name\":\"Affaires int\u00e9rieures d&rsquo;Alg\u00e9rie : Les partis alg\u00e9riens unis contre les d\u00e9clarations de Macron\"}]},{\"@type\":\"WebSite\",\"@id\":\"https:\/\/elmawkie.dz\/fr\/#website\",\"url\":\"https:\/\/elmawkie.dz\/fr\/\",\"name\":\"EL MAWKIE\",\"description\":\"Journal \u00c9lectronique Alg\u00e9rien\",\"publisher\":{\"@id\":\"https:\/\/elmawkie.dz\/fr\/#organization\"},\"potentialAction\":[{\"@type\":\"SearchAction\",\"target\":{\"@type\":\"EntryPoint\",\"urlTemplate\":\"https:\/\/elmawkie.dz\/fr\/?s={search_term_string}\"},\"query-input\":\"required name=search_term_string\"}],\"inLanguage\":\"fr-FR\"},{\"@type\":\"Organization\",\"@id\":\"https:\/\/elmawkie.dz\/fr\/#organization\",\"name\":\"EL MAWKIE\",\"url\":\"https:\/\/elmawkie.dz\/fr\/\",\"logo\":{\"@type\":\"ImageObject\",\"inLanguage\":\"fr-FR\",\"@id\":\"https:\/\/elmawkie.dz\/fr\/#\/schema\/logo\/image\/\",\"url\":\"https:\/\/elmawkie.dz\/fr\/wp-content\/uploads\/2024\/05\/logo1.png\",\"contentUrl\":\"https:\/\/elmawkie.dz\/fr\/wp-content\/uploads\/2024\/05\/logo1.png\",\"width\":1648,\"height\":652,\"caption\":\"EL MAWKIE\"},\"image\":{\"@id\":\"https:\/\/elmawkie.dz\/fr\/#\/schema\/logo\/image\/\"},\"sameAs\":[\"https:\/\/www.facebook.com\/profile.php?id=100088407094989&locale=fr_FR\"]},{\"@type\":\"Person\",\"@id\":\"https:\/\/elmawkie.dz\/fr\/#\/schema\/person\/15cb7eba76e08e2d2d0ad4b4c4fbb6cb\",\"name\":\"khayro\",\"image\":{\"@type\":\"ImageObject\",\"inLanguage\":\"fr-FR\",\"@id\":\"https:\/\/elmawkie.dz\/fr\/#\/schema\/person\/image\/\",\"url\":\"https:\/\/secure.gravatar.com\/avatar\/5d609f726f02f77f0ff2a1483fc81992?s=96&d=mm&r=g\",\"contentUrl\":\"https:\/\/secure.gravatar.com\/avatar\/5d609f726f02f77f0ff2a1483fc81992?s=96&d=mm&r=g\",\"caption\":\"khayro\"},\"url\":\"https:\/\/elmawkie.dz\/fr\/author\/khayro\/\"}]}<\/script>\n<!-- \/ Yoast SEO Premium plugin. -->","yoast_head_json":{"title":"Affaires int\u00e9rieures d'Alg\u00e9rie : Les partis alg\u00e9riens unis contre les d\u00e9clarations de Macron - El Mawkie","robots":{"index":"index","follow":"follow","max-snippet":"max-snippet:-1","max-image-preview":"max-image-preview:large","max-video-preview":"max-video-preview:-1"},"canonical":"https:\/\/elmawkie.dz\/fr\/affaires-interieures-dalgerie-les-partis-algeriens-unis-contre-les-declarations-de-macron\/","og_locale":"fr_FR","og_type":"article","og_title":"Affaires int\u00e9rieures d'Alg\u00e9rie : Les partis alg\u00e9riens unis contre les d\u00e9clarations de Macron","og_description":"Les r\u00e9centes d\u00e9clarations du pr\u00e9sident fran\u00e7ais Emmanuel Macron concernant les affaires int\u00e9rieures de l\u2019Alg\u00e9rie ont provoqu\u00e9 une vague de r\u00e9actions fermes et unanimes de la part de plusieurs partis politiques alg\u00e9riens. Ces r\u00e9actions, toutes marqu\u00e9es par une forte condamnation, d\u00e9noncent ce qui est per\u00e7u comme une ing\u00e9rence flagrante et une atteinte \u00e0 la souverainet\u00e9 de &hellip;","og_url":"https:\/\/elmawkie.dz\/fr\/affaires-interieures-dalgerie-les-partis-algeriens-unis-contre-les-declarations-de-macron\/","og_site_name":"El Mawkie","article_publisher":"https:\/\/www.facebook.com\/profile.php?id=100088407094989&locale=fr_FR","article_published_time":"2025-01-07T16:22:35+00:00","article_modified_time":"2025-01-07T20:00:26+00:00","og_image":[{"width":678,"height":452,"url":"https:\/\/elmawkie.dz\/fr\/wp-content\/uploads\/2025\/01\/IMG_7766.jpeg","type":"image\/jpeg"}],"author":"khayro","twitter_card":"summary_large_image","twitter_misc":{"Written by":"khayro","Est. reading time":"5 minutes"},"schema":{"@context":"https:\/\/schema.org","@graph":[{"@type":"Article","@id":"https:\/\/elmawkie.dz\/fr\/affaires-interieures-dalgerie-les-partis-algeriens-unis-contre-les-declarations-de-macron\/#article","isPartOf":{"@id":"https:\/\/elmawkie.dz\/fr\/affaires-interieures-dalgerie-les-partis-algeriens-unis-contre-les-declarations-de-macron\/"},"author":{"name":"khayro","@id":"https:\/\/elmawkie.dz\/fr\/#\/schema\/person\/15cb7eba76e08e2d2d0ad4b4c4fbb6cb"},"headline":"Affaires int\u00e9rieures d&rsquo;Alg\u00e9rie : Les partis alg\u00e9riens unis contre les d\u00e9clarations de Macron","datePublished":"2025-01-07T16:22:35+00:00","dateModified":"2025-01-07T20:00:26+00:00","mainEntityOfPage":{"@id":"https:\/\/elmawkie.dz\/fr\/affaires-interieures-dalgerie-les-partis-algeriens-unis-contre-les-declarations-de-macron\/"},"wordCount":996,"commentCount":0,"publisher":{"@id":"https:\/\/elmawkie.dz\/fr\/#organization"},"image":{"@id":"https:\/\/elmawkie.dz\/fr\/affaires-interieures-dalgerie-les-partis-algeriens-unis-contre-les-declarations-de-macron\/#primaryimage"},"thumbnailUrl":"https:\/\/elmawkie.dz\/fr\/wp-content\/uploads\/2025\/01\/IMG_7766.jpeg","keywords":["Alg\u00e9rie","Emmanuel Macron","Partis Politiques"],"articleSection":["National"],"inLanguage":"fr-FR","potentialAction":[{"@type":"CommentAction","name":"Comment","target":["https:\/\/elmawkie.dz\/fr\/affaires-interieures-dalgerie-les-partis-algeriens-unis-contre-les-declarations-de-macron\/#respond"]}]},{"@type":"WebPage","@id":"https:\/\/elmawkie.dz\/fr\/affaires-interieures-dalgerie-les-partis-algeriens-unis-contre-les-declarations-de-macron\/","url":"https:\/\/elmawkie.dz\/fr\/affaires-interieures-dalgerie-les-partis-algeriens-unis-contre-les-declarations-de-macron\/","name":"Affaires int\u00e9rieures d'Alg\u00e9rie : Les partis alg\u00e9riens unis contre les d\u00e9clarations de Macron - El Mawkie","isPartOf":{"@id":"https:\/\/elmawkie.dz\/fr\/#website"},"primaryImageOfPage":{"@id":"https:\/\/elmawkie.dz\/fr\/affaires-interieures-dalgerie-les-partis-algeriens-unis-contre-les-declarations-de-macron\/#primaryimage"},"image":{"@id":"https:\/\/elmawkie.dz\/fr\/affaires-interieures-dalgerie-les-partis-algeriens-unis-contre-les-declarations-de-macron\/#primaryimage"},"thumbnailUrl":"https:\/\/elmawkie.dz\/fr\/wp-content\/uploads\/2025\/01\/IMG_7766.jpeg","datePublished":"2025-01-07T16:22:35+00:00","dateModified":"2025-01-07T20:00:26+00:00","breadcrumb":{"@id":"https:\/\/elmawkie.dz\/fr\/affaires-interieures-dalgerie-les-partis-algeriens-unis-contre-les-declarations-de-macron\/#breadcrumb"},"inLanguage":"fr-FR","potentialAction":[{"@type":"ReadAction","target":["https:\/\/elmawkie.dz\/fr\/affaires-interieures-dalgerie-les-partis-algeriens-unis-contre-les-declarations-de-macron\/"]}]},{"@type":"ImageObject","inLanguage":"fr-FR","@id":"https:\/\/elmawkie.dz\/fr\/affaires-interieures-dalgerie-les-partis-algeriens-unis-contre-les-declarations-de-macron\/#primaryimage","url":"https:\/\/elmawkie.dz\/fr\/wp-content\/uploads\/2025\/01\/IMG_7766.jpeg","contentUrl":"https:\/\/elmawkie.dz\/fr\/wp-content\/uploads\/2025\/01\/IMG_7766.jpeg","width":678,"height":452},{"@type":"BreadcrumbList","@id":"https:\/\/elmawkie.dz\/fr\/affaires-interieures-dalgerie-les-partis-algeriens-unis-contre-les-declarations-de-macron\/#breadcrumb","itemListElement":[{"@type":"ListItem","position":1,"name":"Home","item":"https:\/\/elmawkie.dz\/fr\/"},{"@type":"ListItem","position":2,"name":"Affaires int\u00e9rieures d&rsquo;Alg\u00e9rie : Les partis alg\u00e9riens unis contre les d\u00e9clarations de Macron"}]},{"@type":"WebSite","@id":"https:\/\/elmawkie.dz\/fr\/#website","url":"https:\/\/elmawkie.dz\/fr\/","name":"EL MAWKIE","description":"Journal \u00c9lectronique Alg\u00e9rien","publisher":{"@id":"https:\/\/elmawkie.dz\/fr\/#organization"},"potentialAction":[{"@type":"SearchAction","target":{"@type":"EntryPoint","urlTemplate":"https:\/\/elmawkie.dz\/fr\/?s={search_term_string}"},"query-input":"required name=search_term_string"}],"inLanguage":"fr-FR"},{"@type":"Organization","@id":"https:\/\/elmawkie.dz\/fr\/#organization","name":"EL MAWKIE","url":"https:\/\/elmawkie.dz\/fr\/","logo":{"@type":"ImageObject","inLanguage":"fr-FR","@id":"https:\/\/elmawkie.dz\/fr\/#\/schema\/logo\/image\/","url":"https:\/\/elmawkie.dz\/fr\/wp-content\/uploads\/2024\/05\/logo1.png","contentUrl":"https:\/\/elmawkie.dz\/fr\/wp-content\/uploads\/2024\/05\/logo1.png","width":1648,"height":652,"caption":"EL MAWKIE"},"image":{"@id":"https:\/\/elmawkie.dz\/fr\/#\/schema\/logo\/image\/"},"sameAs":["https:\/\/www.facebook.com\/profile.php?id=100088407094989&locale=fr_FR"]},{"@type":"Person","@id":"https:\/\/elmawkie.dz\/fr\/#\/schema\/person\/15cb7eba76e08e2d2d0ad4b4c4fbb6cb","name":"khayro","image":{"@type":"ImageObject","inLanguage":"fr-FR","@id":"https:\/\/elmawkie.dz\/fr\/#\/schema\/person\/image\/","url":"https:\/\/secure.gravatar.com\/avatar\/5d609f726f02f77f0ff2a1483fc81992?s=96&d=mm&r=g","contentUrl":"https:\/\/secure.gravatar.com\/avatar\/5d609f726f02f77f0ff2a1483fc81992?s=96&d=mm&r=g","caption":"khayro"},"url":"https:\/\/elmawkie.dz\/fr\/author\/khayro\/"}]}},"_links":{"self":[{"href":"https:\/\/elmawkie.dz\/fr\/wp-json\/wp\/v2\/posts\/7784","targetHints":{"allow":["GET"]}}],"collection":[{"href":"https:\/\/elmawkie.dz\/fr\/wp-json\/wp\/v2\/posts"}],"about":[{"href":"https:\/\/elmawkie.dz\/fr\/wp-json\/wp\/v2\/types\/post"}],"author":[{"embeddable":true,"href":"https:\/\/elmawkie.dz\/fr\/wp-json\/wp\/v2\/users\/8"}],"replies":[{"embeddable":true,"href":"https:\/\/elmawkie.dz\/fr\/wp-json\/wp\/v2\/comments?post=7784"}],"version-history":[{"count":0,"href":"https:\/\/elmawkie.dz\/fr\/wp-json\/wp\/v2\/posts\/7784\/revisions"}],"wp:featuredmedia":[{"embeddable":true,"href":"https:\/\/elmawkie.dz\/fr\/wp-json\/wp\/v2\/media\/7788"}],"wp:attachment":[{"href":"https:\/\/elmawkie.dz\/fr\/wp-json\/wp\/v2\/media?parent=7784"}],"wp:term":[{"taxonomy":"category","embeddable":true,"href":"https:\/\/elmawkie.dz\/fr\/wp-json\/wp\/v2\/categories?post=7784"},{"taxonomy":"post_tag","embeddable":true,"href":"https:\/\/elmawkie.dz\/fr\/wp-json\/wp\/v2\/tags?post=7784"}],"curies":[{"name":"wp","href":"https:\/\/api.w.org\/{rel}","templated":true}]}}