{"id":7767,"date":"2025-01-07T11:28:17","date_gmt":"2025-01-07T10:28:17","guid":{"rendered":"https:\/\/elmawkie.dz\/fr\/?p=7767"},"modified":"2025-01-07T16:16:31","modified_gmt":"2025-01-07T15:16:31","slug":"nouris-el-bahr-relance-ses-traversees-vers-alicante","status":"publish","type":"post","link":"https:\/\/elmawkie.dz\/fr\/nouris-el-bahr-relance-ses-traversees-vers-alicante\/","title":{"rendered":"Nouris El Bahr relance ses travers\u00e9es vers Alicante"},"content":{"rendered":"<p><strong><em>En qu\u00eate de nouveaux horizons maritimes, la compagnie Nouris El bahr Ferries fait son grand retour sur les flots m\u00e9diterran\u00e9ens. Apr\u00e8s une p\u00e9riode de pause op\u00e9rationnelle qui avait laiss\u00e9 de nombreux voyageurs dans l&rsquo;attente, la soci\u00e9t\u00e9 annonce la reprise de ses activit\u00e9s. Ce retour, officialis\u00e9 par un communiqu\u00e9 ce dimanche 5 janvier 2025, se concr\u00e9tise notamment par la r\u00e9activation de ses liaisons vers la ville d&rsquo;Alicante, sur la c\u00f4te espagnole.<\/em><\/strong><\/p>\n<p><strong><em>En effet, la reprise des travers\u00e9es r\u00e9guli\u00e8res entre l\u2019Alg\u00e9rie et l\u2019Espagne, pr\u00e9vue pour le 12 janvier 2025, marque une \u00e9tape importante pour les passagers et le secteur du transport maritime dans la r\u00e9gion. Apr\u00e8s avoir suspendu plusieurs liaisons entre le 6 et le 8 janvier, la compagnie maritime Nouris El Bahr a finalement annonc\u00e9 le retour de ses services entre les ports alg\u00e9riens d\u2019Alger et d\u2019Oran et le port espagnol d\u2019Alicante.<\/em><\/strong><\/p>\n<p><strong><em>Dans un communiqu\u00e9, la compagnie a d\u00e9voil\u00e9 un programme pr\u00e9cis pour ces travers\u00e9es. Le dimanche 12 janvier, un navire assurera la liaison entre Alger et Alicante. Le lendemain, lundi 13 janvier, une travers\u00e9e reliera Alicante \u00e0 Oran. Ensuite, une liaison entre Oran et Alicante est pr\u00e9vue pour le mardi 14 janvier, tandis que le mercredi 15 janvier, le navire retournera d\u2019Alicante vers Alger.<\/em><\/strong><\/p>\n<p><strong><em>Nouris El Bahr, soucieuse de maintenir la confiance de ses usagers, a tenu \u00e0 remercier ses passagers pour leur compr\u00e9hension face aux d\u00e9sagr\u00e9ments caus\u00e9s par l\u2019interruption temporaire des travers\u00e9es. La compagnie a r\u00e9affirm\u00e9 son engagement \u00e0 offrir un service de qualit\u00e9, alliant confort et s\u00e9curit\u00e9, afin de r\u00e9pondre aux attentes croissantes de ses clients.<\/em><\/strong><\/p>\n<p>&nbsp;<\/p>\n","protected":false},"excerpt":{"rendered":"<p>En qu\u00eate de nouveaux horizons maritimes, la compagnie Nouris El bahr Ferries fait son grand retour sur les flots m\u00e9diterran\u00e9ens. Apr\u00e8s une p\u00e9riode de pause op\u00e9rationnelle qui avait laiss\u00e9 de nombreux voyageurs dans l&rsquo;attente, la soci\u00e9t\u00e9 annonce la reprise de ses activit\u00e9s. Ce retour, officialis\u00e9 par un communiqu\u00e9 ce dimanche 5 janvier 2025, se concr\u00e9tise &hellip;<\/p>\n","protected":false},"author":8,"featured_media":7773,"comment_status":"open","ping_status":"open","sticky":false,"template":"","format":"standard","meta":{"footnotes":""},"categories":[47],"tags":[2045,536,1401,2046,823],"class_list":["post-7767","post","type-post","status-publish","format-standard","has-post-thumbnail","hentry","category-national","tag-alger-oran-alicante","tag-nouris-el-bahr-ferries","tag-reprise","tag-retour","tag-traversees"],"yoast_head":"<!-- This site is optimized with the Yoast SEO Premium plugin v22.6 (Yoast SEO v22.6) - https:\/\/yoast.com\/wordpress\/plugins\/seo\/ -->\n<title>Nouris El Bahr relance ses travers\u00e9es vers Alicante - El Mawkie<\/title>\n<meta name=\"robots\" content=\"index, follow, max-snippet:-1, max-image-preview:large, max-video-preview:-1\" \/>\n<link rel=\"canonical\" href=\"https:\/\/elmawkie.dz\/fr\/nouris-el-bahr-relance-ses-traversees-vers-alicante\/\" \/>\n<meta property=\"og:locale\" content=\"fr_FR\" \/>\n<meta property=\"og:type\" content=\"article\" \/>\n<meta property=\"og:title\" content=\"Nouris El Bahr relance ses travers\u00e9es vers Alicante\" \/>\n<meta property=\"og:description\" content=\"En qu\u00eate de nouveaux horizons maritimes, la compagnie Nouris El bahr Ferries fait son grand retour sur les flots m\u00e9diterran\u00e9ens. Apr\u00e8s une p\u00e9riode de pause op\u00e9rationnelle qui avait laiss\u00e9 de nombreux voyageurs dans l&rsquo;attente, la soci\u00e9t\u00e9 annonce la reprise de ses activit\u00e9s. Ce retour, officialis\u00e9 par un communiqu\u00e9 ce dimanche 5 janvier 2025, se concr\u00e9tise &hellip;\" \/>\n<meta property=\"og:url\" content=\"https:\/\/elmawkie.dz\/fr\/nouris-el-bahr-relance-ses-traversees-vers-alicante\/\" \/>\n<meta property=\"og:site_name\" content=\"El Mawkie\" \/>\n<meta property=\"article:publisher\" content=\"https:\/\/www.facebook.com\/profile.php?id=100088407094989&amp;locale=fr_FR\" \/>\n<meta property=\"article:published_time\" content=\"2025-01-07T10:28:17+00:00\" \/>\n<meta property=\"article:modified_time\" content=\"2025-01-07T15:16:31+00:00\" \/>\n<meta property=\"og:image\" content=\"https:\/\/elmawkie.dz\/fr\/wp-content\/uploads\/2025\/01\/5dd11462-d3ae-46b2-9412-49e58b98704e.jpeg\" \/>\n\t<meta property=\"og:image:width\" content=\"1600\" \/>\n\t<meta property=\"og:image:height\" content=\"969\" \/>\n\t<meta property=\"og:image:type\" content=\"image\/jpeg\" \/>\n<meta name=\"author\" content=\"khayro\" \/>\n<meta name=\"twitter:card\" content=\"summary_large_image\" \/>\n<meta name=\"twitter:label1\" content=\"Written by\" \/>\n\t<meta name=\"twitter:data1\" content=\"khayro\" \/>\n\t<meta name=\"twitter:label2\" content=\"Est. reading time\" \/>\n\t<meta name=\"twitter:data2\" content=\"1 minute\" \/>\n<script type=\"application\/ld+json\" class=\"yoast-schema-graph\">{\"@context\":\"https:\/\/schema.org\",\"@graph\":[{\"@type\":\"Article\",\"@id\":\"https:\/\/elmawkie.dz\/fr\/nouris-el-bahr-relance-ses-traversees-vers-alicante\/#article\",\"isPartOf\":{\"@id\":\"https:\/\/elmawkie.dz\/fr\/nouris-el-bahr-relance-ses-traversees-vers-alicante\/\"},\"author\":{\"name\":\"khayro\",\"@id\":\"https:\/\/elmawkie.dz\/fr\/#\/schema\/person\/15cb7eba76e08e2d2d0ad4b4c4fbb6cb\"},\"headline\":\"Nouris El Bahr relance ses travers\u00e9es vers Alicante\",\"datePublished\":\"2025-01-07T10:28:17+00:00\",\"dateModified\":\"2025-01-07T15:16:31+00:00\",\"mainEntityOfPage\":{\"@id\":\"https:\/\/elmawkie.dz\/fr\/nouris-el-bahr-relance-ses-traversees-vers-alicante\/\"},\"wordCount\":296,\"commentCount\":0,\"publisher\":{\"@id\":\"https:\/\/elmawkie.dz\/fr\/#organization\"},\"image\":{\"@id\":\"https:\/\/elmawkie.dz\/fr\/nouris-el-bahr-relance-ses-traversees-vers-alicante\/#primaryimage\"},\"thumbnailUrl\":\"https:\/\/elmawkie.dz\/fr\/wp-content\/uploads\/2025\/01\/5dd11462-d3ae-46b2-9412-49e58b98704e.jpeg\",\"keywords\":[\"alger oran alicante\",\"Nouris El Bahr Ferries\",\"reprise\",\"retour\",\"travers\u00e9es\"],\"articleSection\":[\"National\"],\"inLanguage\":\"fr-FR\",\"potentialAction\":[{\"@type\":\"CommentAction\",\"name\":\"Comment\",\"target\":[\"https:\/\/elmawkie.dz\/fr\/nouris-el-bahr-relance-ses-traversees-vers-alicante\/#respond\"]}]},{\"@type\":\"WebPage\",\"@id\":\"https:\/\/elmawkie.dz\/fr\/nouris-el-bahr-relance-ses-traversees-vers-alicante\/\",\"url\":\"https:\/\/elmawkie.dz\/fr\/nouris-el-bahr-relance-ses-traversees-vers-alicante\/\",\"name\":\"Nouris El Bahr relance ses travers\u00e9es vers Alicante - El Mawkie\",\"isPartOf\":{\"@id\":\"https:\/\/elmawkie.dz\/fr\/#website\"},\"primaryImageOfPage\":{\"@id\":\"https:\/\/elmawkie.dz\/fr\/nouris-el-bahr-relance-ses-traversees-vers-alicante\/#primaryimage\"},\"image\":{\"@id\":\"https:\/\/elmawkie.dz\/fr\/nouris-el-bahr-relance-ses-traversees-vers-alicante\/#primaryimage\"},\"thumbnailUrl\":\"https:\/\/elmawkie.dz\/fr\/wp-content\/uploads\/2025\/01\/5dd11462-d3ae-46b2-9412-49e58b98704e.jpeg\",\"datePublished\":\"2025-01-07T10:28:17+00:00\",\"dateModified\":\"2025-01-07T15:16:31+00:00\",\"breadcrumb\":{\"@id\":\"https:\/\/elmawkie.dz\/fr\/nouris-el-bahr-relance-ses-traversees-vers-alicante\/#breadcrumb\"},\"inLanguage\":\"fr-FR\",\"potentialAction\":[{\"@type\":\"ReadAction\",\"target\":[\"https:\/\/elmawkie.dz\/fr\/nouris-el-bahr-relance-ses-traversees-vers-alicante\/\"]}]},{\"@type\":\"ImageObject\",\"inLanguage\":\"fr-FR\",\"@id\":\"https:\/\/elmawkie.dz\/fr\/nouris-el-bahr-relance-ses-traversees-vers-alicante\/#primaryimage\",\"url\":\"https:\/\/elmawkie.dz\/fr\/wp-content\/uploads\/2025\/01\/5dd11462-d3ae-46b2-9412-49e58b98704e.jpeg\",\"contentUrl\":\"https:\/\/elmawkie.dz\/fr\/wp-content\/uploads\/2025\/01\/5dd11462-d3ae-46b2-9412-49e58b98704e.jpeg\",\"width\":1600,\"height\":969},{\"@type\":\"BreadcrumbList\",\"@id\":\"https:\/\/elmawkie.dz\/fr\/nouris-el-bahr-relance-ses-traversees-vers-alicante\/#breadcrumb\",\"itemListElement\":[{\"@type\":\"ListItem\",\"position\":1,\"name\":\"Home\",\"item\":\"https:\/\/elmawkie.dz\/fr\/\"},{\"@type\":\"ListItem\",\"position\":2,\"name\":\"Nouris El Bahr relance ses travers\u00e9es vers Alicante\"}]},{\"@type\":\"WebSite\",\"@id\":\"https:\/\/elmawkie.dz\/fr\/#website\",\"url\":\"https:\/\/elmawkie.dz\/fr\/\",\"name\":\"EL MAWKIE\",\"description\":\"Journal \u00c9lectronique Alg\u00e9rien\",\"publisher\":{\"@id\":\"https:\/\/elmawkie.dz\/fr\/#organization\"},\"potentialAction\":[{\"@type\":\"SearchAction\",\"target\":{\"@type\":\"EntryPoint\",\"urlTemplate\":\"https:\/\/elmawkie.dz\/fr\/?s={search_term_string}\"},\"query-input\":\"required name=search_term_string\"}],\"inLanguage\":\"fr-FR\"},{\"@type\":\"Organization\",\"@id\":\"https:\/\/elmawkie.dz\/fr\/#organization\",\"name\":\"EL MAWKIE\",\"url\":\"https:\/\/elmawkie.dz\/fr\/\",\"logo\":{\"@type\":\"ImageObject\",\"inLanguage\":\"fr-FR\",\"@id\":\"https:\/\/elmawkie.dz\/fr\/#\/schema\/logo\/image\/\",\"url\":\"https:\/\/elmawkie.dz\/fr\/wp-content\/uploads\/2024\/05\/logo1.png\",\"contentUrl\":\"https:\/\/elmawkie.dz\/fr\/wp-content\/uploads\/2024\/05\/logo1.png\",\"width\":1648,\"height\":652,\"caption\":\"EL MAWKIE\"},\"image\":{\"@id\":\"https:\/\/elmawkie.dz\/fr\/#\/schema\/logo\/image\/\"},\"sameAs\":[\"https:\/\/www.facebook.com\/profile.php?id=100088407094989&locale=fr_FR\"]},{\"@type\":\"Person\",\"@id\":\"https:\/\/elmawkie.dz\/fr\/#\/schema\/person\/15cb7eba76e08e2d2d0ad4b4c4fbb6cb\",\"name\":\"khayro\",\"image\":{\"@type\":\"ImageObject\",\"inLanguage\":\"fr-FR\",\"@id\":\"https:\/\/elmawkie.dz\/fr\/#\/schema\/person\/image\/\",\"url\":\"https:\/\/secure.gravatar.com\/avatar\/5d609f726f02f77f0ff2a1483fc81992?s=96&d=mm&r=g\",\"contentUrl\":\"https:\/\/secure.gravatar.com\/avatar\/5d609f726f02f77f0ff2a1483fc81992?s=96&d=mm&r=g\",\"caption\":\"khayro\"},\"url\":\"https:\/\/elmawkie.dz\/fr\/author\/khayro\/\"}]}<\/script>\n<!-- \/ Yoast SEO Premium plugin. -->","yoast_head_json":{"title":"Nouris El Bahr relance ses travers\u00e9es vers Alicante - El Mawkie","robots":{"index":"index","follow":"follow","max-snippet":"max-snippet:-1","max-image-preview":"max-image-preview:large","max-video-preview":"max-video-preview:-1"},"canonical":"https:\/\/elmawkie.dz\/fr\/nouris-el-bahr-relance-ses-traversees-vers-alicante\/","og_locale":"fr_FR","og_type":"article","og_title":"Nouris El Bahr relance ses travers\u00e9es vers Alicante","og_description":"En qu\u00eate de nouveaux horizons maritimes, la compagnie Nouris El bahr Ferries fait son grand retour sur les flots m\u00e9diterran\u00e9ens. Apr\u00e8s une p\u00e9riode de pause op\u00e9rationnelle qui avait laiss\u00e9 de nombreux voyageurs dans l&rsquo;attente, la soci\u00e9t\u00e9 annonce la reprise de ses activit\u00e9s. Ce retour, officialis\u00e9 par un communiqu\u00e9 ce dimanche 5 janvier 2025, se concr\u00e9tise &hellip;","og_url":"https:\/\/elmawkie.dz\/fr\/nouris-el-bahr-relance-ses-traversees-vers-alicante\/","og_site_name":"El Mawkie","article_publisher":"https:\/\/www.facebook.com\/profile.php?id=100088407094989&locale=fr_FR","article_published_time":"2025-01-07T10:28:17+00:00","article_modified_time":"2025-01-07T15:16:31+00:00","og_image":[{"width":1600,"height":969,"url":"https:\/\/elmawkie.dz\/fr\/wp-content\/uploads\/2025\/01\/5dd11462-d3ae-46b2-9412-49e58b98704e.jpeg","type":"image\/jpeg"}],"author":"khayro","twitter_card":"summary_large_image","twitter_misc":{"Written by":"khayro","Est. reading time":"1 minute"},"schema":{"@context":"https:\/\/schema.org","@graph":[{"@type":"Article","@id":"https:\/\/elmawkie.dz\/fr\/nouris-el-bahr-relance-ses-traversees-vers-alicante\/#article","isPartOf":{"@id":"https:\/\/elmawkie.dz\/fr\/nouris-el-bahr-relance-ses-traversees-vers-alicante\/"},"author":{"name":"khayro","@id":"https:\/\/elmawkie.dz\/fr\/#\/schema\/person\/15cb7eba76e08e2d2d0ad4b4c4fbb6cb"},"headline":"Nouris El Bahr relance ses travers\u00e9es vers Alicante","datePublished":"2025-01-07T10:28:17+00:00","dateModified":"2025-01-07T15:16:31+00:00","mainEntityOfPage":{"@id":"https:\/\/elmawkie.dz\/fr\/nouris-el-bahr-relance-ses-traversees-vers-alicante\/"},"wordCount":296,"commentCount":0,"publisher":{"@id":"https:\/\/elmawkie.dz\/fr\/#organization"},"image":{"@id":"https:\/\/elmawkie.dz\/fr\/nouris-el-bahr-relance-ses-traversees-vers-alicante\/#primaryimage"},"thumbnailUrl":"https:\/\/elmawkie.dz\/fr\/wp-content\/uploads\/2025\/01\/5dd11462-d3ae-46b2-9412-49e58b98704e.jpeg","keywords":["alger oran alicante","Nouris El Bahr Ferries","reprise","retour","travers\u00e9es"],"articleSection":["National"],"inLanguage":"fr-FR","potentialAction":[{"@type":"CommentAction","name":"Comment","target":["https:\/\/elmawkie.dz\/fr\/nouris-el-bahr-relance-ses-traversees-vers-alicante\/#respond"]}]},{"@type":"WebPage","@id":"https:\/\/elmawkie.dz\/fr\/nouris-el-bahr-relance-ses-traversees-vers-alicante\/","url":"https:\/\/elmawkie.dz\/fr\/nouris-el-bahr-relance-ses-traversees-vers-alicante\/","name":"Nouris El Bahr relance ses travers\u00e9es vers Alicante - El Mawkie","isPartOf":{"@id":"https:\/\/elmawkie.dz\/fr\/#website"},"primaryImageOfPage":{"@id":"https:\/\/elmawkie.dz\/fr\/nouris-el-bahr-relance-ses-traversees-vers-alicante\/#primaryimage"},"image":{"@id":"https:\/\/elmawkie.dz\/fr\/nouris-el-bahr-relance-ses-traversees-vers-alicante\/#primaryimage"},"thumbnailUrl":"https:\/\/elmawkie.dz\/fr\/wp-content\/uploads\/2025\/01\/5dd11462-d3ae-46b2-9412-49e58b98704e.jpeg","datePublished":"2025-01-07T10:28:17+00:00","dateModified":"2025-01-07T15:16:31+00:00","breadcrumb":{"@id":"https:\/\/elmawkie.dz\/fr\/nouris-el-bahr-relance-ses-traversees-vers-alicante\/#breadcrumb"},"inLanguage":"fr-FR","potentialAction":[{"@type":"ReadAction","target":["https:\/\/elmawkie.dz\/fr\/nouris-el-bahr-relance-ses-traversees-vers-alicante\/"]}]},{"@type":"ImageObject","inLanguage":"fr-FR","@id":"https:\/\/elmawkie.dz\/fr\/nouris-el-bahr-relance-ses-traversees-vers-alicante\/#primaryimage","url":"https:\/\/elmawkie.dz\/fr\/wp-content\/uploads\/2025\/01\/5dd11462-d3ae-46b2-9412-49e58b98704e.jpeg","contentUrl":"https:\/\/elmawkie.dz\/fr\/wp-content\/uploads\/2025\/01\/5dd11462-d3ae-46b2-9412-49e58b98704e.jpeg","width":1600,"height":969},{"@type":"BreadcrumbList","@id":"https:\/\/elmawkie.dz\/fr\/nouris-el-bahr-relance-ses-traversees-vers-alicante\/#breadcrumb","itemListElement":[{"@type":"ListItem","position":1,"name":"Home","item":"https:\/\/elmawkie.dz\/fr\/"},{"@type":"ListItem","position":2,"name":"Nouris El Bahr relance ses travers\u00e9es vers Alicante"}]},{"@type":"WebSite","@id":"https:\/\/elmawkie.dz\/fr\/#website","url":"https:\/\/elmawkie.dz\/fr\/","name":"EL MAWKIE","description":"Journal \u00c9lectronique Alg\u00e9rien","publisher":{"@id":"https:\/\/elmawkie.dz\/fr\/#organization"},"potentialAction":[{"@type":"SearchAction","target":{"@type":"EntryPoint","urlTemplate":"https:\/\/elmawkie.dz\/fr\/?s={search_term_string}"},"query-input":"required name=search_term_string"}],"inLanguage":"fr-FR"},{"@type":"Organization","@id":"https:\/\/elmawkie.dz\/fr\/#organization","name":"EL MAWKIE","url":"https:\/\/elmawkie.dz\/fr\/","logo":{"@type":"ImageObject","inLanguage":"fr-FR","@id":"https:\/\/elmawkie.dz\/fr\/#\/schema\/logo\/image\/","url":"https:\/\/elmawkie.dz\/fr\/wp-content\/uploads\/2024\/05\/logo1.png","contentUrl":"https:\/\/elmawkie.dz\/fr\/wp-content\/uploads\/2024\/05\/logo1.png","width":1648,"height":652,"caption":"EL MAWKIE"},"image":{"@id":"https:\/\/elmawkie.dz\/fr\/#\/schema\/logo\/image\/"},"sameAs":["https:\/\/www.facebook.com\/profile.php?id=100088407094989&locale=fr_FR"]},{"@type":"Person","@id":"https:\/\/elmawkie.dz\/fr\/#\/schema\/person\/15cb7eba76e08e2d2d0ad4b4c4fbb6cb","name":"khayro","image":{"@type":"ImageObject","inLanguage":"fr-FR","@id":"https:\/\/elmawkie.dz\/fr\/#\/schema\/person\/image\/","url":"https:\/\/secure.gravatar.com\/avatar\/5d609f726f02f77f0ff2a1483fc81992?s=96&d=mm&r=g","contentUrl":"https:\/\/secure.gravatar.com\/avatar\/5d609f726f02f77f0ff2a1483fc81992?s=96&d=mm&r=g","caption":"khayro"},"url":"https:\/\/elmawkie.dz\/fr\/author\/khayro\/"}]}},"_links":{"self":[{"href":"https:\/\/elmawkie.dz\/fr\/wp-json\/wp\/v2\/posts\/7767","targetHints":{"allow":["GET"]}}],"collection":[{"href":"https:\/\/elmawkie.dz\/fr\/wp-json\/wp\/v2\/posts"}],"about":[{"href":"https:\/\/elmawkie.dz\/fr\/wp-json\/wp\/v2\/types\/post"}],"author":[{"embeddable":true,"href":"https:\/\/elmawkie.dz\/fr\/wp-json\/wp\/v2\/users\/8"}],"replies":[{"embeddable":true,"href":"https:\/\/elmawkie.dz\/fr\/wp-json\/wp\/v2\/comments?post=7767"}],"version-history":[{"count":0,"href":"https:\/\/elmawkie.dz\/fr\/wp-json\/wp\/v2\/posts\/7767\/revisions"}],"wp:featuredmedia":[{"embeddable":true,"href":"https:\/\/elmawkie.dz\/fr\/wp-json\/wp\/v2\/media\/7773"}],"wp:attachment":[{"href":"https:\/\/elmawkie.dz\/fr\/wp-json\/wp\/v2\/media?parent=7767"}],"wp:term":[{"taxonomy":"category","embeddable":true,"href":"https:\/\/elmawkie.dz\/fr\/wp-json\/wp\/v2\/categories?post=7767"},{"taxonomy":"post_tag","embeddable":true,"href":"https:\/\/elmawkie.dz\/fr\/wp-json\/wp\/v2\/tags?post=7767"}],"curies":[{"name":"wp","href":"https:\/\/api.w.org\/{rel}","templated":true}]}}