{"id":7749,"date":"2025-01-06T21:44:27","date_gmt":"2025-01-06T20:44:27","guid":{"rendered":"https:\/\/elmawkie.dz\/fr\/?p=7749"},"modified":"2025-01-06T23:24:39","modified_gmt":"2025-01-06T22:24:39","slug":"conference-internationale-de-solidarite-les-travaux-se-poursuivent-dans-les-camps-de-refugies-sahraouis-a-boujdour","status":"publish","type":"post","link":"https:\/\/elmawkie.dz\/fr\/conference-internationale-de-solidarite-les-travaux-se-poursuivent-dans-les-camps-de-refugies-sahraouis-a-boujdour\/","title":{"rendered":"Conf\u00e9rence Internationale de Solidarit\u00e9 : Les Travaux se Poursuivent dans les Camps de R\u00e9fugi\u00e9s Sahraouis \u00e0 Boujdour"},"content":{"rendered":"<p><strong><em>Les travaux de la conf\u00e9rence internationale de solidarit\u00e9 avec le peuple sahraoui se sont poursuivis, lundi dans le camp de r\u00e9fugi\u00e9s sahraouis de Boujdour, avec la participation de d\u00e9fenseurs des droits de l&rsquo;Homme issus des diff\u00e9rents continents. Au 2e jour de cette conf\u00e9rence, les participants ont r\u00e9it\u00e9r\u00e9, lors des workshop organis\u00e9s, leur attachement \u00e0 la poursuite de la lutte en vue de permettre au peuple sahraoui d&rsquo;exercer son droit \u00e0 l&rsquo;autod\u00e9termination et \u00e0 l&rsquo;ind\u00e9pendance, mettant l&rsquo;accent sur la n\u00e9cessit\u00e9 d&rsquo;explorer d&rsquo;autres voies et moyens \u00e0 m\u00eame de contribuer \u00e0 la mobilisation de davantage de solidarit\u00e9 en faveur du peuple sahraoui et de tous les peuples opprim\u00e9s, y compris le peuple palestinien. Cette journ\u00e9e a \u00e9t\u00e9 l&rsquo;occasion pour les participants d&rsquo;\u00e9voquer le pillage des richesses naturelles au Sahara occidental. A ce propos, la militante \u00e9cologiste su\u00e9doise, Greta Thunberg a saisi cette occasion pour braquer la lumi\u00e8re sur son activit\u00e9 pour une justice climatique dans le monde, mais aussi pour exprimer sa solidarit\u00e9 avec le peuple sahraoui. A ce titre, le militant portugais des droits de l&rsquo;Homme, Pedro Bendlight\u0629 a appel\u00e9, pour sa part, \u00e0 \u00ab\u00a0la n\u00e9cessit\u00e9 de mobiliser les d\u00e9fenseurs solidaires du peuple sahraoui pour lui permettre de s&rsquo;affranchir de l&rsquo;occupation\u00a0\u00bb. \u00ab\u00a0Il est grand temps de mettre un terme au pillage des ressources naturelles sahraouies, \u00e9puis\u00e9es, au quotidien, par l&rsquo;occupation marocaine et les diff\u00e9rentes soci\u00e9t\u00e9s qui contribuent, d&rsquo;une mani\u00e8re ou d&rsquo;une autre, \u00e0 prolonger l&rsquo;occupation et \u00e0 aggraver les souffrances des Sahraouis vivant dans les territoires occup\u00e9s du Sahara occidental\u00a0\u00bb, a-t-il d\u00e9plor\u00e9. La Conf\u00e9rence internationale de solidarit\u00e9 avec le peuple sahraoui, dont les travaux s&rsquo;\u00e9talent sur trois jours, r\u00e9unit des d\u00e9fenseurs des droits humains solidaires de la cause sahraouie provenant de 13 Etats repr\u00e9sentant notamment l&rsquo;Alg\u00e9rie, la Palestine, la Su\u00e8de, l&rsquo;Allemagne, l&rsquo;Espagne, le Japon, l&rsquo;Italie, la Colombie, la Croatie, le Chili, les Etats-Unis d&rsquo;Am\u00e9rique, le Portugal, ainsi que la Lituanie. Selon l&rsquo;ordre du jour de cet \u00e9v\u00e8nement international, les participants auront l&rsquo;occasion de tenir des rencontres avec des responsables sahraouis du Front Polisario et d&rsquo;organiser des visites \u00e0 nombre de structures et d&rsquo;administrations sahraouies.<\/em><\/strong><\/p>\n","protected":false},"excerpt":{"rendered":"<p>Les travaux de la conf\u00e9rence internationale de solidarit\u00e9 avec le peuple sahraoui se sont poursuivis, lundi dans le camp de r\u00e9fugi\u00e9s sahraouis de Boujdour, avec la participation de d\u00e9fenseurs des droits de l&rsquo;Homme issus des diff\u00e9rents continents. Au 2e jour de cette conf\u00e9rence, les participants ont r\u00e9it\u00e9r\u00e9, lors des workshop organis\u00e9s, leur attachement \u00e0 la &hellip;<\/p>\n","protected":false},"author":9,"featured_media":7750,"comment_status":"open","ping_status":"open","sticky":false,"template":"","format":"standard","meta":{"footnotes":""},"categories":[44],"tags":[2037,976,2035,2036,2034],"class_list":["post-7749","post","type-post","status-publish","format-standard","has-post-thumbnail","hentry","category-international","tag-boujdour","tag-conference-internationale","tag-les-travaux-se-poursuivent","tag-sahraouis","tag-solidarite"],"yoast_head":"<!-- This site is optimized with the Yoast SEO Premium plugin v22.6 (Yoast SEO v22.6) - https:\/\/yoast.com\/wordpress\/plugins\/seo\/ -->\n<title>Conf\u00e9rence Internationale de Solidarit\u00e9 : Les Travaux se Poursuivent dans les Camps de R\u00e9fugi\u00e9s Sahraouis \u00e0 Boujdour - El Mawkie<\/title>\n<meta name=\"robots\" content=\"index, follow, max-snippet:-1, max-image-preview:large, max-video-preview:-1\" \/>\n<link rel=\"canonical\" href=\"https:\/\/elmawkie.dz\/fr\/conference-internationale-de-solidarite-les-travaux-se-poursuivent-dans-les-camps-de-refugies-sahraouis-a-boujdour\/\" \/>\n<meta property=\"og:locale\" content=\"fr_FR\" \/>\n<meta property=\"og:type\" content=\"article\" \/>\n<meta property=\"og:title\" content=\"Conf\u00e9rence Internationale de Solidarit\u00e9 : Les Travaux se Poursuivent dans les Camps de R\u00e9fugi\u00e9s Sahraouis \u00e0 Boujdour\" \/>\n<meta property=\"og:description\" content=\"Les travaux de la conf\u00e9rence internationale de solidarit\u00e9 avec le peuple sahraoui se sont poursuivis, lundi dans le camp de r\u00e9fugi\u00e9s sahraouis de Boujdour, avec la participation de d\u00e9fenseurs des droits de l&rsquo;Homme issus des diff\u00e9rents continents. Au 2e jour de cette conf\u00e9rence, les participants ont r\u00e9it\u00e9r\u00e9, lors des workshop organis\u00e9s, leur attachement \u00e0 la &hellip;\" \/>\n<meta property=\"og:url\" content=\"https:\/\/elmawkie.dz\/fr\/conference-internationale-de-solidarite-les-travaux-se-poursuivent-dans-les-camps-de-refugies-sahraouis-a-boujdour\/\" \/>\n<meta property=\"og:site_name\" content=\"El Mawkie\" \/>\n<meta property=\"article:publisher\" content=\"https:\/\/www.facebook.com\/profile.php?id=100088407094989&amp;locale=fr_FR\" \/>\n<meta property=\"article:published_time\" content=\"2025-01-06T20:44:27+00:00\" \/>\n<meta property=\"article:modified_time\" content=\"2025-01-06T22:24:39+00:00\" \/>\n<meta property=\"og:image\" content=\"https:\/\/elmawkie.dz\/fr\/wp-content\/uploads\/2025\/01\/IMG_7730.png\" \/>\n\t<meta property=\"og:image:width\" content=\"780\" \/>\n\t<meta property=\"og:image:height\" content=\"405\" \/>\n\t<meta property=\"og:image:type\" content=\"image\/png\" \/>\n<meta name=\"author\" content=\"R\u00e9daction\" \/>\n<meta name=\"twitter:card\" content=\"summary_large_image\" \/>\n<meta name=\"twitter:label1\" content=\"Written by\" \/>\n\t<meta name=\"twitter:data1\" content=\"R\u00e9daction\" \/>\n\t<meta name=\"twitter:label2\" content=\"Est. reading time\" \/>\n\t<meta name=\"twitter:data2\" content=\"2 minutes\" \/>\n<script type=\"application\/ld+json\" class=\"yoast-schema-graph\">{\"@context\":\"https:\/\/schema.org\",\"@graph\":[{\"@type\":\"Article\",\"@id\":\"https:\/\/elmawkie.dz\/fr\/conference-internationale-de-solidarite-les-travaux-se-poursuivent-dans-les-camps-de-refugies-sahraouis-a-boujdour\/#article\",\"isPartOf\":{\"@id\":\"https:\/\/elmawkie.dz\/fr\/conference-internationale-de-solidarite-les-travaux-se-poursuivent-dans-les-camps-de-refugies-sahraouis-a-boujdour\/\"},\"author\":{\"name\":\"R\u00e9daction\",\"@id\":\"https:\/\/elmawkie.dz\/fr\/#\/schema\/person\/e7bd59d6467874ba5c4723d8a9f0a63c\"},\"headline\":\"Conf\u00e9rence Internationale de Solidarit\u00e9 : Les Travaux se Poursuivent dans les Camps de R\u00e9fugi\u00e9s Sahraouis \u00e0 Boujdour\",\"datePublished\":\"2025-01-06T20:44:27+00:00\",\"dateModified\":\"2025-01-06T22:24:39+00:00\",\"mainEntityOfPage\":{\"@id\":\"https:\/\/elmawkie.dz\/fr\/conference-internationale-de-solidarite-les-travaux-se-poursuivent-dans-les-camps-de-refugies-sahraouis-a-boujdour\/\"},\"wordCount\":411,\"commentCount\":0,\"publisher\":{\"@id\":\"https:\/\/elmawkie.dz\/fr\/#organization\"},\"image\":{\"@id\":\"https:\/\/elmawkie.dz\/fr\/conference-internationale-de-solidarite-les-travaux-se-poursuivent-dans-les-camps-de-refugies-sahraouis-a-boujdour\/#primaryimage\"},\"thumbnailUrl\":\"https:\/\/elmawkie.dz\/fr\/wp-content\/uploads\/2025\/01\/IMG_7730.png\",\"keywords\":[\"Boujdour\",\"Conf\u00e9rence internationale\",\"Les Travaux se Poursuivent\",\"Sahraouis\",\"Solidarit\u00e9\"],\"articleSection\":[\"International\"],\"inLanguage\":\"fr-FR\",\"potentialAction\":[{\"@type\":\"CommentAction\",\"name\":\"Comment\",\"target\":[\"https:\/\/elmawkie.dz\/fr\/conference-internationale-de-solidarite-les-travaux-se-poursuivent-dans-les-camps-de-refugies-sahraouis-a-boujdour\/#respond\"]}]},{\"@type\":\"WebPage\",\"@id\":\"https:\/\/elmawkie.dz\/fr\/conference-internationale-de-solidarite-les-travaux-se-poursuivent-dans-les-camps-de-refugies-sahraouis-a-boujdour\/\",\"url\":\"https:\/\/elmawkie.dz\/fr\/conference-internationale-de-solidarite-les-travaux-se-poursuivent-dans-les-camps-de-refugies-sahraouis-a-boujdour\/\",\"name\":\"Conf\u00e9rence Internationale de Solidarit\u00e9 : Les Travaux se Poursuivent dans les Camps de R\u00e9fugi\u00e9s Sahraouis \u00e0 Boujdour - El Mawkie\",\"isPartOf\":{\"@id\":\"https:\/\/elmawkie.dz\/fr\/#website\"},\"primaryImageOfPage\":{\"@id\":\"https:\/\/elmawkie.dz\/fr\/conference-internationale-de-solidarite-les-travaux-se-poursuivent-dans-les-camps-de-refugies-sahraouis-a-boujdour\/#primaryimage\"},\"image\":{\"@id\":\"https:\/\/elmawkie.dz\/fr\/conference-internationale-de-solidarite-les-travaux-se-poursuivent-dans-les-camps-de-refugies-sahraouis-a-boujdour\/#primaryimage\"},\"thumbnailUrl\":\"https:\/\/elmawkie.dz\/fr\/wp-content\/uploads\/2025\/01\/IMG_7730.png\",\"datePublished\":\"2025-01-06T20:44:27+00:00\",\"dateModified\":\"2025-01-06T22:24:39+00:00\",\"breadcrumb\":{\"@id\":\"https:\/\/elmawkie.dz\/fr\/conference-internationale-de-solidarite-les-travaux-se-poursuivent-dans-les-camps-de-refugies-sahraouis-a-boujdour\/#breadcrumb\"},\"inLanguage\":\"fr-FR\",\"potentialAction\":[{\"@type\":\"ReadAction\",\"target\":[\"https:\/\/elmawkie.dz\/fr\/conference-internationale-de-solidarite-les-travaux-se-poursuivent-dans-les-camps-de-refugies-sahraouis-a-boujdour\/\"]}]},{\"@type\":\"ImageObject\",\"inLanguage\":\"fr-FR\",\"@id\":\"https:\/\/elmawkie.dz\/fr\/conference-internationale-de-solidarite-les-travaux-se-poursuivent-dans-les-camps-de-refugies-sahraouis-a-boujdour\/#primaryimage\",\"url\":\"https:\/\/elmawkie.dz\/fr\/wp-content\/uploads\/2025\/01\/IMG_7730.png\",\"contentUrl\":\"https:\/\/elmawkie.dz\/fr\/wp-content\/uploads\/2025\/01\/IMG_7730.png\",\"width\":780,\"height\":405},{\"@type\":\"BreadcrumbList\",\"@id\":\"https:\/\/elmawkie.dz\/fr\/conference-internationale-de-solidarite-les-travaux-se-poursuivent-dans-les-camps-de-refugies-sahraouis-a-boujdour\/#breadcrumb\",\"itemListElement\":[{\"@type\":\"ListItem\",\"position\":1,\"name\":\"Home\",\"item\":\"https:\/\/elmawkie.dz\/fr\/\"},{\"@type\":\"ListItem\",\"position\":2,\"name\":\"Conf\u00e9rence Internationale de Solidarit\u00e9 : Les Travaux se Poursuivent dans les Camps de R\u00e9fugi\u00e9s Sahraouis \u00e0 Boujdour\"}]},{\"@type\":\"WebSite\",\"@id\":\"https:\/\/elmawkie.dz\/fr\/#website\",\"url\":\"https:\/\/elmawkie.dz\/fr\/\",\"name\":\"EL MAWKIE\",\"description\":\"Journal \u00c9lectronique Alg\u00e9rien\",\"publisher\":{\"@id\":\"https:\/\/elmawkie.dz\/fr\/#organization\"},\"potentialAction\":[{\"@type\":\"SearchAction\",\"target\":{\"@type\":\"EntryPoint\",\"urlTemplate\":\"https:\/\/elmawkie.dz\/fr\/?s={search_term_string}\"},\"query-input\":\"required name=search_term_string\"}],\"inLanguage\":\"fr-FR\"},{\"@type\":\"Organization\",\"@id\":\"https:\/\/elmawkie.dz\/fr\/#organization\",\"name\":\"EL MAWKIE\",\"url\":\"https:\/\/elmawkie.dz\/fr\/\",\"logo\":{\"@type\":\"ImageObject\",\"inLanguage\":\"fr-FR\",\"@id\":\"https:\/\/elmawkie.dz\/fr\/#\/schema\/logo\/image\/\",\"url\":\"https:\/\/elmawkie.dz\/fr\/wp-content\/uploads\/2024\/05\/logo1.png\",\"contentUrl\":\"https:\/\/elmawkie.dz\/fr\/wp-content\/uploads\/2024\/05\/logo1.png\",\"width\":1648,\"height\":652,\"caption\":\"EL MAWKIE\"},\"image\":{\"@id\":\"https:\/\/elmawkie.dz\/fr\/#\/schema\/logo\/image\/\"},\"sameAs\":[\"https:\/\/www.facebook.com\/profile.php?id=100088407094989&locale=fr_FR\"]},{\"@type\":\"Person\",\"@id\":\"https:\/\/elmawkie.dz\/fr\/#\/schema\/person\/e7bd59d6467874ba5c4723d8a9f0a63c\",\"name\":\"R\u00e9daction\",\"image\":{\"@type\":\"ImageObject\",\"inLanguage\":\"fr-FR\",\"@id\":\"https:\/\/elmawkie.dz\/fr\/#\/schema\/person\/image\/\",\"url\":\"https:\/\/secure.gravatar.com\/avatar\/f0f773456344da4d2788c054a3d30a0c?s=96&d=mm&r=g\",\"contentUrl\":\"https:\/\/secure.gravatar.com\/avatar\/f0f773456344da4d2788c054a3d30a0c?s=96&d=mm&r=g\",\"caption\":\"R\u00e9daction\"},\"url\":\"https:\/\/elmawkie.dz\/fr\/author\/redaction\/\"}]}<\/script>\n<!-- \/ Yoast SEO Premium plugin. -->","yoast_head_json":{"title":"Conf\u00e9rence Internationale de Solidarit\u00e9 : Les Travaux se Poursuivent dans les Camps de R\u00e9fugi\u00e9s Sahraouis \u00e0 Boujdour - El Mawkie","robots":{"index":"index","follow":"follow","max-snippet":"max-snippet:-1","max-image-preview":"max-image-preview:large","max-video-preview":"max-video-preview:-1"},"canonical":"https:\/\/elmawkie.dz\/fr\/conference-internationale-de-solidarite-les-travaux-se-poursuivent-dans-les-camps-de-refugies-sahraouis-a-boujdour\/","og_locale":"fr_FR","og_type":"article","og_title":"Conf\u00e9rence Internationale de Solidarit\u00e9 : Les Travaux se Poursuivent dans les Camps de R\u00e9fugi\u00e9s Sahraouis \u00e0 Boujdour","og_description":"Les travaux de la conf\u00e9rence internationale de solidarit\u00e9 avec le peuple sahraoui se sont poursuivis, lundi dans le camp de r\u00e9fugi\u00e9s sahraouis de Boujdour, avec la participation de d\u00e9fenseurs des droits de l&rsquo;Homme issus des diff\u00e9rents continents. Au 2e jour de cette conf\u00e9rence, les participants ont r\u00e9it\u00e9r\u00e9, lors des workshop organis\u00e9s, leur attachement \u00e0 la &hellip;","og_url":"https:\/\/elmawkie.dz\/fr\/conference-internationale-de-solidarite-les-travaux-se-poursuivent-dans-les-camps-de-refugies-sahraouis-a-boujdour\/","og_site_name":"El Mawkie","article_publisher":"https:\/\/www.facebook.com\/profile.php?id=100088407094989&locale=fr_FR","article_published_time":"2025-01-06T20:44:27+00:00","article_modified_time":"2025-01-06T22:24:39+00:00","og_image":[{"width":780,"height":405,"url":"https:\/\/elmawkie.dz\/fr\/wp-content\/uploads\/2025\/01\/IMG_7730.png","type":"image\/png"}],"author":"R\u00e9daction","twitter_card":"summary_large_image","twitter_misc":{"Written by":"R\u00e9daction","Est. reading time":"2 minutes"},"schema":{"@context":"https:\/\/schema.org","@graph":[{"@type":"Article","@id":"https:\/\/elmawkie.dz\/fr\/conference-internationale-de-solidarite-les-travaux-se-poursuivent-dans-les-camps-de-refugies-sahraouis-a-boujdour\/#article","isPartOf":{"@id":"https:\/\/elmawkie.dz\/fr\/conference-internationale-de-solidarite-les-travaux-se-poursuivent-dans-les-camps-de-refugies-sahraouis-a-boujdour\/"},"author":{"name":"R\u00e9daction","@id":"https:\/\/elmawkie.dz\/fr\/#\/schema\/person\/e7bd59d6467874ba5c4723d8a9f0a63c"},"headline":"Conf\u00e9rence Internationale de Solidarit\u00e9 : Les Travaux se Poursuivent dans les Camps de R\u00e9fugi\u00e9s Sahraouis \u00e0 Boujdour","datePublished":"2025-01-06T20:44:27+00:00","dateModified":"2025-01-06T22:24:39+00:00","mainEntityOfPage":{"@id":"https:\/\/elmawkie.dz\/fr\/conference-internationale-de-solidarite-les-travaux-se-poursuivent-dans-les-camps-de-refugies-sahraouis-a-boujdour\/"},"wordCount":411,"commentCount":0,"publisher":{"@id":"https:\/\/elmawkie.dz\/fr\/#organization"},"image":{"@id":"https:\/\/elmawkie.dz\/fr\/conference-internationale-de-solidarite-les-travaux-se-poursuivent-dans-les-camps-de-refugies-sahraouis-a-boujdour\/#primaryimage"},"thumbnailUrl":"https:\/\/elmawkie.dz\/fr\/wp-content\/uploads\/2025\/01\/IMG_7730.png","keywords":["Boujdour","Conf\u00e9rence internationale","Les Travaux se Poursuivent","Sahraouis","Solidarit\u00e9"],"articleSection":["International"],"inLanguage":"fr-FR","potentialAction":[{"@type":"CommentAction","name":"Comment","target":["https:\/\/elmawkie.dz\/fr\/conference-internationale-de-solidarite-les-travaux-se-poursuivent-dans-les-camps-de-refugies-sahraouis-a-boujdour\/#respond"]}]},{"@type":"WebPage","@id":"https:\/\/elmawkie.dz\/fr\/conference-internationale-de-solidarite-les-travaux-se-poursuivent-dans-les-camps-de-refugies-sahraouis-a-boujdour\/","url":"https:\/\/elmawkie.dz\/fr\/conference-internationale-de-solidarite-les-travaux-se-poursuivent-dans-les-camps-de-refugies-sahraouis-a-boujdour\/","name":"Conf\u00e9rence Internationale de Solidarit\u00e9 : Les Travaux se Poursuivent dans les Camps de R\u00e9fugi\u00e9s Sahraouis \u00e0 Boujdour - El Mawkie","isPartOf":{"@id":"https:\/\/elmawkie.dz\/fr\/#website"},"primaryImageOfPage":{"@id":"https:\/\/elmawkie.dz\/fr\/conference-internationale-de-solidarite-les-travaux-se-poursuivent-dans-les-camps-de-refugies-sahraouis-a-boujdour\/#primaryimage"},"image":{"@id":"https:\/\/elmawkie.dz\/fr\/conference-internationale-de-solidarite-les-travaux-se-poursuivent-dans-les-camps-de-refugies-sahraouis-a-boujdour\/#primaryimage"},"thumbnailUrl":"https:\/\/elmawkie.dz\/fr\/wp-content\/uploads\/2025\/01\/IMG_7730.png","datePublished":"2025-01-06T20:44:27+00:00","dateModified":"2025-01-06T22:24:39+00:00","breadcrumb":{"@id":"https:\/\/elmawkie.dz\/fr\/conference-internationale-de-solidarite-les-travaux-se-poursuivent-dans-les-camps-de-refugies-sahraouis-a-boujdour\/#breadcrumb"},"inLanguage":"fr-FR","potentialAction":[{"@type":"ReadAction","target":["https:\/\/elmawkie.dz\/fr\/conference-internationale-de-solidarite-les-travaux-se-poursuivent-dans-les-camps-de-refugies-sahraouis-a-boujdour\/"]}]},{"@type":"ImageObject","inLanguage":"fr-FR","@id":"https:\/\/elmawkie.dz\/fr\/conference-internationale-de-solidarite-les-travaux-se-poursuivent-dans-les-camps-de-refugies-sahraouis-a-boujdour\/#primaryimage","url":"https:\/\/elmawkie.dz\/fr\/wp-content\/uploads\/2025\/01\/IMG_7730.png","contentUrl":"https:\/\/elmawkie.dz\/fr\/wp-content\/uploads\/2025\/01\/IMG_7730.png","width":780,"height":405},{"@type":"BreadcrumbList","@id":"https:\/\/elmawkie.dz\/fr\/conference-internationale-de-solidarite-les-travaux-se-poursuivent-dans-les-camps-de-refugies-sahraouis-a-boujdour\/#breadcrumb","itemListElement":[{"@type":"ListItem","position":1,"name":"Home","item":"https:\/\/elmawkie.dz\/fr\/"},{"@type":"ListItem","position":2,"name":"Conf\u00e9rence Internationale de Solidarit\u00e9 : Les Travaux se Poursuivent dans les Camps de R\u00e9fugi\u00e9s Sahraouis \u00e0 Boujdour"}]},{"@type":"WebSite","@id":"https:\/\/elmawkie.dz\/fr\/#website","url":"https:\/\/elmawkie.dz\/fr\/","name":"EL MAWKIE","description":"Journal \u00c9lectronique Alg\u00e9rien","publisher":{"@id":"https:\/\/elmawkie.dz\/fr\/#organization"},"potentialAction":[{"@type":"SearchAction","target":{"@type":"EntryPoint","urlTemplate":"https:\/\/elmawkie.dz\/fr\/?s={search_term_string}"},"query-input":"required name=search_term_string"}],"inLanguage":"fr-FR"},{"@type":"Organization","@id":"https:\/\/elmawkie.dz\/fr\/#organization","name":"EL MAWKIE","url":"https:\/\/elmawkie.dz\/fr\/","logo":{"@type":"ImageObject","inLanguage":"fr-FR","@id":"https:\/\/elmawkie.dz\/fr\/#\/schema\/logo\/image\/","url":"https:\/\/elmawkie.dz\/fr\/wp-content\/uploads\/2024\/05\/logo1.png","contentUrl":"https:\/\/elmawkie.dz\/fr\/wp-content\/uploads\/2024\/05\/logo1.png","width":1648,"height":652,"caption":"EL MAWKIE"},"image":{"@id":"https:\/\/elmawkie.dz\/fr\/#\/schema\/logo\/image\/"},"sameAs":["https:\/\/www.facebook.com\/profile.php?id=100088407094989&locale=fr_FR"]},{"@type":"Person","@id":"https:\/\/elmawkie.dz\/fr\/#\/schema\/person\/e7bd59d6467874ba5c4723d8a9f0a63c","name":"R\u00e9daction","image":{"@type":"ImageObject","inLanguage":"fr-FR","@id":"https:\/\/elmawkie.dz\/fr\/#\/schema\/person\/image\/","url":"https:\/\/secure.gravatar.com\/avatar\/f0f773456344da4d2788c054a3d30a0c?s=96&d=mm&r=g","contentUrl":"https:\/\/secure.gravatar.com\/avatar\/f0f773456344da4d2788c054a3d30a0c?s=96&d=mm&r=g","caption":"R\u00e9daction"},"url":"https:\/\/elmawkie.dz\/fr\/author\/redaction\/"}]}},"_links":{"self":[{"href":"https:\/\/elmawkie.dz\/fr\/wp-json\/wp\/v2\/posts\/7749","targetHints":{"allow":["GET"]}}],"collection":[{"href":"https:\/\/elmawkie.dz\/fr\/wp-json\/wp\/v2\/posts"}],"about":[{"href":"https:\/\/elmawkie.dz\/fr\/wp-json\/wp\/v2\/types\/post"}],"author":[{"embeddable":true,"href":"https:\/\/elmawkie.dz\/fr\/wp-json\/wp\/v2\/users\/9"}],"replies":[{"embeddable":true,"href":"https:\/\/elmawkie.dz\/fr\/wp-json\/wp\/v2\/comments?post=7749"}],"version-history":[{"count":0,"href":"https:\/\/elmawkie.dz\/fr\/wp-json\/wp\/v2\/posts\/7749\/revisions"}],"wp:featuredmedia":[{"embeddable":true,"href":"https:\/\/elmawkie.dz\/fr\/wp-json\/wp\/v2\/media\/7750"}],"wp:attachment":[{"href":"https:\/\/elmawkie.dz\/fr\/wp-json\/wp\/v2\/media?parent=7749"}],"wp:term":[{"taxonomy":"category","embeddable":true,"href":"https:\/\/elmawkie.dz\/fr\/wp-json\/wp\/v2\/categories?post=7749"},{"taxonomy":"post_tag","embeddable":true,"href":"https:\/\/elmawkie.dz\/fr\/wp-json\/wp\/v2\/tags?post=7749"}],"curies":[{"name":"wp","href":"https:\/\/api.w.org\/{rel}","templated":true}]}}