{"id":7707,"date":"2025-01-05T20:29:31","date_gmt":"2025-01-05T19:29:31","guid":{"rendered":"https:\/\/elmawkie.dz\/fr\/?p=7707"},"modified":"2025-01-05T23:47:09","modified_gmt":"2025-01-05T22:47:09","slug":"sahara-occidental-ouverture-a-boujedour-de-la-conference-de-solidarite-avec-le-peuple-sahraoui","status":"publish","type":"post","link":"https:\/\/elmawkie.dz\/fr\/sahara-occidental-ouverture-a-boujedour-de-la-conference-de-solidarite-avec-le-peuple-sahraoui\/","title":{"rendered":"Sahara Occidental : Ouverture \u00e0 Boujedour de la Conf\u00e9rence de Solidarit\u00e9 avec le Peuple Sahraoui"},"content":{"rendered":"<p><strong><em>Les travaux de la Conf\u00e9rence internationale de solidarit\u00e9 avec le peuple sahraoui ont d\u00e9but\u00e9, dimanche, dans la wilaya de Boujedour, en pr\u00e9sence de plusieurs militants politiques, de chercheurs dans le domaine de l&rsquo;environnement et de d\u00e9fenseurs des droits de l&rsquo;homme issus de plusieurs pays du monde. Le coup d&rsquo;envoi de cette Conf\u00e9rence pr\u00e9sid\u00e9e par les deux militants su\u00e9dois solidaires avec la cause sahraouie, Benjamin Ladra et Sanae Kotbi Rahal, a \u00e9t\u00e9 donn\u00e9 par le membre du Secr\u00e9tariat national du Front Polisario, ministre de la Jeunesse et des Sports, Hasenitou Mohamed Chblel, en compagnie du wali de Boujedour, Eddih Mohamed Chedad, en pr\u00e9sence de membres du Secr\u00e9tariat national du Front Polisario, du Gouvernement sahraoui et du Conseil national sahraoui. A l&rsquo;entame de cette Conf\u00e9rence, le wali de Boujedour a prononc\u00e9 une allocution dans laquelle il a souhait\u00e9 la bienvenue aux participants solidaires, soulignant \u00ab\u00a0l&rsquo;importance de ce type de conf\u00e9rences pour plaider en faveur de la cause sahraouie\u00a0\u00bb. De son c\u00f4t\u00e9, le ministre sahraoui de la Jeunesse et des Sports a salu\u00e9 les efforts d\u00e9ploy\u00e9s par les cyclistes su\u00e9dois pour organiser cette conf\u00e9rence, laquelle t\u00e9moigne de l&rsquo;existence d&rsquo;une conscience vive dans le monde \u0153uvrant pour la d\u00e9fense des droits humains et des droits des peuples \u00e0 la libert\u00e9 et \u00e0 l&rsquo;\u00e9mancipation. Pour sa part, la militante su\u00e9doise Sanae Kotbi Rahal a tenu \u00e0 remercier toutes les d\u00e9l\u00e9gations participantes ayant r\u00e9pondu \u00e0 l&rsquo;appel et rejoint la caravane de solidarit\u00e9 avec le peuple sahraoui. Il est \u00e0 noter que cette conf\u00e9rence internationale de solidarit\u00e9 avec le peuple sahraouie, qui se poursuivra pendant trois (3) jours, r\u00e9unit des d\u00e9fenseurs des droits humains solidaires de la cause sahraouie provenant d&rsquo;Alg\u00e9rie, de Palestine, de Su\u00e8de, d&rsquo;Allemagne, d&rsquo;Espagne, du Japon, d&rsquo;Italie, de Colombie, de Croatie, du Chili, des Etats-Unis d&rsquo;Am\u00e9rique et du Portugal. Les militants su\u00e9dois Benjamin Ladra et Sanae Kotbi Rahal \u00e9taient arriv\u00e9s le 24 d\u00e9cembre dernier au camp des r\u00e9fugi\u00e9s sahraouis \u00e0 Boujedour, marquant la fin de leur tourn\u00e9e de solidarit\u00e9 avec le peuple sahraoui effectu\u00e9e \u00e0 v\u00e9lo.<\/em><\/strong><\/p>\n","protected":false},"excerpt":{"rendered":"<p>Les travaux de la Conf\u00e9rence internationale de solidarit\u00e9 avec le peuple sahraoui ont d\u00e9but\u00e9, dimanche, dans la wilaya de Boujedour, en pr\u00e9sence de plusieurs militants politiques, de chercheurs dans le domaine de l&rsquo;environnement et de d\u00e9fenseurs des droits de l&rsquo;homme issus de plusieurs pays du monde. Le coup d&rsquo;envoi de cette Conf\u00e9rence pr\u00e9sid\u00e9e par les &hellip;<\/p>\n","protected":false},"author":9,"featured_media":7708,"comment_status":"open","ping_status":"open","sticky":false,"template":"","format":"standard","meta":{"footnotes":""},"categories":[44],"tags":[2018,2019,922,194],"class_list":["post-7707","post","type-post","status-publish","format-standard","has-post-thumbnail","hentry","category-international","tag-boujedour","tag-la-conference-de-solidarite","tag-le-peuple-sahraoui","tag-sahara-occidental"],"yoast_head":"<!-- This site is optimized with the Yoast SEO Premium plugin v22.6 (Yoast SEO v22.6) - https:\/\/yoast.com\/wordpress\/plugins\/seo\/ -->\n<title>Sahara Occidental : Ouverture \u00e0 Boujedour de la Conf\u00e9rence de Solidarit\u00e9 avec le Peuple Sahraoui - El Mawkie<\/title>\n<meta name=\"robots\" content=\"index, follow, max-snippet:-1, max-image-preview:large, max-video-preview:-1\" \/>\n<link rel=\"canonical\" href=\"https:\/\/elmawkie.dz\/fr\/sahara-occidental-ouverture-a-boujedour-de-la-conference-de-solidarite-avec-le-peuple-sahraoui\/\" \/>\n<meta property=\"og:locale\" content=\"fr_FR\" \/>\n<meta property=\"og:type\" content=\"article\" \/>\n<meta property=\"og:title\" content=\"Sahara Occidental : Ouverture \u00e0 Boujedour de la Conf\u00e9rence de Solidarit\u00e9 avec le Peuple Sahraoui\" \/>\n<meta property=\"og:description\" content=\"Les travaux de la Conf\u00e9rence internationale de solidarit\u00e9 avec le peuple sahraoui ont d\u00e9but\u00e9, dimanche, dans la wilaya de Boujedour, en pr\u00e9sence de plusieurs militants politiques, de chercheurs dans le domaine de l&rsquo;environnement et de d\u00e9fenseurs des droits de l&rsquo;homme issus de plusieurs pays du monde. Le coup d&rsquo;envoi de cette Conf\u00e9rence pr\u00e9sid\u00e9e par les &hellip;\" \/>\n<meta property=\"og:url\" content=\"https:\/\/elmawkie.dz\/fr\/sahara-occidental-ouverture-a-boujedour-de-la-conference-de-solidarite-avec-le-peuple-sahraoui\/\" \/>\n<meta property=\"og:site_name\" content=\"El Mawkie\" \/>\n<meta property=\"article:publisher\" content=\"https:\/\/www.facebook.com\/profile.php?id=100088407094989&amp;locale=fr_FR\" \/>\n<meta property=\"article:published_time\" content=\"2025-01-05T19:29:31+00:00\" \/>\n<meta property=\"article:modified_time\" content=\"2025-01-05T22:47:09+00:00\" \/>\n<meta property=\"og:image\" content=\"https:\/\/elmawkie.dz\/fr\/wp-content\/uploads\/2025\/01\/IMG_7664.jpeg\" \/>\n\t<meta property=\"og:image:width\" content=\"714\" \/>\n\t<meta property=\"og:image:height\" content=\"430\" \/>\n\t<meta property=\"og:image:type\" content=\"image\/jpeg\" \/>\n<meta name=\"author\" content=\"R\u00e9daction\" \/>\n<meta name=\"twitter:card\" content=\"summary_large_image\" \/>\n<meta name=\"twitter:label1\" content=\"Written by\" \/>\n\t<meta name=\"twitter:data1\" content=\"R\u00e9daction\" \/>\n\t<meta name=\"twitter:label2\" content=\"Est. reading time\" \/>\n\t<meta name=\"twitter:data2\" content=\"2 minutes\" \/>\n<script type=\"application\/ld+json\" class=\"yoast-schema-graph\">{\"@context\":\"https:\/\/schema.org\",\"@graph\":[{\"@type\":\"Article\",\"@id\":\"https:\/\/elmawkie.dz\/fr\/sahara-occidental-ouverture-a-boujedour-de-la-conference-de-solidarite-avec-le-peuple-sahraoui\/#article\",\"isPartOf\":{\"@id\":\"https:\/\/elmawkie.dz\/fr\/sahara-occidental-ouverture-a-boujedour-de-la-conference-de-solidarite-avec-le-peuple-sahraoui\/\"},\"author\":{\"name\":\"R\u00e9daction\",\"@id\":\"https:\/\/elmawkie.dz\/fr\/#\/schema\/person\/e7bd59d6467874ba5c4723d8a9f0a63c\"},\"headline\":\"Sahara Occidental : Ouverture \u00e0 Boujedour de la Conf\u00e9rence de Solidarit\u00e9 avec le Peuple Sahraoui\",\"datePublished\":\"2025-01-05T19:29:31+00:00\",\"dateModified\":\"2025-01-05T22:47:09+00:00\",\"mainEntityOfPage\":{\"@id\":\"https:\/\/elmawkie.dz\/fr\/sahara-occidental-ouverture-a-boujedour-de-la-conference-de-solidarite-avec-le-peuple-sahraoui\/\"},\"wordCount\":389,\"commentCount\":0,\"publisher\":{\"@id\":\"https:\/\/elmawkie.dz\/fr\/#organization\"},\"image\":{\"@id\":\"https:\/\/elmawkie.dz\/fr\/sahara-occidental-ouverture-a-boujedour-de-la-conference-de-solidarite-avec-le-peuple-sahraoui\/#primaryimage\"},\"thumbnailUrl\":\"https:\/\/elmawkie.dz\/fr\/wp-content\/uploads\/2025\/01\/IMG_7664.jpeg\",\"keywords\":[\"Boujedour\",\"la Conf\u00e9rence de Solidarit\u00e9\",\"Le peuple sahraoui\",\"Sahara occidental\"],\"articleSection\":[\"International\"],\"inLanguage\":\"fr-FR\",\"potentialAction\":[{\"@type\":\"CommentAction\",\"name\":\"Comment\",\"target\":[\"https:\/\/elmawkie.dz\/fr\/sahara-occidental-ouverture-a-boujedour-de-la-conference-de-solidarite-avec-le-peuple-sahraoui\/#respond\"]}]},{\"@type\":\"WebPage\",\"@id\":\"https:\/\/elmawkie.dz\/fr\/sahara-occidental-ouverture-a-boujedour-de-la-conference-de-solidarite-avec-le-peuple-sahraoui\/\",\"url\":\"https:\/\/elmawkie.dz\/fr\/sahara-occidental-ouverture-a-boujedour-de-la-conference-de-solidarite-avec-le-peuple-sahraoui\/\",\"name\":\"Sahara Occidental : Ouverture \u00e0 Boujedour de la Conf\u00e9rence de Solidarit\u00e9 avec le Peuple Sahraoui - El Mawkie\",\"isPartOf\":{\"@id\":\"https:\/\/elmawkie.dz\/fr\/#website\"},\"primaryImageOfPage\":{\"@id\":\"https:\/\/elmawkie.dz\/fr\/sahara-occidental-ouverture-a-boujedour-de-la-conference-de-solidarite-avec-le-peuple-sahraoui\/#primaryimage\"},\"image\":{\"@id\":\"https:\/\/elmawkie.dz\/fr\/sahara-occidental-ouverture-a-boujedour-de-la-conference-de-solidarite-avec-le-peuple-sahraoui\/#primaryimage\"},\"thumbnailUrl\":\"https:\/\/elmawkie.dz\/fr\/wp-content\/uploads\/2025\/01\/IMG_7664.jpeg\",\"datePublished\":\"2025-01-05T19:29:31+00:00\",\"dateModified\":\"2025-01-05T22:47:09+00:00\",\"breadcrumb\":{\"@id\":\"https:\/\/elmawkie.dz\/fr\/sahara-occidental-ouverture-a-boujedour-de-la-conference-de-solidarite-avec-le-peuple-sahraoui\/#breadcrumb\"},\"inLanguage\":\"fr-FR\",\"potentialAction\":[{\"@type\":\"ReadAction\",\"target\":[\"https:\/\/elmawkie.dz\/fr\/sahara-occidental-ouverture-a-boujedour-de-la-conference-de-solidarite-avec-le-peuple-sahraoui\/\"]}]},{\"@type\":\"ImageObject\",\"inLanguage\":\"fr-FR\",\"@id\":\"https:\/\/elmawkie.dz\/fr\/sahara-occidental-ouverture-a-boujedour-de-la-conference-de-solidarite-avec-le-peuple-sahraoui\/#primaryimage\",\"url\":\"https:\/\/elmawkie.dz\/fr\/wp-content\/uploads\/2025\/01\/IMG_7664.jpeg\",\"contentUrl\":\"https:\/\/elmawkie.dz\/fr\/wp-content\/uploads\/2025\/01\/IMG_7664.jpeg\",\"width\":714,\"height\":430},{\"@type\":\"BreadcrumbList\",\"@id\":\"https:\/\/elmawkie.dz\/fr\/sahara-occidental-ouverture-a-boujedour-de-la-conference-de-solidarite-avec-le-peuple-sahraoui\/#breadcrumb\",\"itemListElement\":[{\"@type\":\"ListItem\",\"position\":1,\"name\":\"Home\",\"item\":\"https:\/\/elmawkie.dz\/fr\/\"},{\"@type\":\"ListItem\",\"position\":2,\"name\":\"Sahara Occidental : Ouverture \u00e0 Boujedour de la Conf\u00e9rence de Solidarit\u00e9 avec le Peuple Sahraoui\"}]},{\"@type\":\"WebSite\",\"@id\":\"https:\/\/elmawkie.dz\/fr\/#website\",\"url\":\"https:\/\/elmawkie.dz\/fr\/\",\"name\":\"EL MAWKIE\",\"description\":\"Journal \u00c9lectronique Alg\u00e9rien\",\"publisher\":{\"@id\":\"https:\/\/elmawkie.dz\/fr\/#organization\"},\"potentialAction\":[{\"@type\":\"SearchAction\",\"target\":{\"@type\":\"EntryPoint\",\"urlTemplate\":\"https:\/\/elmawkie.dz\/fr\/?s={search_term_string}\"},\"query-input\":\"required name=search_term_string\"}],\"inLanguage\":\"fr-FR\"},{\"@type\":\"Organization\",\"@id\":\"https:\/\/elmawkie.dz\/fr\/#organization\",\"name\":\"EL MAWKIE\",\"url\":\"https:\/\/elmawkie.dz\/fr\/\",\"logo\":{\"@type\":\"ImageObject\",\"inLanguage\":\"fr-FR\",\"@id\":\"https:\/\/elmawkie.dz\/fr\/#\/schema\/logo\/image\/\",\"url\":\"https:\/\/elmawkie.dz\/fr\/wp-content\/uploads\/2024\/05\/logo1.png\",\"contentUrl\":\"https:\/\/elmawkie.dz\/fr\/wp-content\/uploads\/2024\/05\/logo1.png\",\"width\":1648,\"height\":652,\"caption\":\"EL MAWKIE\"},\"image\":{\"@id\":\"https:\/\/elmawkie.dz\/fr\/#\/schema\/logo\/image\/\"},\"sameAs\":[\"https:\/\/www.facebook.com\/profile.php?id=100088407094989&locale=fr_FR\"]},{\"@type\":\"Person\",\"@id\":\"https:\/\/elmawkie.dz\/fr\/#\/schema\/person\/e7bd59d6467874ba5c4723d8a9f0a63c\",\"name\":\"R\u00e9daction\",\"image\":{\"@type\":\"ImageObject\",\"inLanguage\":\"fr-FR\",\"@id\":\"https:\/\/elmawkie.dz\/fr\/#\/schema\/person\/image\/\",\"url\":\"https:\/\/secure.gravatar.com\/avatar\/f0f773456344da4d2788c054a3d30a0c?s=96&d=mm&r=g\",\"contentUrl\":\"https:\/\/secure.gravatar.com\/avatar\/f0f773456344da4d2788c054a3d30a0c?s=96&d=mm&r=g\",\"caption\":\"R\u00e9daction\"},\"url\":\"https:\/\/elmawkie.dz\/fr\/author\/redaction\/\"}]}<\/script>\n<!-- \/ Yoast SEO Premium plugin. -->","yoast_head_json":{"title":"Sahara Occidental : Ouverture \u00e0 Boujedour de la Conf\u00e9rence de Solidarit\u00e9 avec le Peuple Sahraoui - El Mawkie","robots":{"index":"index","follow":"follow","max-snippet":"max-snippet:-1","max-image-preview":"max-image-preview:large","max-video-preview":"max-video-preview:-1"},"canonical":"https:\/\/elmawkie.dz\/fr\/sahara-occidental-ouverture-a-boujedour-de-la-conference-de-solidarite-avec-le-peuple-sahraoui\/","og_locale":"fr_FR","og_type":"article","og_title":"Sahara Occidental : Ouverture \u00e0 Boujedour de la Conf\u00e9rence de Solidarit\u00e9 avec le Peuple Sahraoui","og_description":"Les travaux de la Conf\u00e9rence internationale de solidarit\u00e9 avec le peuple sahraoui ont d\u00e9but\u00e9, dimanche, dans la wilaya de Boujedour, en pr\u00e9sence de plusieurs militants politiques, de chercheurs dans le domaine de l&rsquo;environnement et de d\u00e9fenseurs des droits de l&rsquo;homme issus de plusieurs pays du monde. Le coup d&rsquo;envoi de cette Conf\u00e9rence pr\u00e9sid\u00e9e par les &hellip;","og_url":"https:\/\/elmawkie.dz\/fr\/sahara-occidental-ouverture-a-boujedour-de-la-conference-de-solidarite-avec-le-peuple-sahraoui\/","og_site_name":"El Mawkie","article_publisher":"https:\/\/www.facebook.com\/profile.php?id=100088407094989&locale=fr_FR","article_published_time":"2025-01-05T19:29:31+00:00","article_modified_time":"2025-01-05T22:47:09+00:00","og_image":[{"width":714,"height":430,"url":"https:\/\/elmawkie.dz\/fr\/wp-content\/uploads\/2025\/01\/IMG_7664.jpeg","type":"image\/jpeg"}],"author":"R\u00e9daction","twitter_card":"summary_large_image","twitter_misc":{"Written by":"R\u00e9daction","Est. reading time":"2 minutes"},"schema":{"@context":"https:\/\/schema.org","@graph":[{"@type":"Article","@id":"https:\/\/elmawkie.dz\/fr\/sahara-occidental-ouverture-a-boujedour-de-la-conference-de-solidarite-avec-le-peuple-sahraoui\/#article","isPartOf":{"@id":"https:\/\/elmawkie.dz\/fr\/sahara-occidental-ouverture-a-boujedour-de-la-conference-de-solidarite-avec-le-peuple-sahraoui\/"},"author":{"name":"R\u00e9daction","@id":"https:\/\/elmawkie.dz\/fr\/#\/schema\/person\/e7bd59d6467874ba5c4723d8a9f0a63c"},"headline":"Sahara Occidental : Ouverture \u00e0 Boujedour de la Conf\u00e9rence de Solidarit\u00e9 avec le Peuple Sahraoui","datePublished":"2025-01-05T19:29:31+00:00","dateModified":"2025-01-05T22:47:09+00:00","mainEntityOfPage":{"@id":"https:\/\/elmawkie.dz\/fr\/sahara-occidental-ouverture-a-boujedour-de-la-conference-de-solidarite-avec-le-peuple-sahraoui\/"},"wordCount":389,"commentCount":0,"publisher":{"@id":"https:\/\/elmawkie.dz\/fr\/#organization"},"image":{"@id":"https:\/\/elmawkie.dz\/fr\/sahara-occidental-ouverture-a-boujedour-de-la-conference-de-solidarite-avec-le-peuple-sahraoui\/#primaryimage"},"thumbnailUrl":"https:\/\/elmawkie.dz\/fr\/wp-content\/uploads\/2025\/01\/IMG_7664.jpeg","keywords":["Boujedour","la Conf\u00e9rence de Solidarit\u00e9","Le peuple sahraoui","Sahara occidental"],"articleSection":["International"],"inLanguage":"fr-FR","potentialAction":[{"@type":"CommentAction","name":"Comment","target":["https:\/\/elmawkie.dz\/fr\/sahara-occidental-ouverture-a-boujedour-de-la-conference-de-solidarite-avec-le-peuple-sahraoui\/#respond"]}]},{"@type":"WebPage","@id":"https:\/\/elmawkie.dz\/fr\/sahara-occidental-ouverture-a-boujedour-de-la-conference-de-solidarite-avec-le-peuple-sahraoui\/","url":"https:\/\/elmawkie.dz\/fr\/sahara-occidental-ouverture-a-boujedour-de-la-conference-de-solidarite-avec-le-peuple-sahraoui\/","name":"Sahara Occidental : Ouverture \u00e0 Boujedour de la Conf\u00e9rence de Solidarit\u00e9 avec le Peuple Sahraoui - El Mawkie","isPartOf":{"@id":"https:\/\/elmawkie.dz\/fr\/#website"},"primaryImageOfPage":{"@id":"https:\/\/elmawkie.dz\/fr\/sahara-occidental-ouverture-a-boujedour-de-la-conference-de-solidarite-avec-le-peuple-sahraoui\/#primaryimage"},"image":{"@id":"https:\/\/elmawkie.dz\/fr\/sahara-occidental-ouverture-a-boujedour-de-la-conference-de-solidarite-avec-le-peuple-sahraoui\/#primaryimage"},"thumbnailUrl":"https:\/\/elmawkie.dz\/fr\/wp-content\/uploads\/2025\/01\/IMG_7664.jpeg","datePublished":"2025-01-05T19:29:31+00:00","dateModified":"2025-01-05T22:47:09+00:00","breadcrumb":{"@id":"https:\/\/elmawkie.dz\/fr\/sahara-occidental-ouverture-a-boujedour-de-la-conference-de-solidarite-avec-le-peuple-sahraoui\/#breadcrumb"},"inLanguage":"fr-FR","potentialAction":[{"@type":"ReadAction","target":["https:\/\/elmawkie.dz\/fr\/sahara-occidental-ouverture-a-boujedour-de-la-conference-de-solidarite-avec-le-peuple-sahraoui\/"]}]},{"@type":"ImageObject","inLanguage":"fr-FR","@id":"https:\/\/elmawkie.dz\/fr\/sahara-occidental-ouverture-a-boujedour-de-la-conference-de-solidarite-avec-le-peuple-sahraoui\/#primaryimage","url":"https:\/\/elmawkie.dz\/fr\/wp-content\/uploads\/2025\/01\/IMG_7664.jpeg","contentUrl":"https:\/\/elmawkie.dz\/fr\/wp-content\/uploads\/2025\/01\/IMG_7664.jpeg","width":714,"height":430},{"@type":"BreadcrumbList","@id":"https:\/\/elmawkie.dz\/fr\/sahara-occidental-ouverture-a-boujedour-de-la-conference-de-solidarite-avec-le-peuple-sahraoui\/#breadcrumb","itemListElement":[{"@type":"ListItem","position":1,"name":"Home","item":"https:\/\/elmawkie.dz\/fr\/"},{"@type":"ListItem","position":2,"name":"Sahara Occidental : Ouverture \u00e0 Boujedour de la Conf\u00e9rence de Solidarit\u00e9 avec le Peuple Sahraoui"}]},{"@type":"WebSite","@id":"https:\/\/elmawkie.dz\/fr\/#website","url":"https:\/\/elmawkie.dz\/fr\/","name":"EL MAWKIE","description":"Journal \u00c9lectronique Alg\u00e9rien","publisher":{"@id":"https:\/\/elmawkie.dz\/fr\/#organization"},"potentialAction":[{"@type":"SearchAction","target":{"@type":"EntryPoint","urlTemplate":"https:\/\/elmawkie.dz\/fr\/?s={search_term_string}"},"query-input":"required name=search_term_string"}],"inLanguage":"fr-FR"},{"@type":"Organization","@id":"https:\/\/elmawkie.dz\/fr\/#organization","name":"EL MAWKIE","url":"https:\/\/elmawkie.dz\/fr\/","logo":{"@type":"ImageObject","inLanguage":"fr-FR","@id":"https:\/\/elmawkie.dz\/fr\/#\/schema\/logo\/image\/","url":"https:\/\/elmawkie.dz\/fr\/wp-content\/uploads\/2024\/05\/logo1.png","contentUrl":"https:\/\/elmawkie.dz\/fr\/wp-content\/uploads\/2024\/05\/logo1.png","width":1648,"height":652,"caption":"EL MAWKIE"},"image":{"@id":"https:\/\/elmawkie.dz\/fr\/#\/schema\/logo\/image\/"},"sameAs":["https:\/\/www.facebook.com\/profile.php?id=100088407094989&locale=fr_FR"]},{"@type":"Person","@id":"https:\/\/elmawkie.dz\/fr\/#\/schema\/person\/e7bd59d6467874ba5c4723d8a9f0a63c","name":"R\u00e9daction","image":{"@type":"ImageObject","inLanguage":"fr-FR","@id":"https:\/\/elmawkie.dz\/fr\/#\/schema\/person\/image\/","url":"https:\/\/secure.gravatar.com\/avatar\/f0f773456344da4d2788c054a3d30a0c?s=96&d=mm&r=g","contentUrl":"https:\/\/secure.gravatar.com\/avatar\/f0f773456344da4d2788c054a3d30a0c?s=96&d=mm&r=g","caption":"R\u00e9daction"},"url":"https:\/\/elmawkie.dz\/fr\/author\/redaction\/"}]}},"_links":{"self":[{"href":"https:\/\/elmawkie.dz\/fr\/wp-json\/wp\/v2\/posts\/7707","targetHints":{"allow":["GET"]}}],"collection":[{"href":"https:\/\/elmawkie.dz\/fr\/wp-json\/wp\/v2\/posts"}],"about":[{"href":"https:\/\/elmawkie.dz\/fr\/wp-json\/wp\/v2\/types\/post"}],"author":[{"embeddable":true,"href":"https:\/\/elmawkie.dz\/fr\/wp-json\/wp\/v2\/users\/9"}],"replies":[{"embeddable":true,"href":"https:\/\/elmawkie.dz\/fr\/wp-json\/wp\/v2\/comments?post=7707"}],"version-history":[{"count":0,"href":"https:\/\/elmawkie.dz\/fr\/wp-json\/wp\/v2\/posts\/7707\/revisions"}],"wp:featuredmedia":[{"embeddable":true,"href":"https:\/\/elmawkie.dz\/fr\/wp-json\/wp\/v2\/media\/7708"}],"wp:attachment":[{"href":"https:\/\/elmawkie.dz\/fr\/wp-json\/wp\/v2\/media?parent=7707"}],"wp:term":[{"taxonomy":"category","embeddable":true,"href":"https:\/\/elmawkie.dz\/fr\/wp-json\/wp\/v2\/categories?post=7707"},{"taxonomy":"post_tag","embeddable":true,"href":"https:\/\/elmawkie.dz\/fr\/wp-json\/wp\/v2\/tags?post=7707"}],"curies":[{"name":"wp","href":"https:\/\/api.w.org\/{rel}","templated":true}]}}