{"id":7676,"date":"2025-01-04T22:12:50","date_gmt":"2025-01-04T21:12:50","guid":{"rendered":"https:\/\/elmawkie.dz\/fr\/?p=7676"},"modified":"2025-01-04T22:56:58","modified_gmt":"2025-01-04T21:56:58","slug":"reunion-de-coordination-entre-le-premier-president-de-la-cour-supreme-et-le-president-de-lunoa","status":"publish","type":"post","link":"https:\/\/elmawkie.dz\/fr\/reunion-de-coordination-entre-le-premier-president-de-la-cour-supreme-et-le-president-de-lunoa\/","title":{"rendered":"r\u00e9union de coordination entre le premier pr\u00e9sident de la Cour supr\u00eame et le pr\u00e9sident de l&rsquo;UNOA"},"content":{"rendered":"<p><strong><em>Une r\u00e9union de coordination s&rsquo;est tenue, samedi au si\u00e8ge de la Cour supr\u00eame, entre le premier pr\u00e9sident de la Cour supr\u00eame, M. Mamouni Tahar, et le pr\u00e9sident de l&rsquo;Union nationale des ordres des avocats (UNOA), le b\u00e2tonnier Brahim Tairi ainsi que des membres de l&rsquo;Union et des responsables du minist\u00e8re de la Justice, indique un communiqu\u00e9 de la Cour supr\u00eame. La r\u00e9union s&rsquo;est d\u00e9roul\u00e9e \u00e9galement en pr\u00e9sence du procureur g\u00e9n\u00e9ral pr\u00e8s la Cour supr\u00eame et son adjoint, du pr\u00e9sident de la chambre des d\u00e9lits et des contraventions, du pr\u00e9sident de la chambre p\u00e9nale, du directeur g\u00e9n\u00e9ral des affaires judiciaires et du directeur des affaires civiles et du Sceau de l&rsquo;Etat\u00a0\u00bb au minist\u00e8re de la Justice, lit-on dans le communiqu\u00e9. Il a \u00e9t\u00e9 convenu lors de cette r\u00e9union de former une commission permanente conjointe entre la Cour supr\u00eame et le Conseil de l&rsquo;Union, \u00ab\u00a0en vue de r\u00e9viser et d&rsquo;enrichir, dans les meilleurs d\u00e9lais, le contenu de la note dat\u00e9e du 1er septembre 2024 et les interpr\u00e9tations et explications qui en ont d\u00e9coul\u00e9, et d&rsquo;instituer une rencontre de coordination une fois par an entre la Cour supr\u00eame et le Conseil de l&rsquo;Union\u00a0\u00bb. Il a \u00e9t\u00e9 convenu \u00e9galement \u00ab\u00a0d&rsquo;ouvrir et de garantir une voie de rectification pour les ordonnances et d\u00e9cisions susceptibles de contenir des erreurs juridiques, ainsi que de la n\u00e9cessit\u00e9 de soumettre des propositions conjointes en vue de r\u00e9examiner les articles relatifs au pourvoi en cassation dans le Code de proc\u00e9dure p\u00e9nale\u00a0\u00bb. <\/em><\/strong><\/p>\n","protected":false},"excerpt":{"rendered":"<p>Une r\u00e9union de coordination s&rsquo;est tenue, samedi au si\u00e8ge de la Cour supr\u00eame, entre le premier pr\u00e9sident de la Cour supr\u00eame, M. Mamouni Tahar, et le pr\u00e9sident de l&rsquo;Union nationale des ordres des avocats (UNOA), le b\u00e2tonnier Brahim Tairi ainsi que des membres de l&rsquo;Union et des responsables du minist\u00e8re de la Justice, indique un &hellip;<\/p>\n","protected":false},"author":9,"featured_media":7677,"comment_status":"open","ping_status":"open","sticky":false,"template":"","format":"standard","meta":{"footnotes":""},"categories":[47],"tags":[2004,2002,2001,2003,2000],"class_list":["post-7676","post","type-post","status-publish","format-standard","has-post-thumbnail","hentry","category-national","tag-a","tag-la-cour-supreme","tag-le-premier-president","tag-le-president-de-lunoa","tag-reunion-de-coordination"],"yoast_head":"<!-- This site is optimized with the Yoast SEO Premium plugin v22.6 (Yoast SEO v22.6) - https:\/\/yoast.com\/wordpress\/plugins\/seo\/ -->\n<title>r\u00e9union de coordination entre le premier pr\u00e9sident de la Cour supr\u00eame et le pr\u00e9sident de l&#039;UNOA - El Mawkie<\/title>\n<meta name=\"robots\" content=\"index, follow, max-snippet:-1, max-image-preview:large, max-video-preview:-1\" \/>\n<link rel=\"canonical\" href=\"https:\/\/elmawkie.dz\/fr\/reunion-de-coordination-entre-le-premier-president-de-la-cour-supreme-et-le-president-de-lunoa\/\" \/>\n<meta property=\"og:locale\" content=\"fr_FR\" \/>\n<meta property=\"og:type\" content=\"article\" \/>\n<meta property=\"og:title\" content=\"r\u00e9union de coordination entre le premier pr\u00e9sident de la Cour supr\u00eame et le pr\u00e9sident de l&#039;UNOA\" \/>\n<meta property=\"og:description\" content=\"Une r\u00e9union de coordination s&rsquo;est tenue, samedi au si\u00e8ge de la Cour supr\u00eame, entre le premier pr\u00e9sident de la Cour supr\u00eame, M. Mamouni Tahar, et le pr\u00e9sident de l&rsquo;Union nationale des ordres des avocats (UNOA), le b\u00e2tonnier Brahim Tairi ainsi que des membres de l&rsquo;Union et des responsables du minist\u00e8re de la Justice, indique un &hellip;\" \/>\n<meta property=\"og:url\" content=\"https:\/\/elmawkie.dz\/fr\/reunion-de-coordination-entre-le-premier-president-de-la-cour-supreme-et-le-president-de-lunoa\/\" \/>\n<meta property=\"og:site_name\" content=\"El Mawkie\" \/>\n<meta property=\"article:publisher\" content=\"https:\/\/www.facebook.com\/profile.php?id=100088407094989&amp;locale=fr_FR\" \/>\n<meta property=\"article:published_time\" content=\"2025-01-04T21:12:50+00:00\" \/>\n<meta property=\"article:modified_time\" content=\"2025-01-04T21:56:58+00:00\" \/>\n<meta property=\"og:image\" content=\"https:\/\/elmawkie.dz\/fr\/wp-content\/uploads\/2025\/01\/IMG_7620.jpeg\" \/>\n\t<meta property=\"og:image:width\" content=\"1080\" \/>\n\t<meta property=\"og:image:height\" content=\"720\" \/>\n\t<meta property=\"og:image:type\" content=\"image\/jpeg\" \/>\n<meta name=\"author\" content=\"R\u00e9daction\" \/>\n<meta name=\"twitter:card\" content=\"summary_large_image\" \/>\n<meta name=\"twitter:label1\" content=\"Written by\" \/>\n\t<meta name=\"twitter:data1\" content=\"R\u00e9daction\" \/>\n\t<meta name=\"twitter:label2\" content=\"Est. reading time\" \/>\n\t<meta name=\"twitter:data2\" content=\"1 minute\" \/>\n<script type=\"application\/ld+json\" class=\"yoast-schema-graph\">{\"@context\":\"https:\/\/schema.org\",\"@graph\":[{\"@type\":\"Article\",\"@id\":\"https:\/\/elmawkie.dz\/fr\/reunion-de-coordination-entre-le-premier-president-de-la-cour-supreme-et-le-president-de-lunoa\/#article\",\"isPartOf\":{\"@id\":\"https:\/\/elmawkie.dz\/fr\/reunion-de-coordination-entre-le-premier-president-de-la-cour-supreme-et-le-president-de-lunoa\/\"},\"author\":{\"name\":\"R\u00e9daction\",\"@id\":\"https:\/\/elmawkie.dz\/fr\/#\/schema\/person\/e7bd59d6467874ba5c4723d8a9f0a63c\"},\"headline\":\"r\u00e9union de coordination entre le premier pr\u00e9sident de la Cour supr\u00eame et le pr\u00e9sident de l&rsquo;UNOA\",\"datePublished\":\"2025-01-04T21:12:50+00:00\",\"dateModified\":\"2025-01-04T21:56:58+00:00\",\"mainEntityOfPage\":{\"@id\":\"https:\/\/elmawkie.dz\/fr\/reunion-de-coordination-entre-le-premier-president-de-la-cour-supreme-et-le-president-de-lunoa\/\"},\"wordCount\":308,\"commentCount\":0,\"publisher\":{\"@id\":\"https:\/\/elmawkie.dz\/fr\/#organization\"},\"image\":{\"@id\":\"https:\/\/elmawkie.dz\/fr\/reunion-de-coordination-entre-le-premier-president-de-la-cour-supreme-et-le-president-de-lunoa\/#primaryimage\"},\"thumbnailUrl\":\"https:\/\/elmawkie.dz\/fr\/wp-content\/uploads\/2025\/01\/IMG_7620.jpeg\",\"keywords\":[\"A\",\"la Cour supr\u00eame\",\"le premier pr\u00e9sident\",\"le pr\u00e9sident de l'UNOA\",\"r\u00e9union de coordination\"],\"articleSection\":[\"National\"],\"inLanguage\":\"fr-FR\",\"potentialAction\":[{\"@type\":\"CommentAction\",\"name\":\"Comment\",\"target\":[\"https:\/\/elmawkie.dz\/fr\/reunion-de-coordination-entre-le-premier-president-de-la-cour-supreme-et-le-president-de-lunoa\/#respond\"]}]},{\"@type\":\"WebPage\",\"@id\":\"https:\/\/elmawkie.dz\/fr\/reunion-de-coordination-entre-le-premier-president-de-la-cour-supreme-et-le-president-de-lunoa\/\",\"url\":\"https:\/\/elmawkie.dz\/fr\/reunion-de-coordination-entre-le-premier-president-de-la-cour-supreme-et-le-president-de-lunoa\/\",\"name\":\"r\u00e9union de coordination entre le premier pr\u00e9sident de la Cour supr\u00eame et le pr\u00e9sident de l'UNOA - El Mawkie\",\"isPartOf\":{\"@id\":\"https:\/\/elmawkie.dz\/fr\/#website\"},\"primaryImageOfPage\":{\"@id\":\"https:\/\/elmawkie.dz\/fr\/reunion-de-coordination-entre-le-premier-president-de-la-cour-supreme-et-le-president-de-lunoa\/#primaryimage\"},\"image\":{\"@id\":\"https:\/\/elmawkie.dz\/fr\/reunion-de-coordination-entre-le-premier-president-de-la-cour-supreme-et-le-president-de-lunoa\/#primaryimage\"},\"thumbnailUrl\":\"https:\/\/elmawkie.dz\/fr\/wp-content\/uploads\/2025\/01\/IMG_7620.jpeg\",\"datePublished\":\"2025-01-04T21:12:50+00:00\",\"dateModified\":\"2025-01-04T21:56:58+00:00\",\"breadcrumb\":{\"@id\":\"https:\/\/elmawkie.dz\/fr\/reunion-de-coordination-entre-le-premier-president-de-la-cour-supreme-et-le-president-de-lunoa\/#breadcrumb\"},\"inLanguage\":\"fr-FR\",\"potentialAction\":[{\"@type\":\"ReadAction\",\"target\":[\"https:\/\/elmawkie.dz\/fr\/reunion-de-coordination-entre-le-premier-president-de-la-cour-supreme-et-le-president-de-lunoa\/\"]}]},{\"@type\":\"ImageObject\",\"inLanguage\":\"fr-FR\",\"@id\":\"https:\/\/elmawkie.dz\/fr\/reunion-de-coordination-entre-le-premier-president-de-la-cour-supreme-et-le-president-de-lunoa\/#primaryimage\",\"url\":\"https:\/\/elmawkie.dz\/fr\/wp-content\/uploads\/2025\/01\/IMG_7620.jpeg\",\"contentUrl\":\"https:\/\/elmawkie.dz\/fr\/wp-content\/uploads\/2025\/01\/IMG_7620.jpeg\",\"width\":1080,\"height\":720},{\"@type\":\"BreadcrumbList\",\"@id\":\"https:\/\/elmawkie.dz\/fr\/reunion-de-coordination-entre-le-premier-president-de-la-cour-supreme-et-le-president-de-lunoa\/#breadcrumb\",\"itemListElement\":[{\"@type\":\"ListItem\",\"position\":1,\"name\":\"Home\",\"item\":\"https:\/\/elmawkie.dz\/fr\/\"},{\"@type\":\"ListItem\",\"position\":2,\"name\":\"r\u00e9union de coordination entre le premier pr\u00e9sident de la Cour supr\u00eame et le pr\u00e9sident de l&rsquo;UNOA\"}]},{\"@type\":\"WebSite\",\"@id\":\"https:\/\/elmawkie.dz\/fr\/#website\",\"url\":\"https:\/\/elmawkie.dz\/fr\/\",\"name\":\"EL MAWKIE\",\"description\":\"Journal \u00c9lectronique Alg\u00e9rien\",\"publisher\":{\"@id\":\"https:\/\/elmawkie.dz\/fr\/#organization\"},\"potentialAction\":[{\"@type\":\"SearchAction\",\"target\":{\"@type\":\"EntryPoint\",\"urlTemplate\":\"https:\/\/elmawkie.dz\/fr\/?s={search_term_string}\"},\"query-input\":\"required name=search_term_string\"}],\"inLanguage\":\"fr-FR\"},{\"@type\":\"Organization\",\"@id\":\"https:\/\/elmawkie.dz\/fr\/#organization\",\"name\":\"EL MAWKIE\",\"url\":\"https:\/\/elmawkie.dz\/fr\/\",\"logo\":{\"@type\":\"ImageObject\",\"inLanguage\":\"fr-FR\",\"@id\":\"https:\/\/elmawkie.dz\/fr\/#\/schema\/logo\/image\/\",\"url\":\"https:\/\/elmawkie.dz\/fr\/wp-content\/uploads\/2024\/05\/logo1.png\",\"contentUrl\":\"https:\/\/elmawkie.dz\/fr\/wp-content\/uploads\/2024\/05\/logo1.png\",\"width\":1648,\"height\":652,\"caption\":\"EL MAWKIE\"},\"image\":{\"@id\":\"https:\/\/elmawkie.dz\/fr\/#\/schema\/logo\/image\/\"},\"sameAs\":[\"https:\/\/www.facebook.com\/profile.php?id=100088407094989&locale=fr_FR\"]},{\"@type\":\"Person\",\"@id\":\"https:\/\/elmawkie.dz\/fr\/#\/schema\/person\/e7bd59d6467874ba5c4723d8a9f0a63c\",\"name\":\"R\u00e9daction\",\"image\":{\"@type\":\"ImageObject\",\"inLanguage\":\"fr-FR\",\"@id\":\"https:\/\/elmawkie.dz\/fr\/#\/schema\/person\/image\/\",\"url\":\"https:\/\/secure.gravatar.com\/avatar\/f0f773456344da4d2788c054a3d30a0c?s=96&d=mm&r=g\",\"contentUrl\":\"https:\/\/secure.gravatar.com\/avatar\/f0f773456344da4d2788c054a3d30a0c?s=96&d=mm&r=g\",\"caption\":\"R\u00e9daction\"},\"url\":\"https:\/\/elmawkie.dz\/fr\/author\/redaction\/\"}]}<\/script>\n<!-- \/ Yoast SEO Premium plugin. -->","yoast_head_json":{"title":"r\u00e9union de coordination entre le premier pr\u00e9sident de la Cour supr\u00eame et le pr\u00e9sident de l'UNOA - El Mawkie","robots":{"index":"index","follow":"follow","max-snippet":"max-snippet:-1","max-image-preview":"max-image-preview:large","max-video-preview":"max-video-preview:-1"},"canonical":"https:\/\/elmawkie.dz\/fr\/reunion-de-coordination-entre-le-premier-president-de-la-cour-supreme-et-le-president-de-lunoa\/","og_locale":"fr_FR","og_type":"article","og_title":"r\u00e9union de coordination entre le premier pr\u00e9sident de la Cour supr\u00eame et le pr\u00e9sident de l'UNOA","og_description":"Une r\u00e9union de coordination s&rsquo;est tenue, samedi au si\u00e8ge de la Cour supr\u00eame, entre le premier pr\u00e9sident de la Cour supr\u00eame, M. Mamouni Tahar, et le pr\u00e9sident de l&rsquo;Union nationale des ordres des avocats (UNOA), le b\u00e2tonnier Brahim Tairi ainsi que des membres de l&rsquo;Union et des responsables du minist\u00e8re de la Justice, indique un &hellip;","og_url":"https:\/\/elmawkie.dz\/fr\/reunion-de-coordination-entre-le-premier-president-de-la-cour-supreme-et-le-president-de-lunoa\/","og_site_name":"El Mawkie","article_publisher":"https:\/\/www.facebook.com\/profile.php?id=100088407094989&locale=fr_FR","article_published_time":"2025-01-04T21:12:50+00:00","article_modified_time":"2025-01-04T21:56:58+00:00","og_image":[{"width":1080,"height":720,"url":"https:\/\/elmawkie.dz\/fr\/wp-content\/uploads\/2025\/01\/IMG_7620.jpeg","type":"image\/jpeg"}],"author":"R\u00e9daction","twitter_card":"summary_large_image","twitter_misc":{"Written by":"R\u00e9daction","Est. reading time":"1 minute"},"schema":{"@context":"https:\/\/schema.org","@graph":[{"@type":"Article","@id":"https:\/\/elmawkie.dz\/fr\/reunion-de-coordination-entre-le-premier-president-de-la-cour-supreme-et-le-president-de-lunoa\/#article","isPartOf":{"@id":"https:\/\/elmawkie.dz\/fr\/reunion-de-coordination-entre-le-premier-president-de-la-cour-supreme-et-le-president-de-lunoa\/"},"author":{"name":"R\u00e9daction","@id":"https:\/\/elmawkie.dz\/fr\/#\/schema\/person\/e7bd59d6467874ba5c4723d8a9f0a63c"},"headline":"r\u00e9union de coordination entre le premier pr\u00e9sident de la Cour supr\u00eame et le pr\u00e9sident de l&rsquo;UNOA","datePublished":"2025-01-04T21:12:50+00:00","dateModified":"2025-01-04T21:56:58+00:00","mainEntityOfPage":{"@id":"https:\/\/elmawkie.dz\/fr\/reunion-de-coordination-entre-le-premier-president-de-la-cour-supreme-et-le-president-de-lunoa\/"},"wordCount":308,"commentCount":0,"publisher":{"@id":"https:\/\/elmawkie.dz\/fr\/#organization"},"image":{"@id":"https:\/\/elmawkie.dz\/fr\/reunion-de-coordination-entre-le-premier-president-de-la-cour-supreme-et-le-president-de-lunoa\/#primaryimage"},"thumbnailUrl":"https:\/\/elmawkie.dz\/fr\/wp-content\/uploads\/2025\/01\/IMG_7620.jpeg","keywords":["A","la Cour supr\u00eame","le premier pr\u00e9sident","le pr\u00e9sident de l'UNOA","r\u00e9union de coordination"],"articleSection":["National"],"inLanguage":"fr-FR","potentialAction":[{"@type":"CommentAction","name":"Comment","target":["https:\/\/elmawkie.dz\/fr\/reunion-de-coordination-entre-le-premier-president-de-la-cour-supreme-et-le-president-de-lunoa\/#respond"]}]},{"@type":"WebPage","@id":"https:\/\/elmawkie.dz\/fr\/reunion-de-coordination-entre-le-premier-president-de-la-cour-supreme-et-le-president-de-lunoa\/","url":"https:\/\/elmawkie.dz\/fr\/reunion-de-coordination-entre-le-premier-president-de-la-cour-supreme-et-le-president-de-lunoa\/","name":"r\u00e9union de coordination entre le premier pr\u00e9sident de la Cour supr\u00eame et le pr\u00e9sident de l'UNOA - El Mawkie","isPartOf":{"@id":"https:\/\/elmawkie.dz\/fr\/#website"},"primaryImageOfPage":{"@id":"https:\/\/elmawkie.dz\/fr\/reunion-de-coordination-entre-le-premier-president-de-la-cour-supreme-et-le-president-de-lunoa\/#primaryimage"},"image":{"@id":"https:\/\/elmawkie.dz\/fr\/reunion-de-coordination-entre-le-premier-president-de-la-cour-supreme-et-le-president-de-lunoa\/#primaryimage"},"thumbnailUrl":"https:\/\/elmawkie.dz\/fr\/wp-content\/uploads\/2025\/01\/IMG_7620.jpeg","datePublished":"2025-01-04T21:12:50+00:00","dateModified":"2025-01-04T21:56:58+00:00","breadcrumb":{"@id":"https:\/\/elmawkie.dz\/fr\/reunion-de-coordination-entre-le-premier-president-de-la-cour-supreme-et-le-president-de-lunoa\/#breadcrumb"},"inLanguage":"fr-FR","potentialAction":[{"@type":"ReadAction","target":["https:\/\/elmawkie.dz\/fr\/reunion-de-coordination-entre-le-premier-president-de-la-cour-supreme-et-le-president-de-lunoa\/"]}]},{"@type":"ImageObject","inLanguage":"fr-FR","@id":"https:\/\/elmawkie.dz\/fr\/reunion-de-coordination-entre-le-premier-president-de-la-cour-supreme-et-le-president-de-lunoa\/#primaryimage","url":"https:\/\/elmawkie.dz\/fr\/wp-content\/uploads\/2025\/01\/IMG_7620.jpeg","contentUrl":"https:\/\/elmawkie.dz\/fr\/wp-content\/uploads\/2025\/01\/IMG_7620.jpeg","width":1080,"height":720},{"@type":"BreadcrumbList","@id":"https:\/\/elmawkie.dz\/fr\/reunion-de-coordination-entre-le-premier-president-de-la-cour-supreme-et-le-president-de-lunoa\/#breadcrumb","itemListElement":[{"@type":"ListItem","position":1,"name":"Home","item":"https:\/\/elmawkie.dz\/fr\/"},{"@type":"ListItem","position":2,"name":"r\u00e9union de coordination entre le premier pr\u00e9sident de la Cour supr\u00eame et le pr\u00e9sident de l&rsquo;UNOA"}]},{"@type":"WebSite","@id":"https:\/\/elmawkie.dz\/fr\/#website","url":"https:\/\/elmawkie.dz\/fr\/","name":"EL MAWKIE","description":"Journal \u00c9lectronique Alg\u00e9rien","publisher":{"@id":"https:\/\/elmawkie.dz\/fr\/#organization"},"potentialAction":[{"@type":"SearchAction","target":{"@type":"EntryPoint","urlTemplate":"https:\/\/elmawkie.dz\/fr\/?s={search_term_string}"},"query-input":"required name=search_term_string"}],"inLanguage":"fr-FR"},{"@type":"Organization","@id":"https:\/\/elmawkie.dz\/fr\/#organization","name":"EL MAWKIE","url":"https:\/\/elmawkie.dz\/fr\/","logo":{"@type":"ImageObject","inLanguage":"fr-FR","@id":"https:\/\/elmawkie.dz\/fr\/#\/schema\/logo\/image\/","url":"https:\/\/elmawkie.dz\/fr\/wp-content\/uploads\/2024\/05\/logo1.png","contentUrl":"https:\/\/elmawkie.dz\/fr\/wp-content\/uploads\/2024\/05\/logo1.png","width":1648,"height":652,"caption":"EL MAWKIE"},"image":{"@id":"https:\/\/elmawkie.dz\/fr\/#\/schema\/logo\/image\/"},"sameAs":["https:\/\/www.facebook.com\/profile.php?id=100088407094989&locale=fr_FR"]},{"@type":"Person","@id":"https:\/\/elmawkie.dz\/fr\/#\/schema\/person\/e7bd59d6467874ba5c4723d8a9f0a63c","name":"R\u00e9daction","image":{"@type":"ImageObject","inLanguage":"fr-FR","@id":"https:\/\/elmawkie.dz\/fr\/#\/schema\/person\/image\/","url":"https:\/\/secure.gravatar.com\/avatar\/f0f773456344da4d2788c054a3d30a0c?s=96&d=mm&r=g","contentUrl":"https:\/\/secure.gravatar.com\/avatar\/f0f773456344da4d2788c054a3d30a0c?s=96&d=mm&r=g","caption":"R\u00e9daction"},"url":"https:\/\/elmawkie.dz\/fr\/author\/redaction\/"}]}},"_links":{"self":[{"href":"https:\/\/elmawkie.dz\/fr\/wp-json\/wp\/v2\/posts\/7676","targetHints":{"allow":["GET"]}}],"collection":[{"href":"https:\/\/elmawkie.dz\/fr\/wp-json\/wp\/v2\/posts"}],"about":[{"href":"https:\/\/elmawkie.dz\/fr\/wp-json\/wp\/v2\/types\/post"}],"author":[{"embeddable":true,"href":"https:\/\/elmawkie.dz\/fr\/wp-json\/wp\/v2\/users\/9"}],"replies":[{"embeddable":true,"href":"https:\/\/elmawkie.dz\/fr\/wp-json\/wp\/v2\/comments?post=7676"}],"version-history":[{"count":0,"href":"https:\/\/elmawkie.dz\/fr\/wp-json\/wp\/v2\/posts\/7676\/revisions"}],"wp:featuredmedia":[{"embeddable":true,"href":"https:\/\/elmawkie.dz\/fr\/wp-json\/wp\/v2\/media\/7677"}],"wp:attachment":[{"href":"https:\/\/elmawkie.dz\/fr\/wp-json\/wp\/v2\/media?parent=7676"}],"wp:term":[{"taxonomy":"category","embeddable":true,"href":"https:\/\/elmawkie.dz\/fr\/wp-json\/wp\/v2\/categories?post=7676"},{"taxonomy":"post_tag","embeddable":true,"href":"https:\/\/elmawkie.dz\/fr\/wp-json\/wp\/v2\/tags?post=7676"}],"curies":[{"name":"wp","href":"https:\/\/api.w.org\/{rel}","templated":true}]}}