{"id":7670,"date":"2025-01-04T21:28:23","date_gmt":"2025-01-04T20:28:23","guid":{"rendered":"https:\/\/elmawkie.dz\/fr\/?p=7670"},"modified":"2025-01-04T22:56:28","modified_gmt":"2025-01-04T21:56:28","slug":"augmentation-du-nombre-de-cas-de-dengue-au-paraguay","status":"publish","type":"post","link":"https:\/\/elmawkie.dz\/fr\/augmentation-du-nombre-de-cas-de-dengue-au-paraguay\/","title":{"rendered":"Augmentation du nombre de cas de dengue au Paraguay"},"content":{"rendered":"<p><strong><em>Le minist\u00e8re de la Sant\u00e9 publique du Paraguay a averti samedi que les cas suspects de dengue sont en forte augmentation dans certaines r\u00e9gions du pays, affirmant que le risque d&rsquo;introduction du s\u00e9rotype DENV-3 reste latent. Le minist\u00e8re a insist\u00e9 sur la n\u00e9cessit\u00e9 d&rsquo;entreprendre des actions visant \u00e0 \u00e9liminer les g\u00eetes larvaires des moustiques transmetteurs et de consulter imm\u00e9diatement en cas de sympt\u00f4mes. Selon le directeur g\u00e9n\u00e9ral de la Surveillance sanitaire, Andrea Ojeda, cit\u00e9 par IP Paraguay, malgr\u00e9 l&rsquo;augmentation des cas, une circulation virale significative n&rsquo;a pas encore \u00e9t\u00e9 enregistr\u00e9e au niveau du pays. Cependant, a-t-il pr\u00e9cis\u00e9, on signale au niveau r\u00e9gional des \u00e9pid\u00e9mies de dengue \u00ab\u00a0sans pr\u00e9c\u00e9dent\u00a0\u00bb, avec circulation des quatre s\u00e9rotypes, \u00ab\u00a0c&rsquo;est pourquoi il est recommand\u00e9 de ne pas baisser la garde, \u00e0 insister sur la signalisation rapide des cas et \u00e0 renforcer les actions de pr\u00e9vention et de contr\u00f4le vectoriel\u00a0\u00bb. Concernant la situation \u00e9pid\u00e9miologique, il a pr\u00e9cis\u00e9 que, jusqu&rsquo;\u00e0 pr\u00e9sent, Concepcion et Alto Paraguay sont les deux d\u00e9partements avec des foyers actifs de la maladie, dans lesquels pr\u00e9domine le s\u00e9rotype DENV-2. Il a exhort\u00e9 la population \u00e0 \u00e9liminer les g\u00eetes larvaires potentiels dans les maisons, les lieux de travail et les lieux de loisirs, en tenant compte notamment de l&rsquo;approche de la saison des pluies et des temp\u00e9ratures \u00e9lev\u00e9es.<\/em><\/strong><\/p>\n","protected":false},"excerpt":{"rendered":"<p>Le minist\u00e8re de la Sant\u00e9 publique du Paraguay a averti samedi que les cas suspects de dengue sont en forte augmentation dans certaines r\u00e9gions du pays, affirmant que le risque d&rsquo;introduction du s\u00e9rotype DENV-3 reste latent. Le minist\u00e8re a insist\u00e9 sur la n\u00e9cessit\u00e9 d&rsquo;entreprendre des actions visant \u00e0 \u00e9liminer les g\u00eetes larvaires des moustiques transmetteurs &hellip;<\/p>\n","protected":false},"author":9,"featured_media":7671,"comment_status":"open","ping_status":"open","sticky":false,"template":"","format":"standard","meta":{"footnotes":""},"categories":[44],"tags":[],"class_list":["post-7670","post","type-post","status-publish","format-standard","has-post-thumbnail","hentry","category-international"],"yoast_head":"<!-- This site is optimized with the Yoast SEO Premium plugin v22.6 (Yoast SEO v22.6) - https:\/\/yoast.com\/wordpress\/plugins\/seo\/ -->\n<title>Augmentation du nombre de cas de dengue au Paraguay - El Mawkie<\/title>\n<meta name=\"robots\" content=\"index, follow, max-snippet:-1, max-image-preview:large, max-video-preview:-1\" \/>\n<link rel=\"canonical\" href=\"https:\/\/elmawkie.dz\/fr\/augmentation-du-nombre-de-cas-de-dengue-au-paraguay\/\" \/>\n<meta property=\"og:locale\" content=\"fr_FR\" \/>\n<meta property=\"og:type\" content=\"article\" \/>\n<meta property=\"og:title\" content=\"Augmentation du nombre de cas de dengue au Paraguay\" \/>\n<meta property=\"og:description\" content=\"Le minist\u00e8re de la Sant\u00e9 publique du Paraguay a averti samedi que les cas suspects de dengue sont en forte augmentation dans certaines r\u00e9gions du pays, affirmant que le risque d&rsquo;introduction du s\u00e9rotype DENV-3 reste latent. Le minist\u00e8re a insist\u00e9 sur la n\u00e9cessit\u00e9 d&rsquo;entreprendre des actions visant \u00e0 \u00e9liminer les g\u00eetes larvaires des moustiques transmetteurs &hellip;\" \/>\n<meta property=\"og:url\" content=\"https:\/\/elmawkie.dz\/fr\/augmentation-du-nombre-de-cas-de-dengue-au-paraguay\/\" \/>\n<meta property=\"og:site_name\" content=\"El Mawkie\" \/>\n<meta property=\"article:publisher\" content=\"https:\/\/www.facebook.com\/profile.php?id=100088407094989&amp;locale=fr_FR\" \/>\n<meta property=\"article:published_time\" content=\"2025-01-04T20:28:23+00:00\" \/>\n<meta property=\"article:modified_time\" content=\"2025-01-04T21:56:28+00:00\" \/>\n<meta property=\"og:image\" content=\"https:\/\/elmawkie.dz\/fr\/wp-content\/uploads\/2025\/01\/IMG_7618.jpeg\" \/>\n\t<meta property=\"og:image:width\" content=\"737\" \/>\n\t<meta property=\"og:image:height\" content=\"416\" \/>\n\t<meta property=\"og:image:type\" content=\"image\/jpeg\" \/>\n<meta name=\"author\" content=\"R\u00e9daction\" \/>\n<meta name=\"twitter:card\" content=\"summary_large_image\" \/>\n<meta name=\"twitter:label1\" content=\"Written by\" \/>\n\t<meta name=\"twitter:data1\" content=\"R\u00e9daction\" \/>\n\t<meta name=\"twitter:label2\" content=\"Est. reading time\" \/>\n\t<meta name=\"twitter:data2\" content=\"1 minute\" \/>\n<script type=\"application\/ld+json\" class=\"yoast-schema-graph\">{\"@context\":\"https:\/\/schema.org\",\"@graph\":[{\"@type\":\"Article\",\"@id\":\"https:\/\/elmawkie.dz\/fr\/augmentation-du-nombre-de-cas-de-dengue-au-paraguay\/#article\",\"isPartOf\":{\"@id\":\"https:\/\/elmawkie.dz\/fr\/augmentation-du-nombre-de-cas-de-dengue-au-paraguay\/\"},\"author\":{\"name\":\"R\u00e9daction\",\"@id\":\"https:\/\/elmawkie.dz\/fr\/#\/schema\/person\/e7bd59d6467874ba5c4723d8a9f0a63c\"},\"headline\":\"Augmentation du nombre de cas de dengue au Paraguay\",\"datePublished\":\"2025-01-04T20:28:23+00:00\",\"dateModified\":\"2025-01-04T21:56:28+00:00\",\"mainEntityOfPage\":{\"@id\":\"https:\/\/elmawkie.dz\/fr\/augmentation-du-nombre-de-cas-de-dengue-au-paraguay\/\"},\"wordCount\":251,\"commentCount\":0,\"publisher\":{\"@id\":\"https:\/\/elmawkie.dz\/fr\/#organization\"},\"image\":{\"@id\":\"https:\/\/elmawkie.dz\/fr\/augmentation-du-nombre-de-cas-de-dengue-au-paraguay\/#primaryimage\"},\"thumbnailUrl\":\"https:\/\/elmawkie.dz\/fr\/wp-content\/uploads\/2025\/01\/IMG_7618.jpeg\",\"articleSection\":[\"International\"],\"inLanguage\":\"fr-FR\",\"potentialAction\":[{\"@type\":\"CommentAction\",\"name\":\"Comment\",\"target\":[\"https:\/\/elmawkie.dz\/fr\/augmentation-du-nombre-de-cas-de-dengue-au-paraguay\/#respond\"]}]},{\"@type\":\"WebPage\",\"@id\":\"https:\/\/elmawkie.dz\/fr\/augmentation-du-nombre-de-cas-de-dengue-au-paraguay\/\",\"url\":\"https:\/\/elmawkie.dz\/fr\/augmentation-du-nombre-de-cas-de-dengue-au-paraguay\/\",\"name\":\"Augmentation du nombre de cas de dengue au Paraguay - El Mawkie\",\"isPartOf\":{\"@id\":\"https:\/\/elmawkie.dz\/fr\/#website\"},\"primaryImageOfPage\":{\"@id\":\"https:\/\/elmawkie.dz\/fr\/augmentation-du-nombre-de-cas-de-dengue-au-paraguay\/#primaryimage\"},\"image\":{\"@id\":\"https:\/\/elmawkie.dz\/fr\/augmentation-du-nombre-de-cas-de-dengue-au-paraguay\/#primaryimage\"},\"thumbnailUrl\":\"https:\/\/elmawkie.dz\/fr\/wp-content\/uploads\/2025\/01\/IMG_7618.jpeg\",\"datePublished\":\"2025-01-04T20:28:23+00:00\",\"dateModified\":\"2025-01-04T21:56:28+00:00\",\"breadcrumb\":{\"@id\":\"https:\/\/elmawkie.dz\/fr\/augmentation-du-nombre-de-cas-de-dengue-au-paraguay\/#breadcrumb\"},\"inLanguage\":\"fr-FR\",\"potentialAction\":[{\"@type\":\"ReadAction\",\"target\":[\"https:\/\/elmawkie.dz\/fr\/augmentation-du-nombre-de-cas-de-dengue-au-paraguay\/\"]}]},{\"@type\":\"ImageObject\",\"inLanguage\":\"fr-FR\",\"@id\":\"https:\/\/elmawkie.dz\/fr\/augmentation-du-nombre-de-cas-de-dengue-au-paraguay\/#primaryimage\",\"url\":\"https:\/\/elmawkie.dz\/fr\/wp-content\/uploads\/2025\/01\/IMG_7618.jpeg\",\"contentUrl\":\"https:\/\/elmawkie.dz\/fr\/wp-content\/uploads\/2025\/01\/IMG_7618.jpeg\",\"width\":737,\"height\":416},{\"@type\":\"BreadcrumbList\",\"@id\":\"https:\/\/elmawkie.dz\/fr\/augmentation-du-nombre-de-cas-de-dengue-au-paraguay\/#breadcrumb\",\"itemListElement\":[{\"@type\":\"ListItem\",\"position\":1,\"name\":\"Home\",\"item\":\"https:\/\/elmawkie.dz\/fr\/\"},{\"@type\":\"ListItem\",\"position\":2,\"name\":\"Augmentation du nombre de cas de dengue au Paraguay\"}]},{\"@type\":\"WebSite\",\"@id\":\"https:\/\/elmawkie.dz\/fr\/#website\",\"url\":\"https:\/\/elmawkie.dz\/fr\/\",\"name\":\"EL MAWKIE\",\"description\":\"Journal \u00c9lectronique Alg\u00e9rien\",\"publisher\":{\"@id\":\"https:\/\/elmawkie.dz\/fr\/#organization\"},\"potentialAction\":[{\"@type\":\"SearchAction\",\"target\":{\"@type\":\"EntryPoint\",\"urlTemplate\":\"https:\/\/elmawkie.dz\/fr\/?s={search_term_string}\"},\"query-input\":\"required name=search_term_string\"}],\"inLanguage\":\"fr-FR\"},{\"@type\":\"Organization\",\"@id\":\"https:\/\/elmawkie.dz\/fr\/#organization\",\"name\":\"EL MAWKIE\",\"url\":\"https:\/\/elmawkie.dz\/fr\/\",\"logo\":{\"@type\":\"ImageObject\",\"inLanguage\":\"fr-FR\",\"@id\":\"https:\/\/elmawkie.dz\/fr\/#\/schema\/logo\/image\/\",\"url\":\"https:\/\/elmawkie.dz\/fr\/wp-content\/uploads\/2024\/05\/logo1.png\",\"contentUrl\":\"https:\/\/elmawkie.dz\/fr\/wp-content\/uploads\/2024\/05\/logo1.png\",\"width\":1648,\"height\":652,\"caption\":\"EL MAWKIE\"},\"image\":{\"@id\":\"https:\/\/elmawkie.dz\/fr\/#\/schema\/logo\/image\/\"},\"sameAs\":[\"https:\/\/www.facebook.com\/profile.php?id=100088407094989&locale=fr_FR\"]},{\"@type\":\"Person\",\"@id\":\"https:\/\/elmawkie.dz\/fr\/#\/schema\/person\/e7bd59d6467874ba5c4723d8a9f0a63c\",\"name\":\"R\u00e9daction\",\"image\":{\"@type\":\"ImageObject\",\"inLanguage\":\"fr-FR\",\"@id\":\"https:\/\/elmawkie.dz\/fr\/#\/schema\/person\/image\/\",\"url\":\"https:\/\/secure.gravatar.com\/avatar\/f0f773456344da4d2788c054a3d30a0c?s=96&d=mm&r=g\",\"contentUrl\":\"https:\/\/secure.gravatar.com\/avatar\/f0f773456344da4d2788c054a3d30a0c?s=96&d=mm&r=g\",\"caption\":\"R\u00e9daction\"},\"url\":\"https:\/\/elmawkie.dz\/fr\/author\/redaction\/\"}]}<\/script>\n<!-- \/ Yoast SEO Premium plugin. -->","yoast_head_json":{"title":"Augmentation du nombre de cas de dengue au Paraguay - El Mawkie","robots":{"index":"index","follow":"follow","max-snippet":"max-snippet:-1","max-image-preview":"max-image-preview:large","max-video-preview":"max-video-preview:-1"},"canonical":"https:\/\/elmawkie.dz\/fr\/augmentation-du-nombre-de-cas-de-dengue-au-paraguay\/","og_locale":"fr_FR","og_type":"article","og_title":"Augmentation du nombre de cas de dengue au Paraguay","og_description":"Le minist\u00e8re de la Sant\u00e9 publique du Paraguay a averti samedi que les cas suspects de dengue sont en forte augmentation dans certaines r\u00e9gions du pays, affirmant que le risque d&rsquo;introduction du s\u00e9rotype DENV-3 reste latent. Le minist\u00e8re a insist\u00e9 sur la n\u00e9cessit\u00e9 d&rsquo;entreprendre des actions visant \u00e0 \u00e9liminer les g\u00eetes larvaires des moustiques transmetteurs &hellip;","og_url":"https:\/\/elmawkie.dz\/fr\/augmentation-du-nombre-de-cas-de-dengue-au-paraguay\/","og_site_name":"El Mawkie","article_publisher":"https:\/\/www.facebook.com\/profile.php?id=100088407094989&locale=fr_FR","article_published_time":"2025-01-04T20:28:23+00:00","article_modified_time":"2025-01-04T21:56:28+00:00","og_image":[{"width":737,"height":416,"url":"https:\/\/elmawkie.dz\/fr\/wp-content\/uploads\/2025\/01\/IMG_7618.jpeg","type":"image\/jpeg"}],"author":"R\u00e9daction","twitter_card":"summary_large_image","twitter_misc":{"Written by":"R\u00e9daction","Est. reading time":"1 minute"},"schema":{"@context":"https:\/\/schema.org","@graph":[{"@type":"Article","@id":"https:\/\/elmawkie.dz\/fr\/augmentation-du-nombre-de-cas-de-dengue-au-paraguay\/#article","isPartOf":{"@id":"https:\/\/elmawkie.dz\/fr\/augmentation-du-nombre-de-cas-de-dengue-au-paraguay\/"},"author":{"name":"R\u00e9daction","@id":"https:\/\/elmawkie.dz\/fr\/#\/schema\/person\/e7bd59d6467874ba5c4723d8a9f0a63c"},"headline":"Augmentation du nombre de cas de dengue au Paraguay","datePublished":"2025-01-04T20:28:23+00:00","dateModified":"2025-01-04T21:56:28+00:00","mainEntityOfPage":{"@id":"https:\/\/elmawkie.dz\/fr\/augmentation-du-nombre-de-cas-de-dengue-au-paraguay\/"},"wordCount":251,"commentCount":0,"publisher":{"@id":"https:\/\/elmawkie.dz\/fr\/#organization"},"image":{"@id":"https:\/\/elmawkie.dz\/fr\/augmentation-du-nombre-de-cas-de-dengue-au-paraguay\/#primaryimage"},"thumbnailUrl":"https:\/\/elmawkie.dz\/fr\/wp-content\/uploads\/2025\/01\/IMG_7618.jpeg","articleSection":["International"],"inLanguage":"fr-FR","potentialAction":[{"@type":"CommentAction","name":"Comment","target":["https:\/\/elmawkie.dz\/fr\/augmentation-du-nombre-de-cas-de-dengue-au-paraguay\/#respond"]}]},{"@type":"WebPage","@id":"https:\/\/elmawkie.dz\/fr\/augmentation-du-nombre-de-cas-de-dengue-au-paraguay\/","url":"https:\/\/elmawkie.dz\/fr\/augmentation-du-nombre-de-cas-de-dengue-au-paraguay\/","name":"Augmentation du nombre de cas de dengue au Paraguay - El Mawkie","isPartOf":{"@id":"https:\/\/elmawkie.dz\/fr\/#website"},"primaryImageOfPage":{"@id":"https:\/\/elmawkie.dz\/fr\/augmentation-du-nombre-de-cas-de-dengue-au-paraguay\/#primaryimage"},"image":{"@id":"https:\/\/elmawkie.dz\/fr\/augmentation-du-nombre-de-cas-de-dengue-au-paraguay\/#primaryimage"},"thumbnailUrl":"https:\/\/elmawkie.dz\/fr\/wp-content\/uploads\/2025\/01\/IMG_7618.jpeg","datePublished":"2025-01-04T20:28:23+00:00","dateModified":"2025-01-04T21:56:28+00:00","breadcrumb":{"@id":"https:\/\/elmawkie.dz\/fr\/augmentation-du-nombre-de-cas-de-dengue-au-paraguay\/#breadcrumb"},"inLanguage":"fr-FR","potentialAction":[{"@type":"ReadAction","target":["https:\/\/elmawkie.dz\/fr\/augmentation-du-nombre-de-cas-de-dengue-au-paraguay\/"]}]},{"@type":"ImageObject","inLanguage":"fr-FR","@id":"https:\/\/elmawkie.dz\/fr\/augmentation-du-nombre-de-cas-de-dengue-au-paraguay\/#primaryimage","url":"https:\/\/elmawkie.dz\/fr\/wp-content\/uploads\/2025\/01\/IMG_7618.jpeg","contentUrl":"https:\/\/elmawkie.dz\/fr\/wp-content\/uploads\/2025\/01\/IMG_7618.jpeg","width":737,"height":416},{"@type":"BreadcrumbList","@id":"https:\/\/elmawkie.dz\/fr\/augmentation-du-nombre-de-cas-de-dengue-au-paraguay\/#breadcrumb","itemListElement":[{"@type":"ListItem","position":1,"name":"Home","item":"https:\/\/elmawkie.dz\/fr\/"},{"@type":"ListItem","position":2,"name":"Augmentation du nombre de cas de dengue au Paraguay"}]},{"@type":"WebSite","@id":"https:\/\/elmawkie.dz\/fr\/#website","url":"https:\/\/elmawkie.dz\/fr\/","name":"EL MAWKIE","description":"Journal \u00c9lectronique Alg\u00e9rien","publisher":{"@id":"https:\/\/elmawkie.dz\/fr\/#organization"},"potentialAction":[{"@type":"SearchAction","target":{"@type":"EntryPoint","urlTemplate":"https:\/\/elmawkie.dz\/fr\/?s={search_term_string}"},"query-input":"required name=search_term_string"}],"inLanguage":"fr-FR"},{"@type":"Organization","@id":"https:\/\/elmawkie.dz\/fr\/#organization","name":"EL MAWKIE","url":"https:\/\/elmawkie.dz\/fr\/","logo":{"@type":"ImageObject","inLanguage":"fr-FR","@id":"https:\/\/elmawkie.dz\/fr\/#\/schema\/logo\/image\/","url":"https:\/\/elmawkie.dz\/fr\/wp-content\/uploads\/2024\/05\/logo1.png","contentUrl":"https:\/\/elmawkie.dz\/fr\/wp-content\/uploads\/2024\/05\/logo1.png","width":1648,"height":652,"caption":"EL MAWKIE"},"image":{"@id":"https:\/\/elmawkie.dz\/fr\/#\/schema\/logo\/image\/"},"sameAs":["https:\/\/www.facebook.com\/profile.php?id=100088407094989&locale=fr_FR"]},{"@type":"Person","@id":"https:\/\/elmawkie.dz\/fr\/#\/schema\/person\/e7bd59d6467874ba5c4723d8a9f0a63c","name":"R\u00e9daction","image":{"@type":"ImageObject","inLanguage":"fr-FR","@id":"https:\/\/elmawkie.dz\/fr\/#\/schema\/person\/image\/","url":"https:\/\/secure.gravatar.com\/avatar\/f0f773456344da4d2788c054a3d30a0c?s=96&d=mm&r=g","contentUrl":"https:\/\/secure.gravatar.com\/avatar\/f0f773456344da4d2788c054a3d30a0c?s=96&d=mm&r=g","caption":"R\u00e9daction"},"url":"https:\/\/elmawkie.dz\/fr\/author\/redaction\/"}]}},"_links":{"self":[{"href":"https:\/\/elmawkie.dz\/fr\/wp-json\/wp\/v2\/posts\/7670","targetHints":{"allow":["GET"]}}],"collection":[{"href":"https:\/\/elmawkie.dz\/fr\/wp-json\/wp\/v2\/posts"}],"about":[{"href":"https:\/\/elmawkie.dz\/fr\/wp-json\/wp\/v2\/types\/post"}],"author":[{"embeddable":true,"href":"https:\/\/elmawkie.dz\/fr\/wp-json\/wp\/v2\/users\/9"}],"replies":[{"embeddable":true,"href":"https:\/\/elmawkie.dz\/fr\/wp-json\/wp\/v2\/comments?post=7670"}],"version-history":[{"count":0,"href":"https:\/\/elmawkie.dz\/fr\/wp-json\/wp\/v2\/posts\/7670\/revisions"}],"wp:featuredmedia":[{"embeddable":true,"href":"https:\/\/elmawkie.dz\/fr\/wp-json\/wp\/v2\/media\/7671"}],"wp:attachment":[{"href":"https:\/\/elmawkie.dz\/fr\/wp-json\/wp\/v2\/media?parent=7670"}],"wp:term":[{"taxonomy":"category","embeddable":true,"href":"https:\/\/elmawkie.dz\/fr\/wp-json\/wp\/v2\/categories?post=7670"},{"taxonomy":"post_tag","embeddable":true,"href":"https:\/\/elmawkie.dz\/fr\/wp-json\/wp\/v2\/tags?post=7670"}],"curies":[{"name":"wp","href":"https:\/\/api.w.org\/{rel}","templated":true}]}}