{"id":7565,"date":"2024-12-30T17:08:16","date_gmt":"2024-12-30T16:08:16","guid":{"rendered":"https:\/\/elmawkie.dz\/fr\/?p=7565"},"modified":"2024-12-30T21:12:37","modified_gmt":"2024-12-30T20:12:37","slug":"amenagement-et-rehabilitation-de-trois-etablissements-relevant-du-secteur-de-la-solidarite-a-tissemsilt","status":"publish","type":"post","link":"https:\/\/elmawkie.dz\/fr\/amenagement-et-rehabilitation-de-trois-etablissements-relevant-du-secteur-de-la-solidarite-a-tissemsilt\/","title":{"rendered":"am\u00e9nagement et r\u00e9habilitation de trois \u00e9tablissements relevant du secteur de la solidarit\u00e9 \u00e0 Tissemsilt"},"content":{"rendered":"<p><strong><em>Trois op\u00e9rations de r\u00e9habilitation et d&rsquo;am\u00e9nagement d&rsquo;\u00e9tablissements relevant du secteur de la solidarit\u00e9 \u00e0 Tissemsilt ont \u00e9t\u00e9 achev\u00e9es, a-t-on appris lundi du directeur de l&rsquo;Action sociale et de la Solidarit\u00e9 (DASS) de la wilaya, Mohamed Boukhal. Le responsable a indiqu\u00e9, lors de la quatri\u00e8me session ordinaire de l&rsquo;Assembl\u00e9e populaire de wilaya (APW) consacr\u00e9e au secteur de la solidarit\u00e9, en pr\u00e9sence du wali de Tissemsilt, Fathi Bouzaid, que ces \u00ab\u00a0op\u00e9rations s&rsquo;inscrivent dans le cadre du programme compl\u00e9mentaire de d\u00e9veloppement accord\u00e9 par le pr\u00e9sident de la R\u00e9publique, M. Abdelmadjid Tebboune, \u00e0 la wilaya de Tissemsilt, dans sa composante relative \u00e0 la solidarit\u00e9 et \u00e0 l&rsquo;action sociale\u00a0\u00bb. Dans ce cadre, le Centre psychop\u00e9dagogique pour enfants handicap\u00e9s moteurs de la commune de Tissemsilt a \u00e9t\u00e9 r\u00e9ceptionn\u00e9 apr\u00e8s des travaux de r\u00e9novation et d&rsquo;am\u00e9nagement, a-t-il pr\u00e9cis\u00e9. Le Centre psychop\u00e9dagogique pour enfants handicap\u00e9s mentaux de la m\u00eame commune a \u00e9galement \u00e9t\u00e9 r\u00e9habilit\u00e9 et a vu certaines de ses infrastructures renouvel\u00e9es, a-t-il ajout\u00e9. En outre, le centre psychop\u00e9dagogique pour enfants handicap\u00e9s mentaux de la commune de Theniet El Had a \u00e9t\u00e9 r\u00e9ceptionn\u00e9, apr\u00e8s avoir b\u00e9n\u00e9fici\u00e9 d&rsquo;une op\u00e9ration similaire, a fait savoir M. Boukhal. Un budget d&rsquo;environ 9 millions de dinars a \u00e9t\u00e9 allou\u00e9 \u00e0 ces op\u00e9rations, selon le responsable. Le DASS de Tissemsilt a signal\u00e9, d&rsquo;autre part, que pr\u00e8s de 690 personnes souffrant de handicap dans la wilaya ont b\u00e9n\u00e9fici\u00e9, en 2024, d&rsquo;\u00e9quipements, notamment de fauteuils roulants et d&rsquo;appareils auditifs, relevant qu&rsquo;une enveloppe de plus de 7 millions de dinars a \u00e9t\u00e9 consacr\u00e9e \u00e0 cette op\u00e9ration. En outre, plus de 5.450 personnes en situation de handicap, dont des enfants, ont b\u00e9n\u00e9fici\u00e9 d&rsquo;aides en 2024, a-t-il rappel\u00e9.<\/em><\/strong><\/p>\n","protected":false},"excerpt":{"rendered":"<p>Trois op\u00e9rations de r\u00e9habilitation et d&rsquo;am\u00e9nagement d&rsquo;\u00e9tablissements relevant du secteur de la solidarit\u00e9 \u00e0 Tissemsilt ont \u00e9t\u00e9 achev\u00e9es, a-t-on appris lundi du directeur de l&rsquo;Action sociale et de la Solidarit\u00e9 (DASS) de la wilaya, Mohamed Boukhal. Le responsable a indiqu\u00e9, lors de la quatri\u00e8me session ordinaire de l&rsquo;Assembl\u00e9e populaire de wilaya (APW) consacr\u00e9e au secteur &hellip;<\/p>\n","protected":false},"author":9,"featured_media":7567,"comment_status":"open","ping_status":"open","sticky":false,"template":"","format":"standard","meta":{"footnotes":""},"categories":[50],"tags":[1928,1929,1931,288,1930],"class_list":["post-7565","post","type-post","status-publish","format-standard","has-post-thumbnail","hentry","category-region","tag-amenagement","tag-rehabilitation","tag-secteur-de-la-solidarite","tag-tissemsilt","tag-trois-etablissements"],"yoast_head":"<!-- This site is optimized with the Yoast SEO Premium plugin v22.6 (Yoast SEO v22.6) - https:\/\/yoast.com\/wordpress\/plugins\/seo\/ -->\n<title>am\u00e9nagement et r\u00e9habilitation de trois \u00e9tablissements relevant du secteur de la solidarit\u00e9 \u00e0 Tissemsilt - El Mawkie<\/title>\n<meta name=\"robots\" content=\"index, follow, max-snippet:-1, max-image-preview:large, max-video-preview:-1\" \/>\n<link rel=\"canonical\" href=\"https:\/\/elmawkie.dz\/fr\/amenagement-et-rehabilitation-de-trois-etablissements-relevant-du-secteur-de-la-solidarite-a-tissemsilt\/\" \/>\n<meta property=\"og:locale\" content=\"fr_FR\" \/>\n<meta property=\"og:type\" content=\"article\" \/>\n<meta property=\"og:title\" content=\"am\u00e9nagement et r\u00e9habilitation de trois \u00e9tablissements relevant du secteur de la solidarit\u00e9 \u00e0 Tissemsilt\" \/>\n<meta property=\"og:description\" content=\"Trois op\u00e9rations de r\u00e9habilitation et d&rsquo;am\u00e9nagement d&rsquo;\u00e9tablissements relevant du secteur de la solidarit\u00e9 \u00e0 Tissemsilt ont \u00e9t\u00e9 achev\u00e9es, a-t-on appris lundi du directeur de l&rsquo;Action sociale et de la Solidarit\u00e9 (DASS) de la wilaya, Mohamed Boukhal. Le responsable a indiqu\u00e9, lors de la quatri\u00e8me session ordinaire de l&rsquo;Assembl\u00e9e populaire de wilaya (APW) consacr\u00e9e au secteur &hellip;\" \/>\n<meta property=\"og:url\" content=\"https:\/\/elmawkie.dz\/fr\/amenagement-et-rehabilitation-de-trois-etablissements-relevant-du-secteur-de-la-solidarite-a-tissemsilt\/\" \/>\n<meta property=\"og:site_name\" content=\"El Mawkie\" \/>\n<meta property=\"article:publisher\" content=\"https:\/\/www.facebook.com\/profile.php?id=100088407094989&amp;locale=fr_FR\" \/>\n<meta property=\"article:published_time\" content=\"2024-12-30T16:08:16+00:00\" \/>\n<meta property=\"article:modified_time\" content=\"2024-12-30T20:12:37+00:00\" \/>\n<meta property=\"og:image\" content=\"https:\/\/elmawkie.dz\/fr\/wp-content\/uploads\/2024\/12\/IMG_7394.jpeg\" \/>\n\t<meta property=\"og:image:width\" content=\"2048\" \/>\n\t<meta property=\"og:image:height\" content=\"1536\" \/>\n\t<meta property=\"og:image:type\" content=\"image\/jpeg\" \/>\n<meta name=\"author\" content=\"R\u00e9daction\" \/>\n<meta name=\"twitter:card\" content=\"summary_large_image\" \/>\n<meta name=\"twitter:label1\" content=\"Written by\" \/>\n\t<meta name=\"twitter:data1\" content=\"R\u00e9daction\" \/>\n\t<meta name=\"twitter:label2\" content=\"Est. reading time\" \/>\n\t<meta name=\"twitter:data2\" content=\"1 minute\" \/>\n<script type=\"application\/ld+json\" class=\"yoast-schema-graph\">{\"@context\":\"https:\/\/schema.org\",\"@graph\":[{\"@type\":\"Article\",\"@id\":\"https:\/\/elmawkie.dz\/fr\/amenagement-et-rehabilitation-de-trois-etablissements-relevant-du-secteur-de-la-solidarite-a-tissemsilt\/#article\",\"isPartOf\":{\"@id\":\"https:\/\/elmawkie.dz\/fr\/amenagement-et-rehabilitation-de-trois-etablissements-relevant-du-secteur-de-la-solidarite-a-tissemsilt\/\"},\"author\":{\"name\":\"R\u00e9daction\",\"@id\":\"https:\/\/elmawkie.dz\/fr\/#\/schema\/person\/e7bd59d6467874ba5c4723d8a9f0a63c\"},\"headline\":\"am\u00e9nagement et r\u00e9habilitation de trois \u00e9tablissements relevant du secteur de la solidarit\u00e9 \u00e0 Tissemsilt\",\"datePublished\":\"2024-12-30T16:08:16+00:00\",\"dateModified\":\"2024-12-30T20:12:37+00:00\",\"mainEntityOfPage\":{\"@id\":\"https:\/\/elmawkie.dz\/fr\/amenagement-et-rehabilitation-de-trois-etablissements-relevant-du-secteur-de-la-solidarite-a-tissemsilt\/\"},\"wordCount\":326,\"commentCount\":0,\"publisher\":{\"@id\":\"https:\/\/elmawkie.dz\/fr\/#organization\"},\"image\":{\"@id\":\"https:\/\/elmawkie.dz\/fr\/amenagement-et-rehabilitation-de-trois-etablissements-relevant-du-secteur-de-la-solidarite-a-tissemsilt\/#primaryimage\"},\"thumbnailUrl\":\"https:\/\/elmawkie.dz\/fr\/wp-content\/uploads\/2024\/12\/IMG_7394.jpeg\",\"keywords\":[\"am\u00e9nagement\",\"r\u00e9habilitation\",\"secteur de la solidarit\u00e9\",\"Tissemsilt\",\"trois \u00e9tablissements\"],\"articleSection\":[\"R\u00e9gion\"],\"inLanguage\":\"fr-FR\",\"potentialAction\":[{\"@type\":\"CommentAction\",\"name\":\"Comment\",\"target\":[\"https:\/\/elmawkie.dz\/fr\/amenagement-et-rehabilitation-de-trois-etablissements-relevant-du-secteur-de-la-solidarite-a-tissemsilt\/#respond\"]}]},{\"@type\":\"WebPage\",\"@id\":\"https:\/\/elmawkie.dz\/fr\/amenagement-et-rehabilitation-de-trois-etablissements-relevant-du-secteur-de-la-solidarite-a-tissemsilt\/\",\"url\":\"https:\/\/elmawkie.dz\/fr\/amenagement-et-rehabilitation-de-trois-etablissements-relevant-du-secteur-de-la-solidarite-a-tissemsilt\/\",\"name\":\"am\u00e9nagement et r\u00e9habilitation de trois \u00e9tablissements relevant du secteur de la solidarit\u00e9 \u00e0 Tissemsilt - El Mawkie\",\"isPartOf\":{\"@id\":\"https:\/\/elmawkie.dz\/fr\/#website\"},\"primaryImageOfPage\":{\"@id\":\"https:\/\/elmawkie.dz\/fr\/amenagement-et-rehabilitation-de-trois-etablissements-relevant-du-secteur-de-la-solidarite-a-tissemsilt\/#primaryimage\"},\"image\":{\"@id\":\"https:\/\/elmawkie.dz\/fr\/amenagement-et-rehabilitation-de-trois-etablissements-relevant-du-secteur-de-la-solidarite-a-tissemsilt\/#primaryimage\"},\"thumbnailUrl\":\"https:\/\/elmawkie.dz\/fr\/wp-content\/uploads\/2024\/12\/IMG_7394.jpeg\",\"datePublished\":\"2024-12-30T16:08:16+00:00\",\"dateModified\":\"2024-12-30T20:12:37+00:00\",\"breadcrumb\":{\"@id\":\"https:\/\/elmawkie.dz\/fr\/amenagement-et-rehabilitation-de-trois-etablissements-relevant-du-secteur-de-la-solidarite-a-tissemsilt\/#breadcrumb\"},\"inLanguage\":\"fr-FR\",\"potentialAction\":[{\"@type\":\"ReadAction\",\"target\":[\"https:\/\/elmawkie.dz\/fr\/amenagement-et-rehabilitation-de-trois-etablissements-relevant-du-secteur-de-la-solidarite-a-tissemsilt\/\"]}]},{\"@type\":\"ImageObject\",\"inLanguage\":\"fr-FR\",\"@id\":\"https:\/\/elmawkie.dz\/fr\/amenagement-et-rehabilitation-de-trois-etablissements-relevant-du-secteur-de-la-solidarite-a-tissemsilt\/#primaryimage\",\"url\":\"https:\/\/elmawkie.dz\/fr\/wp-content\/uploads\/2024\/12\/IMG_7394.jpeg\",\"contentUrl\":\"https:\/\/elmawkie.dz\/fr\/wp-content\/uploads\/2024\/12\/IMG_7394.jpeg\",\"width\":2048,\"height\":1536},{\"@type\":\"BreadcrumbList\",\"@id\":\"https:\/\/elmawkie.dz\/fr\/amenagement-et-rehabilitation-de-trois-etablissements-relevant-du-secteur-de-la-solidarite-a-tissemsilt\/#breadcrumb\",\"itemListElement\":[{\"@type\":\"ListItem\",\"position\":1,\"name\":\"Home\",\"item\":\"https:\/\/elmawkie.dz\/fr\/\"},{\"@type\":\"ListItem\",\"position\":2,\"name\":\"am\u00e9nagement et r\u00e9habilitation de trois \u00e9tablissements relevant du secteur de la solidarit\u00e9 \u00e0 Tissemsilt\"}]},{\"@type\":\"WebSite\",\"@id\":\"https:\/\/elmawkie.dz\/fr\/#website\",\"url\":\"https:\/\/elmawkie.dz\/fr\/\",\"name\":\"EL MAWKIE\",\"description\":\"Journal \u00c9lectronique Alg\u00e9rien\",\"publisher\":{\"@id\":\"https:\/\/elmawkie.dz\/fr\/#organization\"},\"potentialAction\":[{\"@type\":\"SearchAction\",\"target\":{\"@type\":\"EntryPoint\",\"urlTemplate\":\"https:\/\/elmawkie.dz\/fr\/?s={search_term_string}\"},\"query-input\":\"required name=search_term_string\"}],\"inLanguage\":\"fr-FR\"},{\"@type\":\"Organization\",\"@id\":\"https:\/\/elmawkie.dz\/fr\/#organization\",\"name\":\"EL MAWKIE\",\"url\":\"https:\/\/elmawkie.dz\/fr\/\",\"logo\":{\"@type\":\"ImageObject\",\"inLanguage\":\"fr-FR\",\"@id\":\"https:\/\/elmawkie.dz\/fr\/#\/schema\/logo\/image\/\",\"url\":\"https:\/\/elmawkie.dz\/fr\/wp-content\/uploads\/2024\/05\/logo1.png\",\"contentUrl\":\"https:\/\/elmawkie.dz\/fr\/wp-content\/uploads\/2024\/05\/logo1.png\",\"width\":1648,\"height\":652,\"caption\":\"EL MAWKIE\"},\"image\":{\"@id\":\"https:\/\/elmawkie.dz\/fr\/#\/schema\/logo\/image\/\"},\"sameAs\":[\"https:\/\/www.facebook.com\/profile.php?id=100088407094989&locale=fr_FR\"]},{\"@type\":\"Person\",\"@id\":\"https:\/\/elmawkie.dz\/fr\/#\/schema\/person\/e7bd59d6467874ba5c4723d8a9f0a63c\",\"name\":\"R\u00e9daction\",\"image\":{\"@type\":\"ImageObject\",\"inLanguage\":\"fr-FR\",\"@id\":\"https:\/\/elmawkie.dz\/fr\/#\/schema\/person\/image\/\",\"url\":\"https:\/\/secure.gravatar.com\/avatar\/f0f773456344da4d2788c054a3d30a0c?s=96&d=mm&r=g\",\"contentUrl\":\"https:\/\/secure.gravatar.com\/avatar\/f0f773456344da4d2788c054a3d30a0c?s=96&d=mm&r=g\",\"caption\":\"R\u00e9daction\"},\"url\":\"https:\/\/elmawkie.dz\/fr\/author\/redaction\/\"}]}<\/script>\n<!-- \/ Yoast SEO Premium plugin. -->","yoast_head_json":{"title":"am\u00e9nagement et r\u00e9habilitation de trois \u00e9tablissements relevant du secteur de la solidarit\u00e9 \u00e0 Tissemsilt - El Mawkie","robots":{"index":"index","follow":"follow","max-snippet":"max-snippet:-1","max-image-preview":"max-image-preview:large","max-video-preview":"max-video-preview:-1"},"canonical":"https:\/\/elmawkie.dz\/fr\/amenagement-et-rehabilitation-de-trois-etablissements-relevant-du-secteur-de-la-solidarite-a-tissemsilt\/","og_locale":"fr_FR","og_type":"article","og_title":"am\u00e9nagement et r\u00e9habilitation de trois \u00e9tablissements relevant du secteur de la solidarit\u00e9 \u00e0 Tissemsilt","og_description":"Trois op\u00e9rations de r\u00e9habilitation et d&rsquo;am\u00e9nagement d&rsquo;\u00e9tablissements relevant du secteur de la solidarit\u00e9 \u00e0 Tissemsilt ont \u00e9t\u00e9 achev\u00e9es, a-t-on appris lundi du directeur de l&rsquo;Action sociale et de la Solidarit\u00e9 (DASS) de la wilaya, Mohamed Boukhal. Le responsable a indiqu\u00e9, lors de la quatri\u00e8me session ordinaire de l&rsquo;Assembl\u00e9e populaire de wilaya (APW) consacr\u00e9e au secteur &hellip;","og_url":"https:\/\/elmawkie.dz\/fr\/amenagement-et-rehabilitation-de-trois-etablissements-relevant-du-secteur-de-la-solidarite-a-tissemsilt\/","og_site_name":"El Mawkie","article_publisher":"https:\/\/www.facebook.com\/profile.php?id=100088407094989&locale=fr_FR","article_published_time":"2024-12-30T16:08:16+00:00","article_modified_time":"2024-12-30T20:12:37+00:00","og_image":[{"width":2048,"height":1536,"url":"https:\/\/elmawkie.dz\/fr\/wp-content\/uploads\/2024\/12\/IMG_7394.jpeg","type":"image\/jpeg"}],"author":"R\u00e9daction","twitter_card":"summary_large_image","twitter_misc":{"Written by":"R\u00e9daction","Est. reading time":"1 minute"},"schema":{"@context":"https:\/\/schema.org","@graph":[{"@type":"Article","@id":"https:\/\/elmawkie.dz\/fr\/amenagement-et-rehabilitation-de-trois-etablissements-relevant-du-secteur-de-la-solidarite-a-tissemsilt\/#article","isPartOf":{"@id":"https:\/\/elmawkie.dz\/fr\/amenagement-et-rehabilitation-de-trois-etablissements-relevant-du-secteur-de-la-solidarite-a-tissemsilt\/"},"author":{"name":"R\u00e9daction","@id":"https:\/\/elmawkie.dz\/fr\/#\/schema\/person\/e7bd59d6467874ba5c4723d8a9f0a63c"},"headline":"am\u00e9nagement et r\u00e9habilitation de trois \u00e9tablissements relevant du secteur de la solidarit\u00e9 \u00e0 Tissemsilt","datePublished":"2024-12-30T16:08:16+00:00","dateModified":"2024-12-30T20:12:37+00:00","mainEntityOfPage":{"@id":"https:\/\/elmawkie.dz\/fr\/amenagement-et-rehabilitation-de-trois-etablissements-relevant-du-secteur-de-la-solidarite-a-tissemsilt\/"},"wordCount":326,"commentCount":0,"publisher":{"@id":"https:\/\/elmawkie.dz\/fr\/#organization"},"image":{"@id":"https:\/\/elmawkie.dz\/fr\/amenagement-et-rehabilitation-de-trois-etablissements-relevant-du-secteur-de-la-solidarite-a-tissemsilt\/#primaryimage"},"thumbnailUrl":"https:\/\/elmawkie.dz\/fr\/wp-content\/uploads\/2024\/12\/IMG_7394.jpeg","keywords":["am\u00e9nagement","r\u00e9habilitation","secteur de la solidarit\u00e9","Tissemsilt","trois \u00e9tablissements"],"articleSection":["R\u00e9gion"],"inLanguage":"fr-FR","potentialAction":[{"@type":"CommentAction","name":"Comment","target":["https:\/\/elmawkie.dz\/fr\/amenagement-et-rehabilitation-de-trois-etablissements-relevant-du-secteur-de-la-solidarite-a-tissemsilt\/#respond"]}]},{"@type":"WebPage","@id":"https:\/\/elmawkie.dz\/fr\/amenagement-et-rehabilitation-de-trois-etablissements-relevant-du-secteur-de-la-solidarite-a-tissemsilt\/","url":"https:\/\/elmawkie.dz\/fr\/amenagement-et-rehabilitation-de-trois-etablissements-relevant-du-secteur-de-la-solidarite-a-tissemsilt\/","name":"am\u00e9nagement et r\u00e9habilitation de trois \u00e9tablissements relevant du secteur de la solidarit\u00e9 \u00e0 Tissemsilt - El Mawkie","isPartOf":{"@id":"https:\/\/elmawkie.dz\/fr\/#website"},"primaryImageOfPage":{"@id":"https:\/\/elmawkie.dz\/fr\/amenagement-et-rehabilitation-de-trois-etablissements-relevant-du-secteur-de-la-solidarite-a-tissemsilt\/#primaryimage"},"image":{"@id":"https:\/\/elmawkie.dz\/fr\/amenagement-et-rehabilitation-de-trois-etablissements-relevant-du-secteur-de-la-solidarite-a-tissemsilt\/#primaryimage"},"thumbnailUrl":"https:\/\/elmawkie.dz\/fr\/wp-content\/uploads\/2024\/12\/IMG_7394.jpeg","datePublished":"2024-12-30T16:08:16+00:00","dateModified":"2024-12-30T20:12:37+00:00","breadcrumb":{"@id":"https:\/\/elmawkie.dz\/fr\/amenagement-et-rehabilitation-de-trois-etablissements-relevant-du-secteur-de-la-solidarite-a-tissemsilt\/#breadcrumb"},"inLanguage":"fr-FR","potentialAction":[{"@type":"ReadAction","target":["https:\/\/elmawkie.dz\/fr\/amenagement-et-rehabilitation-de-trois-etablissements-relevant-du-secteur-de-la-solidarite-a-tissemsilt\/"]}]},{"@type":"ImageObject","inLanguage":"fr-FR","@id":"https:\/\/elmawkie.dz\/fr\/amenagement-et-rehabilitation-de-trois-etablissements-relevant-du-secteur-de-la-solidarite-a-tissemsilt\/#primaryimage","url":"https:\/\/elmawkie.dz\/fr\/wp-content\/uploads\/2024\/12\/IMG_7394.jpeg","contentUrl":"https:\/\/elmawkie.dz\/fr\/wp-content\/uploads\/2024\/12\/IMG_7394.jpeg","width":2048,"height":1536},{"@type":"BreadcrumbList","@id":"https:\/\/elmawkie.dz\/fr\/amenagement-et-rehabilitation-de-trois-etablissements-relevant-du-secteur-de-la-solidarite-a-tissemsilt\/#breadcrumb","itemListElement":[{"@type":"ListItem","position":1,"name":"Home","item":"https:\/\/elmawkie.dz\/fr\/"},{"@type":"ListItem","position":2,"name":"am\u00e9nagement et r\u00e9habilitation de trois \u00e9tablissements relevant du secteur de la solidarit\u00e9 \u00e0 Tissemsilt"}]},{"@type":"WebSite","@id":"https:\/\/elmawkie.dz\/fr\/#website","url":"https:\/\/elmawkie.dz\/fr\/","name":"EL MAWKIE","description":"Journal \u00c9lectronique Alg\u00e9rien","publisher":{"@id":"https:\/\/elmawkie.dz\/fr\/#organization"},"potentialAction":[{"@type":"SearchAction","target":{"@type":"EntryPoint","urlTemplate":"https:\/\/elmawkie.dz\/fr\/?s={search_term_string}"},"query-input":"required name=search_term_string"}],"inLanguage":"fr-FR"},{"@type":"Organization","@id":"https:\/\/elmawkie.dz\/fr\/#organization","name":"EL MAWKIE","url":"https:\/\/elmawkie.dz\/fr\/","logo":{"@type":"ImageObject","inLanguage":"fr-FR","@id":"https:\/\/elmawkie.dz\/fr\/#\/schema\/logo\/image\/","url":"https:\/\/elmawkie.dz\/fr\/wp-content\/uploads\/2024\/05\/logo1.png","contentUrl":"https:\/\/elmawkie.dz\/fr\/wp-content\/uploads\/2024\/05\/logo1.png","width":1648,"height":652,"caption":"EL MAWKIE"},"image":{"@id":"https:\/\/elmawkie.dz\/fr\/#\/schema\/logo\/image\/"},"sameAs":["https:\/\/www.facebook.com\/profile.php?id=100088407094989&locale=fr_FR"]},{"@type":"Person","@id":"https:\/\/elmawkie.dz\/fr\/#\/schema\/person\/e7bd59d6467874ba5c4723d8a9f0a63c","name":"R\u00e9daction","image":{"@type":"ImageObject","inLanguage":"fr-FR","@id":"https:\/\/elmawkie.dz\/fr\/#\/schema\/person\/image\/","url":"https:\/\/secure.gravatar.com\/avatar\/f0f773456344da4d2788c054a3d30a0c?s=96&d=mm&r=g","contentUrl":"https:\/\/secure.gravatar.com\/avatar\/f0f773456344da4d2788c054a3d30a0c?s=96&d=mm&r=g","caption":"R\u00e9daction"},"url":"https:\/\/elmawkie.dz\/fr\/author\/redaction\/"}]}},"_links":{"self":[{"href":"https:\/\/elmawkie.dz\/fr\/wp-json\/wp\/v2\/posts\/7565","targetHints":{"allow":["GET"]}}],"collection":[{"href":"https:\/\/elmawkie.dz\/fr\/wp-json\/wp\/v2\/posts"}],"about":[{"href":"https:\/\/elmawkie.dz\/fr\/wp-json\/wp\/v2\/types\/post"}],"author":[{"embeddable":true,"href":"https:\/\/elmawkie.dz\/fr\/wp-json\/wp\/v2\/users\/9"}],"replies":[{"embeddable":true,"href":"https:\/\/elmawkie.dz\/fr\/wp-json\/wp\/v2\/comments?post=7565"}],"version-history":[{"count":0,"href":"https:\/\/elmawkie.dz\/fr\/wp-json\/wp\/v2\/posts\/7565\/revisions"}],"wp:featuredmedia":[{"embeddable":true,"href":"https:\/\/elmawkie.dz\/fr\/wp-json\/wp\/v2\/media\/7567"}],"wp:attachment":[{"href":"https:\/\/elmawkie.dz\/fr\/wp-json\/wp\/v2\/media?parent=7565"}],"wp:term":[{"taxonomy":"category","embeddable":true,"href":"https:\/\/elmawkie.dz\/fr\/wp-json\/wp\/v2\/categories?post=7565"},{"taxonomy":"post_tag","embeddable":true,"href":"https:\/\/elmawkie.dz\/fr\/wp-json\/wp\/v2\/tags?post=7565"}],"curies":[{"name":"wp","href":"https:\/\/api.w.org\/{rel}","templated":true}]}}