{"id":7482,"date":"2024-12-26T14:37:56","date_gmt":"2024-12-26T13:37:56","guid":{"rendered":"https:\/\/elmawkie.dz\/fr\/?p=7482"},"modified":"2024-12-26T20:30:38","modified_gmt":"2024-12-26T19:30:38","slug":"le-ministre-de-leducation-sengage-a-lutter-contre-le-phenomene-des-cours-particuliers-en-algerie","status":"publish","type":"post","link":"https:\/\/elmawkie.dz\/fr\/le-ministre-de-leducation-sengage-a-lutter-contre-le-phenomene-des-cours-particuliers-en-algerie\/","title":{"rendered":"Le ministre de l&rsquo;\u00c9ducation s&rsquo;engage \u00e0 lutter contre le ph\u00e9nom\u00e8ne des cours particuliers en Alg\u00e9rie"},"content":{"rendered":"<p><strong><em>Le ministre de l&rsquo;\u00c9ducation nationale, Mohamed Sghir Saadoui, s&rsquo;est exprim\u00e9 ce jeudi en d\u00e9tail sur la probl\u00e9matique des cours particuliers, un ph\u00e9nom\u00e8ne qui a pris une ampleur consid\u00e9rable dans le syst\u00e8me \u00e9ducatif alg\u00e9rien. Lors d&rsquo;une s\u00e9ance \u00e0 l\u2019assembl\u00e9e populaire antionale (APN), il a affirm\u00e9 que le minist\u00e8re travaille activement pour garantir la qualit\u00e9 de l&rsquo;enseignement dans les \u00e9coles publiques.<\/em><\/strong><\/p>\n<p><strong><em>En effet, dans sa r\u00e9ponse \u00e0 une question pos\u00e9e par un d\u00e9put\u00e9, le ministre a soulign\u00e9 : \u00ab Lorsqu\u2019un \u00e9l\u00e8ve se tourne vers les cours particuliers, cela refl\u00e8te un probl\u00e8me\u00bb. \u00a0Ces propos mettent en lumi\u00e8re la n\u00e9cessit\u00e9 de s\u2019attaquer aux causes profondes de ce ph\u00e9nom\u00e8ne, qui compromettent le r\u00f4le fondamental de l\u2019\u00e9cole en tant que lieu d\u2019apprentissage accessible \u00e0 tous.<\/em><\/strong><\/p>\n<p><strong><em>Mohamed Sghir Saadoui a \u00e9galement expliqu\u00e9 que la r\u00e9vision du statut particulier des enseignants ainsi que l\u2019am\u00e9lioration de leurs conditions mat\u00e9rielles sont des \u00e9tapes essentielles pour endiguer ce fl\u00e9au. \u00ab Le statut de l&rsquo;enseignant et l\u2019am\u00e9lioration de son niveau de vie contribueront \u00e0 combattre le ph\u00e9nom\u00e8ne des cours particuliers et \u00e0 pr\u00e9server l\u2019\u00e9cole publique \u00bb, a-t-il affirm\u00e9.<\/em><\/strong><\/p>\n<p><strong><em>Il a poursuivi en pr\u00e9cisant : \u00ab Si un enseignant se tourne vers les cours particuliers, c\u2019est souvent pour des raisons financi\u00e8res. L\u2019am\u00e9lioration de son niveau de vie sera donc une r\u00e9ponse efficace \u00e0 ce probl\u00e8me\u00bb.<\/em><\/strong><\/p>\n<p><strong><em>Cette d\u00e9claration refl\u00e8te donc une volont\u00e9 de r\u00e9former en profondeur le syst\u00e8me \u00e9ducatif alg\u00e9rien, en mettant l\u2019accent sur la valorisation des enseignants et sur la restauration de la mission premi\u00e8re de l\u2019\u00e9cole publique : offrir un enseignement de qualit\u00e9, \u00e9quitable et gratuit.<\/em><\/strong><\/p>\n<p><strong><em>Le ministre n\u2019a pas manqu\u00e9 de rappeler l\u2019importance d\u2019un engagement collectif pour renforcer le r\u00f4le de l\u2019\u00e9cole publique et r\u00e9duire la d\u00e9pendance aux cours particuliers, qui exacerbent les in\u00e9galit\u00e9s sociales et \u00e9rodent la confiance des familles dans le syst\u00e8me \u00e9ducatif national.<\/em><\/strong><\/p>\n","protected":false},"excerpt":{"rendered":"<p>Le ministre de l&rsquo;\u00c9ducation nationale, Mohamed Sghir Saadoui, s&rsquo;est exprim\u00e9 ce jeudi en d\u00e9tail sur la probl\u00e9matique des cours particuliers, un ph\u00e9nom\u00e8ne qui a pris une ampleur consid\u00e9rable dans le syst\u00e8me \u00e9ducatif alg\u00e9rien. Lors d&rsquo;une s\u00e9ance \u00e0 l\u2019assembl\u00e9e populaire antionale (APN), il a affirm\u00e9 que le minist\u00e8re travaille activement pour garantir la qualit\u00e9 de l&rsquo;enseignement &hellip;<\/p>\n","protected":false},"author":8,"featured_media":7486,"comment_status":"open","ping_status":"open","sticky":false,"template":"","format":"standard","meta":{"footnotes":""},"categories":[47],"tags":[1875,866,1874,1873],"class_list":["post-7482","post","type-post","status-publish","format-standard","has-post-thumbnail","hentry","category-national","tag-cours-particuliers","tag-lutte","tag-ministre-de-leducation","tag-mohamed-sghir-saadoui"],"yoast_head":"<!-- This site is optimized with the Yoast SEO Premium plugin v22.6 (Yoast SEO v22.6) - https:\/\/yoast.com\/wordpress\/plugins\/seo\/ -->\n<title>Le ministre de l&#039;\u00c9ducation s&#039;engage \u00e0 lutter contre le ph\u00e9nom\u00e8ne des cours particuliers en Alg\u00e9rie - El Mawkie<\/title>\n<meta name=\"robots\" content=\"index, follow, max-snippet:-1, max-image-preview:large, max-video-preview:-1\" \/>\n<link rel=\"canonical\" href=\"https:\/\/elmawkie.dz\/fr\/le-ministre-de-leducation-sengage-a-lutter-contre-le-phenomene-des-cours-particuliers-en-algerie\/\" \/>\n<meta property=\"og:locale\" content=\"fr_FR\" \/>\n<meta property=\"og:type\" content=\"article\" \/>\n<meta property=\"og:title\" content=\"Le ministre de l&#039;\u00c9ducation s&#039;engage \u00e0 lutter contre le ph\u00e9nom\u00e8ne des cours particuliers en Alg\u00e9rie\" \/>\n<meta property=\"og:description\" content=\"Le ministre de l&rsquo;\u00c9ducation nationale, Mohamed Sghir Saadoui, s&rsquo;est exprim\u00e9 ce jeudi en d\u00e9tail sur la probl\u00e9matique des cours particuliers, un ph\u00e9nom\u00e8ne qui a pris une ampleur consid\u00e9rable dans le syst\u00e8me \u00e9ducatif alg\u00e9rien. Lors d&rsquo;une s\u00e9ance \u00e0 l\u2019assembl\u00e9e populaire antionale (APN), il a affirm\u00e9 que le minist\u00e8re travaille activement pour garantir la qualit\u00e9 de l&rsquo;enseignement &hellip;\" \/>\n<meta property=\"og:url\" content=\"https:\/\/elmawkie.dz\/fr\/le-ministre-de-leducation-sengage-a-lutter-contre-le-phenomene-des-cours-particuliers-en-algerie\/\" \/>\n<meta property=\"og:site_name\" content=\"El Mawkie\" \/>\n<meta property=\"article:publisher\" content=\"https:\/\/www.facebook.com\/profile.php?id=100088407094989&amp;locale=fr_FR\" \/>\n<meta property=\"article:published_time\" content=\"2024-12-26T13:37:56+00:00\" \/>\n<meta property=\"article:modified_time\" content=\"2024-12-26T19:30:38+00:00\" \/>\n<meta property=\"og:image\" content=\"https:\/\/elmawkie.dz\/fr\/wp-content\/uploads\/2024\/12\/8391a9a6-e0ba-4f1c-ad1f-5093840c2c6b.jpeg\" \/>\n\t<meta property=\"og:image:width\" content=\"1280\" \/>\n\t<meta property=\"og:image:height\" content=\"720\" \/>\n\t<meta property=\"og:image:type\" content=\"image\/jpeg\" \/>\n<meta name=\"author\" content=\"khayro\" \/>\n<meta name=\"twitter:card\" content=\"summary_large_image\" \/>\n<meta name=\"twitter:label1\" content=\"Written by\" \/>\n\t<meta name=\"twitter:data1\" content=\"khayro\" \/>\n\t<meta name=\"twitter:label2\" content=\"Est. reading time\" \/>\n\t<meta name=\"twitter:data2\" content=\"2 minutes\" \/>\n<script type=\"application\/ld+json\" class=\"yoast-schema-graph\">{\"@context\":\"https:\/\/schema.org\",\"@graph\":[{\"@type\":\"Article\",\"@id\":\"https:\/\/elmawkie.dz\/fr\/le-ministre-de-leducation-sengage-a-lutter-contre-le-phenomene-des-cours-particuliers-en-algerie\/#article\",\"isPartOf\":{\"@id\":\"https:\/\/elmawkie.dz\/fr\/le-ministre-de-leducation-sengage-a-lutter-contre-le-phenomene-des-cours-particuliers-en-algerie\/\"},\"author\":{\"name\":\"khayro\",\"@id\":\"https:\/\/elmawkie.dz\/fr\/#\/schema\/person\/15cb7eba76e08e2d2d0ad4b4c4fbb6cb\"},\"headline\":\"Le ministre de l&rsquo;\u00c9ducation s&rsquo;engage \u00e0 lutter contre le ph\u00e9nom\u00e8ne des cours particuliers en Alg\u00e9rie\",\"datePublished\":\"2024-12-26T13:37:56+00:00\",\"dateModified\":\"2024-12-26T19:30:38+00:00\",\"mainEntityOfPage\":{\"@id\":\"https:\/\/elmawkie.dz\/fr\/le-ministre-de-leducation-sengage-a-lutter-contre-le-phenomene-des-cours-particuliers-en-algerie\/\"},\"wordCount\":368,\"commentCount\":0,\"publisher\":{\"@id\":\"https:\/\/elmawkie.dz\/fr\/#organization\"},\"image\":{\"@id\":\"https:\/\/elmawkie.dz\/fr\/le-ministre-de-leducation-sengage-a-lutter-contre-le-phenomene-des-cours-particuliers-en-algerie\/#primaryimage\"},\"thumbnailUrl\":\"https:\/\/elmawkie.dz\/fr\/wp-content\/uploads\/2024\/12\/8391a9a6-e0ba-4f1c-ad1f-5093840c2c6b.jpeg\",\"keywords\":[\"cours particuliers\",\"lutte\",\"ministre de l'\u00e9ducation\",\"Mohamed Sghir Saadoui\"],\"articleSection\":[\"National\"],\"inLanguage\":\"fr-FR\",\"potentialAction\":[{\"@type\":\"CommentAction\",\"name\":\"Comment\",\"target\":[\"https:\/\/elmawkie.dz\/fr\/le-ministre-de-leducation-sengage-a-lutter-contre-le-phenomene-des-cours-particuliers-en-algerie\/#respond\"]}]},{\"@type\":\"WebPage\",\"@id\":\"https:\/\/elmawkie.dz\/fr\/le-ministre-de-leducation-sengage-a-lutter-contre-le-phenomene-des-cours-particuliers-en-algerie\/\",\"url\":\"https:\/\/elmawkie.dz\/fr\/le-ministre-de-leducation-sengage-a-lutter-contre-le-phenomene-des-cours-particuliers-en-algerie\/\",\"name\":\"Le ministre de l'\u00c9ducation s'engage \u00e0 lutter contre le ph\u00e9nom\u00e8ne des cours particuliers en Alg\u00e9rie - El Mawkie\",\"isPartOf\":{\"@id\":\"https:\/\/elmawkie.dz\/fr\/#website\"},\"primaryImageOfPage\":{\"@id\":\"https:\/\/elmawkie.dz\/fr\/le-ministre-de-leducation-sengage-a-lutter-contre-le-phenomene-des-cours-particuliers-en-algerie\/#primaryimage\"},\"image\":{\"@id\":\"https:\/\/elmawkie.dz\/fr\/le-ministre-de-leducation-sengage-a-lutter-contre-le-phenomene-des-cours-particuliers-en-algerie\/#primaryimage\"},\"thumbnailUrl\":\"https:\/\/elmawkie.dz\/fr\/wp-content\/uploads\/2024\/12\/8391a9a6-e0ba-4f1c-ad1f-5093840c2c6b.jpeg\",\"datePublished\":\"2024-12-26T13:37:56+00:00\",\"dateModified\":\"2024-12-26T19:30:38+00:00\",\"breadcrumb\":{\"@id\":\"https:\/\/elmawkie.dz\/fr\/le-ministre-de-leducation-sengage-a-lutter-contre-le-phenomene-des-cours-particuliers-en-algerie\/#breadcrumb\"},\"inLanguage\":\"fr-FR\",\"potentialAction\":[{\"@type\":\"ReadAction\",\"target\":[\"https:\/\/elmawkie.dz\/fr\/le-ministre-de-leducation-sengage-a-lutter-contre-le-phenomene-des-cours-particuliers-en-algerie\/\"]}]},{\"@type\":\"ImageObject\",\"inLanguage\":\"fr-FR\",\"@id\":\"https:\/\/elmawkie.dz\/fr\/le-ministre-de-leducation-sengage-a-lutter-contre-le-phenomene-des-cours-particuliers-en-algerie\/#primaryimage\",\"url\":\"https:\/\/elmawkie.dz\/fr\/wp-content\/uploads\/2024\/12\/8391a9a6-e0ba-4f1c-ad1f-5093840c2c6b.jpeg\",\"contentUrl\":\"https:\/\/elmawkie.dz\/fr\/wp-content\/uploads\/2024\/12\/8391a9a6-e0ba-4f1c-ad1f-5093840c2c6b.jpeg\",\"width\":1280,\"height\":720},{\"@type\":\"BreadcrumbList\",\"@id\":\"https:\/\/elmawkie.dz\/fr\/le-ministre-de-leducation-sengage-a-lutter-contre-le-phenomene-des-cours-particuliers-en-algerie\/#breadcrumb\",\"itemListElement\":[{\"@type\":\"ListItem\",\"position\":1,\"name\":\"Home\",\"item\":\"https:\/\/elmawkie.dz\/fr\/\"},{\"@type\":\"ListItem\",\"position\":2,\"name\":\"Le ministre de l&rsquo;\u00c9ducation s&rsquo;engage \u00e0 lutter contre le ph\u00e9nom\u00e8ne des cours particuliers en Alg\u00e9rie\"}]},{\"@type\":\"WebSite\",\"@id\":\"https:\/\/elmawkie.dz\/fr\/#website\",\"url\":\"https:\/\/elmawkie.dz\/fr\/\",\"name\":\"EL MAWKIE\",\"description\":\"Journal \u00c9lectronique Alg\u00e9rien\",\"publisher\":{\"@id\":\"https:\/\/elmawkie.dz\/fr\/#organization\"},\"potentialAction\":[{\"@type\":\"SearchAction\",\"target\":{\"@type\":\"EntryPoint\",\"urlTemplate\":\"https:\/\/elmawkie.dz\/fr\/?s={search_term_string}\"},\"query-input\":\"required name=search_term_string\"}],\"inLanguage\":\"fr-FR\"},{\"@type\":\"Organization\",\"@id\":\"https:\/\/elmawkie.dz\/fr\/#organization\",\"name\":\"EL MAWKIE\",\"url\":\"https:\/\/elmawkie.dz\/fr\/\",\"logo\":{\"@type\":\"ImageObject\",\"inLanguage\":\"fr-FR\",\"@id\":\"https:\/\/elmawkie.dz\/fr\/#\/schema\/logo\/image\/\",\"url\":\"https:\/\/elmawkie.dz\/fr\/wp-content\/uploads\/2024\/05\/logo1.png\",\"contentUrl\":\"https:\/\/elmawkie.dz\/fr\/wp-content\/uploads\/2024\/05\/logo1.png\",\"width\":1648,\"height\":652,\"caption\":\"EL MAWKIE\"},\"image\":{\"@id\":\"https:\/\/elmawkie.dz\/fr\/#\/schema\/logo\/image\/\"},\"sameAs\":[\"https:\/\/www.facebook.com\/profile.php?id=100088407094989&locale=fr_FR\"]},{\"@type\":\"Person\",\"@id\":\"https:\/\/elmawkie.dz\/fr\/#\/schema\/person\/15cb7eba76e08e2d2d0ad4b4c4fbb6cb\",\"name\":\"khayro\",\"image\":{\"@type\":\"ImageObject\",\"inLanguage\":\"fr-FR\",\"@id\":\"https:\/\/elmawkie.dz\/fr\/#\/schema\/person\/image\/\",\"url\":\"https:\/\/secure.gravatar.com\/avatar\/5d609f726f02f77f0ff2a1483fc81992?s=96&d=mm&r=g\",\"contentUrl\":\"https:\/\/secure.gravatar.com\/avatar\/5d609f726f02f77f0ff2a1483fc81992?s=96&d=mm&r=g\",\"caption\":\"khayro\"},\"url\":\"https:\/\/elmawkie.dz\/fr\/author\/khayro\/\"}]}<\/script>\n<!-- \/ Yoast SEO Premium plugin. -->","yoast_head_json":{"title":"Le ministre de l'\u00c9ducation s'engage \u00e0 lutter contre le ph\u00e9nom\u00e8ne des cours particuliers en Alg\u00e9rie - El Mawkie","robots":{"index":"index","follow":"follow","max-snippet":"max-snippet:-1","max-image-preview":"max-image-preview:large","max-video-preview":"max-video-preview:-1"},"canonical":"https:\/\/elmawkie.dz\/fr\/le-ministre-de-leducation-sengage-a-lutter-contre-le-phenomene-des-cours-particuliers-en-algerie\/","og_locale":"fr_FR","og_type":"article","og_title":"Le ministre de l'\u00c9ducation s'engage \u00e0 lutter contre le ph\u00e9nom\u00e8ne des cours particuliers en Alg\u00e9rie","og_description":"Le ministre de l&rsquo;\u00c9ducation nationale, Mohamed Sghir Saadoui, s&rsquo;est exprim\u00e9 ce jeudi en d\u00e9tail sur la probl\u00e9matique des cours particuliers, un ph\u00e9nom\u00e8ne qui a pris une ampleur consid\u00e9rable dans le syst\u00e8me \u00e9ducatif alg\u00e9rien. Lors d&rsquo;une s\u00e9ance \u00e0 l\u2019assembl\u00e9e populaire antionale (APN), il a affirm\u00e9 que le minist\u00e8re travaille activement pour garantir la qualit\u00e9 de l&rsquo;enseignement &hellip;","og_url":"https:\/\/elmawkie.dz\/fr\/le-ministre-de-leducation-sengage-a-lutter-contre-le-phenomene-des-cours-particuliers-en-algerie\/","og_site_name":"El Mawkie","article_publisher":"https:\/\/www.facebook.com\/profile.php?id=100088407094989&locale=fr_FR","article_published_time":"2024-12-26T13:37:56+00:00","article_modified_time":"2024-12-26T19:30:38+00:00","og_image":[{"width":1280,"height":720,"url":"https:\/\/elmawkie.dz\/fr\/wp-content\/uploads\/2024\/12\/8391a9a6-e0ba-4f1c-ad1f-5093840c2c6b.jpeg","type":"image\/jpeg"}],"author":"khayro","twitter_card":"summary_large_image","twitter_misc":{"Written by":"khayro","Est. reading time":"2 minutes"},"schema":{"@context":"https:\/\/schema.org","@graph":[{"@type":"Article","@id":"https:\/\/elmawkie.dz\/fr\/le-ministre-de-leducation-sengage-a-lutter-contre-le-phenomene-des-cours-particuliers-en-algerie\/#article","isPartOf":{"@id":"https:\/\/elmawkie.dz\/fr\/le-ministre-de-leducation-sengage-a-lutter-contre-le-phenomene-des-cours-particuliers-en-algerie\/"},"author":{"name":"khayro","@id":"https:\/\/elmawkie.dz\/fr\/#\/schema\/person\/15cb7eba76e08e2d2d0ad4b4c4fbb6cb"},"headline":"Le ministre de l&rsquo;\u00c9ducation s&rsquo;engage \u00e0 lutter contre le ph\u00e9nom\u00e8ne des cours particuliers en Alg\u00e9rie","datePublished":"2024-12-26T13:37:56+00:00","dateModified":"2024-12-26T19:30:38+00:00","mainEntityOfPage":{"@id":"https:\/\/elmawkie.dz\/fr\/le-ministre-de-leducation-sengage-a-lutter-contre-le-phenomene-des-cours-particuliers-en-algerie\/"},"wordCount":368,"commentCount":0,"publisher":{"@id":"https:\/\/elmawkie.dz\/fr\/#organization"},"image":{"@id":"https:\/\/elmawkie.dz\/fr\/le-ministre-de-leducation-sengage-a-lutter-contre-le-phenomene-des-cours-particuliers-en-algerie\/#primaryimage"},"thumbnailUrl":"https:\/\/elmawkie.dz\/fr\/wp-content\/uploads\/2024\/12\/8391a9a6-e0ba-4f1c-ad1f-5093840c2c6b.jpeg","keywords":["cours particuliers","lutte","ministre de l'\u00e9ducation","Mohamed Sghir Saadoui"],"articleSection":["National"],"inLanguage":"fr-FR","potentialAction":[{"@type":"CommentAction","name":"Comment","target":["https:\/\/elmawkie.dz\/fr\/le-ministre-de-leducation-sengage-a-lutter-contre-le-phenomene-des-cours-particuliers-en-algerie\/#respond"]}]},{"@type":"WebPage","@id":"https:\/\/elmawkie.dz\/fr\/le-ministre-de-leducation-sengage-a-lutter-contre-le-phenomene-des-cours-particuliers-en-algerie\/","url":"https:\/\/elmawkie.dz\/fr\/le-ministre-de-leducation-sengage-a-lutter-contre-le-phenomene-des-cours-particuliers-en-algerie\/","name":"Le ministre de l'\u00c9ducation s'engage \u00e0 lutter contre le ph\u00e9nom\u00e8ne des cours particuliers en Alg\u00e9rie - El Mawkie","isPartOf":{"@id":"https:\/\/elmawkie.dz\/fr\/#website"},"primaryImageOfPage":{"@id":"https:\/\/elmawkie.dz\/fr\/le-ministre-de-leducation-sengage-a-lutter-contre-le-phenomene-des-cours-particuliers-en-algerie\/#primaryimage"},"image":{"@id":"https:\/\/elmawkie.dz\/fr\/le-ministre-de-leducation-sengage-a-lutter-contre-le-phenomene-des-cours-particuliers-en-algerie\/#primaryimage"},"thumbnailUrl":"https:\/\/elmawkie.dz\/fr\/wp-content\/uploads\/2024\/12\/8391a9a6-e0ba-4f1c-ad1f-5093840c2c6b.jpeg","datePublished":"2024-12-26T13:37:56+00:00","dateModified":"2024-12-26T19:30:38+00:00","breadcrumb":{"@id":"https:\/\/elmawkie.dz\/fr\/le-ministre-de-leducation-sengage-a-lutter-contre-le-phenomene-des-cours-particuliers-en-algerie\/#breadcrumb"},"inLanguage":"fr-FR","potentialAction":[{"@type":"ReadAction","target":["https:\/\/elmawkie.dz\/fr\/le-ministre-de-leducation-sengage-a-lutter-contre-le-phenomene-des-cours-particuliers-en-algerie\/"]}]},{"@type":"ImageObject","inLanguage":"fr-FR","@id":"https:\/\/elmawkie.dz\/fr\/le-ministre-de-leducation-sengage-a-lutter-contre-le-phenomene-des-cours-particuliers-en-algerie\/#primaryimage","url":"https:\/\/elmawkie.dz\/fr\/wp-content\/uploads\/2024\/12\/8391a9a6-e0ba-4f1c-ad1f-5093840c2c6b.jpeg","contentUrl":"https:\/\/elmawkie.dz\/fr\/wp-content\/uploads\/2024\/12\/8391a9a6-e0ba-4f1c-ad1f-5093840c2c6b.jpeg","width":1280,"height":720},{"@type":"BreadcrumbList","@id":"https:\/\/elmawkie.dz\/fr\/le-ministre-de-leducation-sengage-a-lutter-contre-le-phenomene-des-cours-particuliers-en-algerie\/#breadcrumb","itemListElement":[{"@type":"ListItem","position":1,"name":"Home","item":"https:\/\/elmawkie.dz\/fr\/"},{"@type":"ListItem","position":2,"name":"Le ministre de l&rsquo;\u00c9ducation s&rsquo;engage \u00e0 lutter contre le ph\u00e9nom\u00e8ne des cours particuliers en Alg\u00e9rie"}]},{"@type":"WebSite","@id":"https:\/\/elmawkie.dz\/fr\/#website","url":"https:\/\/elmawkie.dz\/fr\/","name":"EL MAWKIE","description":"Journal \u00c9lectronique Alg\u00e9rien","publisher":{"@id":"https:\/\/elmawkie.dz\/fr\/#organization"},"potentialAction":[{"@type":"SearchAction","target":{"@type":"EntryPoint","urlTemplate":"https:\/\/elmawkie.dz\/fr\/?s={search_term_string}"},"query-input":"required name=search_term_string"}],"inLanguage":"fr-FR"},{"@type":"Organization","@id":"https:\/\/elmawkie.dz\/fr\/#organization","name":"EL MAWKIE","url":"https:\/\/elmawkie.dz\/fr\/","logo":{"@type":"ImageObject","inLanguage":"fr-FR","@id":"https:\/\/elmawkie.dz\/fr\/#\/schema\/logo\/image\/","url":"https:\/\/elmawkie.dz\/fr\/wp-content\/uploads\/2024\/05\/logo1.png","contentUrl":"https:\/\/elmawkie.dz\/fr\/wp-content\/uploads\/2024\/05\/logo1.png","width":1648,"height":652,"caption":"EL MAWKIE"},"image":{"@id":"https:\/\/elmawkie.dz\/fr\/#\/schema\/logo\/image\/"},"sameAs":["https:\/\/www.facebook.com\/profile.php?id=100088407094989&locale=fr_FR"]},{"@type":"Person","@id":"https:\/\/elmawkie.dz\/fr\/#\/schema\/person\/15cb7eba76e08e2d2d0ad4b4c4fbb6cb","name":"khayro","image":{"@type":"ImageObject","inLanguage":"fr-FR","@id":"https:\/\/elmawkie.dz\/fr\/#\/schema\/person\/image\/","url":"https:\/\/secure.gravatar.com\/avatar\/5d609f726f02f77f0ff2a1483fc81992?s=96&d=mm&r=g","contentUrl":"https:\/\/secure.gravatar.com\/avatar\/5d609f726f02f77f0ff2a1483fc81992?s=96&d=mm&r=g","caption":"khayro"},"url":"https:\/\/elmawkie.dz\/fr\/author\/khayro\/"}]}},"_links":{"self":[{"href":"https:\/\/elmawkie.dz\/fr\/wp-json\/wp\/v2\/posts\/7482","targetHints":{"allow":["GET"]}}],"collection":[{"href":"https:\/\/elmawkie.dz\/fr\/wp-json\/wp\/v2\/posts"}],"about":[{"href":"https:\/\/elmawkie.dz\/fr\/wp-json\/wp\/v2\/types\/post"}],"author":[{"embeddable":true,"href":"https:\/\/elmawkie.dz\/fr\/wp-json\/wp\/v2\/users\/8"}],"replies":[{"embeddable":true,"href":"https:\/\/elmawkie.dz\/fr\/wp-json\/wp\/v2\/comments?post=7482"}],"version-history":[{"count":0,"href":"https:\/\/elmawkie.dz\/fr\/wp-json\/wp\/v2\/posts\/7482\/revisions"}],"wp:featuredmedia":[{"embeddable":true,"href":"https:\/\/elmawkie.dz\/fr\/wp-json\/wp\/v2\/media\/7486"}],"wp:attachment":[{"href":"https:\/\/elmawkie.dz\/fr\/wp-json\/wp\/v2\/media?parent=7482"}],"wp:term":[{"taxonomy":"category","embeddable":true,"href":"https:\/\/elmawkie.dz\/fr\/wp-json\/wp\/v2\/categories?post=7482"},{"taxonomy":"post_tag","embeddable":true,"href":"https:\/\/elmawkie.dz\/fr\/wp-json\/wp\/v2\/tags?post=7482"}],"curies":[{"name":"wp","href":"https:\/\/api.w.org\/{rel}","templated":true}]}}