{"id":7480,"date":"2024-12-26T14:36:30","date_gmt":"2024-12-26T13:36:30","guid":{"rendered":"https:\/\/elmawkie.dz\/fr\/?p=7480"},"modified":"2024-12-26T20:31:00","modified_gmt":"2024-12-26T19:31:00","slug":"fiscalite-locale-le-wali-de-skikda-annonce-une-reforme-imminente","status":"publish","type":"post","link":"https:\/\/elmawkie.dz\/fr\/fiscalite-locale-le-wali-de-skikda-annonce-une-reforme-imminente\/","title":{"rendered":"Fiscalit\u00e9 locale : le wali de Skikda annonce une r\u00e9forme imminente"},"content":{"rendered":"<p><strong><em>La restructuration des collectivit\u00e9s locales en Alg\u00e9rie s&rsquo;annonce comme une r\u00e9forme majeure, avec des changements significatifs dans la gouvernance locale. Lors de la r\u00e9cente rencontre Gouvernement-walis, les discussions ont abouti \u00e0 des recommandations concr\u00e8tes visant \u00e0 renforcer l&rsquo;autonomie et l&rsquo;efficacit\u00e9 des institutions locales, comme l&rsquo;a soulign\u00e9 le wali de Skikda, Said Akhrouf.<\/em><\/strong><\/p>\n<p><strong><em>En effet, ce jeudi, sur les ondes de la cha\u00eene III de la Radio nationale, le chef de l\u2019ex\u00e9cutif de la wilaya de Skikda a \u00e9voqu\u00e9 le discours du pr\u00e9sident de la R\u00e9publique pour appuyer ses propos. Il a soulign\u00e9 que le chef de l\u2019\u00c9tat a mis l\u2019accent sur \u00ab la protection des responsables \u00bb, un aspect qu\u2019il consid\u00e8re comme \u00ab un point nodal \u00bb, ainsi que sur \u00ab la moralisation de la vie publique \u00bb, \u00ab la n\u00e9cessit\u00e9 de r\u00e9duire les disparit\u00e9s entre les wilayas \u00bb et \u00ab le soutien aux cat\u00e9gories vuln\u00e9rables \u00bb.<\/em><\/strong><\/p>\n<p><strong><em>En mettant en lumi\u00e8re les principales recommandations issues des cinq ateliers, le wali de Skikda a pr\u00e9cis\u00e9 que la prochaine \u00e9tape inclura \u00ab la r\u00e9vision de la fiscalit\u00e9 locale, et ce, juste apr\u00e8s l\u2019adoption des nouveaux codes communal et de wilaya \u00bb. Il a ajout\u00e9 que \u00ab toutes ces mesures portent sur le d\u00e9veloppement local, l\u2019investissement et l\u2019ensemble des leviers qui permettraient de renflouer les caisses des collectivit\u00e9s locales \u00bb.<\/em><\/strong><\/p>\n<p><strong><em>Dans ce sillage, M. Akhrouf a expliqu\u00e9 : \u00ab Il y a lieu de lever toutes les contraintes apr\u00e8s la promulgation de la loi 08-15 pour am\u00e9liorer la mise en place de cette loi. Nous avons \u00e9voqu\u00e9 tous les aspects, y compris des taxes et des imp\u00f4ts qui devraient revenir aux communes, mais aussi de certaines pr\u00e9rogatives qui permettraient aux communes de contracter des pr\u00eats vis-\u00e0-vis de la Caisse de garantie et de solidarit\u00e9 des collectivit\u00e9s locales et, pourquoi pas, vis-\u00e0-vis des banques. \u00bb Il a \u00e9galement affirm\u00e9 qu\u2019\u00ab il \u00e9tait n\u00e9cessaire de lever certaines incompr\u00e9hensions vis-\u00e0-vis des walis et qui sont contenues dans cette loi, car cela a \u00e9t\u00e9 consid\u00e9r\u00e9 comme un blocage par les walis. Raison pour laquelle nous avons fait plusieurs propositions lors de cette rencontre entre le Gouvernement et les walis \u00bb.<\/em><\/strong><\/p>\n","protected":false},"excerpt":{"rendered":"<p>La restructuration des collectivit\u00e9s locales en Alg\u00e9rie s&rsquo;annonce comme une r\u00e9forme majeure, avec des changements significatifs dans la gouvernance locale. Lors de la r\u00e9cente rencontre Gouvernement-walis, les discussions ont abouti \u00e0 des recommandations concr\u00e8tes visant \u00e0 renforcer l&rsquo;autonomie et l&rsquo;efficacit\u00e9 des institutions locales, comme l&rsquo;a soulign\u00e9 le wali de Skikda, Said Akhrouf. En effet, ce &hellip;<\/p>\n","protected":false},"author":8,"featured_media":7484,"comment_status":"open","ping_status":"open","sticky":false,"template":"","format":"standard","meta":{"footnotes":""},"categories":[47],"tags":[1872,1074,1871,1870],"class_list":["post-7480","post","type-post","status-publish","format-standard","has-post-thumbnail","hentry","category-national","tag-fiscalite-locale","tag-revision","tag-said-akhrouf","tag-wali-skikda"],"yoast_head":"<!-- This site is optimized with the Yoast SEO Premium plugin v22.6 (Yoast SEO v22.6) - https:\/\/yoast.com\/wordpress\/plugins\/seo\/ -->\n<title>Fiscalit\u00e9 locale : le wali de Skikda annonce une r\u00e9forme imminente - El Mawkie<\/title>\n<meta name=\"robots\" content=\"index, follow, max-snippet:-1, max-image-preview:large, max-video-preview:-1\" \/>\n<link rel=\"canonical\" href=\"https:\/\/elmawkie.dz\/fr\/fiscalite-locale-le-wali-de-skikda-annonce-une-reforme-imminente\/\" \/>\n<meta property=\"og:locale\" content=\"fr_FR\" \/>\n<meta property=\"og:type\" content=\"article\" \/>\n<meta property=\"og:title\" content=\"Fiscalit\u00e9 locale : le wali de Skikda annonce une r\u00e9forme imminente\" \/>\n<meta property=\"og:description\" content=\"La restructuration des collectivit\u00e9s locales en Alg\u00e9rie s&rsquo;annonce comme une r\u00e9forme majeure, avec des changements significatifs dans la gouvernance locale. Lors de la r\u00e9cente rencontre Gouvernement-walis, les discussions ont abouti \u00e0 des recommandations concr\u00e8tes visant \u00e0 renforcer l&rsquo;autonomie et l&rsquo;efficacit\u00e9 des institutions locales, comme l&rsquo;a soulign\u00e9 le wali de Skikda, Said Akhrouf. En effet, ce &hellip;\" \/>\n<meta property=\"og:url\" content=\"https:\/\/elmawkie.dz\/fr\/fiscalite-locale-le-wali-de-skikda-annonce-une-reforme-imminente\/\" \/>\n<meta property=\"og:site_name\" content=\"El Mawkie\" \/>\n<meta property=\"article:publisher\" content=\"https:\/\/www.facebook.com\/profile.php?id=100088407094989&amp;locale=fr_FR\" \/>\n<meta property=\"article:published_time\" content=\"2024-12-26T13:36:30+00:00\" \/>\n<meta property=\"article:modified_time\" content=\"2024-12-26T19:31:00+00:00\" \/>\n<meta property=\"og:image\" content=\"https:\/\/elmawkie.dz\/fr\/wp-content\/uploads\/2024\/12\/eb53db99-5757-4c89-8c1c-f98c8028d59e.jpeg\" \/>\n\t<meta property=\"og:image:width\" content=\"1280\" \/>\n\t<meta property=\"og:image:height\" content=\"720\" \/>\n\t<meta property=\"og:image:type\" content=\"image\/jpeg\" \/>\n<meta name=\"author\" content=\"khayro\" \/>\n<meta name=\"twitter:card\" content=\"summary_large_image\" \/>\n<meta name=\"twitter:label1\" content=\"Written by\" \/>\n\t<meta name=\"twitter:data1\" content=\"khayro\" \/>\n\t<meta name=\"twitter:label2\" content=\"Est. reading time\" \/>\n\t<meta name=\"twitter:data2\" content=\"2 minutes\" \/>\n<script type=\"application\/ld+json\" class=\"yoast-schema-graph\">{\"@context\":\"https:\/\/schema.org\",\"@graph\":[{\"@type\":\"Article\",\"@id\":\"https:\/\/elmawkie.dz\/fr\/fiscalite-locale-le-wali-de-skikda-annonce-une-reforme-imminente\/#article\",\"isPartOf\":{\"@id\":\"https:\/\/elmawkie.dz\/fr\/fiscalite-locale-le-wali-de-skikda-annonce-une-reforme-imminente\/\"},\"author\":{\"name\":\"khayro\",\"@id\":\"https:\/\/elmawkie.dz\/fr\/#\/schema\/person\/15cb7eba76e08e2d2d0ad4b4c4fbb6cb\"},\"headline\":\"Fiscalit\u00e9 locale : le wali de Skikda annonce une r\u00e9forme imminente\",\"datePublished\":\"2024-12-26T13:36:30+00:00\",\"dateModified\":\"2024-12-26T19:31:00+00:00\",\"mainEntityOfPage\":{\"@id\":\"https:\/\/elmawkie.dz\/fr\/fiscalite-locale-le-wali-de-skikda-annonce-une-reforme-imminente\/\"},\"wordCount\":388,\"commentCount\":0,\"publisher\":{\"@id\":\"https:\/\/elmawkie.dz\/fr\/#organization\"},\"image\":{\"@id\":\"https:\/\/elmawkie.dz\/fr\/fiscalite-locale-le-wali-de-skikda-annonce-une-reforme-imminente\/#primaryimage\"},\"thumbnailUrl\":\"https:\/\/elmawkie.dz\/fr\/wp-content\/uploads\/2024\/12\/eb53db99-5757-4c89-8c1c-f98c8028d59e.jpeg\",\"keywords\":[\"fiscalit\u00e9 locale\",\"r\u00e9vision\",\"Said Akhrouf\",\"Wali Skikda\"],\"articleSection\":[\"National\"],\"inLanguage\":\"fr-FR\",\"potentialAction\":[{\"@type\":\"CommentAction\",\"name\":\"Comment\",\"target\":[\"https:\/\/elmawkie.dz\/fr\/fiscalite-locale-le-wali-de-skikda-annonce-une-reforme-imminente\/#respond\"]}]},{\"@type\":\"WebPage\",\"@id\":\"https:\/\/elmawkie.dz\/fr\/fiscalite-locale-le-wali-de-skikda-annonce-une-reforme-imminente\/\",\"url\":\"https:\/\/elmawkie.dz\/fr\/fiscalite-locale-le-wali-de-skikda-annonce-une-reforme-imminente\/\",\"name\":\"Fiscalit\u00e9 locale : le wali de Skikda annonce une r\u00e9forme imminente - El Mawkie\",\"isPartOf\":{\"@id\":\"https:\/\/elmawkie.dz\/fr\/#website\"},\"primaryImageOfPage\":{\"@id\":\"https:\/\/elmawkie.dz\/fr\/fiscalite-locale-le-wali-de-skikda-annonce-une-reforme-imminente\/#primaryimage\"},\"image\":{\"@id\":\"https:\/\/elmawkie.dz\/fr\/fiscalite-locale-le-wali-de-skikda-annonce-une-reforme-imminente\/#primaryimage\"},\"thumbnailUrl\":\"https:\/\/elmawkie.dz\/fr\/wp-content\/uploads\/2024\/12\/eb53db99-5757-4c89-8c1c-f98c8028d59e.jpeg\",\"datePublished\":\"2024-12-26T13:36:30+00:00\",\"dateModified\":\"2024-12-26T19:31:00+00:00\",\"breadcrumb\":{\"@id\":\"https:\/\/elmawkie.dz\/fr\/fiscalite-locale-le-wali-de-skikda-annonce-une-reforme-imminente\/#breadcrumb\"},\"inLanguage\":\"fr-FR\",\"potentialAction\":[{\"@type\":\"ReadAction\",\"target\":[\"https:\/\/elmawkie.dz\/fr\/fiscalite-locale-le-wali-de-skikda-annonce-une-reforme-imminente\/\"]}]},{\"@type\":\"ImageObject\",\"inLanguage\":\"fr-FR\",\"@id\":\"https:\/\/elmawkie.dz\/fr\/fiscalite-locale-le-wali-de-skikda-annonce-une-reforme-imminente\/#primaryimage\",\"url\":\"https:\/\/elmawkie.dz\/fr\/wp-content\/uploads\/2024\/12\/eb53db99-5757-4c89-8c1c-f98c8028d59e.jpeg\",\"contentUrl\":\"https:\/\/elmawkie.dz\/fr\/wp-content\/uploads\/2024\/12\/eb53db99-5757-4c89-8c1c-f98c8028d59e.jpeg\",\"width\":1280,\"height\":720},{\"@type\":\"BreadcrumbList\",\"@id\":\"https:\/\/elmawkie.dz\/fr\/fiscalite-locale-le-wali-de-skikda-annonce-une-reforme-imminente\/#breadcrumb\",\"itemListElement\":[{\"@type\":\"ListItem\",\"position\":1,\"name\":\"Home\",\"item\":\"https:\/\/elmawkie.dz\/fr\/\"},{\"@type\":\"ListItem\",\"position\":2,\"name\":\"Fiscalit\u00e9 locale : le wali de Skikda annonce une r\u00e9forme imminente\"}]},{\"@type\":\"WebSite\",\"@id\":\"https:\/\/elmawkie.dz\/fr\/#website\",\"url\":\"https:\/\/elmawkie.dz\/fr\/\",\"name\":\"EL MAWKIE\",\"description\":\"Journal \u00c9lectronique Alg\u00e9rien\",\"publisher\":{\"@id\":\"https:\/\/elmawkie.dz\/fr\/#organization\"},\"potentialAction\":[{\"@type\":\"SearchAction\",\"target\":{\"@type\":\"EntryPoint\",\"urlTemplate\":\"https:\/\/elmawkie.dz\/fr\/?s={search_term_string}\"},\"query-input\":\"required name=search_term_string\"}],\"inLanguage\":\"fr-FR\"},{\"@type\":\"Organization\",\"@id\":\"https:\/\/elmawkie.dz\/fr\/#organization\",\"name\":\"EL MAWKIE\",\"url\":\"https:\/\/elmawkie.dz\/fr\/\",\"logo\":{\"@type\":\"ImageObject\",\"inLanguage\":\"fr-FR\",\"@id\":\"https:\/\/elmawkie.dz\/fr\/#\/schema\/logo\/image\/\",\"url\":\"https:\/\/elmawkie.dz\/fr\/wp-content\/uploads\/2024\/05\/logo1.png\",\"contentUrl\":\"https:\/\/elmawkie.dz\/fr\/wp-content\/uploads\/2024\/05\/logo1.png\",\"width\":1648,\"height\":652,\"caption\":\"EL MAWKIE\"},\"image\":{\"@id\":\"https:\/\/elmawkie.dz\/fr\/#\/schema\/logo\/image\/\"},\"sameAs\":[\"https:\/\/www.facebook.com\/profile.php?id=100088407094989&locale=fr_FR\"]},{\"@type\":\"Person\",\"@id\":\"https:\/\/elmawkie.dz\/fr\/#\/schema\/person\/15cb7eba76e08e2d2d0ad4b4c4fbb6cb\",\"name\":\"khayro\",\"image\":{\"@type\":\"ImageObject\",\"inLanguage\":\"fr-FR\",\"@id\":\"https:\/\/elmawkie.dz\/fr\/#\/schema\/person\/image\/\",\"url\":\"https:\/\/secure.gravatar.com\/avatar\/5d609f726f02f77f0ff2a1483fc81992?s=96&d=mm&r=g\",\"contentUrl\":\"https:\/\/secure.gravatar.com\/avatar\/5d609f726f02f77f0ff2a1483fc81992?s=96&d=mm&r=g\",\"caption\":\"khayro\"},\"url\":\"https:\/\/elmawkie.dz\/fr\/author\/khayro\/\"}]}<\/script>\n<!-- \/ Yoast SEO Premium plugin. -->","yoast_head_json":{"title":"Fiscalit\u00e9 locale : le wali de Skikda annonce une r\u00e9forme imminente - El Mawkie","robots":{"index":"index","follow":"follow","max-snippet":"max-snippet:-1","max-image-preview":"max-image-preview:large","max-video-preview":"max-video-preview:-1"},"canonical":"https:\/\/elmawkie.dz\/fr\/fiscalite-locale-le-wali-de-skikda-annonce-une-reforme-imminente\/","og_locale":"fr_FR","og_type":"article","og_title":"Fiscalit\u00e9 locale : le wali de Skikda annonce une r\u00e9forme imminente","og_description":"La restructuration des collectivit\u00e9s locales en Alg\u00e9rie s&rsquo;annonce comme une r\u00e9forme majeure, avec des changements significatifs dans la gouvernance locale. Lors de la r\u00e9cente rencontre Gouvernement-walis, les discussions ont abouti \u00e0 des recommandations concr\u00e8tes visant \u00e0 renforcer l&rsquo;autonomie et l&rsquo;efficacit\u00e9 des institutions locales, comme l&rsquo;a soulign\u00e9 le wali de Skikda, Said Akhrouf. En effet, ce &hellip;","og_url":"https:\/\/elmawkie.dz\/fr\/fiscalite-locale-le-wali-de-skikda-annonce-une-reforme-imminente\/","og_site_name":"El Mawkie","article_publisher":"https:\/\/www.facebook.com\/profile.php?id=100088407094989&locale=fr_FR","article_published_time":"2024-12-26T13:36:30+00:00","article_modified_time":"2024-12-26T19:31:00+00:00","og_image":[{"width":1280,"height":720,"url":"https:\/\/elmawkie.dz\/fr\/wp-content\/uploads\/2024\/12\/eb53db99-5757-4c89-8c1c-f98c8028d59e.jpeg","type":"image\/jpeg"}],"author":"khayro","twitter_card":"summary_large_image","twitter_misc":{"Written by":"khayro","Est. reading time":"2 minutes"},"schema":{"@context":"https:\/\/schema.org","@graph":[{"@type":"Article","@id":"https:\/\/elmawkie.dz\/fr\/fiscalite-locale-le-wali-de-skikda-annonce-une-reforme-imminente\/#article","isPartOf":{"@id":"https:\/\/elmawkie.dz\/fr\/fiscalite-locale-le-wali-de-skikda-annonce-une-reforme-imminente\/"},"author":{"name":"khayro","@id":"https:\/\/elmawkie.dz\/fr\/#\/schema\/person\/15cb7eba76e08e2d2d0ad4b4c4fbb6cb"},"headline":"Fiscalit\u00e9 locale : le wali de Skikda annonce une r\u00e9forme imminente","datePublished":"2024-12-26T13:36:30+00:00","dateModified":"2024-12-26T19:31:00+00:00","mainEntityOfPage":{"@id":"https:\/\/elmawkie.dz\/fr\/fiscalite-locale-le-wali-de-skikda-annonce-une-reforme-imminente\/"},"wordCount":388,"commentCount":0,"publisher":{"@id":"https:\/\/elmawkie.dz\/fr\/#organization"},"image":{"@id":"https:\/\/elmawkie.dz\/fr\/fiscalite-locale-le-wali-de-skikda-annonce-une-reforme-imminente\/#primaryimage"},"thumbnailUrl":"https:\/\/elmawkie.dz\/fr\/wp-content\/uploads\/2024\/12\/eb53db99-5757-4c89-8c1c-f98c8028d59e.jpeg","keywords":["fiscalit\u00e9 locale","r\u00e9vision","Said Akhrouf","Wali Skikda"],"articleSection":["National"],"inLanguage":"fr-FR","potentialAction":[{"@type":"CommentAction","name":"Comment","target":["https:\/\/elmawkie.dz\/fr\/fiscalite-locale-le-wali-de-skikda-annonce-une-reforme-imminente\/#respond"]}]},{"@type":"WebPage","@id":"https:\/\/elmawkie.dz\/fr\/fiscalite-locale-le-wali-de-skikda-annonce-une-reforme-imminente\/","url":"https:\/\/elmawkie.dz\/fr\/fiscalite-locale-le-wali-de-skikda-annonce-une-reforme-imminente\/","name":"Fiscalit\u00e9 locale : le wali de Skikda annonce une r\u00e9forme imminente - El Mawkie","isPartOf":{"@id":"https:\/\/elmawkie.dz\/fr\/#website"},"primaryImageOfPage":{"@id":"https:\/\/elmawkie.dz\/fr\/fiscalite-locale-le-wali-de-skikda-annonce-une-reforme-imminente\/#primaryimage"},"image":{"@id":"https:\/\/elmawkie.dz\/fr\/fiscalite-locale-le-wali-de-skikda-annonce-une-reforme-imminente\/#primaryimage"},"thumbnailUrl":"https:\/\/elmawkie.dz\/fr\/wp-content\/uploads\/2024\/12\/eb53db99-5757-4c89-8c1c-f98c8028d59e.jpeg","datePublished":"2024-12-26T13:36:30+00:00","dateModified":"2024-12-26T19:31:00+00:00","breadcrumb":{"@id":"https:\/\/elmawkie.dz\/fr\/fiscalite-locale-le-wali-de-skikda-annonce-une-reforme-imminente\/#breadcrumb"},"inLanguage":"fr-FR","potentialAction":[{"@type":"ReadAction","target":["https:\/\/elmawkie.dz\/fr\/fiscalite-locale-le-wali-de-skikda-annonce-une-reforme-imminente\/"]}]},{"@type":"ImageObject","inLanguage":"fr-FR","@id":"https:\/\/elmawkie.dz\/fr\/fiscalite-locale-le-wali-de-skikda-annonce-une-reforme-imminente\/#primaryimage","url":"https:\/\/elmawkie.dz\/fr\/wp-content\/uploads\/2024\/12\/eb53db99-5757-4c89-8c1c-f98c8028d59e.jpeg","contentUrl":"https:\/\/elmawkie.dz\/fr\/wp-content\/uploads\/2024\/12\/eb53db99-5757-4c89-8c1c-f98c8028d59e.jpeg","width":1280,"height":720},{"@type":"BreadcrumbList","@id":"https:\/\/elmawkie.dz\/fr\/fiscalite-locale-le-wali-de-skikda-annonce-une-reforme-imminente\/#breadcrumb","itemListElement":[{"@type":"ListItem","position":1,"name":"Home","item":"https:\/\/elmawkie.dz\/fr\/"},{"@type":"ListItem","position":2,"name":"Fiscalit\u00e9 locale : le wali de Skikda annonce une r\u00e9forme imminente"}]},{"@type":"WebSite","@id":"https:\/\/elmawkie.dz\/fr\/#website","url":"https:\/\/elmawkie.dz\/fr\/","name":"EL MAWKIE","description":"Journal \u00c9lectronique Alg\u00e9rien","publisher":{"@id":"https:\/\/elmawkie.dz\/fr\/#organization"},"potentialAction":[{"@type":"SearchAction","target":{"@type":"EntryPoint","urlTemplate":"https:\/\/elmawkie.dz\/fr\/?s={search_term_string}"},"query-input":"required name=search_term_string"}],"inLanguage":"fr-FR"},{"@type":"Organization","@id":"https:\/\/elmawkie.dz\/fr\/#organization","name":"EL MAWKIE","url":"https:\/\/elmawkie.dz\/fr\/","logo":{"@type":"ImageObject","inLanguage":"fr-FR","@id":"https:\/\/elmawkie.dz\/fr\/#\/schema\/logo\/image\/","url":"https:\/\/elmawkie.dz\/fr\/wp-content\/uploads\/2024\/05\/logo1.png","contentUrl":"https:\/\/elmawkie.dz\/fr\/wp-content\/uploads\/2024\/05\/logo1.png","width":1648,"height":652,"caption":"EL MAWKIE"},"image":{"@id":"https:\/\/elmawkie.dz\/fr\/#\/schema\/logo\/image\/"},"sameAs":["https:\/\/www.facebook.com\/profile.php?id=100088407094989&locale=fr_FR"]},{"@type":"Person","@id":"https:\/\/elmawkie.dz\/fr\/#\/schema\/person\/15cb7eba76e08e2d2d0ad4b4c4fbb6cb","name":"khayro","image":{"@type":"ImageObject","inLanguage":"fr-FR","@id":"https:\/\/elmawkie.dz\/fr\/#\/schema\/person\/image\/","url":"https:\/\/secure.gravatar.com\/avatar\/5d609f726f02f77f0ff2a1483fc81992?s=96&d=mm&r=g","contentUrl":"https:\/\/secure.gravatar.com\/avatar\/5d609f726f02f77f0ff2a1483fc81992?s=96&d=mm&r=g","caption":"khayro"},"url":"https:\/\/elmawkie.dz\/fr\/author\/khayro\/"}]}},"_links":{"self":[{"href":"https:\/\/elmawkie.dz\/fr\/wp-json\/wp\/v2\/posts\/7480","targetHints":{"allow":["GET"]}}],"collection":[{"href":"https:\/\/elmawkie.dz\/fr\/wp-json\/wp\/v2\/posts"}],"about":[{"href":"https:\/\/elmawkie.dz\/fr\/wp-json\/wp\/v2\/types\/post"}],"author":[{"embeddable":true,"href":"https:\/\/elmawkie.dz\/fr\/wp-json\/wp\/v2\/users\/8"}],"replies":[{"embeddable":true,"href":"https:\/\/elmawkie.dz\/fr\/wp-json\/wp\/v2\/comments?post=7480"}],"version-history":[{"count":0,"href":"https:\/\/elmawkie.dz\/fr\/wp-json\/wp\/v2\/posts\/7480\/revisions"}],"wp:featuredmedia":[{"embeddable":true,"href":"https:\/\/elmawkie.dz\/fr\/wp-json\/wp\/v2\/media\/7484"}],"wp:attachment":[{"href":"https:\/\/elmawkie.dz\/fr\/wp-json\/wp\/v2\/media?parent=7480"}],"wp:term":[{"taxonomy":"category","embeddable":true,"href":"https:\/\/elmawkie.dz\/fr\/wp-json\/wp\/v2\/categories?post=7480"},{"taxonomy":"post_tag","embeddable":true,"href":"https:\/\/elmawkie.dz\/fr\/wp-json\/wp\/v2\/tags?post=7480"}],"curies":[{"name":"wp","href":"https:\/\/api.w.org\/{rel}","templated":true}]}}