{"id":7380,"date":"2024-12-23T08:40:08","date_gmt":"2024-12-23T07:40:08","guid":{"rendered":"https:\/\/elmawkie.dz\/fr\/?p=7380"},"modified":"2024-12-23T14:56:13","modified_gmt":"2024-12-23T13:56:13","slug":"les-partis-politiques-mobilises-pour-une-refonte-legislative-des-collectivites-locales","status":"publish","type":"post","link":"https:\/\/elmawkie.dz\/fr\/les-partis-politiques-mobilises-pour-une-refonte-legislative-des-collectivites-locales\/","title":{"rendered":"Les partis politiques mobilis\u00e9s pour une refonte l\u00e9gislative des collectivit\u00e9s locales"},"content":{"rendered":"<p><strong><em>Les formations politiques en Alg\u00e9rie multiplient leurs efforts pour pr\u00e9parer des propositions visant \u00e0 enrichir les projets de lois sur la commune et la wilaya. Ces d\u00e9marches s\u2019inscrivent dans une dynamique nationale visant \u00e0 renforcer l\u2019efficacit\u00e9 des collectivit\u00e9s locales et leur r\u00f4le dans le d\u00e9veloppement.<\/em><\/strong><\/p>\n<p><strong><em>En effet, depuis une semaine, les partis politiques, les deux chambres du Parlement, ainsi que la Cour constitutionnelle, ont re\u00e7u des copies des avant-projets de lois en question. Ces textes, \u00e9labor\u00e9s par une commission pr\u00e9sidentielle, introduisent des r\u00e9formes significatives dans l\u2019administration locale, notamment en renfor\u00e7ant les pr\u00e9rogatives des assembl\u00e9es \u00e9lues et en clarifiant les relations entre les institutions locales et centrales.<\/em><\/strong><\/p>\n<p><strong><em>Dans ce cadre, plusieurs partis ont d\u00e9j\u00e0 constitu\u00e9 des commissions sp\u00e9cialis\u00e9es pour \u00e9tudier les textes et formuler des propositions. Le Front de lib\u00e9ration nationale (FLN), par exemple, a mis en place une \u00e9quipe dirig\u00e9e par Massoud Chihoub, ancien d\u00e9put\u00e9 et membre du bureau politique. Cette commission r\u00e9unit des cadres du parti, des parlementaires et des \u00e9lus locaux, y compris le pr\u00e9sident de l\u2019Assembl\u00e9e populaire de wilaya d\u2019Alger et plusieurs maires.<\/em><\/strong><\/p>\n<p><strong><em>D\u2019autres formations, comme le Rassemblement national d\u00e9mocratique (RND) et le Mouvement El-Binaa, ont \u00e9galement engag\u00e9 des travaux similaires. Ces partis ont mobilis\u00e9 leurs \u00e9lus et experts pour contribuer \u00e0 l\u2019am\u00e9lioration des textes.<\/em><\/strong><\/p>\n<p><strong><em>Le Front des forces socialistes (FFS), quant \u00e0 lui, a annonc\u00e9 la cr\u00e9ation d\u2019une commission compos\u00e9e de juristes, d\u2019\u00e9lus et de comp\u00e9tences locales. L\u2019objectif affich\u00e9 est de proposer des enrichissements align\u00e9s avec la vision du parti en mati\u00e8re de gestion des collectivit\u00e9s.<\/em><\/strong><\/p>\n<p><strong><em>Le processus d\u2019enrichissement des lois sur la commune et la wilaya est un moment cl\u00e9 pour repenser le r\u00f4le des collectivit\u00e9s dans le d\u00e9veloppement local. Il s\u2019agit, pour les partis politiques, d\u2019une opportunit\u00e9 de plaider en faveur d\u2019une d\u00e9centralisation accrue et d\u2019une gestion locale plus efficace.<\/em><\/strong><\/p>\n<p><strong><em>En parall\u00e8le, l\u2019Assembl\u00e9e populaire nationale (APN) s\u2019appr\u00eate \u00e0 installer, ce lundi 23 d\u00e9cembre, une commission sp\u00e9ciale compos\u00e9e de repr\u00e9sentants des diff\u00e9rents groupes parlementaires pour examiner les textes et formuler des propositions. Une d\u00e9marche similaire sera men\u00e9e par le Conseil de la nation, qui pr\u00e9voit d\u2019inaugurer sa propre commission le mercredi suivant.<\/em><\/strong><\/p>\n<p><strong><em>Ces initiatives visent \u00e0 harmoniser les contributions des diff\u00e9rents acteurs et \u00e0 garantir une r\u00e9forme l\u00e9gislative adapt\u00e9e aux besoins de d\u00e9veloppement des collectivit\u00e9s locales.<\/em><\/strong><\/p>\n","protected":false},"excerpt":{"rendered":"<p>Les formations politiques en Alg\u00e9rie multiplient leurs efforts pour pr\u00e9parer des propositions visant \u00e0 enrichir les projets de lois sur la commune et la wilaya. Ces d\u00e9marches s\u2019inscrivent dans une dynamique nationale visant \u00e0 renforcer l\u2019efficacit\u00e9 des collectivit\u00e9s locales et leur r\u00f4le dans le d\u00e9veloppement. En effet, depuis une semaine, les partis politiques, les deux &hellip;<\/p>\n","protected":false},"author":8,"featured_media":7385,"comment_status":"open","ping_status":"open","sticky":false,"template":"","format":"standard","meta":{"footnotes":""},"categories":[47],"tags":[1803,204,861],"class_list":["post-7380","post","type-post","status-publish","format-standard","has-post-thumbnail","hentry","category-national","tag-enrichissement","tag-partis-politiques","tag-revision-code-commune-wilaya"],"yoast_head":"<!-- This site is optimized with the Yoast SEO Premium plugin v22.6 (Yoast SEO v22.6) - https:\/\/yoast.com\/wordpress\/plugins\/seo\/ -->\n<title>Les partis politiques mobilis\u00e9s pour une refonte l\u00e9gislative des collectivit\u00e9s locales - El Mawkie<\/title>\n<meta name=\"robots\" content=\"index, follow, max-snippet:-1, max-image-preview:large, max-video-preview:-1\" \/>\n<link rel=\"canonical\" href=\"https:\/\/elmawkie.dz\/fr\/les-partis-politiques-mobilises-pour-une-refonte-legislative-des-collectivites-locales\/\" \/>\n<meta property=\"og:locale\" content=\"fr_FR\" \/>\n<meta property=\"og:type\" content=\"article\" \/>\n<meta property=\"og:title\" content=\"Les partis politiques mobilis\u00e9s pour une refonte l\u00e9gislative des collectivit\u00e9s locales\" \/>\n<meta property=\"og:description\" content=\"Les formations politiques en Alg\u00e9rie multiplient leurs efforts pour pr\u00e9parer des propositions visant \u00e0 enrichir les projets de lois sur la commune et la wilaya. Ces d\u00e9marches s\u2019inscrivent dans une dynamique nationale visant \u00e0 renforcer l\u2019efficacit\u00e9 des collectivit\u00e9s locales et leur r\u00f4le dans le d\u00e9veloppement. En effet, depuis une semaine, les partis politiques, les deux &hellip;\" \/>\n<meta property=\"og:url\" content=\"https:\/\/elmawkie.dz\/fr\/les-partis-politiques-mobilises-pour-une-refonte-legislative-des-collectivites-locales\/\" \/>\n<meta property=\"og:site_name\" content=\"El Mawkie\" \/>\n<meta property=\"article:publisher\" content=\"https:\/\/www.facebook.com\/profile.php?id=100088407094989&amp;locale=fr_FR\" \/>\n<meta property=\"article:published_time\" content=\"2024-12-23T07:40:08+00:00\" \/>\n<meta property=\"article:modified_time\" content=\"2024-12-23T13:56:13+00:00\" \/>\n<meta property=\"og:image\" content=\"https:\/\/elmawkie.dz\/fr\/wp-content\/uploads\/2024\/12\/28fa1706-89d2-48a1-9a67-a08e6a6d2739.jpeg\" \/>\n\t<meta property=\"og:image:width\" content=\"580\" \/>\n\t<meta property=\"og:image:height\" content=\"350\" \/>\n\t<meta property=\"og:image:type\" content=\"image\/jpeg\" \/>\n<meta name=\"author\" content=\"khayro\" \/>\n<meta name=\"twitter:card\" content=\"summary_large_image\" \/>\n<meta name=\"twitter:label1\" content=\"Written by\" \/>\n\t<meta name=\"twitter:data1\" content=\"khayro\" \/>\n\t<meta name=\"twitter:label2\" content=\"Est. reading time\" \/>\n\t<meta name=\"twitter:data2\" content=\"2 minutes\" \/>\n<script type=\"application\/ld+json\" class=\"yoast-schema-graph\">{\"@context\":\"https:\/\/schema.org\",\"@graph\":[{\"@type\":\"Article\",\"@id\":\"https:\/\/elmawkie.dz\/fr\/les-partis-politiques-mobilises-pour-une-refonte-legislative-des-collectivites-locales\/#article\",\"isPartOf\":{\"@id\":\"https:\/\/elmawkie.dz\/fr\/les-partis-politiques-mobilises-pour-une-refonte-legislative-des-collectivites-locales\/\"},\"author\":{\"name\":\"khayro\",\"@id\":\"https:\/\/elmawkie.dz\/fr\/#\/schema\/person\/15cb7eba76e08e2d2d0ad4b4c4fbb6cb\"},\"headline\":\"Les partis politiques mobilis\u00e9s pour une refonte l\u00e9gislative des collectivit\u00e9s locales\",\"datePublished\":\"2024-12-23T07:40:08+00:00\",\"dateModified\":\"2024-12-23T13:56:13+00:00\",\"mainEntityOfPage\":{\"@id\":\"https:\/\/elmawkie.dz\/fr\/les-partis-politiques-mobilises-pour-une-refonte-legislative-des-collectivites-locales\/\"},\"wordCount\":446,\"commentCount\":0,\"publisher\":{\"@id\":\"https:\/\/elmawkie.dz\/fr\/#organization\"},\"image\":{\"@id\":\"https:\/\/elmawkie.dz\/fr\/les-partis-politiques-mobilises-pour-une-refonte-legislative-des-collectivites-locales\/#primaryimage\"},\"thumbnailUrl\":\"https:\/\/elmawkie.dz\/fr\/wp-content\/uploads\/2024\/12\/28fa1706-89d2-48a1-9a67-a08e6a6d2739.jpeg\",\"keywords\":[\"enrichissement\",\"Partis Politiques\",\"r\u00e9vision code commune wilaya\"],\"articleSection\":[\"National\"],\"inLanguage\":\"fr-FR\",\"potentialAction\":[{\"@type\":\"CommentAction\",\"name\":\"Comment\",\"target\":[\"https:\/\/elmawkie.dz\/fr\/les-partis-politiques-mobilises-pour-une-refonte-legislative-des-collectivites-locales\/#respond\"]}]},{\"@type\":\"WebPage\",\"@id\":\"https:\/\/elmawkie.dz\/fr\/les-partis-politiques-mobilises-pour-une-refonte-legislative-des-collectivites-locales\/\",\"url\":\"https:\/\/elmawkie.dz\/fr\/les-partis-politiques-mobilises-pour-une-refonte-legislative-des-collectivites-locales\/\",\"name\":\"Les partis politiques mobilis\u00e9s pour une refonte l\u00e9gislative des collectivit\u00e9s locales - El Mawkie\",\"isPartOf\":{\"@id\":\"https:\/\/elmawkie.dz\/fr\/#website\"},\"primaryImageOfPage\":{\"@id\":\"https:\/\/elmawkie.dz\/fr\/les-partis-politiques-mobilises-pour-une-refonte-legislative-des-collectivites-locales\/#primaryimage\"},\"image\":{\"@id\":\"https:\/\/elmawkie.dz\/fr\/les-partis-politiques-mobilises-pour-une-refonte-legislative-des-collectivites-locales\/#primaryimage\"},\"thumbnailUrl\":\"https:\/\/elmawkie.dz\/fr\/wp-content\/uploads\/2024\/12\/28fa1706-89d2-48a1-9a67-a08e6a6d2739.jpeg\",\"datePublished\":\"2024-12-23T07:40:08+00:00\",\"dateModified\":\"2024-12-23T13:56:13+00:00\",\"breadcrumb\":{\"@id\":\"https:\/\/elmawkie.dz\/fr\/les-partis-politiques-mobilises-pour-une-refonte-legislative-des-collectivites-locales\/#breadcrumb\"},\"inLanguage\":\"fr-FR\",\"potentialAction\":[{\"@type\":\"ReadAction\",\"target\":[\"https:\/\/elmawkie.dz\/fr\/les-partis-politiques-mobilises-pour-une-refonte-legislative-des-collectivites-locales\/\"]}]},{\"@type\":\"ImageObject\",\"inLanguage\":\"fr-FR\",\"@id\":\"https:\/\/elmawkie.dz\/fr\/les-partis-politiques-mobilises-pour-une-refonte-legislative-des-collectivites-locales\/#primaryimage\",\"url\":\"https:\/\/elmawkie.dz\/fr\/wp-content\/uploads\/2024\/12\/28fa1706-89d2-48a1-9a67-a08e6a6d2739.jpeg\",\"contentUrl\":\"https:\/\/elmawkie.dz\/fr\/wp-content\/uploads\/2024\/12\/28fa1706-89d2-48a1-9a67-a08e6a6d2739.jpeg\",\"width\":580,\"height\":350},{\"@type\":\"BreadcrumbList\",\"@id\":\"https:\/\/elmawkie.dz\/fr\/les-partis-politiques-mobilises-pour-une-refonte-legislative-des-collectivites-locales\/#breadcrumb\",\"itemListElement\":[{\"@type\":\"ListItem\",\"position\":1,\"name\":\"Home\",\"item\":\"https:\/\/elmawkie.dz\/fr\/\"},{\"@type\":\"ListItem\",\"position\":2,\"name\":\"Les partis politiques mobilis\u00e9s pour une refonte l\u00e9gislative des collectivit\u00e9s locales\"}]},{\"@type\":\"WebSite\",\"@id\":\"https:\/\/elmawkie.dz\/fr\/#website\",\"url\":\"https:\/\/elmawkie.dz\/fr\/\",\"name\":\"EL MAWKIE\",\"description\":\"Journal \u00c9lectronique Alg\u00e9rien\",\"publisher\":{\"@id\":\"https:\/\/elmawkie.dz\/fr\/#organization\"},\"potentialAction\":[{\"@type\":\"SearchAction\",\"target\":{\"@type\":\"EntryPoint\",\"urlTemplate\":\"https:\/\/elmawkie.dz\/fr\/?s={search_term_string}\"},\"query-input\":\"required name=search_term_string\"}],\"inLanguage\":\"fr-FR\"},{\"@type\":\"Organization\",\"@id\":\"https:\/\/elmawkie.dz\/fr\/#organization\",\"name\":\"EL MAWKIE\",\"url\":\"https:\/\/elmawkie.dz\/fr\/\",\"logo\":{\"@type\":\"ImageObject\",\"inLanguage\":\"fr-FR\",\"@id\":\"https:\/\/elmawkie.dz\/fr\/#\/schema\/logo\/image\/\",\"url\":\"https:\/\/elmawkie.dz\/fr\/wp-content\/uploads\/2024\/05\/logo1.png\",\"contentUrl\":\"https:\/\/elmawkie.dz\/fr\/wp-content\/uploads\/2024\/05\/logo1.png\",\"width\":1648,\"height\":652,\"caption\":\"EL MAWKIE\"},\"image\":{\"@id\":\"https:\/\/elmawkie.dz\/fr\/#\/schema\/logo\/image\/\"},\"sameAs\":[\"https:\/\/www.facebook.com\/profile.php?id=100088407094989&locale=fr_FR\"]},{\"@type\":\"Person\",\"@id\":\"https:\/\/elmawkie.dz\/fr\/#\/schema\/person\/15cb7eba76e08e2d2d0ad4b4c4fbb6cb\",\"name\":\"khayro\",\"image\":{\"@type\":\"ImageObject\",\"inLanguage\":\"fr-FR\",\"@id\":\"https:\/\/elmawkie.dz\/fr\/#\/schema\/person\/image\/\",\"url\":\"https:\/\/secure.gravatar.com\/avatar\/5d609f726f02f77f0ff2a1483fc81992?s=96&d=mm&r=g\",\"contentUrl\":\"https:\/\/secure.gravatar.com\/avatar\/5d609f726f02f77f0ff2a1483fc81992?s=96&d=mm&r=g\",\"caption\":\"khayro\"},\"url\":\"https:\/\/elmawkie.dz\/fr\/author\/khayro\/\"}]}<\/script>\n<!-- \/ Yoast SEO Premium plugin. -->","yoast_head_json":{"title":"Les partis politiques mobilis\u00e9s pour une refonte l\u00e9gislative des collectivit\u00e9s locales - El Mawkie","robots":{"index":"index","follow":"follow","max-snippet":"max-snippet:-1","max-image-preview":"max-image-preview:large","max-video-preview":"max-video-preview:-1"},"canonical":"https:\/\/elmawkie.dz\/fr\/les-partis-politiques-mobilises-pour-une-refonte-legislative-des-collectivites-locales\/","og_locale":"fr_FR","og_type":"article","og_title":"Les partis politiques mobilis\u00e9s pour une refonte l\u00e9gislative des collectivit\u00e9s locales","og_description":"Les formations politiques en Alg\u00e9rie multiplient leurs efforts pour pr\u00e9parer des propositions visant \u00e0 enrichir les projets de lois sur la commune et la wilaya. Ces d\u00e9marches s\u2019inscrivent dans une dynamique nationale visant \u00e0 renforcer l\u2019efficacit\u00e9 des collectivit\u00e9s locales et leur r\u00f4le dans le d\u00e9veloppement. En effet, depuis une semaine, les partis politiques, les deux &hellip;","og_url":"https:\/\/elmawkie.dz\/fr\/les-partis-politiques-mobilises-pour-une-refonte-legislative-des-collectivites-locales\/","og_site_name":"El Mawkie","article_publisher":"https:\/\/www.facebook.com\/profile.php?id=100088407094989&locale=fr_FR","article_published_time":"2024-12-23T07:40:08+00:00","article_modified_time":"2024-12-23T13:56:13+00:00","og_image":[{"width":580,"height":350,"url":"https:\/\/elmawkie.dz\/fr\/wp-content\/uploads\/2024\/12\/28fa1706-89d2-48a1-9a67-a08e6a6d2739.jpeg","type":"image\/jpeg"}],"author":"khayro","twitter_card":"summary_large_image","twitter_misc":{"Written by":"khayro","Est. reading time":"2 minutes"},"schema":{"@context":"https:\/\/schema.org","@graph":[{"@type":"Article","@id":"https:\/\/elmawkie.dz\/fr\/les-partis-politiques-mobilises-pour-une-refonte-legislative-des-collectivites-locales\/#article","isPartOf":{"@id":"https:\/\/elmawkie.dz\/fr\/les-partis-politiques-mobilises-pour-une-refonte-legislative-des-collectivites-locales\/"},"author":{"name":"khayro","@id":"https:\/\/elmawkie.dz\/fr\/#\/schema\/person\/15cb7eba76e08e2d2d0ad4b4c4fbb6cb"},"headline":"Les partis politiques mobilis\u00e9s pour une refonte l\u00e9gislative des collectivit\u00e9s locales","datePublished":"2024-12-23T07:40:08+00:00","dateModified":"2024-12-23T13:56:13+00:00","mainEntityOfPage":{"@id":"https:\/\/elmawkie.dz\/fr\/les-partis-politiques-mobilises-pour-une-refonte-legislative-des-collectivites-locales\/"},"wordCount":446,"commentCount":0,"publisher":{"@id":"https:\/\/elmawkie.dz\/fr\/#organization"},"image":{"@id":"https:\/\/elmawkie.dz\/fr\/les-partis-politiques-mobilises-pour-une-refonte-legislative-des-collectivites-locales\/#primaryimage"},"thumbnailUrl":"https:\/\/elmawkie.dz\/fr\/wp-content\/uploads\/2024\/12\/28fa1706-89d2-48a1-9a67-a08e6a6d2739.jpeg","keywords":["enrichissement","Partis Politiques","r\u00e9vision code commune wilaya"],"articleSection":["National"],"inLanguage":"fr-FR","potentialAction":[{"@type":"CommentAction","name":"Comment","target":["https:\/\/elmawkie.dz\/fr\/les-partis-politiques-mobilises-pour-une-refonte-legislative-des-collectivites-locales\/#respond"]}]},{"@type":"WebPage","@id":"https:\/\/elmawkie.dz\/fr\/les-partis-politiques-mobilises-pour-une-refonte-legislative-des-collectivites-locales\/","url":"https:\/\/elmawkie.dz\/fr\/les-partis-politiques-mobilises-pour-une-refonte-legislative-des-collectivites-locales\/","name":"Les partis politiques mobilis\u00e9s pour une refonte l\u00e9gislative des collectivit\u00e9s locales - El Mawkie","isPartOf":{"@id":"https:\/\/elmawkie.dz\/fr\/#website"},"primaryImageOfPage":{"@id":"https:\/\/elmawkie.dz\/fr\/les-partis-politiques-mobilises-pour-une-refonte-legislative-des-collectivites-locales\/#primaryimage"},"image":{"@id":"https:\/\/elmawkie.dz\/fr\/les-partis-politiques-mobilises-pour-une-refonte-legislative-des-collectivites-locales\/#primaryimage"},"thumbnailUrl":"https:\/\/elmawkie.dz\/fr\/wp-content\/uploads\/2024\/12\/28fa1706-89d2-48a1-9a67-a08e6a6d2739.jpeg","datePublished":"2024-12-23T07:40:08+00:00","dateModified":"2024-12-23T13:56:13+00:00","breadcrumb":{"@id":"https:\/\/elmawkie.dz\/fr\/les-partis-politiques-mobilises-pour-une-refonte-legislative-des-collectivites-locales\/#breadcrumb"},"inLanguage":"fr-FR","potentialAction":[{"@type":"ReadAction","target":["https:\/\/elmawkie.dz\/fr\/les-partis-politiques-mobilises-pour-une-refonte-legislative-des-collectivites-locales\/"]}]},{"@type":"ImageObject","inLanguage":"fr-FR","@id":"https:\/\/elmawkie.dz\/fr\/les-partis-politiques-mobilises-pour-une-refonte-legislative-des-collectivites-locales\/#primaryimage","url":"https:\/\/elmawkie.dz\/fr\/wp-content\/uploads\/2024\/12\/28fa1706-89d2-48a1-9a67-a08e6a6d2739.jpeg","contentUrl":"https:\/\/elmawkie.dz\/fr\/wp-content\/uploads\/2024\/12\/28fa1706-89d2-48a1-9a67-a08e6a6d2739.jpeg","width":580,"height":350},{"@type":"BreadcrumbList","@id":"https:\/\/elmawkie.dz\/fr\/les-partis-politiques-mobilises-pour-une-refonte-legislative-des-collectivites-locales\/#breadcrumb","itemListElement":[{"@type":"ListItem","position":1,"name":"Home","item":"https:\/\/elmawkie.dz\/fr\/"},{"@type":"ListItem","position":2,"name":"Les partis politiques mobilis\u00e9s pour une refonte l\u00e9gislative des collectivit\u00e9s locales"}]},{"@type":"WebSite","@id":"https:\/\/elmawkie.dz\/fr\/#website","url":"https:\/\/elmawkie.dz\/fr\/","name":"EL MAWKIE","description":"Journal \u00c9lectronique Alg\u00e9rien","publisher":{"@id":"https:\/\/elmawkie.dz\/fr\/#organization"},"potentialAction":[{"@type":"SearchAction","target":{"@type":"EntryPoint","urlTemplate":"https:\/\/elmawkie.dz\/fr\/?s={search_term_string}"},"query-input":"required name=search_term_string"}],"inLanguage":"fr-FR"},{"@type":"Organization","@id":"https:\/\/elmawkie.dz\/fr\/#organization","name":"EL MAWKIE","url":"https:\/\/elmawkie.dz\/fr\/","logo":{"@type":"ImageObject","inLanguage":"fr-FR","@id":"https:\/\/elmawkie.dz\/fr\/#\/schema\/logo\/image\/","url":"https:\/\/elmawkie.dz\/fr\/wp-content\/uploads\/2024\/05\/logo1.png","contentUrl":"https:\/\/elmawkie.dz\/fr\/wp-content\/uploads\/2024\/05\/logo1.png","width":1648,"height":652,"caption":"EL MAWKIE"},"image":{"@id":"https:\/\/elmawkie.dz\/fr\/#\/schema\/logo\/image\/"},"sameAs":["https:\/\/www.facebook.com\/profile.php?id=100088407094989&locale=fr_FR"]},{"@type":"Person","@id":"https:\/\/elmawkie.dz\/fr\/#\/schema\/person\/15cb7eba76e08e2d2d0ad4b4c4fbb6cb","name":"khayro","image":{"@type":"ImageObject","inLanguage":"fr-FR","@id":"https:\/\/elmawkie.dz\/fr\/#\/schema\/person\/image\/","url":"https:\/\/secure.gravatar.com\/avatar\/5d609f726f02f77f0ff2a1483fc81992?s=96&d=mm&r=g","contentUrl":"https:\/\/secure.gravatar.com\/avatar\/5d609f726f02f77f0ff2a1483fc81992?s=96&d=mm&r=g","caption":"khayro"},"url":"https:\/\/elmawkie.dz\/fr\/author\/khayro\/"}]}},"_links":{"self":[{"href":"https:\/\/elmawkie.dz\/fr\/wp-json\/wp\/v2\/posts\/7380","targetHints":{"allow":["GET"]}}],"collection":[{"href":"https:\/\/elmawkie.dz\/fr\/wp-json\/wp\/v2\/posts"}],"about":[{"href":"https:\/\/elmawkie.dz\/fr\/wp-json\/wp\/v2\/types\/post"}],"author":[{"embeddable":true,"href":"https:\/\/elmawkie.dz\/fr\/wp-json\/wp\/v2\/users\/8"}],"replies":[{"embeddable":true,"href":"https:\/\/elmawkie.dz\/fr\/wp-json\/wp\/v2\/comments?post=7380"}],"version-history":[{"count":0,"href":"https:\/\/elmawkie.dz\/fr\/wp-json\/wp\/v2\/posts\/7380\/revisions"}],"wp:featuredmedia":[{"embeddable":true,"href":"https:\/\/elmawkie.dz\/fr\/wp-json\/wp\/v2\/media\/7385"}],"wp:attachment":[{"href":"https:\/\/elmawkie.dz\/fr\/wp-json\/wp\/v2\/media?parent=7380"}],"wp:term":[{"taxonomy":"category","embeddable":true,"href":"https:\/\/elmawkie.dz\/fr\/wp-json\/wp\/v2\/categories?post=7380"},{"taxonomy":"post_tag","embeddable":true,"href":"https:\/\/elmawkie.dz\/fr\/wp-json\/wp\/v2\/tags?post=7380"}],"curies":[{"name":"wp","href":"https:\/\/api.w.org\/{rel}","templated":true}]}}