{"id":7274,"date":"2024-12-18T21:00:34","date_gmt":"2024-12-18T20:00:34","guid":{"rendered":"https:\/\/elmawkie.dz\/fr\/?p=7274"},"modified":"2024-12-18T21:00:34","modified_gmt":"2024-12-18T20:00:34","slug":"goudjil-la-langue-arabe-fait-partie-integrante-de-lidentite-de-la-nation-algerienne","status":"publish","type":"post","link":"https:\/\/elmawkie.dz\/fr\/goudjil-la-langue-arabe-fait-partie-integrante-de-lidentite-de-la-nation-algerienne\/","title":{"rendered":"Goudjil : la langue arabe fait partie int\u00e9grante de l&rsquo;identit\u00e9 de la nation alg\u00e9rienne"},"content":{"rendered":"<p><strong><em>Le pr\u00e9sident du Conseil de la nation, M. Salah Goudjil, a affirm\u00e9, mercredi, que la langue arabe faisant partie int\u00e9grante de l&rsquo;identit\u00e9 de la nation alg\u00e9rienne que le colonialisme n&rsquo;a pas r\u00e9ussi \u00e0 effacer. \u00ab\u00a0La Journ\u00e9e mondiale de la langue arabe est l&rsquo;occasion pour nous d&rsquo;\u00e9voquer sa grandeur indissociable de celle de la religion dont elle est la langue du Livre saint et son authenticit\u00e9 puis\u00e9e dans la civilisation de la nation arabe dont elle a pr\u00e9serv\u00e9 le patrimoine et les sciences, mais aussi de rappeler que cette langue fait partie int\u00e9grante de l&rsquo;identit\u00e9 de la nation alg\u00e9rienne que le colonialisme n&rsquo;a pas r\u00e9ussi \u00e0 effacer\u00a0\u00bb, a \u00e9crit M. Goudjil sur son compte officiel sur les r\u00e9seaux sociaux, \u00e0 l&rsquo;occasion de la c\u00e9l\u00e9bration de la Journ\u00e9e mondiale de la langue arabe.<\/em><\/strong><\/p>\n","protected":false},"excerpt":{"rendered":"<p>Le pr\u00e9sident du Conseil de la nation, M. Salah Goudjil, a affirm\u00e9, mercredi, que la langue arabe faisant partie int\u00e9grante de l&rsquo;identit\u00e9 de la nation alg\u00e9rienne que le colonialisme n&rsquo;a pas r\u00e9ussi \u00e0 effacer. \u00ab\u00a0La Journ\u00e9e mondiale de la langue arabe est l&rsquo;occasion pour nous d&rsquo;\u00e9voquer sa grandeur indissociable de celle de la religion dont &hellip;<\/p>\n","protected":false},"author":9,"featured_media":7275,"comment_status":"open","ping_status":"open","sticky":false,"template":"","format":"standard","meta":{"footnotes":""},"categories":[47],"tags":[914,1740,1739,1738],"class_list":["post-7274","post","type-post","status-publish","format-standard","has-post-thumbnail","hentry","category-national","tag-goudjil","tag-lidentite","tag-la-langue-arabe","tag-la-nation-algerienne"],"yoast_head":"<!-- This site is optimized with the Yoast SEO Premium plugin v22.6 (Yoast SEO v22.6) - https:\/\/yoast.com\/wordpress\/plugins\/seo\/ -->\n<title>Goudjil : la langue arabe fait partie int\u00e9grante de l&#039;identit\u00e9 de la nation alg\u00e9rienne - El Mawkie<\/title>\n<meta name=\"robots\" content=\"index, follow, max-snippet:-1, max-image-preview:large, max-video-preview:-1\" \/>\n<link rel=\"canonical\" href=\"https:\/\/elmawkie.dz\/fr\/goudjil-la-langue-arabe-fait-partie-integrante-de-lidentite-de-la-nation-algerienne\/\" \/>\n<meta property=\"og:locale\" content=\"fr_FR\" \/>\n<meta property=\"og:type\" content=\"article\" \/>\n<meta property=\"og:title\" content=\"Goudjil : la langue arabe fait partie int\u00e9grante de l&#039;identit\u00e9 de la nation alg\u00e9rienne\" \/>\n<meta property=\"og:description\" content=\"Le pr\u00e9sident du Conseil de la nation, M. Salah Goudjil, a affirm\u00e9, mercredi, que la langue arabe faisant partie int\u00e9grante de l&rsquo;identit\u00e9 de la nation alg\u00e9rienne que le colonialisme n&rsquo;a pas r\u00e9ussi \u00e0 effacer. \u00ab\u00a0La Journ\u00e9e mondiale de la langue arabe est l&rsquo;occasion pour nous d&rsquo;\u00e9voquer sa grandeur indissociable de celle de la religion dont &hellip;\" \/>\n<meta property=\"og:url\" content=\"https:\/\/elmawkie.dz\/fr\/goudjil-la-langue-arabe-fait-partie-integrante-de-lidentite-de-la-nation-algerienne\/\" \/>\n<meta property=\"og:site_name\" content=\"El Mawkie\" \/>\n<meta property=\"article:publisher\" content=\"https:\/\/www.facebook.com\/profile.php?id=100088407094989&amp;locale=fr_FR\" \/>\n<meta property=\"article:published_time\" content=\"2024-12-18T20:00:34+00:00\" \/>\n<meta property=\"og:image\" content=\"https:\/\/elmawkie.dz\/fr\/wp-content\/uploads\/2024\/12\/IMG_6781.jpeg\" \/>\n\t<meta property=\"og:image:width\" content=\"730\" \/>\n\t<meta property=\"og:image:height\" content=\"438\" \/>\n\t<meta property=\"og:image:type\" content=\"image\/jpeg\" \/>\n<meta name=\"author\" content=\"R\u00e9daction\" \/>\n<meta name=\"twitter:card\" content=\"summary_large_image\" \/>\n<meta name=\"twitter:label1\" content=\"Written by\" \/>\n\t<meta name=\"twitter:data1\" content=\"R\u00e9daction\" \/>\n\t<meta name=\"twitter:label2\" content=\"Est. reading time\" \/>\n\t<meta name=\"twitter:data2\" content=\"1 minute\" \/>\n<script type=\"application\/ld+json\" class=\"yoast-schema-graph\">{\"@context\":\"https:\/\/schema.org\",\"@graph\":[{\"@type\":\"Article\",\"@id\":\"https:\/\/elmawkie.dz\/fr\/goudjil-la-langue-arabe-fait-partie-integrante-de-lidentite-de-la-nation-algerienne\/#article\",\"isPartOf\":{\"@id\":\"https:\/\/elmawkie.dz\/fr\/goudjil-la-langue-arabe-fait-partie-integrante-de-lidentite-de-la-nation-algerienne\/\"},\"author\":{\"name\":\"R\u00e9daction\",\"@id\":\"https:\/\/elmawkie.dz\/fr\/#\/schema\/person\/e7bd59d6467874ba5c4723d8a9f0a63c\"},\"headline\":\"Goudjil : la langue arabe fait partie int\u00e9grante de l&rsquo;identit\u00e9 de la nation alg\u00e9rienne\",\"datePublished\":\"2024-12-18T20:00:34+00:00\",\"dateModified\":\"2024-12-18T20:00:34+00:00\",\"mainEntityOfPage\":{\"@id\":\"https:\/\/elmawkie.dz\/fr\/goudjil-la-langue-arabe-fait-partie-integrante-de-lidentite-de-la-nation-algerienne\/\"},\"wordCount\":165,\"commentCount\":0,\"publisher\":{\"@id\":\"https:\/\/elmawkie.dz\/fr\/#organization\"},\"image\":{\"@id\":\"https:\/\/elmawkie.dz\/fr\/goudjil-la-langue-arabe-fait-partie-integrante-de-lidentite-de-la-nation-algerienne\/#primaryimage\"},\"thumbnailUrl\":\"https:\/\/elmawkie.dz\/fr\/wp-content\/uploads\/2024\/12\/IMG_6781.jpeg\",\"keywords\":[\"Goudjil\",\"l'identit\u00e9\",\"la langue arabe\",\"la nation alg\u00e9rienne\"],\"articleSection\":[\"National\"],\"inLanguage\":\"fr-FR\",\"potentialAction\":[{\"@type\":\"CommentAction\",\"name\":\"Comment\",\"target\":[\"https:\/\/elmawkie.dz\/fr\/goudjil-la-langue-arabe-fait-partie-integrante-de-lidentite-de-la-nation-algerienne\/#respond\"]}]},{\"@type\":\"WebPage\",\"@id\":\"https:\/\/elmawkie.dz\/fr\/goudjil-la-langue-arabe-fait-partie-integrante-de-lidentite-de-la-nation-algerienne\/\",\"url\":\"https:\/\/elmawkie.dz\/fr\/goudjil-la-langue-arabe-fait-partie-integrante-de-lidentite-de-la-nation-algerienne\/\",\"name\":\"Goudjil : la langue arabe fait partie int\u00e9grante de l'identit\u00e9 de la nation alg\u00e9rienne - El Mawkie\",\"isPartOf\":{\"@id\":\"https:\/\/elmawkie.dz\/fr\/#website\"},\"primaryImageOfPage\":{\"@id\":\"https:\/\/elmawkie.dz\/fr\/goudjil-la-langue-arabe-fait-partie-integrante-de-lidentite-de-la-nation-algerienne\/#primaryimage\"},\"image\":{\"@id\":\"https:\/\/elmawkie.dz\/fr\/goudjil-la-langue-arabe-fait-partie-integrante-de-lidentite-de-la-nation-algerienne\/#primaryimage\"},\"thumbnailUrl\":\"https:\/\/elmawkie.dz\/fr\/wp-content\/uploads\/2024\/12\/IMG_6781.jpeg\",\"datePublished\":\"2024-12-18T20:00:34+00:00\",\"dateModified\":\"2024-12-18T20:00:34+00:00\",\"breadcrumb\":{\"@id\":\"https:\/\/elmawkie.dz\/fr\/goudjil-la-langue-arabe-fait-partie-integrante-de-lidentite-de-la-nation-algerienne\/#breadcrumb\"},\"inLanguage\":\"fr-FR\",\"potentialAction\":[{\"@type\":\"ReadAction\",\"target\":[\"https:\/\/elmawkie.dz\/fr\/goudjil-la-langue-arabe-fait-partie-integrante-de-lidentite-de-la-nation-algerienne\/\"]}]},{\"@type\":\"ImageObject\",\"inLanguage\":\"fr-FR\",\"@id\":\"https:\/\/elmawkie.dz\/fr\/goudjil-la-langue-arabe-fait-partie-integrante-de-lidentite-de-la-nation-algerienne\/#primaryimage\",\"url\":\"https:\/\/elmawkie.dz\/fr\/wp-content\/uploads\/2024\/12\/IMG_6781.jpeg\",\"contentUrl\":\"https:\/\/elmawkie.dz\/fr\/wp-content\/uploads\/2024\/12\/IMG_6781.jpeg\",\"width\":730,\"height\":438},{\"@type\":\"BreadcrumbList\",\"@id\":\"https:\/\/elmawkie.dz\/fr\/goudjil-la-langue-arabe-fait-partie-integrante-de-lidentite-de-la-nation-algerienne\/#breadcrumb\",\"itemListElement\":[{\"@type\":\"ListItem\",\"position\":1,\"name\":\"Home\",\"item\":\"https:\/\/elmawkie.dz\/fr\/\"},{\"@type\":\"ListItem\",\"position\":2,\"name\":\"Goudjil : la langue arabe fait partie int\u00e9grante de l&rsquo;identit\u00e9 de la nation alg\u00e9rienne\"}]},{\"@type\":\"WebSite\",\"@id\":\"https:\/\/elmawkie.dz\/fr\/#website\",\"url\":\"https:\/\/elmawkie.dz\/fr\/\",\"name\":\"EL MAWKIE\",\"description\":\"Journal \u00c9lectronique Alg\u00e9rien\",\"publisher\":{\"@id\":\"https:\/\/elmawkie.dz\/fr\/#organization\"},\"potentialAction\":[{\"@type\":\"SearchAction\",\"target\":{\"@type\":\"EntryPoint\",\"urlTemplate\":\"https:\/\/elmawkie.dz\/fr\/?s={search_term_string}\"},\"query-input\":\"required name=search_term_string\"}],\"inLanguage\":\"fr-FR\"},{\"@type\":\"Organization\",\"@id\":\"https:\/\/elmawkie.dz\/fr\/#organization\",\"name\":\"EL MAWKIE\",\"url\":\"https:\/\/elmawkie.dz\/fr\/\",\"logo\":{\"@type\":\"ImageObject\",\"inLanguage\":\"fr-FR\",\"@id\":\"https:\/\/elmawkie.dz\/fr\/#\/schema\/logo\/image\/\",\"url\":\"https:\/\/elmawkie.dz\/fr\/wp-content\/uploads\/2024\/05\/logo1.png\",\"contentUrl\":\"https:\/\/elmawkie.dz\/fr\/wp-content\/uploads\/2024\/05\/logo1.png\",\"width\":1648,\"height\":652,\"caption\":\"EL MAWKIE\"},\"image\":{\"@id\":\"https:\/\/elmawkie.dz\/fr\/#\/schema\/logo\/image\/\"},\"sameAs\":[\"https:\/\/www.facebook.com\/profile.php?id=100088407094989&locale=fr_FR\"]},{\"@type\":\"Person\",\"@id\":\"https:\/\/elmawkie.dz\/fr\/#\/schema\/person\/e7bd59d6467874ba5c4723d8a9f0a63c\",\"name\":\"R\u00e9daction\",\"image\":{\"@type\":\"ImageObject\",\"inLanguage\":\"fr-FR\",\"@id\":\"https:\/\/elmawkie.dz\/fr\/#\/schema\/person\/image\/\",\"url\":\"https:\/\/secure.gravatar.com\/avatar\/f0f773456344da4d2788c054a3d30a0c?s=96&d=mm&r=g\",\"contentUrl\":\"https:\/\/secure.gravatar.com\/avatar\/f0f773456344da4d2788c054a3d30a0c?s=96&d=mm&r=g\",\"caption\":\"R\u00e9daction\"},\"url\":\"https:\/\/elmawkie.dz\/fr\/author\/redaction\/\"}]}<\/script>\n<!-- \/ Yoast SEO Premium plugin. -->","yoast_head_json":{"title":"Goudjil : la langue arabe fait partie int\u00e9grante de l'identit\u00e9 de la nation alg\u00e9rienne - El Mawkie","robots":{"index":"index","follow":"follow","max-snippet":"max-snippet:-1","max-image-preview":"max-image-preview:large","max-video-preview":"max-video-preview:-1"},"canonical":"https:\/\/elmawkie.dz\/fr\/goudjil-la-langue-arabe-fait-partie-integrante-de-lidentite-de-la-nation-algerienne\/","og_locale":"fr_FR","og_type":"article","og_title":"Goudjil : la langue arabe fait partie int\u00e9grante de l'identit\u00e9 de la nation alg\u00e9rienne","og_description":"Le pr\u00e9sident du Conseil de la nation, M. Salah Goudjil, a affirm\u00e9, mercredi, que la langue arabe faisant partie int\u00e9grante de l&rsquo;identit\u00e9 de la nation alg\u00e9rienne que le colonialisme n&rsquo;a pas r\u00e9ussi \u00e0 effacer. \u00ab\u00a0La Journ\u00e9e mondiale de la langue arabe est l&rsquo;occasion pour nous d&rsquo;\u00e9voquer sa grandeur indissociable de celle de la religion dont &hellip;","og_url":"https:\/\/elmawkie.dz\/fr\/goudjil-la-langue-arabe-fait-partie-integrante-de-lidentite-de-la-nation-algerienne\/","og_site_name":"El Mawkie","article_publisher":"https:\/\/www.facebook.com\/profile.php?id=100088407094989&locale=fr_FR","article_published_time":"2024-12-18T20:00:34+00:00","og_image":[{"width":730,"height":438,"url":"https:\/\/elmawkie.dz\/fr\/wp-content\/uploads\/2024\/12\/IMG_6781.jpeg","type":"image\/jpeg"}],"author":"R\u00e9daction","twitter_card":"summary_large_image","twitter_misc":{"Written by":"R\u00e9daction","Est. reading time":"1 minute"},"schema":{"@context":"https:\/\/schema.org","@graph":[{"@type":"Article","@id":"https:\/\/elmawkie.dz\/fr\/goudjil-la-langue-arabe-fait-partie-integrante-de-lidentite-de-la-nation-algerienne\/#article","isPartOf":{"@id":"https:\/\/elmawkie.dz\/fr\/goudjil-la-langue-arabe-fait-partie-integrante-de-lidentite-de-la-nation-algerienne\/"},"author":{"name":"R\u00e9daction","@id":"https:\/\/elmawkie.dz\/fr\/#\/schema\/person\/e7bd59d6467874ba5c4723d8a9f0a63c"},"headline":"Goudjil : la langue arabe fait partie int\u00e9grante de l&rsquo;identit\u00e9 de la nation alg\u00e9rienne","datePublished":"2024-12-18T20:00:34+00:00","dateModified":"2024-12-18T20:00:34+00:00","mainEntityOfPage":{"@id":"https:\/\/elmawkie.dz\/fr\/goudjil-la-langue-arabe-fait-partie-integrante-de-lidentite-de-la-nation-algerienne\/"},"wordCount":165,"commentCount":0,"publisher":{"@id":"https:\/\/elmawkie.dz\/fr\/#organization"},"image":{"@id":"https:\/\/elmawkie.dz\/fr\/goudjil-la-langue-arabe-fait-partie-integrante-de-lidentite-de-la-nation-algerienne\/#primaryimage"},"thumbnailUrl":"https:\/\/elmawkie.dz\/fr\/wp-content\/uploads\/2024\/12\/IMG_6781.jpeg","keywords":["Goudjil","l'identit\u00e9","la langue arabe","la nation alg\u00e9rienne"],"articleSection":["National"],"inLanguage":"fr-FR","potentialAction":[{"@type":"CommentAction","name":"Comment","target":["https:\/\/elmawkie.dz\/fr\/goudjil-la-langue-arabe-fait-partie-integrante-de-lidentite-de-la-nation-algerienne\/#respond"]}]},{"@type":"WebPage","@id":"https:\/\/elmawkie.dz\/fr\/goudjil-la-langue-arabe-fait-partie-integrante-de-lidentite-de-la-nation-algerienne\/","url":"https:\/\/elmawkie.dz\/fr\/goudjil-la-langue-arabe-fait-partie-integrante-de-lidentite-de-la-nation-algerienne\/","name":"Goudjil : la langue arabe fait partie int\u00e9grante de l'identit\u00e9 de la nation alg\u00e9rienne - El Mawkie","isPartOf":{"@id":"https:\/\/elmawkie.dz\/fr\/#website"},"primaryImageOfPage":{"@id":"https:\/\/elmawkie.dz\/fr\/goudjil-la-langue-arabe-fait-partie-integrante-de-lidentite-de-la-nation-algerienne\/#primaryimage"},"image":{"@id":"https:\/\/elmawkie.dz\/fr\/goudjil-la-langue-arabe-fait-partie-integrante-de-lidentite-de-la-nation-algerienne\/#primaryimage"},"thumbnailUrl":"https:\/\/elmawkie.dz\/fr\/wp-content\/uploads\/2024\/12\/IMG_6781.jpeg","datePublished":"2024-12-18T20:00:34+00:00","dateModified":"2024-12-18T20:00:34+00:00","breadcrumb":{"@id":"https:\/\/elmawkie.dz\/fr\/goudjil-la-langue-arabe-fait-partie-integrante-de-lidentite-de-la-nation-algerienne\/#breadcrumb"},"inLanguage":"fr-FR","potentialAction":[{"@type":"ReadAction","target":["https:\/\/elmawkie.dz\/fr\/goudjil-la-langue-arabe-fait-partie-integrante-de-lidentite-de-la-nation-algerienne\/"]}]},{"@type":"ImageObject","inLanguage":"fr-FR","@id":"https:\/\/elmawkie.dz\/fr\/goudjil-la-langue-arabe-fait-partie-integrante-de-lidentite-de-la-nation-algerienne\/#primaryimage","url":"https:\/\/elmawkie.dz\/fr\/wp-content\/uploads\/2024\/12\/IMG_6781.jpeg","contentUrl":"https:\/\/elmawkie.dz\/fr\/wp-content\/uploads\/2024\/12\/IMG_6781.jpeg","width":730,"height":438},{"@type":"BreadcrumbList","@id":"https:\/\/elmawkie.dz\/fr\/goudjil-la-langue-arabe-fait-partie-integrante-de-lidentite-de-la-nation-algerienne\/#breadcrumb","itemListElement":[{"@type":"ListItem","position":1,"name":"Home","item":"https:\/\/elmawkie.dz\/fr\/"},{"@type":"ListItem","position":2,"name":"Goudjil : la langue arabe fait partie int\u00e9grante de l&rsquo;identit\u00e9 de la nation alg\u00e9rienne"}]},{"@type":"WebSite","@id":"https:\/\/elmawkie.dz\/fr\/#website","url":"https:\/\/elmawkie.dz\/fr\/","name":"EL MAWKIE","description":"Journal \u00c9lectronique Alg\u00e9rien","publisher":{"@id":"https:\/\/elmawkie.dz\/fr\/#organization"},"potentialAction":[{"@type":"SearchAction","target":{"@type":"EntryPoint","urlTemplate":"https:\/\/elmawkie.dz\/fr\/?s={search_term_string}"},"query-input":"required name=search_term_string"}],"inLanguage":"fr-FR"},{"@type":"Organization","@id":"https:\/\/elmawkie.dz\/fr\/#organization","name":"EL MAWKIE","url":"https:\/\/elmawkie.dz\/fr\/","logo":{"@type":"ImageObject","inLanguage":"fr-FR","@id":"https:\/\/elmawkie.dz\/fr\/#\/schema\/logo\/image\/","url":"https:\/\/elmawkie.dz\/fr\/wp-content\/uploads\/2024\/05\/logo1.png","contentUrl":"https:\/\/elmawkie.dz\/fr\/wp-content\/uploads\/2024\/05\/logo1.png","width":1648,"height":652,"caption":"EL MAWKIE"},"image":{"@id":"https:\/\/elmawkie.dz\/fr\/#\/schema\/logo\/image\/"},"sameAs":["https:\/\/www.facebook.com\/profile.php?id=100088407094989&locale=fr_FR"]},{"@type":"Person","@id":"https:\/\/elmawkie.dz\/fr\/#\/schema\/person\/e7bd59d6467874ba5c4723d8a9f0a63c","name":"R\u00e9daction","image":{"@type":"ImageObject","inLanguage":"fr-FR","@id":"https:\/\/elmawkie.dz\/fr\/#\/schema\/person\/image\/","url":"https:\/\/secure.gravatar.com\/avatar\/f0f773456344da4d2788c054a3d30a0c?s=96&d=mm&r=g","contentUrl":"https:\/\/secure.gravatar.com\/avatar\/f0f773456344da4d2788c054a3d30a0c?s=96&d=mm&r=g","caption":"R\u00e9daction"},"url":"https:\/\/elmawkie.dz\/fr\/author\/redaction\/"}]}},"_links":{"self":[{"href":"https:\/\/elmawkie.dz\/fr\/wp-json\/wp\/v2\/posts\/7274","targetHints":{"allow":["GET"]}}],"collection":[{"href":"https:\/\/elmawkie.dz\/fr\/wp-json\/wp\/v2\/posts"}],"about":[{"href":"https:\/\/elmawkie.dz\/fr\/wp-json\/wp\/v2\/types\/post"}],"author":[{"embeddable":true,"href":"https:\/\/elmawkie.dz\/fr\/wp-json\/wp\/v2\/users\/9"}],"replies":[{"embeddable":true,"href":"https:\/\/elmawkie.dz\/fr\/wp-json\/wp\/v2\/comments?post=7274"}],"version-history":[{"count":0,"href":"https:\/\/elmawkie.dz\/fr\/wp-json\/wp\/v2\/posts\/7274\/revisions"}],"wp:featuredmedia":[{"embeddable":true,"href":"https:\/\/elmawkie.dz\/fr\/wp-json\/wp\/v2\/media\/7275"}],"wp:attachment":[{"href":"https:\/\/elmawkie.dz\/fr\/wp-json\/wp\/v2\/media?parent=7274"}],"wp:term":[{"taxonomy":"category","embeddable":true,"href":"https:\/\/elmawkie.dz\/fr\/wp-json\/wp\/v2\/categories?post=7274"},{"taxonomy":"post_tag","embeddable":true,"href":"https:\/\/elmawkie.dz\/fr\/wp-json\/wp\/v2\/tags?post=7274"}],"curies":[{"name":"wp","href":"https:\/\/api.w.org\/{rel}","templated":true}]}}