{"id":7203,"date":"2024-12-16T13:54:51","date_gmt":"2024-12-16T12:54:51","guid":{"rendered":"https:\/\/elmawkie.dz\/fr\/?p=7203"},"modified":"2024-12-17T07:36:06","modified_gmt":"2024-12-17T06:36:06","slug":"projet-de-loi-sur-le-droit-de-greve-au-maroc-sit-in-mardi-devant-le-parlement-pour-denoncer-une-loi-restrictive","status":"publish","type":"post","link":"https:\/\/elmawkie.dz\/fr\/projet-de-loi-sur-le-droit-de-greve-au-maroc-sit-in-mardi-devant-le-parlement-pour-denoncer-une-loi-restrictive\/","title":{"rendered":"Projet de loi sur le droit de gr\u00e8ve au Maroc: sit-in mardi devant le Parlement pour d\u00e9noncer une loi \u00ab\u00a0restrictive\u00a0\u00bb"},"content":{"rendered":"<p><strong><em>Oppos\u00e9es fermement au projet de loi sur le droit de gr\u00e8ve pr\u00e9sent\u00e9 par le gouvernement, des organisations syndicales marocaines appellent \u00e0 un sit-in mardi devant le Parlement \u00e0 Rabat pour d\u00e9noncer \u00ab\u00a0l&rsquo;ent\u00eatement\u00a0\u00bb du gouvernement \u00e0 maintenir un projet de loi \u00ab\u00a0restrictif\u00a0\u00bb et \u00ab\u00a0contraire aux conventions internationales\u00a0\u00bb. Le Syndicat national du travail au Maroc (UNTM) appelle \u00e0 une large mobilisation, mardi, pour s&rsquo;\u00e9lever contre \u00ab\u00a0l&rsquo;ent\u00eatement du gouvernement \u00e0 maintenir ce projet de loi malgr\u00e9 le rejet massif de ses amendements par les organisations sociales, politiques et des droits humains\u00a0\u00bb. Dans son appel \u00e0 protester contre ce projet de loi qu&rsquo;il juge \u00ab\u00a0restrictif\u00a0\u00bb et \u00ab\u00a0contraire \u00e0 la Constitution ainsi qu&rsquo;aux conventions internationales\u00a0\u00bb, ce syndicat exhorte \u00e9galement le gouvernement \u00e0 \u00ab\u00a0cesser de marginaliser les centrales syndicales\u00a0\u00bb et de \u00ab\u00a0chercher un compromis avec toutes les parties concern\u00e9es\u00a0\u00bb. L&rsquo;UNTM est soutenu, dans cette action, par l&rsquo;Organisation d\u00e9mocratique du travail (ODT) qui a \u00e9galement lanc\u00e9 un appel urgent \u00e0 ses membres ainsi qu&rsquo;\u00e0 l&rsquo;ensemble des salari\u00e9s et des cat\u00e9gories professionnelles pour une participation massive au sit-in en question. Cette organisation a d\u00e9nonc\u00e9, dans un communiqu\u00e9, l'\u00a0\u00bbent\u00eatement du gouvernement et son refus de s&rsquo;engager dans un dialogue social, tout en tentant d&rsquo;imposer un projet de loi criminalisant le droit de gr\u00e8ve, un droit arrach\u00e9 apr\u00e8s des d\u00e9cennies de lutte des syndicats\u00a0\u00bb. Pour l&rsquo;ODT, ce projet constitue \u00ab\u00a0une atteinte directe \u00e0 un droit constitutionnellement garanti\u00a0\u00bb et \u00ab\u00a0une violation flagrante des conventions internationales ratifi\u00e9es par le Maroc, en particulier les conventions 87 et 98 de l&rsquo;Organisation internationale du travail (OIT). Ce syndicat a exhort\u00e9 le gouvernement \u00e0 \u00ab\u00a0retirer ce projet de loi\u00a0\u00bb et \u00e0 \u00ab\u00a0s&rsquo;attaquer aux causes profondes des gr\u00e8ves, notamment en respectant le code du travail, en renfor\u00e7ant la protection sociale en augmentant le salaire minimum, en garantissant la stabilit\u00e9 de l&#8217;emploi et en instaurant des m\u00e9canismes d&rsquo;indemnisation en cas de perte d&#8217;emploi ou de ch\u00f4mage\u00a0\u00bb. Le projet de loi sur le droit de gr\u00e8ve, pr\u00e9sent\u00e9 au Parlement alors que les consultations et n\u00e9gociations avec les syndicats n&rsquo;\u00e9taient pas encore termin\u00e9es, suscite des inqui\u00e9tudes croissantes parmi les acteurs syndicaux marocains qui y voient une menace pour un des droits les plus fondamentaux des travailleurs. Cet \u00ab\u00a0empressement\u00a0\u00bb inqui\u00e8te quant \u00e0 la protection des droits des travailleurs et \u00e0 la conformit\u00e9 de cette l\u00e9gislation avec les normes internationales en mati\u00e8re des droits de l&rsquo;Homme. L&rsquo;UMT a mis en garde, \u00e0 ce titre, contre l&#8217;emploi de formules ayant une connotation \u00ab\u00a0punitive\u00a0\u00bb susceptibles de dissuader les travailleurs de recourir \u00e0 la gr\u00e8ve, soulignant l&rsquo;inqui\u00e9tante tendance \u00e0 instaurer des sanctions s\u00e9v\u00e8res contre les syndicats et les gr\u00e9vistes. \u00ab\u00a0Pr\u00e8s d&rsquo;un sixi\u00e8me des articles est d\u00e9di\u00e9 aux sanctions p\u00e9cuniaires, aux peines d&#8217;emprisonnement et aux amendes visant les syndicalistes et les organisations syndicales\u00a0\u00bb, note l&rsquo;UMT avec pr\u00e9occupation. S&rsquo;opposant \u00ab\u00a0fermement\u00a0\u00bb \u00e0 l&rsquo;inclusion de sanctions p\u00e9nales dans le projet de loi, cette organisation syndicale affirme que cela \u00ab\u00a0constituerait une violation des droits fondamentaux des travailleurs\u00a0\u00bb. Ce syndicat a d\u00e9nonc\u00e9 en particulier les articles 18 et 19 qui bafouent, selon lui, les droits des salari\u00e9s. L&rsquo;article 18 soul\u00e8ve ainsi des inqui\u00e9tudes sur la libert\u00e9 d&rsquo;expression et d&rsquo;action des travailleurs. L&rsquo;article 19 pose \u00e9galement un probl\u00e8me majeur, rel\u00e8ve l&rsquo;UMT, dans la mesure o\u00f9 il conf\u00e8re au Chef du gouvernement le pouvoir d&rsquo;interdire ou de suspendre des gr\u00e8ves. Pour le syndicat, \u00ab\u00a0cet article cr\u00e9e un conflit d&rsquo;int\u00e9r\u00eats \u00e9vident\u00a0\u00bb.<\/em><\/strong><\/p>\n","protected":false},"excerpt":{"rendered":"<p>Oppos\u00e9es fermement au projet de loi sur le droit de gr\u00e8ve pr\u00e9sent\u00e9 par le gouvernement, des organisations syndicales marocaines appellent \u00e0 un sit-in mardi devant le Parlement \u00e0 Rabat pour d\u00e9noncer \u00ab\u00a0l&rsquo;ent\u00eatement\u00a0\u00bb du gouvernement \u00e0 maintenir un projet de loi \u00ab\u00a0restrictif\u00a0\u00bb et \u00ab\u00a0contraire aux conventions internationales\u00a0\u00bb. Le Syndicat national du travail au Maroc (UNTM) appelle &hellip;<\/p>\n","protected":false},"author":9,"featured_media":7204,"comment_status":"open","ping_status":"open","sticky":false,"template":"","format":"standard","meta":{"footnotes":""},"categories":[44],"tags":[1683,1687,1684,1686,99,1682,1685],"class_list":["post-7203","post","type-post","status-publish","format-standard","has-post-thumbnail","hentry","category-international","tag-greve","tag-le-droit","tag-le-parlement","tag-mardi","tag-maroc","tag-projet-de-loi","tag-sit-in"],"yoast_head":"<!-- This site is optimized with the Yoast SEO Premium plugin v22.6 (Yoast SEO v22.6) - https:\/\/yoast.com\/wordpress\/plugins\/seo\/ -->\n<title>Projet de loi sur le droit de gr\u00e8ve au Maroc: sit-in mardi devant le Parlement pour d\u00e9noncer une loi &quot;restrictive&quot; - El Mawkie<\/title>\n<meta name=\"robots\" content=\"index, follow, max-snippet:-1, max-image-preview:large, max-video-preview:-1\" \/>\n<link rel=\"canonical\" href=\"https:\/\/elmawkie.dz\/fr\/projet-de-loi-sur-le-droit-de-greve-au-maroc-sit-in-mardi-devant-le-parlement-pour-denoncer-une-loi-restrictive\/\" \/>\n<meta property=\"og:locale\" content=\"fr_FR\" \/>\n<meta property=\"og:type\" content=\"article\" \/>\n<meta property=\"og:title\" content=\"Projet de loi sur le droit de gr\u00e8ve au Maroc: sit-in mardi devant le Parlement pour d\u00e9noncer une loi &quot;restrictive&quot;\" \/>\n<meta property=\"og:description\" content=\"Oppos\u00e9es fermement au projet de loi sur le droit de gr\u00e8ve pr\u00e9sent\u00e9 par le gouvernement, des organisations syndicales marocaines appellent \u00e0 un sit-in mardi devant le Parlement \u00e0 Rabat pour d\u00e9noncer \u00ab\u00a0l&rsquo;ent\u00eatement\u00a0\u00bb du gouvernement \u00e0 maintenir un projet de loi \u00ab\u00a0restrictif\u00a0\u00bb et \u00ab\u00a0contraire aux conventions internationales\u00a0\u00bb. Le Syndicat national du travail au Maroc (UNTM) appelle &hellip;\" \/>\n<meta property=\"og:url\" content=\"https:\/\/elmawkie.dz\/fr\/projet-de-loi-sur-le-droit-de-greve-au-maroc-sit-in-mardi-devant-le-parlement-pour-denoncer-une-loi-restrictive\/\" \/>\n<meta property=\"og:site_name\" content=\"El Mawkie\" \/>\n<meta property=\"article:publisher\" content=\"https:\/\/www.facebook.com\/profile.php?id=100088407094989&amp;locale=fr_FR\" \/>\n<meta property=\"article:published_time\" content=\"2024-12-16T12:54:51+00:00\" \/>\n<meta property=\"article:modified_time\" content=\"2024-12-17T06:36:06+00:00\" \/>\n<meta property=\"og:image\" content=\"https:\/\/elmawkie.dz\/fr\/wp-content\/uploads\/2024\/12\/IMG_6645.jpeg\" \/>\n\t<meta property=\"og:image:width\" content=\"640\" \/>\n\t<meta property=\"og:image:height\" content=\"480\" \/>\n\t<meta property=\"og:image:type\" content=\"image\/jpeg\" \/>\n<meta name=\"author\" content=\"R\u00e9daction\" \/>\n<meta name=\"twitter:card\" content=\"summary_large_image\" \/>\n<meta name=\"twitter:label1\" content=\"Written by\" \/>\n\t<meta name=\"twitter:data1\" content=\"R\u00e9daction\" \/>\n\t<meta name=\"twitter:label2\" content=\"Est. reading time\" \/>\n\t<meta name=\"twitter:data2\" content=\"3 minutes\" \/>\n<script type=\"application\/ld+json\" class=\"yoast-schema-graph\">{\"@context\":\"https:\/\/schema.org\",\"@graph\":[{\"@type\":\"Article\",\"@id\":\"https:\/\/elmawkie.dz\/fr\/projet-de-loi-sur-le-droit-de-greve-au-maroc-sit-in-mardi-devant-le-parlement-pour-denoncer-une-loi-restrictive\/#article\",\"isPartOf\":{\"@id\":\"https:\/\/elmawkie.dz\/fr\/projet-de-loi-sur-le-droit-de-greve-au-maroc-sit-in-mardi-devant-le-parlement-pour-denoncer-une-loi-restrictive\/\"},\"author\":{\"name\":\"R\u00e9daction\",\"@id\":\"https:\/\/elmawkie.dz\/fr\/#\/schema\/person\/e7bd59d6467874ba5c4723d8a9f0a63c\"},\"headline\":\"Projet de loi sur le droit de gr\u00e8ve au Maroc: sit-in mardi devant le Parlement pour d\u00e9noncer une loi \u00ab\u00a0restrictive\u00a0\u00bb\",\"datePublished\":\"2024-12-16T12:54:51+00:00\",\"dateModified\":\"2024-12-17T06:36:06+00:00\",\"mainEntityOfPage\":{\"@id\":\"https:\/\/elmawkie.dz\/fr\/projet-de-loi-sur-le-droit-de-greve-au-maroc-sit-in-mardi-devant-le-parlement-pour-denoncer-une-loi-restrictive\/\"},\"wordCount\":629,\"commentCount\":0,\"publisher\":{\"@id\":\"https:\/\/elmawkie.dz\/fr\/#organization\"},\"image\":{\"@id\":\"https:\/\/elmawkie.dz\/fr\/projet-de-loi-sur-le-droit-de-greve-au-maroc-sit-in-mardi-devant-le-parlement-pour-denoncer-une-loi-restrictive\/#primaryimage\"},\"thumbnailUrl\":\"https:\/\/elmawkie.dz\/fr\/wp-content\/uploads\/2024\/12\/IMG_6645.jpeg\",\"keywords\":[\"gr\u00e8ve\",\"Le droit\",\"le Parlement\",\"mardi\",\"Maroc\",\"Projet de loi\",\"sit-in\"],\"articleSection\":[\"International\"],\"inLanguage\":\"fr-FR\",\"potentialAction\":[{\"@type\":\"CommentAction\",\"name\":\"Comment\",\"target\":[\"https:\/\/elmawkie.dz\/fr\/projet-de-loi-sur-le-droit-de-greve-au-maroc-sit-in-mardi-devant-le-parlement-pour-denoncer-une-loi-restrictive\/#respond\"]}]},{\"@type\":\"WebPage\",\"@id\":\"https:\/\/elmawkie.dz\/fr\/projet-de-loi-sur-le-droit-de-greve-au-maroc-sit-in-mardi-devant-le-parlement-pour-denoncer-une-loi-restrictive\/\",\"url\":\"https:\/\/elmawkie.dz\/fr\/projet-de-loi-sur-le-droit-de-greve-au-maroc-sit-in-mardi-devant-le-parlement-pour-denoncer-une-loi-restrictive\/\",\"name\":\"Projet de loi sur le droit de gr\u00e8ve au Maroc: sit-in mardi devant le Parlement pour d\u00e9noncer une loi \\\"restrictive\\\" - El Mawkie\",\"isPartOf\":{\"@id\":\"https:\/\/elmawkie.dz\/fr\/#website\"},\"primaryImageOfPage\":{\"@id\":\"https:\/\/elmawkie.dz\/fr\/projet-de-loi-sur-le-droit-de-greve-au-maroc-sit-in-mardi-devant-le-parlement-pour-denoncer-une-loi-restrictive\/#primaryimage\"},\"image\":{\"@id\":\"https:\/\/elmawkie.dz\/fr\/projet-de-loi-sur-le-droit-de-greve-au-maroc-sit-in-mardi-devant-le-parlement-pour-denoncer-une-loi-restrictive\/#primaryimage\"},\"thumbnailUrl\":\"https:\/\/elmawkie.dz\/fr\/wp-content\/uploads\/2024\/12\/IMG_6645.jpeg\",\"datePublished\":\"2024-12-16T12:54:51+00:00\",\"dateModified\":\"2024-12-17T06:36:06+00:00\",\"breadcrumb\":{\"@id\":\"https:\/\/elmawkie.dz\/fr\/projet-de-loi-sur-le-droit-de-greve-au-maroc-sit-in-mardi-devant-le-parlement-pour-denoncer-une-loi-restrictive\/#breadcrumb\"},\"inLanguage\":\"fr-FR\",\"potentialAction\":[{\"@type\":\"ReadAction\",\"target\":[\"https:\/\/elmawkie.dz\/fr\/projet-de-loi-sur-le-droit-de-greve-au-maroc-sit-in-mardi-devant-le-parlement-pour-denoncer-une-loi-restrictive\/\"]}]},{\"@type\":\"ImageObject\",\"inLanguage\":\"fr-FR\",\"@id\":\"https:\/\/elmawkie.dz\/fr\/projet-de-loi-sur-le-droit-de-greve-au-maroc-sit-in-mardi-devant-le-parlement-pour-denoncer-une-loi-restrictive\/#primaryimage\",\"url\":\"https:\/\/elmawkie.dz\/fr\/wp-content\/uploads\/2024\/12\/IMG_6645.jpeg\",\"contentUrl\":\"https:\/\/elmawkie.dz\/fr\/wp-content\/uploads\/2024\/12\/IMG_6645.jpeg\",\"width\":640,\"height\":480},{\"@type\":\"BreadcrumbList\",\"@id\":\"https:\/\/elmawkie.dz\/fr\/projet-de-loi-sur-le-droit-de-greve-au-maroc-sit-in-mardi-devant-le-parlement-pour-denoncer-une-loi-restrictive\/#breadcrumb\",\"itemListElement\":[{\"@type\":\"ListItem\",\"position\":1,\"name\":\"Home\",\"item\":\"https:\/\/elmawkie.dz\/fr\/\"},{\"@type\":\"ListItem\",\"position\":2,\"name\":\"Projet de loi sur le droit de gr\u00e8ve au Maroc: sit-in mardi devant le Parlement pour d\u00e9noncer une loi \u00ab\u00a0restrictive\u00a0\u00bb\"}]},{\"@type\":\"WebSite\",\"@id\":\"https:\/\/elmawkie.dz\/fr\/#website\",\"url\":\"https:\/\/elmawkie.dz\/fr\/\",\"name\":\"EL MAWKIE\",\"description\":\"Journal \u00c9lectronique Alg\u00e9rien\",\"publisher\":{\"@id\":\"https:\/\/elmawkie.dz\/fr\/#organization\"},\"potentialAction\":[{\"@type\":\"SearchAction\",\"target\":{\"@type\":\"EntryPoint\",\"urlTemplate\":\"https:\/\/elmawkie.dz\/fr\/?s={search_term_string}\"},\"query-input\":\"required name=search_term_string\"}],\"inLanguage\":\"fr-FR\"},{\"@type\":\"Organization\",\"@id\":\"https:\/\/elmawkie.dz\/fr\/#organization\",\"name\":\"EL MAWKIE\",\"url\":\"https:\/\/elmawkie.dz\/fr\/\",\"logo\":{\"@type\":\"ImageObject\",\"inLanguage\":\"fr-FR\",\"@id\":\"https:\/\/elmawkie.dz\/fr\/#\/schema\/logo\/image\/\",\"url\":\"https:\/\/elmawkie.dz\/fr\/wp-content\/uploads\/2024\/05\/logo1.png\",\"contentUrl\":\"https:\/\/elmawkie.dz\/fr\/wp-content\/uploads\/2024\/05\/logo1.png\",\"width\":1648,\"height\":652,\"caption\":\"EL MAWKIE\"},\"image\":{\"@id\":\"https:\/\/elmawkie.dz\/fr\/#\/schema\/logo\/image\/\"},\"sameAs\":[\"https:\/\/www.facebook.com\/profile.php?id=100088407094989&locale=fr_FR\"]},{\"@type\":\"Person\",\"@id\":\"https:\/\/elmawkie.dz\/fr\/#\/schema\/person\/e7bd59d6467874ba5c4723d8a9f0a63c\",\"name\":\"R\u00e9daction\",\"image\":{\"@type\":\"ImageObject\",\"inLanguage\":\"fr-FR\",\"@id\":\"https:\/\/elmawkie.dz\/fr\/#\/schema\/person\/image\/\",\"url\":\"https:\/\/secure.gravatar.com\/avatar\/f0f773456344da4d2788c054a3d30a0c?s=96&d=mm&r=g\",\"contentUrl\":\"https:\/\/secure.gravatar.com\/avatar\/f0f773456344da4d2788c054a3d30a0c?s=96&d=mm&r=g\",\"caption\":\"R\u00e9daction\"},\"url\":\"https:\/\/elmawkie.dz\/fr\/author\/redaction\/\"}]}<\/script>\n<!-- \/ Yoast SEO Premium plugin. -->","yoast_head_json":{"title":"Projet de loi sur le droit de gr\u00e8ve au Maroc: sit-in mardi devant le Parlement pour d\u00e9noncer une loi \"restrictive\" - El Mawkie","robots":{"index":"index","follow":"follow","max-snippet":"max-snippet:-1","max-image-preview":"max-image-preview:large","max-video-preview":"max-video-preview:-1"},"canonical":"https:\/\/elmawkie.dz\/fr\/projet-de-loi-sur-le-droit-de-greve-au-maroc-sit-in-mardi-devant-le-parlement-pour-denoncer-une-loi-restrictive\/","og_locale":"fr_FR","og_type":"article","og_title":"Projet de loi sur le droit de gr\u00e8ve au Maroc: sit-in mardi devant le Parlement pour d\u00e9noncer une loi \"restrictive\"","og_description":"Oppos\u00e9es fermement au projet de loi sur le droit de gr\u00e8ve pr\u00e9sent\u00e9 par le gouvernement, des organisations syndicales marocaines appellent \u00e0 un sit-in mardi devant le Parlement \u00e0 Rabat pour d\u00e9noncer \u00ab\u00a0l&rsquo;ent\u00eatement\u00a0\u00bb du gouvernement \u00e0 maintenir un projet de loi \u00ab\u00a0restrictif\u00a0\u00bb et \u00ab\u00a0contraire aux conventions internationales\u00a0\u00bb. Le Syndicat national du travail au Maroc (UNTM) appelle &hellip;","og_url":"https:\/\/elmawkie.dz\/fr\/projet-de-loi-sur-le-droit-de-greve-au-maroc-sit-in-mardi-devant-le-parlement-pour-denoncer-une-loi-restrictive\/","og_site_name":"El Mawkie","article_publisher":"https:\/\/www.facebook.com\/profile.php?id=100088407094989&locale=fr_FR","article_published_time":"2024-12-16T12:54:51+00:00","article_modified_time":"2024-12-17T06:36:06+00:00","og_image":[{"width":640,"height":480,"url":"https:\/\/elmawkie.dz\/fr\/wp-content\/uploads\/2024\/12\/IMG_6645.jpeg","type":"image\/jpeg"}],"author":"R\u00e9daction","twitter_card":"summary_large_image","twitter_misc":{"Written by":"R\u00e9daction","Est. reading time":"3 minutes"},"schema":{"@context":"https:\/\/schema.org","@graph":[{"@type":"Article","@id":"https:\/\/elmawkie.dz\/fr\/projet-de-loi-sur-le-droit-de-greve-au-maroc-sit-in-mardi-devant-le-parlement-pour-denoncer-une-loi-restrictive\/#article","isPartOf":{"@id":"https:\/\/elmawkie.dz\/fr\/projet-de-loi-sur-le-droit-de-greve-au-maroc-sit-in-mardi-devant-le-parlement-pour-denoncer-une-loi-restrictive\/"},"author":{"name":"R\u00e9daction","@id":"https:\/\/elmawkie.dz\/fr\/#\/schema\/person\/e7bd59d6467874ba5c4723d8a9f0a63c"},"headline":"Projet de loi sur le droit de gr\u00e8ve au Maroc: sit-in mardi devant le Parlement pour d\u00e9noncer une loi \u00ab\u00a0restrictive\u00a0\u00bb","datePublished":"2024-12-16T12:54:51+00:00","dateModified":"2024-12-17T06:36:06+00:00","mainEntityOfPage":{"@id":"https:\/\/elmawkie.dz\/fr\/projet-de-loi-sur-le-droit-de-greve-au-maroc-sit-in-mardi-devant-le-parlement-pour-denoncer-une-loi-restrictive\/"},"wordCount":629,"commentCount":0,"publisher":{"@id":"https:\/\/elmawkie.dz\/fr\/#organization"},"image":{"@id":"https:\/\/elmawkie.dz\/fr\/projet-de-loi-sur-le-droit-de-greve-au-maroc-sit-in-mardi-devant-le-parlement-pour-denoncer-une-loi-restrictive\/#primaryimage"},"thumbnailUrl":"https:\/\/elmawkie.dz\/fr\/wp-content\/uploads\/2024\/12\/IMG_6645.jpeg","keywords":["gr\u00e8ve","Le droit","le Parlement","mardi","Maroc","Projet de loi","sit-in"],"articleSection":["International"],"inLanguage":"fr-FR","potentialAction":[{"@type":"CommentAction","name":"Comment","target":["https:\/\/elmawkie.dz\/fr\/projet-de-loi-sur-le-droit-de-greve-au-maroc-sit-in-mardi-devant-le-parlement-pour-denoncer-une-loi-restrictive\/#respond"]}]},{"@type":"WebPage","@id":"https:\/\/elmawkie.dz\/fr\/projet-de-loi-sur-le-droit-de-greve-au-maroc-sit-in-mardi-devant-le-parlement-pour-denoncer-une-loi-restrictive\/","url":"https:\/\/elmawkie.dz\/fr\/projet-de-loi-sur-le-droit-de-greve-au-maroc-sit-in-mardi-devant-le-parlement-pour-denoncer-une-loi-restrictive\/","name":"Projet de loi sur le droit de gr\u00e8ve au Maroc: sit-in mardi devant le Parlement pour d\u00e9noncer une loi \"restrictive\" - El Mawkie","isPartOf":{"@id":"https:\/\/elmawkie.dz\/fr\/#website"},"primaryImageOfPage":{"@id":"https:\/\/elmawkie.dz\/fr\/projet-de-loi-sur-le-droit-de-greve-au-maroc-sit-in-mardi-devant-le-parlement-pour-denoncer-une-loi-restrictive\/#primaryimage"},"image":{"@id":"https:\/\/elmawkie.dz\/fr\/projet-de-loi-sur-le-droit-de-greve-au-maroc-sit-in-mardi-devant-le-parlement-pour-denoncer-une-loi-restrictive\/#primaryimage"},"thumbnailUrl":"https:\/\/elmawkie.dz\/fr\/wp-content\/uploads\/2024\/12\/IMG_6645.jpeg","datePublished":"2024-12-16T12:54:51+00:00","dateModified":"2024-12-17T06:36:06+00:00","breadcrumb":{"@id":"https:\/\/elmawkie.dz\/fr\/projet-de-loi-sur-le-droit-de-greve-au-maroc-sit-in-mardi-devant-le-parlement-pour-denoncer-une-loi-restrictive\/#breadcrumb"},"inLanguage":"fr-FR","potentialAction":[{"@type":"ReadAction","target":["https:\/\/elmawkie.dz\/fr\/projet-de-loi-sur-le-droit-de-greve-au-maroc-sit-in-mardi-devant-le-parlement-pour-denoncer-une-loi-restrictive\/"]}]},{"@type":"ImageObject","inLanguage":"fr-FR","@id":"https:\/\/elmawkie.dz\/fr\/projet-de-loi-sur-le-droit-de-greve-au-maroc-sit-in-mardi-devant-le-parlement-pour-denoncer-une-loi-restrictive\/#primaryimage","url":"https:\/\/elmawkie.dz\/fr\/wp-content\/uploads\/2024\/12\/IMG_6645.jpeg","contentUrl":"https:\/\/elmawkie.dz\/fr\/wp-content\/uploads\/2024\/12\/IMG_6645.jpeg","width":640,"height":480},{"@type":"BreadcrumbList","@id":"https:\/\/elmawkie.dz\/fr\/projet-de-loi-sur-le-droit-de-greve-au-maroc-sit-in-mardi-devant-le-parlement-pour-denoncer-une-loi-restrictive\/#breadcrumb","itemListElement":[{"@type":"ListItem","position":1,"name":"Home","item":"https:\/\/elmawkie.dz\/fr\/"},{"@type":"ListItem","position":2,"name":"Projet de loi sur le droit de gr\u00e8ve au Maroc: sit-in mardi devant le Parlement pour d\u00e9noncer une loi \u00ab\u00a0restrictive\u00a0\u00bb"}]},{"@type":"WebSite","@id":"https:\/\/elmawkie.dz\/fr\/#website","url":"https:\/\/elmawkie.dz\/fr\/","name":"EL MAWKIE","description":"Journal \u00c9lectronique Alg\u00e9rien","publisher":{"@id":"https:\/\/elmawkie.dz\/fr\/#organization"},"potentialAction":[{"@type":"SearchAction","target":{"@type":"EntryPoint","urlTemplate":"https:\/\/elmawkie.dz\/fr\/?s={search_term_string}"},"query-input":"required name=search_term_string"}],"inLanguage":"fr-FR"},{"@type":"Organization","@id":"https:\/\/elmawkie.dz\/fr\/#organization","name":"EL MAWKIE","url":"https:\/\/elmawkie.dz\/fr\/","logo":{"@type":"ImageObject","inLanguage":"fr-FR","@id":"https:\/\/elmawkie.dz\/fr\/#\/schema\/logo\/image\/","url":"https:\/\/elmawkie.dz\/fr\/wp-content\/uploads\/2024\/05\/logo1.png","contentUrl":"https:\/\/elmawkie.dz\/fr\/wp-content\/uploads\/2024\/05\/logo1.png","width":1648,"height":652,"caption":"EL MAWKIE"},"image":{"@id":"https:\/\/elmawkie.dz\/fr\/#\/schema\/logo\/image\/"},"sameAs":["https:\/\/www.facebook.com\/profile.php?id=100088407094989&locale=fr_FR"]},{"@type":"Person","@id":"https:\/\/elmawkie.dz\/fr\/#\/schema\/person\/e7bd59d6467874ba5c4723d8a9f0a63c","name":"R\u00e9daction","image":{"@type":"ImageObject","inLanguage":"fr-FR","@id":"https:\/\/elmawkie.dz\/fr\/#\/schema\/person\/image\/","url":"https:\/\/secure.gravatar.com\/avatar\/f0f773456344da4d2788c054a3d30a0c?s=96&d=mm&r=g","contentUrl":"https:\/\/secure.gravatar.com\/avatar\/f0f773456344da4d2788c054a3d30a0c?s=96&d=mm&r=g","caption":"R\u00e9daction"},"url":"https:\/\/elmawkie.dz\/fr\/author\/redaction\/"}]}},"_links":{"self":[{"href":"https:\/\/elmawkie.dz\/fr\/wp-json\/wp\/v2\/posts\/7203","targetHints":{"allow":["GET"]}}],"collection":[{"href":"https:\/\/elmawkie.dz\/fr\/wp-json\/wp\/v2\/posts"}],"about":[{"href":"https:\/\/elmawkie.dz\/fr\/wp-json\/wp\/v2\/types\/post"}],"author":[{"embeddable":true,"href":"https:\/\/elmawkie.dz\/fr\/wp-json\/wp\/v2\/users\/9"}],"replies":[{"embeddable":true,"href":"https:\/\/elmawkie.dz\/fr\/wp-json\/wp\/v2\/comments?post=7203"}],"version-history":[{"count":0,"href":"https:\/\/elmawkie.dz\/fr\/wp-json\/wp\/v2\/posts\/7203\/revisions"}],"wp:featuredmedia":[{"embeddable":true,"href":"https:\/\/elmawkie.dz\/fr\/wp-json\/wp\/v2\/media\/7204"}],"wp:attachment":[{"href":"https:\/\/elmawkie.dz\/fr\/wp-json\/wp\/v2\/media?parent=7203"}],"wp:term":[{"taxonomy":"category","embeddable":true,"href":"https:\/\/elmawkie.dz\/fr\/wp-json\/wp\/v2\/categories?post=7203"},{"taxonomy":"post_tag","embeddable":true,"href":"https:\/\/elmawkie.dz\/fr\/wp-json\/wp\/v2\/tags?post=7203"}],"curies":[{"name":"wp","href":"https:\/\/api.w.org\/{rel}","templated":true}]}}