{"id":7173,"date":"2024-12-15T22:29:00","date_gmt":"2024-12-15T21:29:00","guid":{"rendered":"https:\/\/elmawkie.dz\/fr\/?p=7173"},"modified":"2024-12-15T22:29:18","modified_gmt":"2024-12-15T21:29:18","slug":"le-ministere-des-moudjahidine-denonce-les-rumeurs-sur-les-pretendues-cartes-pour-les-petits-enfants-de-chouhada","status":"publish","type":"post","link":"https:\/\/elmawkie.dz\/fr\/le-ministere-des-moudjahidine-denonce-les-rumeurs-sur-les-pretendues-cartes-pour-les-petits-enfants-de-chouhada\/","title":{"rendered":"Le minist\u00e8re des Moudjahidine d\u00e9nonce les rumeurs sur les pr\u00e9tendues cartes pour les petits-enfants de Chouhada"},"content":{"rendered":"<p><strong><em>Le minist\u00e8re des Moudjahidine et des Ayants droit a d\u00e9menti, dimanche dans un communiqu\u00e9, les informations erron\u00e9es et les all\u00e9gations mensong\u00e8res r\u00e9cemment relay\u00e9es sur les r\u00e9seaux sociaux au sujet de pr\u00e9tendues \u00ab\u00a0cartes des petits-enfants de Chouhada\u00a0\u00bb, affirmant se r\u00e9server le droit d&rsquo;engager des poursuites judiciaires \u00e0 l&rsquo;encontre de quiconque propage ces rumeurs et d\u00e9clarations fallacieuses. \u00ab\u00a0Le minist\u00e8re d\u00e9ment cat\u00e9goriquement les informations erron\u00e9es et les all\u00e9gations mensong\u00e8res r\u00e9cemment relay\u00e9es sur les r\u00e9seaux sociaux concernant des pr\u00e9tendues cartes des petits-enfants de Chouhada et se r\u00e9serve le droit d&rsquo;engager des poursuites judiciaires \u00e0 l&rsquo;encontre de quiconque propage des rumeurs et d\u00e9clarations fallacieuses\u00a0\u00bb, lit-on dans le communiqu\u00e9. \u00ab\u00a0Le minist\u00e8re ne m\u00e9nagera aucun effort pour prendre toutes les proc\u00e9dures l\u00e9gales contre quiconque s&rsquo;attaque aux symboles de notre histoire nationale et \u00e0 nos glorieux hauts faits, conform\u00e9ment \u00e0 la l\u00e9gislation en vigueur\u00a0\u00bb, ajoute le communiqu\u00e9. Le minist\u00e8re des Moudjahidine condamne \u00ab\u00a0ces agissements indignes et d\u00e9passements attentatoires aux symboles de notre glorieuse histoire\u00a0\u00bb, tout en r\u00e9futant \u00ab\u00a0les rumeurs relay\u00e9es, concernant soit l&rsquo;op\u00e9ration de reconnaissance de la qualit\u00e9 de membre par la Commission nationale de reconnaissance dont les travaux ont \u00e9t\u00e9 cl\u00f4tur\u00e9s en 2002, conform\u00e9ment aux recommandations et r\u00e9solutions du 9e congr\u00e8s de l&rsquo;Organisation nationale des Moudjahidine (ONM), ou des op\u00e9rations li\u00e9es \u00e0 la protection sociale des moudjahidine et des ayants droit\u00a0\u00bb. Selon le minist\u00e8re, ces agissements visant \u00e0 \u00ab\u00a0porter atteinte \u00e0 nos symboles nationaux par la diffusion de fausses informations et de d\u00e9clarations fallacieuses sur la reconnaissance des moudjahidine \u00e0 travers des documents infond\u00e9s li\u00e9s aux pr\u00e9tendues +cartes de petits-enfants de Chouhada+, sont orchestr\u00e9s par les ap\u00f4tres de la d\u00e9sinformation et de la manipulation\u00a0\u00bb, dans le but d'\u00a0\u00bbattenter \u00e0 l&rsquo;histoire de la R\u00e9volution du 1er novembre 1954, et de r\u00e9gler des comptes mesquins envers ses figures embl\u00e9matiques, apr\u00e8s l&rsquo;\u00e9chec de leurs tentatives de manipuler la v\u00e9rit\u00e9 sur notre M\u00e9moire nationale\u00a0\u00bb, a \u00e9crit le minist\u00e8re. Et d&rsquo;ajouter que \u00ab\u00a0ces haineux ou individus manipul\u00e9s, qui d\u00e9versent leur venin contre notre histoire sacr\u00e9e et ses symboles parmi les Chouhada et les moudjahidine ayant forg\u00e9 la grandeur et la gloire de l&rsquo;Alg\u00e9rie, sont motiv\u00e9s par des agendas li\u00e9s \u00e0 l&rsquo;id\u00e9ologie coloniale fran\u00e7aise dont les sbires nostalgiques tentent d\u00e9sesp\u00e9r\u00e9ment de raviver les souvenirs d&rsquo;un pass\u00e9 r\u00e9volu, clos le 5 juillet 1962 gr\u00e2ce aux sacrifices des enfants du peuple alg\u00e9rien, et ce afin de semer le doute sur les acquis et les r\u00e9alisations enregistr\u00e9s aujourd&rsquo;hui par l&rsquo;Alg\u00e9rie dans divers domaines\u00a0\u00bb. Le minist\u00e8re a, par ailleurs, affirm\u00e9 que \u00ab\u00a0l&rsquo;Etat, conform\u00e9ment \u00e0 la Constitution, garantit le respect des symboles de la R\u00e9volution, de la m\u00e9moire des Chouhada et de la dignit\u00e9 des ayants droit et des Moudjahidine\u00a0\u00bb. \u00ab\u00a0Il veille \u00e9galement, \u00e0 travers ses actions, \u00e0 pr\u00e9server la M\u00e9moire nationale, t\u00e9moignant ainsi de la fid\u00e9lit\u00e9 de la Nation envers les immenses sacrifices consentis par notre vaillant peuple, de l&rsquo;attachement des g\u00e9n\u00e9rations \u00e0 l&rsquo;esprit patriotique, et de leur fiert\u00e9 des gloires de la R\u00e9volution du 1er novembre 1954, tout en renfor\u00e7ant l&rsquo;unit\u00e9 nationale, la d\u00e9fense de la souverainet\u00e9, la protection des acquis du peuple, la pr\u00e9servation des institutions de l&rsquo;Etat, et la poursuite des victoires avec d\u00e9termination pour l&rsquo;\u00e9dification et le d\u00e9veloppement\u00a0\u00bb. Le minist\u00e8re a soulign\u00e9 que \u00ab\u00a0la strat\u00e9gie du minist\u00e8re en mati\u00e8re de comm\u00e9moration de la m\u00e9moire des Chouhada et des moudjahidine, se fonde sur un discours unificateur, conform\u00e9ment au programme du pr\u00e9sident de la R\u00e9publique, M. Abdelmadjid Tebboune\u00a0\u00bb. Le minist\u00e8re a dans ce contexte rappel\u00e9 \u00ab\u00a0les acquis accomplis en mati\u00e8re de pr\u00e9servation de la M\u00e9moire nationale, tels que l\u2019am\u00e9lioration du syst\u00e8me social, l\u00e9gislatif et r\u00e9glementaire des moudjahidine et des ayant droits, l\u2019organisation d&rsquo;activit\u00e9s scientifiques et acad\u00e9miques historiques, l&rsquo;introduction de la num\u00e9risation dans ce domaine ainsi que la r\u00e9alisation d\u2019\u0153uvres artistiques et audiovisuelles \u00e0 caract\u00e8re historique. Le minist\u00e8re coop\u00e8re \u00e9galement avec les acteurs de la soci\u00e9t\u00e9 civile et la jeunesse en faveur de la M\u00e9moire nationale qui repr\u00e9sente un rempart solide de l\u2019unit\u00e9 nationale et un socle pour pr\u00e9server l\u2019identit\u00e9 nationale\u00a0\u00bb. Le minist\u00e8re a appel\u00e9 la jeunesse alg\u00e9rienne et la corporation m\u00e9diatique \u00e0 \u00ab\u00a0renforcer leur conscience quant aux enjeux historiques actuels\u00a0\u00bb, affirmant que \u00ab\u00a0ses portes restent ouvertes pour fournir toutes les informations susceptibles de contribuer \u00e0 servir les moudjahidine et les ayant droits et de pr\u00e9server notre glorieuse m\u00e9moire nationale\u00a0\u00bb.<\/em><\/strong><\/p>\n","protected":false},"excerpt":{"rendered":"<p>Le minist\u00e8re des Moudjahidine et des Ayants droit a d\u00e9menti, dimanche dans un communiqu\u00e9, les informations erron\u00e9es et les all\u00e9gations mensong\u00e8res r\u00e9cemment relay\u00e9es sur les r\u00e9seaux sociaux au sujet de pr\u00e9tendues \u00ab\u00a0cartes des petits-enfants de Chouhada\u00a0\u00bb, affirmant se r\u00e9server le droit d&rsquo;engager des poursuites judiciaires \u00e0 l&rsquo;encontre de quiconque propage ces rumeurs et d\u00e9clarations fallacieuses. &hellip;<\/p>\n","protected":false},"author":9,"featured_media":7174,"comment_status":"open","ping_status":"open","sticky":false,"template":"","format":"standard","meta":{"footnotes":""},"categories":[47],"tags":[],"class_list":["post-7173","post","type-post","status-publish","format-standard","has-post-thumbnail","hentry","category-national"],"yoast_head":"<!-- This site is optimized with the Yoast SEO Premium plugin v22.6 (Yoast SEO v22.6) - https:\/\/yoast.com\/wordpress\/plugins\/seo\/ -->\n<title>Le minist\u00e8re des Moudjahidine d\u00e9nonce les rumeurs sur les pr\u00e9tendues cartes pour les petits-enfants de Chouhada - El Mawkie<\/title>\n<meta name=\"robots\" content=\"index, follow, max-snippet:-1, max-image-preview:large, max-video-preview:-1\" \/>\n<link rel=\"canonical\" href=\"https:\/\/elmawkie.dz\/fr\/le-ministere-des-moudjahidine-denonce-les-rumeurs-sur-les-pretendues-cartes-pour-les-petits-enfants-de-chouhada\/\" \/>\n<meta property=\"og:locale\" content=\"fr_FR\" \/>\n<meta property=\"og:type\" content=\"article\" \/>\n<meta property=\"og:title\" content=\"Le minist\u00e8re des Moudjahidine d\u00e9nonce les rumeurs sur les pr\u00e9tendues cartes pour les petits-enfants de Chouhada\" \/>\n<meta property=\"og:description\" content=\"Le minist\u00e8re des Moudjahidine et des Ayants droit a d\u00e9menti, dimanche dans un communiqu\u00e9, les informations erron\u00e9es et les all\u00e9gations mensong\u00e8res r\u00e9cemment relay\u00e9es sur les r\u00e9seaux sociaux au sujet de pr\u00e9tendues \u00ab\u00a0cartes des petits-enfants de Chouhada\u00a0\u00bb, affirmant se r\u00e9server le droit d&rsquo;engager des poursuites judiciaires \u00e0 l&rsquo;encontre de quiconque propage ces rumeurs et d\u00e9clarations fallacieuses. &hellip;\" \/>\n<meta property=\"og:url\" content=\"https:\/\/elmawkie.dz\/fr\/le-ministere-des-moudjahidine-denonce-les-rumeurs-sur-les-pretendues-cartes-pour-les-petits-enfants-de-chouhada\/\" \/>\n<meta property=\"og:site_name\" content=\"El Mawkie\" \/>\n<meta property=\"article:publisher\" content=\"https:\/\/www.facebook.com\/profile.php?id=100088407094989&amp;locale=fr_FR\" \/>\n<meta property=\"article:published_time\" content=\"2024-12-15T21:29:00+00:00\" \/>\n<meta property=\"article:modified_time\" content=\"2024-12-15T21:29:18+00:00\" \/>\n<meta property=\"og:image\" content=\"https:\/\/elmawkie.dz\/fr\/wp-content\/uploads\/2024\/12\/IMG_6599.png\" \/>\n\t<meta property=\"og:image:width\" content=\"828\" \/>\n\t<meta property=\"og:image:height\" content=\"427\" \/>\n\t<meta property=\"og:image:type\" content=\"image\/png\" \/>\n<meta name=\"author\" content=\"R\u00e9daction\" \/>\n<meta name=\"twitter:card\" content=\"summary_large_image\" \/>\n<meta name=\"twitter:label1\" content=\"Written by\" \/>\n\t<meta name=\"twitter:data1\" content=\"R\u00e9daction\" \/>\n\t<meta name=\"twitter:label2\" content=\"Est. reading time\" \/>\n\t<meta name=\"twitter:data2\" content=\"4 minutes\" \/>\n<script type=\"application\/ld+json\" class=\"yoast-schema-graph\">{\"@context\":\"https:\/\/schema.org\",\"@graph\":[{\"@type\":\"Article\",\"@id\":\"https:\/\/elmawkie.dz\/fr\/le-ministere-des-moudjahidine-denonce-les-rumeurs-sur-les-pretendues-cartes-pour-les-petits-enfants-de-chouhada\/#article\",\"isPartOf\":{\"@id\":\"https:\/\/elmawkie.dz\/fr\/le-ministere-des-moudjahidine-denonce-les-rumeurs-sur-les-pretendues-cartes-pour-les-petits-enfants-de-chouhada\/\"},\"author\":{\"name\":\"R\u00e9daction\",\"@id\":\"https:\/\/elmawkie.dz\/fr\/#\/schema\/person\/e7bd59d6467874ba5c4723d8a9f0a63c\"},\"headline\":\"Le minist\u00e8re des Moudjahidine d\u00e9nonce les rumeurs sur les pr\u00e9tendues cartes pour les petits-enfants de Chouhada\",\"datePublished\":\"2024-12-15T21:29:00+00:00\",\"dateModified\":\"2024-12-15T21:29:18+00:00\",\"mainEntityOfPage\":{\"@id\":\"https:\/\/elmawkie.dz\/fr\/le-ministere-des-moudjahidine-denonce-les-rumeurs-sur-les-pretendues-cartes-pour-les-petits-enfants-de-chouhada\/\"},\"wordCount\":842,\"commentCount\":0,\"publisher\":{\"@id\":\"https:\/\/elmawkie.dz\/fr\/#organization\"},\"image\":{\"@id\":\"https:\/\/elmawkie.dz\/fr\/le-ministere-des-moudjahidine-denonce-les-rumeurs-sur-les-pretendues-cartes-pour-les-petits-enfants-de-chouhada\/#primaryimage\"},\"thumbnailUrl\":\"https:\/\/elmawkie.dz\/fr\/wp-content\/uploads\/2024\/12\/IMG_6599.png\",\"articleSection\":[\"National\"],\"inLanguage\":\"fr-FR\",\"potentialAction\":[{\"@type\":\"CommentAction\",\"name\":\"Comment\",\"target\":[\"https:\/\/elmawkie.dz\/fr\/le-ministere-des-moudjahidine-denonce-les-rumeurs-sur-les-pretendues-cartes-pour-les-petits-enfants-de-chouhada\/#respond\"]}]},{\"@type\":\"WebPage\",\"@id\":\"https:\/\/elmawkie.dz\/fr\/le-ministere-des-moudjahidine-denonce-les-rumeurs-sur-les-pretendues-cartes-pour-les-petits-enfants-de-chouhada\/\",\"url\":\"https:\/\/elmawkie.dz\/fr\/le-ministere-des-moudjahidine-denonce-les-rumeurs-sur-les-pretendues-cartes-pour-les-petits-enfants-de-chouhada\/\",\"name\":\"Le minist\u00e8re des Moudjahidine d\u00e9nonce les rumeurs sur les pr\u00e9tendues cartes pour les petits-enfants de Chouhada - El Mawkie\",\"isPartOf\":{\"@id\":\"https:\/\/elmawkie.dz\/fr\/#website\"},\"primaryImageOfPage\":{\"@id\":\"https:\/\/elmawkie.dz\/fr\/le-ministere-des-moudjahidine-denonce-les-rumeurs-sur-les-pretendues-cartes-pour-les-petits-enfants-de-chouhada\/#primaryimage\"},\"image\":{\"@id\":\"https:\/\/elmawkie.dz\/fr\/le-ministere-des-moudjahidine-denonce-les-rumeurs-sur-les-pretendues-cartes-pour-les-petits-enfants-de-chouhada\/#primaryimage\"},\"thumbnailUrl\":\"https:\/\/elmawkie.dz\/fr\/wp-content\/uploads\/2024\/12\/IMG_6599.png\",\"datePublished\":\"2024-12-15T21:29:00+00:00\",\"dateModified\":\"2024-12-15T21:29:18+00:00\",\"breadcrumb\":{\"@id\":\"https:\/\/elmawkie.dz\/fr\/le-ministere-des-moudjahidine-denonce-les-rumeurs-sur-les-pretendues-cartes-pour-les-petits-enfants-de-chouhada\/#breadcrumb\"},\"inLanguage\":\"fr-FR\",\"potentialAction\":[{\"@type\":\"ReadAction\",\"target\":[\"https:\/\/elmawkie.dz\/fr\/le-ministere-des-moudjahidine-denonce-les-rumeurs-sur-les-pretendues-cartes-pour-les-petits-enfants-de-chouhada\/\"]}]},{\"@type\":\"ImageObject\",\"inLanguage\":\"fr-FR\",\"@id\":\"https:\/\/elmawkie.dz\/fr\/le-ministere-des-moudjahidine-denonce-les-rumeurs-sur-les-pretendues-cartes-pour-les-petits-enfants-de-chouhada\/#primaryimage\",\"url\":\"https:\/\/elmawkie.dz\/fr\/wp-content\/uploads\/2024\/12\/IMG_6599.png\",\"contentUrl\":\"https:\/\/elmawkie.dz\/fr\/wp-content\/uploads\/2024\/12\/IMG_6599.png\",\"width\":828,\"height\":427},{\"@type\":\"BreadcrumbList\",\"@id\":\"https:\/\/elmawkie.dz\/fr\/le-ministere-des-moudjahidine-denonce-les-rumeurs-sur-les-pretendues-cartes-pour-les-petits-enfants-de-chouhada\/#breadcrumb\",\"itemListElement\":[{\"@type\":\"ListItem\",\"position\":1,\"name\":\"Home\",\"item\":\"https:\/\/elmawkie.dz\/fr\/\"},{\"@type\":\"ListItem\",\"position\":2,\"name\":\"Le minist\u00e8re des Moudjahidine d\u00e9nonce les rumeurs sur les pr\u00e9tendues cartes pour les petits-enfants de Chouhada\"}]},{\"@type\":\"WebSite\",\"@id\":\"https:\/\/elmawkie.dz\/fr\/#website\",\"url\":\"https:\/\/elmawkie.dz\/fr\/\",\"name\":\"EL MAWKIE\",\"description\":\"Journal \u00c9lectronique Alg\u00e9rien\",\"publisher\":{\"@id\":\"https:\/\/elmawkie.dz\/fr\/#organization\"},\"potentialAction\":[{\"@type\":\"SearchAction\",\"target\":{\"@type\":\"EntryPoint\",\"urlTemplate\":\"https:\/\/elmawkie.dz\/fr\/?s={search_term_string}\"},\"query-input\":\"required name=search_term_string\"}],\"inLanguage\":\"fr-FR\"},{\"@type\":\"Organization\",\"@id\":\"https:\/\/elmawkie.dz\/fr\/#organization\",\"name\":\"EL MAWKIE\",\"url\":\"https:\/\/elmawkie.dz\/fr\/\",\"logo\":{\"@type\":\"ImageObject\",\"inLanguage\":\"fr-FR\",\"@id\":\"https:\/\/elmawkie.dz\/fr\/#\/schema\/logo\/image\/\",\"url\":\"https:\/\/elmawkie.dz\/fr\/wp-content\/uploads\/2024\/05\/logo1.png\",\"contentUrl\":\"https:\/\/elmawkie.dz\/fr\/wp-content\/uploads\/2024\/05\/logo1.png\",\"width\":1648,\"height\":652,\"caption\":\"EL MAWKIE\"},\"image\":{\"@id\":\"https:\/\/elmawkie.dz\/fr\/#\/schema\/logo\/image\/\"},\"sameAs\":[\"https:\/\/www.facebook.com\/profile.php?id=100088407094989&locale=fr_FR\"]},{\"@type\":\"Person\",\"@id\":\"https:\/\/elmawkie.dz\/fr\/#\/schema\/person\/e7bd59d6467874ba5c4723d8a9f0a63c\",\"name\":\"R\u00e9daction\",\"image\":{\"@type\":\"ImageObject\",\"inLanguage\":\"fr-FR\",\"@id\":\"https:\/\/elmawkie.dz\/fr\/#\/schema\/person\/image\/\",\"url\":\"https:\/\/secure.gravatar.com\/avatar\/f0f773456344da4d2788c054a3d30a0c?s=96&d=mm&r=g\",\"contentUrl\":\"https:\/\/secure.gravatar.com\/avatar\/f0f773456344da4d2788c054a3d30a0c?s=96&d=mm&r=g\",\"caption\":\"R\u00e9daction\"},\"url\":\"https:\/\/elmawkie.dz\/fr\/author\/redaction\/\"}]}<\/script>\n<!-- \/ Yoast SEO Premium plugin. -->","yoast_head_json":{"title":"Le minist\u00e8re des Moudjahidine d\u00e9nonce les rumeurs sur les pr\u00e9tendues cartes pour les petits-enfants de Chouhada - El Mawkie","robots":{"index":"index","follow":"follow","max-snippet":"max-snippet:-1","max-image-preview":"max-image-preview:large","max-video-preview":"max-video-preview:-1"},"canonical":"https:\/\/elmawkie.dz\/fr\/le-ministere-des-moudjahidine-denonce-les-rumeurs-sur-les-pretendues-cartes-pour-les-petits-enfants-de-chouhada\/","og_locale":"fr_FR","og_type":"article","og_title":"Le minist\u00e8re des Moudjahidine d\u00e9nonce les rumeurs sur les pr\u00e9tendues cartes pour les petits-enfants de Chouhada","og_description":"Le minist\u00e8re des Moudjahidine et des Ayants droit a d\u00e9menti, dimanche dans un communiqu\u00e9, les informations erron\u00e9es et les all\u00e9gations mensong\u00e8res r\u00e9cemment relay\u00e9es sur les r\u00e9seaux sociaux au sujet de pr\u00e9tendues \u00ab\u00a0cartes des petits-enfants de Chouhada\u00a0\u00bb, affirmant se r\u00e9server le droit d&rsquo;engager des poursuites judiciaires \u00e0 l&rsquo;encontre de quiconque propage ces rumeurs et d\u00e9clarations fallacieuses. &hellip;","og_url":"https:\/\/elmawkie.dz\/fr\/le-ministere-des-moudjahidine-denonce-les-rumeurs-sur-les-pretendues-cartes-pour-les-petits-enfants-de-chouhada\/","og_site_name":"El Mawkie","article_publisher":"https:\/\/www.facebook.com\/profile.php?id=100088407094989&locale=fr_FR","article_published_time":"2024-12-15T21:29:00+00:00","article_modified_time":"2024-12-15T21:29:18+00:00","og_image":[{"width":828,"height":427,"url":"https:\/\/elmawkie.dz\/fr\/wp-content\/uploads\/2024\/12\/IMG_6599.png","type":"image\/png"}],"author":"R\u00e9daction","twitter_card":"summary_large_image","twitter_misc":{"Written by":"R\u00e9daction","Est. reading time":"4 minutes"},"schema":{"@context":"https:\/\/schema.org","@graph":[{"@type":"Article","@id":"https:\/\/elmawkie.dz\/fr\/le-ministere-des-moudjahidine-denonce-les-rumeurs-sur-les-pretendues-cartes-pour-les-petits-enfants-de-chouhada\/#article","isPartOf":{"@id":"https:\/\/elmawkie.dz\/fr\/le-ministere-des-moudjahidine-denonce-les-rumeurs-sur-les-pretendues-cartes-pour-les-petits-enfants-de-chouhada\/"},"author":{"name":"R\u00e9daction","@id":"https:\/\/elmawkie.dz\/fr\/#\/schema\/person\/e7bd59d6467874ba5c4723d8a9f0a63c"},"headline":"Le minist\u00e8re des Moudjahidine d\u00e9nonce les rumeurs sur les pr\u00e9tendues cartes pour les petits-enfants de Chouhada","datePublished":"2024-12-15T21:29:00+00:00","dateModified":"2024-12-15T21:29:18+00:00","mainEntityOfPage":{"@id":"https:\/\/elmawkie.dz\/fr\/le-ministere-des-moudjahidine-denonce-les-rumeurs-sur-les-pretendues-cartes-pour-les-petits-enfants-de-chouhada\/"},"wordCount":842,"commentCount":0,"publisher":{"@id":"https:\/\/elmawkie.dz\/fr\/#organization"},"image":{"@id":"https:\/\/elmawkie.dz\/fr\/le-ministere-des-moudjahidine-denonce-les-rumeurs-sur-les-pretendues-cartes-pour-les-petits-enfants-de-chouhada\/#primaryimage"},"thumbnailUrl":"https:\/\/elmawkie.dz\/fr\/wp-content\/uploads\/2024\/12\/IMG_6599.png","articleSection":["National"],"inLanguage":"fr-FR","potentialAction":[{"@type":"CommentAction","name":"Comment","target":["https:\/\/elmawkie.dz\/fr\/le-ministere-des-moudjahidine-denonce-les-rumeurs-sur-les-pretendues-cartes-pour-les-petits-enfants-de-chouhada\/#respond"]}]},{"@type":"WebPage","@id":"https:\/\/elmawkie.dz\/fr\/le-ministere-des-moudjahidine-denonce-les-rumeurs-sur-les-pretendues-cartes-pour-les-petits-enfants-de-chouhada\/","url":"https:\/\/elmawkie.dz\/fr\/le-ministere-des-moudjahidine-denonce-les-rumeurs-sur-les-pretendues-cartes-pour-les-petits-enfants-de-chouhada\/","name":"Le minist\u00e8re des Moudjahidine d\u00e9nonce les rumeurs sur les pr\u00e9tendues cartes pour les petits-enfants de Chouhada - El Mawkie","isPartOf":{"@id":"https:\/\/elmawkie.dz\/fr\/#website"},"primaryImageOfPage":{"@id":"https:\/\/elmawkie.dz\/fr\/le-ministere-des-moudjahidine-denonce-les-rumeurs-sur-les-pretendues-cartes-pour-les-petits-enfants-de-chouhada\/#primaryimage"},"image":{"@id":"https:\/\/elmawkie.dz\/fr\/le-ministere-des-moudjahidine-denonce-les-rumeurs-sur-les-pretendues-cartes-pour-les-petits-enfants-de-chouhada\/#primaryimage"},"thumbnailUrl":"https:\/\/elmawkie.dz\/fr\/wp-content\/uploads\/2024\/12\/IMG_6599.png","datePublished":"2024-12-15T21:29:00+00:00","dateModified":"2024-12-15T21:29:18+00:00","breadcrumb":{"@id":"https:\/\/elmawkie.dz\/fr\/le-ministere-des-moudjahidine-denonce-les-rumeurs-sur-les-pretendues-cartes-pour-les-petits-enfants-de-chouhada\/#breadcrumb"},"inLanguage":"fr-FR","potentialAction":[{"@type":"ReadAction","target":["https:\/\/elmawkie.dz\/fr\/le-ministere-des-moudjahidine-denonce-les-rumeurs-sur-les-pretendues-cartes-pour-les-petits-enfants-de-chouhada\/"]}]},{"@type":"ImageObject","inLanguage":"fr-FR","@id":"https:\/\/elmawkie.dz\/fr\/le-ministere-des-moudjahidine-denonce-les-rumeurs-sur-les-pretendues-cartes-pour-les-petits-enfants-de-chouhada\/#primaryimage","url":"https:\/\/elmawkie.dz\/fr\/wp-content\/uploads\/2024\/12\/IMG_6599.png","contentUrl":"https:\/\/elmawkie.dz\/fr\/wp-content\/uploads\/2024\/12\/IMG_6599.png","width":828,"height":427},{"@type":"BreadcrumbList","@id":"https:\/\/elmawkie.dz\/fr\/le-ministere-des-moudjahidine-denonce-les-rumeurs-sur-les-pretendues-cartes-pour-les-petits-enfants-de-chouhada\/#breadcrumb","itemListElement":[{"@type":"ListItem","position":1,"name":"Home","item":"https:\/\/elmawkie.dz\/fr\/"},{"@type":"ListItem","position":2,"name":"Le minist\u00e8re des Moudjahidine d\u00e9nonce les rumeurs sur les pr\u00e9tendues cartes pour les petits-enfants de Chouhada"}]},{"@type":"WebSite","@id":"https:\/\/elmawkie.dz\/fr\/#website","url":"https:\/\/elmawkie.dz\/fr\/","name":"EL MAWKIE","description":"Journal \u00c9lectronique Alg\u00e9rien","publisher":{"@id":"https:\/\/elmawkie.dz\/fr\/#organization"},"potentialAction":[{"@type":"SearchAction","target":{"@type":"EntryPoint","urlTemplate":"https:\/\/elmawkie.dz\/fr\/?s={search_term_string}"},"query-input":"required name=search_term_string"}],"inLanguage":"fr-FR"},{"@type":"Organization","@id":"https:\/\/elmawkie.dz\/fr\/#organization","name":"EL MAWKIE","url":"https:\/\/elmawkie.dz\/fr\/","logo":{"@type":"ImageObject","inLanguage":"fr-FR","@id":"https:\/\/elmawkie.dz\/fr\/#\/schema\/logo\/image\/","url":"https:\/\/elmawkie.dz\/fr\/wp-content\/uploads\/2024\/05\/logo1.png","contentUrl":"https:\/\/elmawkie.dz\/fr\/wp-content\/uploads\/2024\/05\/logo1.png","width":1648,"height":652,"caption":"EL MAWKIE"},"image":{"@id":"https:\/\/elmawkie.dz\/fr\/#\/schema\/logo\/image\/"},"sameAs":["https:\/\/www.facebook.com\/profile.php?id=100088407094989&locale=fr_FR"]},{"@type":"Person","@id":"https:\/\/elmawkie.dz\/fr\/#\/schema\/person\/e7bd59d6467874ba5c4723d8a9f0a63c","name":"R\u00e9daction","image":{"@type":"ImageObject","inLanguage":"fr-FR","@id":"https:\/\/elmawkie.dz\/fr\/#\/schema\/person\/image\/","url":"https:\/\/secure.gravatar.com\/avatar\/f0f773456344da4d2788c054a3d30a0c?s=96&d=mm&r=g","contentUrl":"https:\/\/secure.gravatar.com\/avatar\/f0f773456344da4d2788c054a3d30a0c?s=96&d=mm&r=g","caption":"R\u00e9daction"},"url":"https:\/\/elmawkie.dz\/fr\/author\/redaction\/"}]}},"_links":{"self":[{"href":"https:\/\/elmawkie.dz\/fr\/wp-json\/wp\/v2\/posts\/7173","targetHints":{"allow":["GET"]}}],"collection":[{"href":"https:\/\/elmawkie.dz\/fr\/wp-json\/wp\/v2\/posts"}],"about":[{"href":"https:\/\/elmawkie.dz\/fr\/wp-json\/wp\/v2\/types\/post"}],"author":[{"embeddable":true,"href":"https:\/\/elmawkie.dz\/fr\/wp-json\/wp\/v2\/users\/9"}],"replies":[{"embeddable":true,"href":"https:\/\/elmawkie.dz\/fr\/wp-json\/wp\/v2\/comments?post=7173"}],"version-history":[{"count":0,"href":"https:\/\/elmawkie.dz\/fr\/wp-json\/wp\/v2\/posts\/7173\/revisions"}],"wp:featuredmedia":[{"embeddable":true,"href":"https:\/\/elmawkie.dz\/fr\/wp-json\/wp\/v2\/media\/7174"}],"wp:attachment":[{"href":"https:\/\/elmawkie.dz\/fr\/wp-json\/wp\/v2\/media?parent=7173"}],"wp:term":[{"taxonomy":"category","embeddable":true,"href":"https:\/\/elmawkie.dz\/fr\/wp-json\/wp\/v2\/categories?post=7173"},{"taxonomy":"post_tag","embeddable":true,"href":"https:\/\/elmawkie.dz\/fr\/wp-json\/wp\/v2\/tags?post=7173"}],"curies":[{"name":"wp","href":"https:\/\/api.w.org\/{rel}","templated":true}]}}