{"id":7164,"date":"2024-12-15T21:54:11","date_gmt":"2024-12-15T20:54:11","guid":{"rendered":"https:\/\/elmawkie.dz\/fr\/?p=7164"},"modified":"2024-12-16T13:55:48","modified_gmt":"2024-12-16T12:55:48","slug":"maroc-la-plus-grande-association-des-droits-de-lhomme-insiste-sur-le-droit-du-peuple-sahraoui-a-lautodetermination","status":"publish","type":"post","link":"https:\/\/elmawkie.dz\/fr\/maroc-la-plus-grande-association-des-droits-de-lhomme-insiste-sur-le-droit-du-peuple-sahraoui-a-lautodetermination\/","title":{"rendered":"Maroc: la plus grande association des droits de l&rsquo;homme insiste sur le droit du peuple sahraoui \u00e0 l\u2019autod\u00e9termination"},"content":{"rendered":"<p><strong><em>Le pr\u00e9sident de l&rsquo;Association marocaine des droits de l&rsquo;Homme (AMDH), Aziz Ghali, a affirm\u00e9 que la position de son association vis-\u00e0-vis de la question du Sahara occidental \u00e9tait \u00ab\u00a0claire\u00a0\u00bb, \u00e0 savoir le droit du peuple sahraoui \u00e0 l\u2019autod\u00e9termination, tel que confirm\u00e9 par les Nations unies, soulignant que le conflit dans ce territoire \u00ab\u00a0n\u2019est pas encore r\u00e9solu, comme le pr\u00e9tend le Makhzen\u00a0\u00bb. S&rsquo;exprimant \u00e0 la presse, M. Aziz Ghali a indiqu\u00e9 que la position de l\u2019Association lors de son 5\u00e8me congr\u00e8s \u00e9tait claire, \u00ab\u00a0le droit du peuple sahraoui \u00e0 l\u2019autod\u00e9termination\u00a0\u00bb, ajoutant \u00ab\u00a0nous soutenons une solution n\u00e9goci\u00e9e entre les parties du conflit (le Maroc et le Front Polisario), une solution mutuellement acceptable (&#8230;), et non pas dans le cadre du plan d\u2019autonomie propos\u00e9 par le Maroc\u00a0\u00bb. \u00ab\u00a0Les Nations unies insistent sur les n\u00e9gociations, et cela signifie que le conflit n\u2019est pas encore termin\u00e9\u00a0\u00bb, a-t-il affirm\u00e9, soulignant que la r\u00e9f\u00e9rence de l\u2019association concernant les droits de l\u2019homme au Sahara occidental est l\u2019ONU, et qu&rsquo;il faut parvenir \u00e0 une solution dans le cadre des n\u00e9gociations. Le d\u00e9fenseur marocain des droits de l&rsquo;Homme a minimis\u00e9 les reconnaissances unilat\u00e9rales du Maroc de sa pr\u00e9tendue souverainet\u00e9 sur le Sahara occidental dans la r\u00e9solution du conflit, soulignant que le Conseil de s\u00e9curit\u00e9 ne se r\u00e9sume pas aux Etats-Unis et \u00e0 la France, car il y a d&rsquo;autres membres soutenant la solution n\u00e9goci\u00e9e. \u00ab\u00a0M\u00eame la position des Etats-Unis n&rsquo;est pas encore tranch\u00e9e\u00a0\u00bb, a-t-il dit. Le m\u00eame intervenant a indiqu\u00e9 que \u00ab\u00a0la construction d&rsquo;un Etat de droit et le soutien aux droits l\u00e9gitimes est le seul garant pour la stabilit\u00e9 du pays\u00a0\u00bb, en allusion au soutien au droit des Sahraouis \u00e0 l&rsquo;autod\u00e9termination. A noter que de nombreuses organisations marocaines et d\u00e9fenseurs des droits de l&rsquo;Homme soutiennent le droit du peuple sahraoui \u00e0 l&rsquo;autod\u00e9termination, \u00e0 l&rsquo;instar du parti de la Voie d\u00e9mocratique (VD) ayant appel\u00e9 au r\u00e8glement du conflit du Sahara occidental dans le cadre du principe d'\u00a0\u00bbautod\u00e9termination\u00a0\u00bb.<\/em><\/strong><\/p>\n","protected":false},"excerpt":{"rendered":"<p>Le pr\u00e9sident de l&rsquo;Association marocaine des droits de l&rsquo;Homme (AMDH), Aziz Ghali, a affirm\u00e9 que la position de son association vis-\u00e0-vis de la question du Sahara occidental \u00e9tait \u00ab\u00a0claire\u00a0\u00bb, \u00e0 savoir le droit du peuple sahraoui \u00e0 l\u2019autod\u00e9termination, tel que confirm\u00e9 par les Nations unies, soulignant que le conflit dans ce territoire \u00ab\u00a0n\u2019est pas encore &hellip;<\/p>\n","protected":false},"author":9,"featured_media":7165,"comment_status":"open","ping_status":"open","sticky":false,"template":"","format":"standard","meta":{"footnotes":""},"categories":[44],"tags":[1667,922,99,1666],"class_list":["post-7164","post","type-post","status-publish","format-standard","has-post-thumbnail","hentry","category-international","tag-association-des-droits-de-lhomme","tag-le-peuple-sahraoui","tag-maroc","tag-maroc-la-plus-grande-association-des"],"yoast_head":"<!-- This site is optimized with the Yoast SEO Premium plugin v22.6 (Yoast SEO v22.6) - https:\/\/yoast.com\/wordpress\/plugins\/seo\/ -->\n<title>Maroc: la plus grande association des droits de l&#039;homme insiste sur le droit du peuple sahraoui \u00e0 l\u2019autod\u00e9termination - El Mawkie<\/title>\n<meta name=\"robots\" content=\"index, follow, max-snippet:-1, max-image-preview:large, max-video-preview:-1\" \/>\n<link rel=\"canonical\" href=\"https:\/\/elmawkie.dz\/fr\/maroc-la-plus-grande-association-des-droits-de-lhomme-insiste-sur-le-droit-du-peuple-sahraoui-a-lautodetermination\/\" \/>\n<meta property=\"og:locale\" content=\"fr_FR\" \/>\n<meta property=\"og:type\" content=\"article\" \/>\n<meta property=\"og:title\" content=\"Maroc: la plus grande association des droits de l&#039;homme insiste sur le droit du peuple sahraoui \u00e0 l\u2019autod\u00e9termination\" \/>\n<meta property=\"og:description\" content=\"Le pr\u00e9sident de l&rsquo;Association marocaine des droits de l&rsquo;Homme (AMDH), Aziz Ghali, a affirm\u00e9 que la position de son association vis-\u00e0-vis de la question du Sahara occidental \u00e9tait \u00ab\u00a0claire\u00a0\u00bb, \u00e0 savoir le droit du peuple sahraoui \u00e0 l\u2019autod\u00e9termination, tel que confirm\u00e9 par les Nations unies, soulignant que le conflit dans ce territoire \u00ab\u00a0n\u2019est pas encore &hellip;\" \/>\n<meta property=\"og:url\" content=\"https:\/\/elmawkie.dz\/fr\/maroc-la-plus-grande-association-des-droits-de-lhomme-insiste-sur-le-droit-du-peuple-sahraoui-a-lautodetermination\/\" \/>\n<meta property=\"og:site_name\" content=\"El Mawkie\" \/>\n<meta property=\"article:publisher\" content=\"https:\/\/www.facebook.com\/profile.php?id=100088407094989&amp;locale=fr_FR\" \/>\n<meta property=\"article:published_time\" content=\"2024-12-15T20:54:11+00:00\" \/>\n<meta property=\"article:modified_time\" content=\"2024-12-16T12:55:48+00:00\" \/>\n<meta property=\"og:image\" content=\"https:\/\/elmawkie.dz\/fr\/wp-content\/uploads\/2024\/12\/IMG_6594.jpeg\" \/>\n\t<meta property=\"og:image:width\" content=\"695\" \/>\n\t<meta property=\"og:image:height\" content=\"441\" \/>\n\t<meta property=\"og:image:type\" content=\"image\/jpeg\" \/>\n<meta name=\"author\" content=\"R\u00e9daction\" \/>\n<meta name=\"twitter:card\" content=\"summary_large_image\" \/>\n<meta name=\"twitter:label1\" content=\"Written by\" \/>\n\t<meta name=\"twitter:data1\" content=\"R\u00e9daction\" \/>\n\t<meta name=\"twitter:label2\" content=\"Est. reading time\" \/>\n\t<meta name=\"twitter:data2\" content=\"2 minutes\" \/>\n<script type=\"application\/ld+json\" class=\"yoast-schema-graph\">{\"@context\":\"https:\/\/schema.org\",\"@graph\":[{\"@type\":\"Article\",\"@id\":\"https:\/\/elmawkie.dz\/fr\/maroc-la-plus-grande-association-des-droits-de-lhomme-insiste-sur-le-droit-du-peuple-sahraoui-a-lautodetermination\/#article\",\"isPartOf\":{\"@id\":\"https:\/\/elmawkie.dz\/fr\/maroc-la-plus-grande-association-des-droits-de-lhomme-insiste-sur-le-droit-du-peuple-sahraoui-a-lautodetermination\/\"},\"author\":{\"name\":\"R\u00e9daction\",\"@id\":\"https:\/\/elmawkie.dz\/fr\/#\/schema\/person\/e7bd59d6467874ba5c4723d8a9f0a63c\"},\"headline\":\"Maroc: la plus grande association des droits de l&rsquo;homme insiste sur le droit du peuple sahraoui \u00e0 l\u2019autod\u00e9termination\",\"datePublished\":\"2024-12-15T20:54:11+00:00\",\"dateModified\":\"2024-12-16T12:55:48+00:00\",\"mainEntityOfPage\":{\"@id\":\"https:\/\/elmawkie.dz\/fr\/maroc-la-plus-grande-association-des-droits-de-lhomme-insiste-sur-le-droit-du-peuple-sahraoui-a-lautodetermination\/\"},\"wordCount\":380,\"commentCount\":0,\"publisher\":{\"@id\":\"https:\/\/elmawkie.dz\/fr\/#organization\"},\"image\":{\"@id\":\"https:\/\/elmawkie.dz\/fr\/maroc-la-plus-grande-association-des-droits-de-lhomme-insiste-sur-le-droit-du-peuple-sahraoui-a-lautodetermination\/#primaryimage\"},\"thumbnailUrl\":\"https:\/\/elmawkie.dz\/fr\/wp-content\/uploads\/2024\/12\/IMG_6594.jpeg\",\"keywords\":[\"association des droits de l'homme\",\"Le peuple sahraoui\",\"Maroc\",\"Maroc: la plus grande association des\"],\"articleSection\":[\"International\"],\"inLanguage\":\"fr-FR\",\"potentialAction\":[{\"@type\":\"CommentAction\",\"name\":\"Comment\",\"target\":[\"https:\/\/elmawkie.dz\/fr\/maroc-la-plus-grande-association-des-droits-de-lhomme-insiste-sur-le-droit-du-peuple-sahraoui-a-lautodetermination\/#respond\"]}]},{\"@type\":\"WebPage\",\"@id\":\"https:\/\/elmawkie.dz\/fr\/maroc-la-plus-grande-association-des-droits-de-lhomme-insiste-sur-le-droit-du-peuple-sahraoui-a-lautodetermination\/\",\"url\":\"https:\/\/elmawkie.dz\/fr\/maroc-la-plus-grande-association-des-droits-de-lhomme-insiste-sur-le-droit-du-peuple-sahraoui-a-lautodetermination\/\",\"name\":\"Maroc: la plus grande association des droits de l'homme insiste sur le droit du peuple sahraoui \u00e0 l\u2019autod\u00e9termination - El Mawkie\",\"isPartOf\":{\"@id\":\"https:\/\/elmawkie.dz\/fr\/#website\"},\"primaryImageOfPage\":{\"@id\":\"https:\/\/elmawkie.dz\/fr\/maroc-la-plus-grande-association-des-droits-de-lhomme-insiste-sur-le-droit-du-peuple-sahraoui-a-lautodetermination\/#primaryimage\"},\"image\":{\"@id\":\"https:\/\/elmawkie.dz\/fr\/maroc-la-plus-grande-association-des-droits-de-lhomme-insiste-sur-le-droit-du-peuple-sahraoui-a-lautodetermination\/#primaryimage\"},\"thumbnailUrl\":\"https:\/\/elmawkie.dz\/fr\/wp-content\/uploads\/2024\/12\/IMG_6594.jpeg\",\"datePublished\":\"2024-12-15T20:54:11+00:00\",\"dateModified\":\"2024-12-16T12:55:48+00:00\",\"breadcrumb\":{\"@id\":\"https:\/\/elmawkie.dz\/fr\/maroc-la-plus-grande-association-des-droits-de-lhomme-insiste-sur-le-droit-du-peuple-sahraoui-a-lautodetermination\/#breadcrumb\"},\"inLanguage\":\"fr-FR\",\"potentialAction\":[{\"@type\":\"ReadAction\",\"target\":[\"https:\/\/elmawkie.dz\/fr\/maroc-la-plus-grande-association-des-droits-de-lhomme-insiste-sur-le-droit-du-peuple-sahraoui-a-lautodetermination\/\"]}]},{\"@type\":\"ImageObject\",\"inLanguage\":\"fr-FR\",\"@id\":\"https:\/\/elmawkie.dz\/fr\/maroc-la-plus-grande-association-des-droits-de-lhomme-insiste-sur-le-droit-du-peuple-sahraoui-a-lautodetermination\/#primaryimage\",\"url\":\"https:\/\/elmawkie.dz\/fr\/wp-content\/uploads\/2024\/12\/IMG_6594.jpeg\",\"contentUrl\":\"https:\/\/elmawkie.dz\/fr\/wp-content\/uploads\/2024\/12\/IMG_6594.jpeg\",\"width\":695,\"height\":441},{\"@type\":\"BreadcrumbList\",\"@id\":\"https:\/\/elmawkie.dz\/fr\/maroc-la-plus-grande-association-des-droits-de-lhomme-insiste-sur-le-droit-du-peuple-sahraoui-a-lautodetermination\/#breadcrumb\",\"itemListElement\":[{\"@type\":\"ListItem\",\"position\":1,\"name\":\"Home\",\"item\":\"https:\/\/elmawkie.dz\/fr\/\"},{\"@type\":\"ListItem\",\"position\":2,\"name\":\"Maroc: la plus grande association des droits de l&rsquo;homme insiste sur le droit du peuple sahraoui \u00e0 l\u2019autod\u00e9termination\"}]},{\"@type\":\"WebSite\",\"@id\":\"https:\/\/elmawkie.dz\/fr\/#website\",\"url\":\"https:\/\/elmawkie.dz\/fr\/\",\"name\":\"EL MAWKIE\",\"description\":\"Journal \u00c9lectronique Alg\u00e9rien\",\"publisher\":{\"@id\":\"https:\/\/elmawkie.dz\/fr\/#organization\"},\"potentialAction\":[{\"@type\":\"SearchAction\",\"target\":{\"@type\":\"EntryPoint\",\"urlTemplate\":\"https:\/\/elmawkie.dz\/fr\/?s={search_term_string}\"},\"query-input\":\"required name=search_term_string\"}],\"inLanguage\":\"fr-FR\"},{\"@type\":\"Organization\",\"@id\":\"https:\/\/elmawkie.dz\/fr\/#organization\",\"name\":\"EL MAWKIE\",\"url\":\"https:\/\/elmawkie.dz\/fr\/\",\"logo\":{\"@type\":\"ImageObject\",\"inLanguage\":\"fr-FR\",\"@id\":\"https:\/\/elmawkie.dz\/fr\/#\/schema\/logo\/image\/\",\"url\":\"https:\/\/elmawkie.dz\/fr\/wp-content\/uploads\/2024\/05\/logo1.png\",\"contentUrl\":\"https:\/\/elmawkie.dz\/fr\/wp-content\/uploads\/2024\/05\/logo1.png\",\"width\":1648,\"height\":652,\"caption\":\"EL MAWKIE\"},\"image\":{\"@id\":\"https:\/\/elmawkie.dz\/fr\/#\/schema\/logo\/image\/\"},\"sameAs\":[\"https:\/\/www.facebook.com\/profile.php?id=100088407094989&locale=fr_FR\"]},{\"@type\":\"Person\",\"@id\":\"https:\/\/elmawkie.dz\/fr\/#\/schema\/person\/e7bd59d6467874ba5c4723d8a9f0a63c\",\"name\":\"R\u00e9daction\",\"image\":{\"@type\":\"ImageObject\",\"inLanguage\":\"fr-FR\",\"@id\":\"https:\/\/elmawkie.dz\/fr\/#\/schema\/person\/image\/\",\"url\":\"https:\/\/secure.gravatar.com\/avatar\/f0f773456344da4d2788c054a3d30a0c?s=96&d=mm&r=g\",\"contentUrl\":\"https:\/\/secure.gravatar.com\/avatar\/f0f773456344da4d2788c054a3d30a0c?s=96&d=mm&r=g\",\"caption\":\"R\u00e9daction\"},\"url\":\"https:\/\/elmawkie.dz\/fr\/author\/redaction\/\"}]}<\/script>\n<!-- \/ Yoast SEO Premium plugin. -->","yoast_head_json":{"title":"Maroc: la plus grande association des droits de l'homme insiste sur le droit du peuple sahraoui \u00e0 l\u2019autod\u00e9termination - El Mawkie","robots":{"index":"index","follow":"follow","max-snippet":"max-snippet:-1","max-image-preview":"max-image-preview:large","max-video-preview":"max-video-preview:-1"},"canonical":"https:\/\/elmawkie.dz\/fr\/maroc-la-plus-grande-association-des-droits-de-lhomme-insiste-sur-le-droit-du-peuple-sahraoui-a-lautodetermination\/","og_locale":"fr_FR","og_type":"article","og_title":"Maroc: la plus grande association des droits de l'homme insiste sur le droit du peuple sahraoui \u00e0 l\u2019autod\u00e9termination","og_description":"Le pr\u00e9sident de l&rsquo;Association marocaine des droits de l&rsquo;Homme (AMDH), Aziz Ghali, a affirm\u00e9 que la position de son association vis-\u00e0-vis de la question du Sahara occidental \u00e9tait \u00ab\u00a0claire\u00a0\u00bb, \u00e0 savoir le droit du peuple sahraoui \u00e0 l\u2019autod\u00e9termination, tel que confirm\u00e9 par les Nations unies, soulignant que le conflit dans ce territoire \u00ab\u00a0n\u2019est pas encore &hellip;","og_url":"https:\/\/elmawkie.dz\/fr\/maroc-la-plus-grande-association-des-droits-de-lhomme-insiste-sur-le-droit-du-peuple-sahraoui-a-lautodetermination\/","og_site_name":"El Mawkie","article_publisher":"https:\/\/www.facebook.com\/profile.php?id=100088407094989&locale=fr_FR","article_published_time":"2024-12-15T20:54:11+00:00","article_modified_time":"2024-12-16T12:55:48+00:00","og_image":[{"width":695,"height":441,"url":"https:\/\/elmawkie.dz\/fr\/wp-content\/uploads\/2024\/12\/IMG_6594.jpeg","type":"image\/jpeg"}],"author":"R\u00e9daction","twitter_card":"summary_large_image","twitter_misc":{"Written by":"R\u00e9daction","Est. reading time":"2 minutes"},"schema":{"@context":"https:\/\/schema.org","@graph":[{"@type":"Article","@id":"https:\/\/elmawkie.dz\/fr\/maroc-la-plus-grande-association-des-droits-de-lhomme-insiste-sur-le-droit-du-peuple-sahraoui-a-lautodetermination\/#article","isPartOf":{"@id":"https:\/\/elmawkie.dz\/fr\/maroc-la-plus-grande-association-des-droits-de-lhomme-insiste-sur-le-droit-du-peuple-sahraoui-a-lautodetermination\/"},"author":{"name":"R\u00e9daction","@id":"https:\/\/elmawkie.dz\/fr\/#\/schema\/person\/e7bd59d6467874ba5c4723d8a9f0a63c"},"headline":"Maroc: la plus grande association des droits de l&rsquo;homme insiste sur le droit du peuple sahraoui \u00e0 l\u2019autod\u00e9termination","datePublished":"2024-12-15T20:54:11+00:00","dateModified":"2024-12-16T12:55:48+00:00","mainEntityOfPage":{"@id":"https:\/\/elmawkie.dz\/fr\/maroc-la-plus-grande-association-des-droits-de-lhomme-insiste-sur-le-droit-du-peuple-sahraoui-a-lautodetermination\/"},"wordCount":380,"commentCount":0,"publisher":{"@id":"https:\/\/elmawkie.dz\/fr\/#organization"},"image":{"@id":"https:\/\/elmawkie.dz\/fr\/maroc-la-plus-grande-association-des-droits-de-lhomme-insiste-sur-le-droit-du-peuple-sahraoui-a-lautodetermination\/#primaryimage"},"thumbnailUrl":"https:\/\/elmawkie.dz\/fr\/wp-content\/uploads\/2024\/12\/IMG_6594.jpeg","keywords":["association des droits de l'homme","Le peuple sahraoui","Maroc","Maroc: la plus grande association des"],"articleSection":["International"],"inLanguage":"fr-FR","potentialAction":[{"@type":"CommentAction","name":"Comment","target":["https:\/\/elmawkie.dz\/fr\/maroc-la-plus-grande-association-des-droits-de-lhomme-insiste-sur-le-droit-du-peuple-sahraoui-a-lautodetermination\/#respond"]}]},{"@type":"WebPage","@id":"https:\/\/elmawkie.dz\/fr\/maroc-la-plus-grande-association-des-droits-de-lhomme-insiste-sur-le-droit-du-peuple-sahraoui-a-lautodetermination\/","url":"https:\/\/elmawkie.dz\/fr\/maroc-la-plus-grande-association-des-droits-de-lhomme-insiste-sur-le-droit-du-peuple-sahraoui-a-lautodetermination\/","name":"Maroc: la plus grande association des droits de l'homme insiste sur le droit du peuple sahraoui \u00e0 l\u2019autod\u00e9termination - El Mawkie","isPartOf":{"@id":"https:\/\/elmawkie.dz\/fr\/#website"},"primaryImageOfPage":{"@id":"https:\/\/elmawkie.dz\/fr\/maroc-la-plus-grande-association-des-droits-de-lhomme-insiste-sur-le-droit-du-peuple-sahraoui-a-lautodetermination\/#primaryimage"},"image":{"@id":"https:\/\/elmawkie.dz\/fr\/maroc-la-plus-grande-association-des-droits-de-lhomme-insiste-sur-le-droit-du-peuple-sahraoui-a-lautodetermination\/#primaryimage"},"thumbnailUrl":"https:\/\/elmawkie.dz\/fr\/wp-content\/uploads\/2024\/12\/IMG_6594.jpeg","datePublished":"2024-12-15T20:54:11+00:00","dateModified":"2024-12-16T12:55:48+00:00","breadcrumb":{"@id":"https:\/\/elmawkie.dz\/fr\/maroc-la-plus-grande-association-des-droits-de-lhomme-insiste-sur-le-droit-du-peuple-sahraoui-a-lautodetermination\/#breadcrumb"},"inLanguage":"fr-FR","potentialAction":[{"@type":"ReadAction","target":["https:\/\/elmawkie.dz\/fr\/maroc-la-plus-grande-association-des-droits-de-lhomme-insiste-sur-le-droit-du-peuple-sahraoui-a-lautodetermination\/"]}]},{"@type":"ImageObject","inLanguage":"fr-FR","@id":"https:\/\/elmawkie.dz\/fr\/maroc-la-plus-grande-association-des-droits-de-lhomme-insiste-sur-le-droit-du-peuple-sahraoui-a-lautodetermination\/#primaryimage","url":"https:\/\/elmawkie.dz\/fr\/wp-content\/uploads\/2024\/12\/IMG_6594.jpeg","contentUrl":"https:\/\/elmawkie.dz\/fr\/wp-content\/uploads\/2024\/12\/IMG_6594.jpeg","width":695,"height":441},{"@type":"BreadcrumbList","@id":"https:\/\/elmawkie.dz\/fr\/maroc-la-plus-grande-association-des-droits-de-lhomme-insiste-sur-le-droit-du-peuple-sahraoui-a-lautodetermination\/#breadcrumb","itemListElement":[{"@type":"ListItem","position":1,"name":"Home","item":"https:\/\/elmawkie.dz\/fr\/"},{"@type":"ListItem","position":2,"name":"Maroc: la plus grande association des droits de l&rsquo;homme insiste sur le droit du peuple sahraoui \u00e0 l\u2019autod\u00e9termination"}]},{"@type":"WebSite","@id":"https:\/\/elmawkie.dz\/fr\/#website","url":"https:\/\/elmawkie.dz\/fr\/","name":"EL MAWKIE","description":"Journal \u00c9lectronique Alg\u00e9rien","publisher":{"@id":"https:\/\/elmawkie.dz\/fr\/#organization"},"potentialAction":[{"@type":"SearchAction","target":{"@type":"EntryPoint","urlTemplate":"https:\/\/elmawkie.dz\/fr\/?s={search_term_string}"},"query-input":"required name=search_term_string"}],"inLanguage":"fr-FR"},{"@type":"Organization","@id":"https:\/\/elmawkie.dz\/fr\/#organization","name":"EL MAWKIE","url":"https:\/\/elmawkie.dz\/fr\/","logo":{"@type":"ImageObject","inLanguage":"fr-FR","@id":"https:\/\/elmawkie.dz\/fr\/#\/schema\/logo\/image\/","url":"https:\/\/elmawkie.dz\/fr\/wp-content\/uploads\/2024\/05\/logo1.png","contentUrl":"https:\/\/elmawkie.dz\/fr\/wp-content\/uploads\/2024\/05\/logo1.png","width":1648,"height":652,"caption":"EL MAWKIE"},"image":{"@id":"https:\/\/elmawkie.dz\/fr\/#\/schema\/logo\/image\/"},"sameAs":["https:\/\/www.facebook.com\/profile.php?id=100088407094989&locale=fr_FR"]},{"@type":"Person","@id":"https:\/\/elmawkie.dz\/fr\/#\/schema\/person\/e7bd59d6467874ba5c4723d8a9f0a63c","name":"R\u00e9daction","image":{"@type":"ImageObject","inLanguage":"fr-FR","@id":"https:\/\/elmawkie.dz\/fr\/#\/schema\/person\/image\/","url":"https:\/\/secure.gravatar.com\/avatar\/f0f773456344da4d2788c054a3d30a0c?s=96&d=mm&r=g","contentUrl":"https:\/\/secure.gravatar.com\/avatar\/f0f773456344da4d2788c054a3d30a0c?s=96&d=mm&r=g","caption":"R\u00e9daction"},"url":"https:\/\/elmawkie.dz\/fr\/author\/redaction\/"}]}},"_links":{"self":[{"href":"https:\/\/elmawkie.dz\/fr\/wp-json\/wp\/v2\/posts\/7164","targetHints":{"allow":["GET"]}}],"collection":[{"href":"https:\/\/elmawkie.dz\/fr\/wp-json\/wp\/v2\/posts"}],"about":[{"href":"https:\/\/elmawkie.dz\/fr\/wp-json\/wp\/v2\/types\/post"}],"author":[{"embeddable":true,"href":"https:\/\/elmawkie.dz\/fr\/wp-json\/wp\/v2\/users\/9"}],"replies":[{"embeddable":true,"href":"https:\/\/elmawkie.dz\/fr\/wp-json\/wp\/v2\/comments?post=7164"}],"version-history":[{"count":0,"href":"https:\/\/elmawkie.dz\/fr\/wp-json\/wp\/v2\/posts\/7164\/revisions"}],"wp:featuredmedia":[{"embeddable":true,"href":"https:\/\/elmawkie.dz\/fr\/wp-json\/wp\/v2\/media\/7165"}],"wp:attachment":[{"href":"https:\/\/elmawkie.dz\/fr\/wp-json\/wp\/v2\/media?parent=7164"}],"wp:term":[{"taxonomy":"category","embeddable":true,"href":"https:\/\/elmawkie.dz\/fr\/wp-json\/wp\/v2\/categories?post=7164"},{"taxonomy":"post_tag","embeddable":true,"href":"https:\/\/elmawkie.dz\/fr\/wp-json\/wp\/v2\/tags?post=7164"}],"curies":[{"name":"wp","href":"https:\/\/api.w.org\/{rel}","templated":true}]}}