{"id":7034,"date":"2024-12-11T15:24:25","date_gmt":"2024-12-11T14:24:25","guid":{"rendered":"https:\/\/elmawkie.dz\/fr\/?p=7034"},"modified":"2024-12-11T17:45:09","modified_gmt":"2024-12-11T16:45:09","slug":"demantelement-dun-reseau-dorganisation-de-lemigration-clandestine-a-mostaganem","status":"publish","type":"post","link":"https:\/\/elmawkie.dz\/fr\/demantelement-dun-reseau-dorganisation-de-lemigration-clandestine-a-mostaganem\/","title":{"rendered":"d\u00e9mant\u00e8lement d\u2019un r\u00e9seau d\u2019organisation de l\u2019\u00e9migration clandestine \u00e0 Mostaganem"},"content":{"rendered":"<p><strong><em>La brigade de lutte contre le trafic de migrants et la traite des personnes de la S\u00fbret\u00e9 de la wilaya de Mostaganem a d\u00e9mantel\u00e9 un r\u00e9seau criminel sp\u00e9cialis\u00e9 dans l\u2019organisation de l\u2019\u00e9migration clandestine par mer, avec l\u2019arrestation de 5 individus, a indiqu\u00e9, mercredi, un communiqu\u00e9 de ce corps de s\u00e9curit\u00e9. Le communiqu\u00e9 pr\u00e9cise que cette op\u00e9ration a \u00e9t\u00e9 men\u00e9e suite \u00e0 une coordination op\u00e9rationnelle entre la brigade de lutte contre le trafic de migrants et le groupement territorial des garde-c\u00f4tes, sous la supervision du parquet territorialement comp\u00e9tent, visant une tentative de travers\u00e9e clandestine depuis la plage des Trois Fr\u00e8res, au Nord de la ville de Mostaganem. Les investigations ont permis d\u2019identifier cinq suspects, dont les principaux organisateurs de cette tentative, qui ont \u00e9t\u00e9 arr\u00eat\u00e9s. Une embarcation de p\u00eache \u00e9quip\u00e9e d\u2019un moteur d\u2019une puissance de 30 chevaux, destin\u00e9e \u00e0 l\u2019op\u00e9ration de travers\u00e9e clandestine vers l\u2019autre rive, a \u00e9galement \u00e9t\u00e9 saisie, selon le communiqu\u00e9. Sous l\u2019accusation d\u2019organisation et de facilitation de sortie ill\u00e9gale du territoire national via une voie non frontali\u00e8re, en \u00e9change d\u2019un avantage financier, ainsi qu\u2019au d\u00e9part clandestin du territoire national, les cinq individus, \u00e2g\u00e9s de 25 \u00e0 41 ans et originaires de plusieurs wilayas, ont \u00e9t\u00e9 pr\u00e9sent\u00e9s devant les juridictions comp\u00e9tentes, a ajout\u00e9 le communiqu\u00e9. <\/em><\/strong><\/p>\n","protected":false},"excerpt":{"rendered":"<p>La brigade de lutte contre le trafic de migrants et la traite des personnes de la S\u00fbret\u00e9 de la wilaya de Mostaganem a d\u00e9mantel\u00e9 un r\u00e9seau criminel sp\u00e9cialis\u00e9 dans l\u2019organisation de l\u2019\u00e9migration clandestine par mer, avec l\u2019arrestation de 5 individus, a indiqu\u00e9, mercredi, un communiqu\u00e9 de ce corps de s\u00e9curit\u00e9. Le communiqu\u00e9 pr\u00e9cise que cette &hellip;<\/p>\n","protected":false},"author":9,"featured_media":7035,"comment_status":"open","ping_status":"open","sticky":false,"template":"","format":"standard","meta":{"footnotes":""},"categories":[50],"tags":[1263,1593,1579,1594],"class_list":["post-7034","post","type-post","status-publish","format-standard","has-post-thumbnail","hentry","category-region","tag-demantelement","tag-lemigration-clandestine","tag-mostaganem","tag-reseau"],"yoast_head":"<!-- This site is optimized with the Yoast SEO Premium plugin v22.6 (Yoast SEO v22.6) - https:\/\/yoast.com\/wordpress\/plugins\/seo\/ -->\n<title>d\u00e9mant\u00e8lement d\u2019un r\u00e9seau d\u2019organisation de l\u2019\u00e9migration clandestine \u00e0 Mostaganem - El Mawkie<\/title>\n<meta name=\"robots\" content=\"index, follow, max-snippet:-1, max-image-preview:large, max-video-preview:-1\" \/>\n<link rel=\"canonical\" href=\"https:\/\/elmawkie.dz\/fr\/demantelement-dun-reseau-dorganisation-de-lemigration-clandestine-a-mostaganem\/\" \/>\n<meta property=\"og:locale\" content=\"fr_FR\" \/>\n<meta property=\"og:type\" content=\"article\" \/>\n<meta property=\"og:title\" content=\"d\u00e9mant\u00e8lement d\u2019un r\u00e9seau d\u2019organisation de l\u2019\u00e9migration clandestine \u00e0 Mostaganem\" \/>\n<meta property=\"og:description\" content=\"La brigade de lutte contre le trafic de migrants et la traite des personnes de la S\u00fbret\u00e9 de la wilaya de Mostaganem a d\u00e9mantel\u00e9 un r\u00e9seau criminel sp\u00e9cialis\u00e9 dans l\u2019organisation de l\u2019\u00e9migration clandestine par mer, avec l\u2019arrestation de 5 individus, a indiqu\u00e9, mercredi, un communiqu\u00e9 de ce corps de s\u00e9curit\u00e9. Le communiqu\u00e9 pr\u00e9cise que cette &hellip;\" \/>\n<meta property=\"og:url\" content=\"https:\/\/elmawkie.dz\/fr\/demantelement-dun-reseau-dorganisation-de-lemigration-clandestine-a-mostaganem\/\" \/>\n<meta property=\"og:site_name\" content=\"El Mawkie\" \/>\n<meta property=\"article:publisher\" content=\"https:\/\/www.facebook.com\/profile.php?id=100088407094989&amp;locale=fr_FR\" \/>\n<meta property=\"article:published_time\" content=\"2024-12-11T14:24:25+00:00\" \/>\n<meta property=\"article:modified_time\" content=\"2024-12-11T16:45:09+00:00\" \/>\n<meta property=\"og:image\" content=\"https:\/\/elmawkie.dz\/fr\/wp-content\/uploads\/2024\/12\/IMG_6370.jpeg\" \/>\n\t<meta property=\"og:image:width\" content=\"280\" \/>\n\t<meta property=\"og:image:height\" content=\"169\" \/>\n\t<meta property=\"og:image:type\" content=\"image\/jpeg\" \/>\n<meta name=\"author\" content=\"R\u00e9daction\" \/>\n<meta name=\"twitter:card\" content=\"summary_large_image\" \/>\n<meta name=\"twitter:label1\" content=\"Written by\" \/>\n\t<meta name=\"twitter:data1\" content=\"R\u00e9daction\" \/>\n\t<meta name=\"twitter:label2\" content=\"Est. reading time\" \/>\n\t<meta name=\"twitter:data2\" content=\"1 minute\" \/>\n<script type=\"application\/ld+json\" class=\"yoast-schema-graph\">{\"@context\":\"https:\/\/schema.org\",\"@graph\":[{\"@type\":\"Article\",\"@id\":\"https:\/\/elmawkie.dz\/fr\/demantelement-dun-reseau-dorganisation-de-lemigration-clandestine-a-mostaganem\/#article\",\"isPartOf\":{\"@id\":\"https:\/\/elmawkie.dz\/fr\/demantelement-dun-reseau-dorganisation-de-lemigration-clandestine-a-mostaganem\/\"},\"author\":{\"name\":\"R\u00e9daction\",\"@id\":\"https:\/\/elmawkie.dz\/fr\/#\/schema\/person\/e7bd59d6467874ba5c4723d8a9f0a63c\"},\"headline\":\"d\u00e9mant\u00e8lement d\u2019un r\u00e9seau d\u2019organisation de l\u2019\u00e9migration clandestine \u00e0 Mostaganem\",\"datePublished\":\"2024-12-11T14:24:25+00:00\",\"dateModified\":\"2024-12-11T16:45:09+00:00\",\"mainEntityOfPage\":{\"@id\":\"https:\/\/elmawkie.dz\/fr\/demantelement-dun-reseau-dorganisation-de-lemigration-clandestine-a-mostaganem\/\"},\"wordCount\":252,\"commentCount\":0,\"publisher\":{\"@id\":\"https:\/\/elmawkie.dz\/fr\/#organization\"},\"image\":{\"@id\":\"https:\/\/elmawkie.dz\/fr\/demantelement-dun-reseau-dorganisation-de-lemigration-clandestine-a-mostaganem\/#primaryimage\"},\"thumbnailUrl\":\"https:\/\/elmawkie.dz\/fr\/wp-content\/uploads\/2024\/12\/IMG_6370.jpeg\",\"keywords\":[\"d\u00e9mant\u00e8lement\",\"l\u2019\u00e9migration clandestine\",\"Mostaganem\",\"r\u00e9seau\"],\"articleSection\":[\"R\u00e9gion\"],\"inLanguage\":\"fr-FR\",\"potentialAction\":[{\"@type\":\"CommentAction\",\"name\":\"Comment\",\"target\":[\"https:\/\/elmawkie.dz\/fr\/demantelement-dun-reseau-dorganisation-de-lemigration-clandestine-a-mostaganem\/#respond\"]}]},{\"@type\":\"WebPage\",\"@id\":\"https:\/\/elmawkie.dz\/fr\/demantelement-dun-reseau-dorganisation-de-lemigration-clandestine-a-mostaganem\/\",\"url\":\"https:\/\/elmawkie.dz\/fr\/demantelement-dun-reseau-dorganisation-de-lemigration-clandestine-a-mostaganem\/\",\"name\":\"d\u00e9mant\u00e8lement d\u2019un r\u00e9seau d\u2019organisation de l\u2019\u00e9migration clandestine \u00e0 Mostaganem - El Mawkie\",\"isPartOf\":{\"@id\":\"https:\/\/elmawkie.dz\/fr\/#website\"},\"primaryImageOfPage\":{\"@id\":\"https:\/\/elmawkie.dz\/fr\/demantelement-dun-reseau-dorganisation-de-lemigration-clandestine-a-mostaganem\/#primaryimage\"},\"image\":{\"@id\":\"https:\/\/elmawkie.dz\/fr\/demantelement-dun-reseau-dorganisation-de-lemigration-clandestine-a-mostaganem\/#primaryimage\"},\"thumbnailUrl\":\"https:\/\/elmawkie.dz\/fr\/wp-content\/uploads\/2024\/12\/IMG_6370.jpeg\",\"datePublished\":\"2024-12-11T14:24:25+00:00\",\"dateModified\":\"2024-12-11T16:45:09+00:00\",\"breadcrumb\":{\"@id\":\"https:\/\/elmawkie.dz\/fr\/demantelement-dun-reseau-dorganisation-de-lemigration-clandestine-a-mostaganem\/#breadcrumb\"},\"inLanguage\":\"fr-FR\",\"potentialAction\":[{\"@type\":\"ReadAction\",\"target\":[\"https:\/\/elmawkie.dz\/fr\/demantelement-dun-reseau-dorganisation-de-lemigration-clandestine-a-mostaganem\/\"]}]},{\"@type\":\"ImageObject\",\"inLanguage\":\"fr-FR\",\"@id\":\"https:\/\/elmawkie.dz\/fr\/demantelement-dun-reseau-dorganisation-de-lemigration-clandestine-a-mostaganem\/#primaryimage\",\"url\":\"https:\/\/elmawkie.dz\/fr\/wp-content\/uploads\/2024\/12\/IMG_6370.jpeg\",\"contentUrl\":\"https:\/\/elmawkie.dz\/fr\/wp-content\/uploads\/2024\/12\/IMG_6370.jpeg\",\"width\":280,\"height\":169},{\"@type\":\"BreadcrumbList\",\"@id\":\"https:\/\/elmawkie.dz\/fr\/demantelement-dun-reseau-dorganisation-de-lemigration-clandestine-a-mostaganem\/#breadcrumb\",\"itemListElement\":[{\"@type\":\"ListItem\",\"position\":1,\"name\":\"Home\",\"item\":\"https:\/\/elmawkie.dz\/fr\/\"},{\"@type\":\"ListItem\",\"position\":2,\"name\":\"d\u00e9mant\u00e8lement d\u2019un r\u00e9seau d\u2019organisation de l\u2019\u00e9migration clandestine \u00e0 Mostaganem\"}]},{\"@type\":\"WebSite\",\"@id\":\"https:\/\/elmawkie.dz\/fr\/#website\",\"url\":\"https:\/\/elmawkie.dz\/fr\/\",\"name\":\"EL MAWKIE\",\"description\":\"Journal \u00c9lectronique Alg\u00e9rien\",\"publisher\":{\"@id\":\"https:\/\/elmawkie.dz\/fr\/#organization\"},\"potentialAction\":[{\"@type\":\"SearchAction\",\"target\":{\"@type\":\"EntryPoint\",\"urlTemplate\":\"https:\/\/elmawkie.dz\/fr\/?s={search_term_string}\"},\"query-input\":\"required name=search_term_string\"}],\"inLanguage\":\"fr-FR\"},{\"@type\":\"Organization\",\"@id\":\"https:\/\/elmawkie.dz\/fr\/#organization\",\"name\":\"EL MAWKIE\",\"url\":\"https:\/\/elmawkie.dz\/fr\/\",\"logo\":{\"@type\":\"ImageObject\",\"inLanguage\":\"fr-FR\",\"@id\":\"https:\/\/elmawkie.dz\/fr\/#\/schema\/logo\/image\/\",\"url\":\"https:\/\/elmawkie.dz\/fr\/wp-content\/uploads\/2024\/05\/logo1.png\",\"contentUrl\":\"https:\/\/elmawkie.dz\/fr\/wp-content\/uploads\/2024\/05\/logo1.png\",\"width\":1648,\"height\":652,\"caption\":\"EL MAWKIE\"},\"image\":{\"@id\":\"https:\/\/elmawkie.dz\/fr\/#\/schema\/logo\/image\/\"},\"sameAs\":[\"https:\/\/www.facebook.com\/profile.php?id=100088407094989&locale=fr_FR\"]},{\"@type\":\"Person\",\"@id\":\"https:\/\/elmawkie.dz\/fr\/#\/schema\/person\/e7bd59d6467874ba5c4723d8a9f0a63c\",\"name\":\"R\u00e9daction\",\"image\":{\"@type\":\"ImageObject\",\"inLanguage\":\"fr-FR\",\"@id\":\"https:\/\/elmawkie.dz\/fr\/#\/schema\/person\/image\/\",\"url\":\"https:\/\/secure.gravatar.com\/avatar\/f0f773456344da4d2788c054a3d30a0c?s=96&d=mm&r=g\",\"contentUrl\":\"https:\/\/secure.gravatar.com\/avatar\/f0f773456344da4d2788c054a3d30a0c?s=96&d=mm&r=g\",\"caption\":\"R\u00e9daction\"},\"url\":\"https:\/\/elmawkie.dz\/fr\/author\/redaction\/\"}]}<\/script>\n<!-- \/ Yoast SEO Premium plugin. -->","yoast_head_json":{"title":"d\u00e9mant\u00e8lement d\u2019un r\u00e9seau d\u2019organisation de l\u2019\u00e9migration clandestine \u00e0 Mostaganem - El Mawkie","robots":{"index":"index","follow":"follow","max-snippet":"max-snippet:-1","max-image-preview":"max-image-preview:large","max-video-preview":"max-video-preview:-1"},"canonical":"https:\/\/elmawkie.dz\/fr\/demantelement-dun-reseau-dorganisation-de-lemigration-clandestine-a-mostaganem\/","og_locale":"fr_FR","og_type":"article","og_title":"d\u00e9mant\u00e8lement d\u2019un r\u00e9seau d\u2019organisation de l\u2019\u00e9migration clandestine \u00e0 Mostaganem","og_description":"La brigade de lutte contre le trafic de migrants et la traite des personnes de la S\u00fbret\u00e9 de la wilaya de Mostaganem a d\u00e9mantel\u00e9 un r\u00e9seau criminel sp\u00e9cialis\u00e9 dans l\u2019organisation de l\u2019\u00e9migration clandestine par mer, avec l\u2019arrestation de 5 individus, a indiqu\u00e9, mercredi, un communiqu\u00e9 de ce corps de s\u00e9curit\u00e9. Le communiqu\u00e9 pr\u00e9cise que cette &hellip;","og_url":"https:\/\/elmawkie.dz\/fr\/demantelement-dun-reseau-dorganisation-de-lemigration-clandestine-a-mostaganem\/","og_site_name":"El Mawkie","article_publisher":"https:\/\/www.facebook.com\/profile.php?id=100088407094989&locale=fr_FR","article_published_time":"2024-12-11T14:24:25+00:00","article_modified_time":"2024-12-11T16:45:09+00:00","og_image":[{"width":280,"height":169,"url":"https:\/\/elmawkie.dz\/fr\/wp-content\/uploads\/2024\/12\/IMG_6370.jpeg","type":"image\/jpeg"}],"author":"R\u00e9daction","twitter_card":"summary_large_image","twitter_misc":{"Written by":"R\u00e9daction","Est. reading time":"1 minute"},"schema":{"@context":"https:\/\/schema.org","@graph":[{"@type":"Article","@id":"https:\/\/elmawkie.dz\/fr\/demantelement-dun-reseau-dorganisation-de-lemigration-clandestine-a-mostaganem\/#article","isPartOf":{"@id":"https:\/\/elmawkie.dz\/fr\/demantelement-dun-reseau-dorganisation-de-lemigration-clandestine-a-mostaganem\/"},"author":{"name":"R\u00e9daction","@id":"https:\/\/elmawkie.dz\/fr\/#\/schema\/person\/e7bd59d6467874ba5c4723d8a9f0a63c"},"headline":"d\u00e9mant\u00e8lement d\u2019un r\u00e9seau d\u2019organisation de l\u2019\u00e9migration clandestine \u00e0 Mostaganem","datePublished":"2024-12-11T14:24:25+00:00","dateModified":"2024-12-11T16:45:09+00:00","mainEntityOfPage":{"@id":"https:\/\/elmawkie.dz\/fr\/demantelement-dun-reseau-dorganisation-de-lemigration-clandestine-a-mostaganem\/"},"wordCount":252,"commentCount":0,"publisher":{"@id":"https:\/\/elmawkie.dz\/fr\/#organization"},"image":{"@id":"https:\/\/elmawkie.dz\/fr\/demantelement-dun-reseau-dorganisation-de-lemigration-clandestine-a-mostaganem\/#primaryimage"},"thumbnailUrl":"https:\/\/elmawkie.dz\/fr\/wp-content\/uploads\/2024\/12\/IMG_6370.jpeg","keywords":["d\u00e9mant\u00e8lement","l\u2019\u00e9migration clandestine","Mostaganem","r\u00e9seau"],"articleSection":["R\u00e9gion"],"inLanguage":"fr-FR","potentialAction":[{"@type":"CommentAction","name":"Comment","target":["https:\/\/elmawkie.dz\/fr\/demantelement-dun-reseau-dorganisation-de-lemigration-clandestine-a-mostaganem\/#respond"]}]},{"@type":"WebPage","@id":"https:\/\/elmawkie.dz\/fr\/demantelement-dun-reseau-dorganisation-de-lemigration-clandestine-a-mostaganem\/","url":"https:\/\/elmawkie.dz\/fr\/demantelement-dun-reseau-dorganisation-de-lemigration-clandestine-a-mostaganem\/","name":"d\u00e9mant\u00e8lement d\u2019un r\u00e9seau d\u2019organisation de l\u2019\u00e9migration clandestine \u00e0 Mostaganem - El Mawkie","isPartOf":{"@id":"https:\/\/elmawkie.dz\/fr\/#website"},"primaryImageOfPage":{"@id":"https:\/\/elmawkie.dz\/fr\/demantelement-dun-reseau-dorganisation-de-lemigration-clandestine-a-mostaganem\/#primaryimage"},"image":{"@id":"https:\/\/elmawkie.dz\/fr\/demantelement-dun-reseau-dorganisation-de-lemigration-clandestine-a-mostaganem\/#primaryimage"},"thumbnailUrl":"https:\/\/elmawkie.dz\/fr\/wp-content\/uploads\/2024\/12\/IMG_6370.jpeg","datePublished":"2024-12-11T14:24:25+00:00","dateModified":"2024-12-11T16:45:09+00:00","breadcrumb":{"@id":"https:\/\/elmawkie.dz\/fr\/demantelement-dun-reseau-dorganisation-de-lemigration-clandestine-a-mostaganem\/#breadcrumb"},"inLanguage":"fr-FR","potentialAction":[{"@type":"ReadAction","target":["https:\/\/elmawkie.dz\/fr\/demantelement-dun-reseau-dorganisation-de-lemigration-clandestine-a-mostaganem\/"]}]},{"@type":"ImageObject","inLanguage":"fr-FR","@id":"https:\/\/elmawkie.dz\/fr\/demantelement-dun-reseau-dorganisation-de-lemigration-clandestine-a-mostaganem\/#primaryimage","url":"https:\/\/elmawkie.dz\/fr\/wp-content\/uploads\/2024\/12\/IMG_6370.jpeg","contentUrl":"https:\/\/elmawkie.dz\/fr\/wp-content\/uploads\/2024\/12\/IMG_6370.jpeg","width":280,"height":169},{"@type":"BreadcrumbList","@id":"https:\/\/elmawkie.dz\/fr\/demantelement-dun-reseau-dorganisation-de-lemigration-clandestine-a-mostaganem\/#breadcrumb","itemListElement":[{"@type":"ListItem","position":1,"name":"Home","item":"https:\/\/elmawkie.dz\/fr\/"},{"@type":"ListItem","position":2,"name":"d\u00e9mant\u00e8lement d\u2019un r\u00e9seau d\u2019organisation de l\u2019\u00e9migration clandestine \u00e0 Mostaganem"}]},{"@type":"WebSite","@id":"https:\/\/elmawkie.dz\/fr\/#website","url":"https:\/\/elmawkie.dz\/fr\/","name":"EL MAWKIE","description":"Journal \u00c9lectronique Alg\u00e9rien","publisher":{"@id":"https:\/\/elmawkie.dz\/fr\/#organization"},"potentialAction":[{"@type":"SearchAction","target":{"@type":"EntryPoint","urlTemplate":"https:\/\/elmawkie.dz\/fr\/?s={search_term_string}"},"query-input":"required name=search_term_string"}],"inLanguage":"fr-FR"},{"@type":"Organization","@id":"https:\/\/elmawkie.dz\/fr\/#organization","name":"EL MAWKIE","url":"https:\/\/elmawkie.dz\/fr\/","logo":{"@type":"ImageObject","inLanguage":"fr-FR","@id":"https:\/\/elmawkie.dz\/fr\/#\/schema\/logo\/image\/","url":"https:\/\/elmawkie.dz\/fr\/wp-content\/uploads\/2024\/05\/logo1.png","contentUrl":"https:\/\/elmawkie.dz\/fr\/wp-content\/uploads\/2024\/05\/logo1.png","width":1648,"height":652,"caption":"EL MAWKIE"},"image":{"@id":"https:\/\/elmawkie.dz\/fr\/#\/schema\/logo\/image\/"},"sameAs":["https:\/\/www.facebook.com\/profile.php?id=100088407094989&locale=fr_FR"]},{"@type":"Person","@id":"https:\/\/elmawkie.dz\/fr\/#\/schema\/person\/e7bd59d6467874ba5c4723d8a9f0a63c","name":"R\u00e9daction","image":{"@type":"ImageObject","inLanguage":"fr-FR","@id":"https:\/\/elmawkie.dz\/fr\/#\/schema\/person\/image\/","url":"https:\/\/secure.gravatar.com\/avatar\/f0f773456344da4d2788c054a3d30a0c?s=96&d=mm&r=g","contentUrl":"https:\/\/secure.gravatar.com\/avatar\/f0f773456344da4d2788c054a3d30a0c?s=96&d=mm&r=g","caption":"R\u00e9daction"},"url":"https:\/\/elmawkie.dz\/fr\/author\/redaction\/"}]}},"_links":{"self":[{"href":"https:\/\/elmawkie.dz\/fr\/wp-json\/wp\/v2\/posts\/7034","targetHints":{"allow":["GET"]}}],"collection":[{"href":"https:\/\/elmawkie.dz\/fr\/wp-json\/wp\/v2\/posts"}],"about":[{"href":"https:\/\/elmawkie.dz\/fr\/wp-json\/wp\/v2\/types\/post"}],"author":[{"embeddable":true,"href":"https:\/\/elmawkie.dz\/fr\/wp-json\/wp\/v2\/users\/9"}],"replies":[{"embeddable":true,"href":"https:\/\/elmawkie.dz\/fr\/wp-json\/wp\/v2\/comments?post=7034"}],"version-history":[{"count":0,"href":"https:\/\/elmawkie.dz\/fr\/wp-json\/wp\/v2\/posts\/7034\/revisions"}],"wp:featuredmedia":[{"embeddable":true,"href":"https:\/\/elmawkie.dz\/fr\/wp-json\/wp\/v2\/media\/7035"}],"wp:attachment":[{"href":"https:\/\/elmawkie.dz\/fr\/wp-json\/wp\/v2\/media?parent=7034"}],"wp:term":[{"taxonomy":"category","embeddable":true,"href":"https:\/\/elmawkie.dz\/fr\/wp-json\/wp\/v2\/categories?post=7034"},{"taxonomy":"post_tag","embeddable":true,"href":"https:\/\/elmawkie.dz\/fr\/wp-json\/wp\/v2\/tags?post=7034"}],"curies":[{"name":"wp","href":"https:\/\/api.w.org\/{rel}","templated":true}]}}