{"id":7028,"date":"2024-12-11T15:11:08","date_gmt":"2024-12-11T14:11:08","guid":{"rendered":"https:\/\/elmawkie.dz\/fr\/?p=7028"},"modified":"2024-12-11T17:45:49","modified_gmt":"2024-12-11T16:45:49","slug":"la-2e-edition-de-lafrica-global-impact-summit-a-partir-de-lundi-a-alger","status":"publish","type":"post","link":"https:\/\/elmawkie.dz\/fr\/la-2e-edition-de-lafrica-global-impact-summit-a-partir-de-lundi-a-alger\/","title":{"rendered":"La 2e \u00e9dition de \u00ab\u00a0l&rsquo;Africa global impact summit\u00a0\u00bb \u00e0 partir de lundi \u00e0 Alger"},"content":{"rendered":"<p><strong><em>La deuxi\u00e8me \u00e9dition de \u00ab\u00a0l&rsquo;Africa global impact summit\u00a0\u00bb (AGIS 2024) se tiendra du 16 au 17 d\u00e9cembre \u00e0 Alger sous le th\u00e8me \u00a0\u00bbZ\u00e9ro carbone, \u00e9conomie circulaire et d\u00e9veloppement local au c\u0153ur de la transition durable en Afrique\u00a0\u00bb, ont annonc\u00e9 mercredi les organisateurs. Plac\u00e9 sous l&rsquo;\u00e9gide des minist\u00e8res de l&rsquo;Economie de la connaissance, des Start-up et des Micro-entreprises, et de l&rsquo;Environnement et de la Qualit\u00e9 de la vie, AGIS 2024 r\u00e9unira des acteurs cl\u00e9s de la transition durable en Afrique pour d\u00e9battre des d\u00e9fis et sugg\u00e9rer des solutions concr\u00e8tes au d\u00e9veloppement durable sur le continent, a indiqu\u00e9 Khalida Anad, directrice de GreenEco Alg\u00e9rie, soci\u00e9t\u00e9 organisatrice de l&rsquo;\u00e9v\u00e9nement, lors d&rsquo;une conf\u00e9rence de presse. Les interventions de la rencontre qu&rsquo;abritera l&rsquo;Ecole sup\u00e9rieure d&rsquo;h\u00f4tellerie et de restauration d&rsquo;Alger (ESHRA), porteront sur l&rsquo;Afrique et l&rsquo;Alg\u00e9rie face aux changements climatiques, les strat\u00e9gies de r\u00e9ponse du secteur de l&rsquo;\u00e9nergie, et l&rsquo;enjeu z\u00e9ro carbone dans l&rsquo;industrie africaine. Les d\u00e9bats s&rsquo;int\u00e9resseront aussi \u00e0 l&rsquo;\u00e9conomie circulaire et \u00e9conome en ressources en Afrique, aux \u00e9volutions r\u00e8glementaires ESG (environnementales, sociales et de gouvernance), CSRD (la directive sur le reporting de durabilit\u00e9 des entreprises) et impacts sur la responsabilit\u00e9 soci\u00e9tale des entreprises (RSE), ainsi qu&rsquo;au financement durable en Afrique, la transformation de paradigme de croissance et l&rsquo;apport de l&rsquo;am\u00e9lioration du bien-\u00eatre pour une performance durable de l&rsquo;entreprise. Le pr\u00e9sident du comit\u00e9 scientifique de AGIS 2024, Ali Harbi a, pour sa part, fait savoir que la compagnie nationale Sonatrach reviendra, lors d&rsquo;une communication, sur sa strat\u00e9gie climat, le Groupe industriel des ciments d&rsquo;Alg\u00e9rie (GICA) partagera son exp\u00e9rience dans la pr\u00e9servation de l&rsquo;environnement alors que Alg\u00e9rie emballage pr\u00e9sentera son exp\u00e9rience dans l&rsquo;\u00e9conomie circulaire. Des experts nationaux mais aussi internationaux, sp\u00e9cialistes de la RSE et des Objectifs de D\u00e9veloppement Durable (ODD), repr\u00e9sentant le think-tank RSE en Afrique, l&rsquo;Organisation internationale des directeurs financiers et la commission \u00e9conomique pour l&rsquo;Afrique des Nations-Unis, animeront le d\u00e9bat autour des th\u00e8mes retenus, a-t-il encore d\u00e9taill\u00e9.\u00a0<\/em><\/strong><\/p>\n","protected":false},"excerpt":{"rendered":"<p>La deuxi\u00e8me \u00e9dition de \u00ab\u00a0l&rsquo;Africa global impact summit\u00a0\u00bb (AGIS 2024) se tiendra du 16 au 17 d\u00e9cembre \u00e0 Alger sous le th\u00e8me \u00a0\u00bbZ\u00e9ro carbone, \u00e9conomie circulaire et d\u00e9veloppement local au c\u0153ur de la transition durable en Afrique\u00a0\u00bb, ont annonc\u00e9 mercredi les organisateurs. Plac\u00e9 sous l&rsquo;\u00e9gide des minist\u00e8res de l&rsquo;Economie de la connaissance, des Start-up et &hellip;<\/p>\n","protected":false},"author":9,"featured_media":7029,"comment_status":"open","ping_status":"open","sticky":false,"template":"","format":"standard","meta":{"footnotes":""},"categories":[763],"tags":[450,1589,1588],"class_list":["post-7028","post","type-post","status-publish","format-standard","has-post-thumbnail","hentry","category-economie","tag-alger","tag-lafrica-global-impact-summit","tag-la-2e-edition-de"],"yoast_head":"<!-- This site is optimized with the Yoast SEO Premium plugin v22.6 (Yoast SEO v22.6) - https:\/\/yoast.com\/wordpress\/plugins\/seo\/ -->\n<title>La 2e \u00e9dition de &quot;l&#039;Africa global impact summit&quot; \u00e0 partir de lundi \u00e0 Alger - El Mawkie<\/title>\n<meta name=\"robots\" content=\"index, follow, max-snippet:-1, max-image-preview:large, max-video-preview:-1\" \/>\n<link rel=\"canonical\" href=\"https:\/\/elmawkie.dz\/fr\/la-2e-edition-de-lafrica-global-impact-summit-a-partir-de-lundi-a-alger\/\" \/>\n<meta property=\"og:locale\" content=\"fr_FR\" \/>\n<meta property=\"og:type\" content=\"article\" \/>\n<meta property=\"og:title\" content=\"La 2e \u00e9dition de &quot;l&#039;Africa global impact summit&quot; \u00e0 partir de lundi \u00e0 Alger\" \/>\n<meta property=\"og:description\" content=\"La deuxi\u00e8me \u00e9dition de \u00ab\u00a0l&rsquo;Africa global impact summit\u00a0\u00bb (AGIS 2024) se tiendra du 16 au 17 d\u00e9cembre \u00e0 Alger sous le th\u00e8me \u00a0\u00bbZ\u00e9ro carbone, \u00e9conomie circulaire et d\u00e9veloppement local au c\u0153ur de la transition durable en Afrique\u00a0\u00bb, ont annonc\u00e9 mercredi les organisateurs. Plac\u00e9 sous l&rsquo;\u00e9gide des minist\u00e8res de l&rsquo;Economie de la connaissance, des Start-up et &hellip;\" \/>\n<meta property=\"og:url\" content=\"https:\/\/elmawkie.dz\/fr\/la-2e-edition-de-lafrica-global-impact-summit-a-partir-de-lundi-a-alger\/\" \/>\n<meta property=\"og:site_name\" content=\"El Mawkie\" \/>\n<meta property=\"article:publisher\" content=\"https:\/\/www.facebook.com\/profile.php?id=100088407094989&amp;locale=fr_FR\" \/>\n<meta property=\"article:published_time\" content=\"2024-12-11T14:11:08+00:00\" \/>\n<meta property=\"article:modified_time\" content=\"2024-12-11T16:45:49+00:00\" \/>\n<meta property=\"og:image\" content=\"https:\/\/elmawkie.dz\/fr\/wp-content\/uploads\/2024\/12\/IMG_6368.jpeg\" \/>\n\t<meta property=\"og:image:width\" content=\"700\" \/>\n\t<meta property=\"og:image:height\" content=\"370\" \/>\n\t<meta property=\"og:image:type\" content=\"image\/jpeg\" \/>\n<meta name=\"author\" content=\"R\u00e9daction\" \/>\n<meta name=\"twitter:card\" content=\"summary_large_image\" \/>\n<meta name=\"twitter:label1\" content=\"Written by\" \/>\n\t<meta name=\"twitter:data1\" content=\"R\u00e9daction\" \/>\n\t<meta name=\"twitter:label2\" content=\"Est. reading time\" \/>\n\t<meta name=\"twitter:data2\" content=\"2 minutes\" \/>\n<script type=\"application\/ld+json\" class=\"yoast-schema-graph\">{\"@context\":\"https:\/\/schema.org\",\"@graph\":[{\"@type\":\"Article\",\"@id\":\"https:\/\/elmawkie.dz\/fr\/la-2e-edition-de-lafrica-global-impact-summit-a-partir-de-lundi-a-alger\/#article\",\"isPartOf\":{\"@id\":\"https:\/\/elmawkie.dz\/fr\/la-2e-edition-de-lafrica-global-impact-summit-a-partir-de-lundi-a-alger\/\"},\"author\":{\"name\":\"R\u00e9daction\",\"@id\":\"https:\/\/elmawkie.dz\/fr\/#\/schema\/person\/e7bd59d6467874ba5c4723d8a9f0a63c\"},\"headline\":\"La 2e \u00e9dition de \u00ab\u00a0l&rsquo;Africa global impact summit\u00a0\u00bb \u00e0 partir de lundi \u00e0 Alger\",\"datePublished\":\"2024-12-11T14:11:08+00:00\",\"dateModified\":\"2024-12-11T16:45:49+00:00\",\"mainEntityOfPage\":{\"@id\":\"https:\/\/elmawkie.dz\/fr\/la-2e-edition-de-lafrica-global-impact-summit-a-partir-de-lundi-a-alger\/\"},\"wordCount\":391,\"commentCount\":0,\"publisher\":{\"@id\":\"https:\/\/elmawkie.dz\/fr\/#organization\"},\"image\":{\"@id\":\"https:\/\/elmawkie.dz\/fr\/la-2e-edition-de-lafrica-global-impact-summit-a-partir-de-lundi-a-alger\/#primaryimage\"},\"thumbnailUrl\":\"https:\/\/elmawkie.dz\/fr\/wp-content\/uploads\/2024\/12\/IMG_6368.jpeg\",\"keywords\":[\"alger\",\"l'Africa global impact summit\",\"La 2e \u00e9dition de\"],\"articleSection\":[\"Economie\"],\"inLanguage\":\"fr-FR\",\"potentialAction\":[{\"@type\":\"CommentAction\",\"name\":\"Comment\",\"target\":[\"https:\/\/elmawkie.dz\/fr\/la-2e-edition-de-lafrica-global-impact-summit-a-partir-de-lundi-a-alger\/#respond\"]}]},{\"@type\":\"WebPage\",\"@id\":\"https:\/\/elmawkie.dz\/fr\/la-2e-edition-de-lafrica-global-impact-summit-a-partir-de-lundi-a-alger\/\",\"url\":\"https:\/\/elmawkie.dz\/fr\/la-2e-edition-de-lafrica-global-impact-summit-a-partir-de-lundi-a-alger\/\",\"name\":\"La 2e \u00e9dition de \\\"l'Africa global impact summit\\\" \u00e0 partir de lundi \u00e0 Alger - El Mawkie\",\"isPartOf\":{\"@id\":\"https:\/\/elmawkie.dz\/fr\/#website\"},\"primaryImageOfPage\":{\"@id\":\"https:\/\/elmawkie.dz\/fr\/la-2e-edition-de-lafrica-global-impact-summit-a-partir-de-lundi-a-alger\/#primaryimage\"},\"image\":{\"@id\":\"https:\/\/elmawkie.dz\/fr\/la-2e-edition-de-lafrica-global-impact-summit-a-partir-de-lundi-a-alger\/#primaryimage\"},\"thumbnailUrl\":\"https:\/\/elmawkie.dz\/fr\/wp-content\/uploads\/2024\/12\/IMG_6368.jpeg\",\"datePublished\":\"2024-12-11T14:11:08+00:00\",\"dateModified\":\"2024-12-11T16:45:49+00:00\",\"breadcrumb\":{\"@id\":\"https:\/\/elmawkie.dz\/fr\/la-2e-edition-de-lafrica-global-impact-summit-a-partir-de-lundi-a-alger\/#breadcrumb\"},\"inLanguage\":\"fr-FR\",\"potentialAction\":[{\"@type\":\"ReadAction\",\"target\":[\"https:\/\/elmawkie.dz\/fr\/la-2e-edition-de-lafrica-global-impact-summit-a-partir-de-lundi-a-alger\/\"]}]},{\"@type\":\"ImageObject\",\"inLanguage\":\"fr-FR\",\"@id\":\"https:\/\/elmawkie.dz\/fr\/la-2e-edition-de-lafrica-global-impact-summit-a-partir-de-lundi-a-alger\/#primaryimage\",\"url\":\"https:\/\/elmawkie.dz\/fr\/wp-content\/uploads\/2024\/12\/IMG_6368.jpeg\",\"contentUrl\":\"https:\/\/elmawkie.dz\/fr\/wp-content\/uploads\/2024\/12\/IMG_6368.jpeg\",\"width\":700,\"height\":370},{\"@type\":\"BreadcrumbList\",\"@id\":\"https:\/\/elmawkie.dz\/fr\/la-2e-edition-de-lafrica-global-impact-summit-a-partir-de-lundi-a-alger\/#breadcrumb\",\"itemListElement\":[{\"@type\":\"ListItem\",\"position\":1,\"name\":\"Home\",\"item\":\"https:\/\/elmawkie.dz\/fr\/\"},{\"@type\":\"ListItem\",\"position\":2,\"name\":\"La 2e \u00e9dition de \u00ab\u00a0l&rsquo;Africa global impact summit\u00a0\u00bb \u00e0 partir de lundi \u00e0 Alger\"}]},{\"@type\":\"WebSite\",\"@id\":\"https:\/\/elmawkie.dz\/fr\/#website\",\"url\":\"https:\/\/elmawkie.dz\/fr\/\",\"name\":\"EL MAWKIE\",\"description\":\"Journal \u00c9lectronique Alg\u00e9rien\",\"publisher\":{\"@id\":\"https:\/\/elmawkie.dz\/fr\/#organization\"},\"potentialAction\":[{\"@type\":\"SearchAction\",\"target\":{\"@type\":\"EntryPoint\",\"urlTemplate\":\"https:\/\/elmawkie.dz\/fr\/?s={search_term_string}\"},\"query-input\":\"required name=search_term_string\"}],\"inLanguage\":\"fr-FR\"},{\"@type\":\"Organization\",\"@id\":\"https:\/\/elmawkie.dz\/fr\/#organization\",\"name\":\"EL MAWKIE\",\"url\":\"https:\/\/elmawkie.dz\/fr\/\",\"logo\":{\"@type\":\"ImageObject\",\"inLanguage\":\"fr-FR\",\"@id\":\"https:\/\/elmawkie.dz\/fr\/#\/schema\/logo\/image\/\",\"url\":\"https:\/\/elmawkie.dz\/fr\/wp-content\/uploads\/2024\/05\/logo1.png\",\"contentUrl\":\"https:\/\/elmawkie.dz\/fr\/wp-content\/uploads\/2024\/05\/logo1.png\",\"width\":1648,\"height\":652,\"caption\":\"EL MAWKIE\"},\"image\":{\"@id\":\"https:\/\/elmawkie.dz\/fr\/#\/schema\/logo\/image\/\"},\"sameAs\":[\"https:\/\/www.facebook.com\/profile.php?id=100088407094989&locale=fr_FR\"]},{\"@type\":\"Person\",\"@id\":\"https:\/\/elmawkie.dz\/fr\/#\/schema\/person\/e7bd59d6467874ba5c4723d8a9f0a63c\",\"name\":\"R\u00e9daction\",\"image\":{\"@type\":\"ImageObject\",\"inLanguage\":\"fr-FR\",\"@id\":\"https:\/\/elmawkie.dz\/fr\/#\/schema\/person\/image\/\",\"url\":\"https:\/\/secure.gravatar.com\/avatar\/f0f773456344da4d2788c054a3d30a0c?s=96&d=mm&r=g\",\"contentUrl\":\"https:\/\/secure.gravatar.com\/avatar\/f0f773456344da4d2788c054a3d30a0c?s=96&d=mm&r=g\",\"caption\":\"R\u00e9daction\"},\"url\":\"https:\/\/elmawkie.dz\/fr\/author\/redaction\/\"}]}<\/script>\n<!-- \/ Yoast SEO Premium plugin. -->","yoast_head_json":{"title":"La 2e \u00e9dition de \"l'Africa global impact summit\" \u00e0 partir de lundi \u00e0 Alger - El Mawkie","robots":{"index":"index","follow":"follow","max-snippet":"max-snippet:-1","max-image-preview":"max-image-preview:large","max-video-preview":"max-video-preview:-1"},"canonical":"https:\/\/elmawkie.dz\/fr\/la-2e-edition-de-lafrica-global-impact-summit-a-partir-de-lundi-a-alger\/","og_locale":"fr_FR","og_type":"article","og_title":"La 2e \u00e9dition de \"l'Africa global impact summit\" \u00e0 partir de lundi \u00e0 Alger","og_description":"La deuxi\u00e8me \u00e9dition de \u00ab\u00a0l&rsquo;Africa global impact summit\u00a0\u00bb (AGIS 2024) se tiendra du 16 au 17 d\u00e9cembre \u00e0 Alger sous le th\u00e8me \u00a0\u00bbZ\u00e9ro carbone, \u00e9conomie circulaire et d\u00e9veloppement local au c\u0153ur de la transition durable en Afrique\u00a0\u00bb, ont annonc\u00e9 mercredi les organisateurs. Plac\u00e9 sous l&rsquo;\u00e9gide des minist\u00e8res de l&rsquo;Economie de la connaissance, des Start-up et &hellip;","og_url":"https:\/\/elmawkie.dz\/fr\/la-2e-edition-de-lafrica-global-impact-summit-a-partir-de-lundi-a-alger\/","og_site_name":"El Mawkie","article_publisher":"https:\/\/www.facebook.com\/profile.php?id=100088407094989&locale=fr_FR","article_published_time":"2024-12-11T14:11:08+00:00","article_modified_time":"2024-12-11T16:45:49+00:00","og_image":[{"width":700,"height":370,"url":"https:\/\/elmawkie.dz\/fr\/wp-content\/uploads\/2024\/12\/IMG_6368.jpeg","type":"image\/jpeg"}],"author":"R\u00e9daction","twitter_card":"summary_large_image","twitter_misc":{"Written by":"R\u00e9daction","Est. reading time":"2 minutes"},"schema":{"@context":"https:\/\/schema.org","@graph":[{"@type":"Article","@id":"https:\/\/elmawkie.dz\/fr\/la-2e-edition-de-lafrica-global-impact-summit-a-partir-de-lundi-a-alger\/#article","isPartOf":{"@id":"https:\/\/elmawkie.dz\/fr\/la-2e-edition-de-lafrica-global-impact-summit-a-partir-de-lundi-a-alger\/"},"author":{"name":"R\u00e9daction","@id":"https:\/\/elmawkie.dz\/fr\/#\/schema\/person\/e7bd59d6467874ba5c4723d8a9f0a63c"},"headline":"La 2e \u00e9dition de \u00ab\u00a0l&rsquo;Africa global impact summit\u00a0\u00bb \u00e0 partir de lundi \u00e0 Alger","datePublished":"2024-12-11T14:11:08+00:00","dateModified":"2024-12-11T16:45:49+00:00","mainEntityOfPage":{"@id":"https:\/\/elmawkie.dz\/fr\/la-2e-edition-de-lafrica-global-impact-summit-a-partir-de-lundi-a-alger\/"},"wordCount":391,"commentCount":0,"publisher":{"@id":"https:\/\/elmawkie.dz\/fr\/#organization"},"image":{"@id":"https:\/\/elmawkie.dz\/fr\/la-2e-edition-de-lafrica-global-impact-summit-a-partir-de-lundi-a-alger\/#primaryimage"},"thumbnailUrl":"https:\/\/elmawkie.dz\/fr\/wp-content\/uploads\/2024\/12\/IMG_6368.jpeg","keywords":["alger","l'Africa global impact summit","La 2e \u00e9dition de"],"articleSection":["Economie"],"inLanguage":"fr-FR","potentialAction":[{"@type":"CommentAction","name":"Comment","target":["https:\/\/elmawkie.dz\/fr\/la-2e-edition-de-lafrica-global-impact-summit-a-partir-de-lundi-a-alger\/#respond"]}]},{"@type":"WebPage","@id":"https:\/\/elmawkie.dz\/fr\/la-2e-edition-de-lafrica-global-impact-summit-a-partir-de-lundi-a-alger\/","url":"https:\/\/elmawkie.dz\/fr\/la-2e-edition-de-lafrica-global-impact-summit-a-partir-de-lundi-a-alger\/","name":"La 2e \u00e9dition de \"l'Africa global impact summit\" \u00e0 partir de lundi \u00e0 Alger - El Mawkie","isPartOf":{"@id":"https:\/\/elmawkie.dz\/fr\/#website"},"primaryImageOfPage":{"@id":"https:\/\/elmawkie.dz\/fr\/la-2e-edition-de-lafrica-global-impact-summit-a-partir-de-lundi-a-alger\/#primaryimage"},"image":{"@id":"https:\/\/elmawkie.dz\/fr\/la-2e-edition-de-lafrica-global-impact-summit-a-partir-de-lundi-a-alger\/#primaryimage"},"thumbnailUrl":"https:\/\/elmawkie.dz\/fr\/wp-content\/uploads\/2024\/12\/IMG_6368.jpeg","datePublished":"2024-12-11T14:11:08+00:00","dateModified":"2024-12-11T16:45:49+00:00","breadcrumb":{"@id":"https:\/\/elmawkie.dz\/fr\/la-2e-edition-de-lafrica-global-impact-summit-a-partir-de-lundi-a-alger\/#breadcrumb"},"inLanguage":"fr-FR","potentialAction":[{"@type":"ReadAction","target":["https:\/\/elmawkie.dz\/fr\/la-2e-edition-de-lafrica-global-impact-summit-a-partir-de-lundi-a-alger\/"]}]},{"@type":"ImageObject","inLanguage":"fr-FR","@id":"https:\/\/elmawkie.dz\/fr\/la-2e-edition-de-lafrica-global-impact-summit-a-partir-de-lundi-a-alger\/#primaryimage","url":"https:\/\/elmawkie.dz\/fr\/wp-content\/uploads\/2024\/12\/IMG_6368.jpeg","contentUrl":"https:\/\/elmawkie.dz\/fr\/wp-content\/uploads\/2024\/12\/IMG_6368.jpeg","width":700,"height":370},{"@type":"BreadcrumbList","@id":"https:\/\/elmawkie.dz\/fr\/la-2e-edition-de-lafrica-global-impact-summit-a-partir-de-lundi-a-alger\/#breadcrumb","itemListElement":[{"@type":"ListItem","position":1,"name":"Home","item":"https:\/\/elmawkie.dz\/fr\/"},{"@type":"ListItem","position":2,"name":"La 2e \u00e9dition de \u00ab\u00a0l&rsquo;Africa global impact summit\u00a0\u00bb \u00e0 partir de lundi \u00e0 Alger"}]},{"@type":"WebSite","@id":"https:\/\/elmawkie.dz\/fr\/#website","url":"https:\/\/elmawkie.dz\/fr\/","name":"EL MAWKIE","description":"Journal \u00c9lectronique Alg\u00e9rien","publisher":{"@id":"https:\/\/elmawkie.dz\/fr\/#organization"},"potentialAction":[{"@type":"SearchAction","target":{"@type":"EntryPoint","urlTemplate":"https:\/\/elmawkie.dz\/fr\/?s={search_term_string}"},"query-input":"required name=search_term_string"}],"inLanguage":"fr-FR"},{"@type":"Organization","@id":"https:\/\/elmawkie.dz\/fr\/#organization","name":"EL MAWKIE","url":"https:\/\/elmawkie.dz\/fr\/","logo":{"@type":"ImageObject","inLanguage":"fr-FR","@id":"https:\/\/elmawkie.dz\/fr\/#\/schema\/logo\/image\/","url":"https:\/\/elmawkie.dz\/fr\/wp-content\/uploads\/2024\/05\/logo1.png","contentUrl":"https:\/\/elmawkie.dz\/fr\/wp-content\/uploads\/2024\/05\/logo1.png","width":1648,"height":652,"caption":"EL MAWKIE"},"image":{"@id":"https:\/\/elmawkie.dz\/fr\/#\/schema\/logo\/image\/"},"sameAs":["https:\/\/www.facebook.com\/profile.php?id=100088407094989&locale=fr_FR"]},{"@type":"Person","@id":"https:\/\/elmawkie.dz\/fr\/#\/schema\/person\/e7bd59d6467874ba5c4723d8a9f0a63c","name":"R\u00e9daction","image":{"@type":"ImageObject","inLanguage":"fr-FR","@id":"https:\/\/elmawkie.dz\/fr\/#\/schema\/person\/image\/","url":"https:\/\/secure.gravatar.com\/avatar\/f0f773456344da4d2788c054a3d30a0c?s=96&d=mm&r=g","contentUrl":"https:\/\/secure.gravatar.com\/avatar\/f0f773456344da4d2788c054a3d30a0c?s=96&d=mm&r=g","caption":"R\u00e9daction"},"url":"https:\/\/elmawkie.dz\/fr\/author\/redaction\/"}]}},"_links":{"self":[{"href":"https:\/\/elmawkie.dz\/fr\/wp-json\/wp\/v2\/posts\/7028","targetHints":{"allow":["GET"]}}],"collection":[{"href":"https:\/\/elmawkie.dz\/fr\/wp-json\/wp\/v2\/posts"}],"about":[{"href":"https:\/\/elmawkie.dz\/fr\/wp-json\/wp\/v2\/types\/post"}],"author":[{"embeddable":true,"href":"https:\/\/elmawkie.dz\/fr\/wp-json\/wp\/v2\/users\/9"}],"replies":[{"embeddable":true,"href":"https:\/\/elmawkie.dz\/fr\/wp-json\/wp\/v2\/comments?post=7028"}],"version-history":[{"count":0,"href":"https:\/\/elmawkie.dz\/fr\/wp-json\/wp\/v2\/posts\/7028\/revisions"}],"wp:featuredmedia":[{"embeddable":true,"href":"https:\/\/elmawkie.dz\/fr\/wp-json\/wp\/v2\/media\/7029"}],"wp:attachment":[{"href":"https:\/\/elmawkie.dz\/fr\/wp-json\/wp\/v2\/media?parent=7028"}],"wp:term":[{"taxonomy":"category","embeddable":true,"href":"https:\/\/elmawkie.dz\/fr\/wp-json\/wp\/v2\/categories?post=7028"},{"taxonomy":"post_tag","embeddable":true,"href":"https:\/\/elmawkie.dz\/fr\/wp-json\/wp\/v2\/tags?post=7028"}],"curies":[{"name":"wp","href":"https:\/\/api.w.org\/{rel}","templated":true}]}}