{"id":7021,"date":"2024-12-11T10:20:34","date_gmt":"2024-12-11T09:20:34","guid":{"rendered":"https:\/\/elmawkie.dz\/fr\/?p=7021"},"modified":"2024-12-14T09:15:48","modified_gmt":"2024-12-14T08:15:48","slug":"taste-atlas-lalgerie-au-sommet-des-cuisines-arabes-et-africaines","status":"publish","type":"post","link":"https:\/\/elmawkie.dz\/fr\/taste-atlas-lalgerie-au-sommet-des-cuisines-arabes-et-africaines\/","title":{"rendered":"Taste Atlas : l\u2019Alg\u00e9rie au sommet des cuisines arabes et africaines"},"content":{"rendered":"<p><strong><em>Dans un classement r\u00e9cemment publi\u00e9 sur la liste de <a href=\"https:\/\/x.com\/TasteAtlas\/status\/1866586461493137625\">Taste Atlas \u00a0\u201c <\/a>meilleures cuisines du monde \u201c , la cuisine <a href=\"https:\/\/x.com\/TasteAtlas\/status\/1866586461493137625\">alg\u00e9rienne<\/a> s\u2019est hiss\u00e9e \u00e0 la 21e place mondiale, affirmant sa richesse et sa diversit\u00e9 gastronomique . Ce classement, qui \u00e9value les meilleures gastronomies du monde, place \u00e9galement <a href=\"https:\/\/x.com\/TasteAtlas\/status\/1866586461493137625\">l\u2019Alg\u00e9rie<\/a> au sommet des cuisines arabes et africaines, devant des pays comme le Liban (26e), la Tunisie (30e), et le Maroc (38e).<\/em><\/strong><\/p>\n<p><strong><em>Avec cette reconnaissance sur \u201c atlas mondial des plats traditionnels, des ingr\u00e9dients locaux et des restaurants authentiques\u201c <\/em><\/strong><strong><em>la <a href=\"https:\/\/x.com\/TasteAtlas\/status\/1866586461493137625\">cuisine<\/a> alg\u00e9rienne s\u2019impose comme un patrimoine culturel gastronomique \u00a0sans rival , class\u00e9e loin devant ses homologues africains et arabes avec des plats embl\u00e9matiques comme le couscous, la rechta, le tajine, ou encore des g\u00e2teaux traditionnels tels que la baklawa et l\u2019makrout, les plats traditionnels alg\u00e9riens continuent de s\u00e9duire les amateurs de bonne cuisine \u00e0 travers le monde.<\/em><\/strong><\/p>\n<p class=\"p1\"><span class=\"s1\"><em><strong>Il convient de noter qu&rsquo;en t\u00eate de ce classement, la cuisine grecque occupe la premi\u00e8re position, suivie par l\u2019Italie, le Mexique, l\u2019Espagne, le Portugal et la Turquie.<\/strong><\/em><br \/>\n<\/span><\/p>\n<p><img decoding=\"async\" class=\"alignnone size-medium wp-image-7023\" src=\"https:\/\/elmawkie.dz\/fr\/wp-content\/uploads\/2024\/12\/IMG_6354-268x300.jpeg\" alt=\"\" width=\"268\" height=\"300\" srcset=\"https:\/\/elmawkie.dz\/fr\/wp-content\/uploads\/2024\/12\/IMG_6354-268x300.jpeg 268w, https:\/\/elmawkie.dz\/fr\/wp-content\/uploads\/2024\/12\/IMG_6354-914x1024.jpeg 914w, https:\/\/elmawkie.dz\/fr\/wp-content\/uploads\/2024\/12\/IMG_6354-768x861.jpeg 768w, https:\/\/elmawkie.dz\/fr\/wp-content\/uploads\/2024\/12\/IMG_6354.jpeg 1125w\" sizes=\"(max-width: 268px) 100vw, 268px\" \/><\/p>\n<p>&nbsp;<\/p>\n<p>&nbsp;<\/p>\n","protected":false},"excerpt":{"rendered":"<p>Dans un classement r\u00e9cemment publi\u00e9 sur la liste de Taste Atlas \u00a0\u201c meilleures cuisines du monde \u201c , la cuisine alg\u00e9rienne s\u2019est hiss\u00e9e \u00e0 la 21e place mondiale, affirmant sa richesse et sa diversit\u00e9 gastronomique . Ce classement, qui \u00e9value les meilleures gastronomies du monde, place \u00e9galement l\u2019Alg\u00e9rie au sommet des cuisines arabes et africaines, &hellip;<\/p>\n","protected":false},"author":3,"featured_media":7024,"comment_status":"open","ping_status":"open","sticky":false,"template":"","format":"standard","meta":{"footnotes":""},"categories":[51],"tags":[1587,1586,1585,294,1584],"class_list":["post-7021","post","type-post","status-publish","format-standard","has-post-thumbnail","hentry","category-societe","tag-africaines","tag-arabes","tag-cuisine","tag-lalgerie","tag-taste-atlas"],"yoast_head":"<!-- This site is optimized with the Yoast SEO Premium plugin v22.6 (Yoast SEO v22.6) - https:\/\/yoast.com\/wordpress\/plugins\/seo\/ -->\n<title>Taste Atlas : l\u2019Alg\u00e9rie au sommet des cuisines arabes et africaines - El Mawkie<\/title>\n<meta name=\"robots\" content=\"index, follow, max-snippet:-1, max-image-preview:large, max-video-preview:-1\" \/>\n<link rel=\"canonical\" href=\"https:\/\/elmawkie.dz\/fr\/taste-atlas-lalgerie-au-sommet-des-cuisines-arabes-et-africaines\/\" \/>\n<meta property=\"og:locale\" content=\"fr_FR\" \/>\n<meta property=\"og:type\" content=\"article\" \/>\n<meta property=\"og:title\" content=\"Taste Atlas : l\u2019Alg\u00e9rie au sommet des cuisines arabes et africaines\" \/>\n<meta property=\"og:description\" content=\"Dans un classement r\u00e9cemment publi\u00e9 sur la liste de Taste Atlas \u00a0\u201c meilleures cuisines du monde \u201c , la cuisine alg\u00e9rienne s\u2019est hiss\u00e9e \u00e0 la 21e place mondiale, affirmant sa richesse et sa diversit\u00e9 gastronomique . Ce classement, qui \u00e9value les meilleures gastronomies du monde, place \u00e9galement l\u2019Alg\u00e9rie au sommet des cuisines arabes et africaines, &hellip;\" \/>\n<meta property=\"og:url\" content=\"https:\/\/elmawkie.dz\/fr\/taste-atlas-lalgerie-au-sommet-des-cuisines-arabes-et-africaines\/\" \/>\n<meta property=\"og:site_name\" content=\"El Mawkie\" \/>\n<meta property=\"article:publisher\" content=\"https:\/\/www.facebook.com\/profile.php?id=100088407094989&amp;locale=fr_FR\" \/>\n<meta property=\"article:published_time\" content=\"2024-12-11T09:20:34+00:00\" \/>\n<meta property=\"article:modified_time\" content=\"2024-12-14T08:15:48+00:00\" \/>\n<meta property=\"og:image\" content=\"https:\/\/elmawkie.dz\/fr\/wp-content\/uploads\/2024\/12\/IMG_6356.jpeg\" \/>\n\t<meta property=\"og:image:width\" content=\"700\" \/>\n\t<meta property=\"og:image:height\" content=\"400\" \/>\n\t<meta property=\"og:image:type\" content=\"image\/jpeg\" \/>\n<meta name=\"author\" content=\"Hamra Fouzia\" \/>\n<meta name=\"twitter:card\" content=\"summary_large_image\" \/>\n<meta name=\"twitter:label1\" content=\"Written by\" \/>\n\t<meta name=\"twitter:data1\" content=\"Hamra Fouzia\" \/>\n\t<meta name=\"twitter:label2\" content=\"Est. reading time\" \/>\n\t<meta name=\"twitter:data2\" content=\"1 minute\" \/>\n<script type=\"application\/ld+json\" class=\"yoast-schema-graph\">{\"@context\":\"https:\/\/schema.org\",\"@graph\":[{\"@type\":\"Article\",\"@id\":\"https:\/\/elmawkie.dz\/fr\/taste-atlas-lalgerie-au-sommet-des-cuisines-arabes-et-africaines\/#article\",\"isPartOf\":{\"@id\":\"https:\/\/elmawkie.dz\/fr\/taste-atlas-lalgerie-au-sommet-des-cuisines-arabes-et-africaines\/\"},\"author\":{\"name\":\"Hamra Fouzia\",\"@id\":\"https:\/\/elmawkie.dz\/fr\/#\/schema\/person\/4ed8433201bc23634185d8dd37097c64\"},\"headline\":\"Taste Atlas : l\u2019Alg\u00e9rie au sommet des cuisines arabes et africaines\",\"datePublished\":\"2024-12-11T09:20:34+00:00\",\"dateModified\":\"2024-12-14T08:15:48+00:00\",\"mainEntityOfPage\":{\"@id\":\"https:\/\/elmawkie.dz\/fr\/taste-atlas-lalgerie-au-sommet-des-cuisines-arabes-et-africaines\/\"},\"wordCount\":197,\"commentCount\":0,\"publisher\":{\"@id\":\"https:\/\/elmawkie.dz\/fr\/#organization\"},\"image\":{\"@id\":\"https:\/\/elmawkie.dz\/fr\/taste-atlas-lalgerie-au-sommet-des-cuisines-arabes-et-africaines\/#primaryimage\"},\"thumbnailUrl\":\"https:\/\/elmawkie.dz\/fr\/wp-content\/uploads\/2024\/12\/IMG_6356.jpeg\",\"keywords\":[\"Africaines\",\"Arabes\",\"Cuisine\",\"L'Alg\u00e9rie\",\"Taste atlas\"],\"articleSection\":[\"Soci\u00e9t\u00e9\"],\"inLanguage\":\"fr-FR\",\"potentialAction\":[{\"@type\":\"CommentAction\",\"name\":\"Comment\",\"target\":[\"https:\/\/elmawkie.dz\/fr\/taste-atlas-lalgerie-au-sommet-des-cuisines-arabes-et-africaines\/#respond\"]}]},{\"@type\":\"WebPage\",\"@id\":\"https:\/\/elmawkie.dz\/fr\/taste-atlas-lalgerie-au-sommet-des-cuisines-arabes-et-africaines\/\",\"url\":\"https:\/\/elmawkie.dz\/fr\/taste-atlas-lalgerie-au-sommet-des-cuisines-arabes-et-africaines\/\",\"name\":\"Taste Atlas : l\u2019Alg\u00e9rie au sommet des cuisines arabes et africaines - El Mawkie\",\"isPartOf\":{\"@id\":\"https:\/\/elmawkie.dz\/fr\/#website\"},\"primaryImageOfPage\":{\"@id\":\"https:\/\/elmawkie.dz\/fr\/taste-atlas-lalgerie-au-sommet-des-cuisines-arabes-et-africaines\/#primaryimage\"},\"image\":{\"@id\":\"https:\/\/elmawkie.dz\/fr\/taste-atlas-lalgerie-au-sommet-des-cuisines-arabes-et-africaines\/#primaryimage\"},\"thumbnailUrl\":\"https:\/\/elmawkie.dz\/fr\/wp-content\/uploads\/2024\/12\/IMG_6356.jpeg\",\"datePublished\":\"2024-12-11T09:20:34+00:00\",\"dateModified\":\"2024-12-14T08:15:48+00:00\",\"breadcrumb\":{\"@id\":\"https:\/\/elmawkie.dz\/fr\/taste-atlas-lalgerie-au-sommet-des-cuisines-arabes-et-africaines\/#breadcrumb\"},\"inLanguage\":\"fr-FR\",\"potentialAction\":[{\"@type\":\"ReadAction\",\"target\":[\"https:\/\/elmawkie.dz\/fr\/taste-atlas-lalgerie-au-sommet-des-cuisines-arabes-et-africaines\/\"]}]},{\"@type\":\"ImageObject\",\"inLanguage\":\"fr-FR\",\"@id\":\"https:\/\/elmawkie.dz\/fr\/taste-atlas-lalgerie-au-sommet-des-cuisines-arabes-et-africaines\/#primaryimage\",\"url\":\"https:\/\/elmawkie.dz\/fr\/wp-content\/uploads\/2024\/12\/IMG_6356.jpeg\",\"contentUrl\":\"https:\/\/elmawkie.dz\/fr\/wp-content\/uploads\/2024\/12\/IMG_6356.jpeg\",\"width\":700,\"height\":400},{\"@type\":\"BreadcrumbList\",\"@id\":\"https:\/\/elmawkie.dz\/fr\/taste-atlas-lalgerie-au-sommet-des-cuisines-arabes-et-africaines\/#breadcrumb\",\"itemListElement\":[{\"@type\":\"ListItem\",\"position\":1,\"name\":\"Home\",\"item\":\"https:\/\/elmawkie.dz\/fr\/\"},{\"@type\":\"ListItem\",\"position\":2,\"name\":\"Taste Atlas : l\u2019Alg\u00e9rie au sommet des cuisines arabes et africaines\"}]},{\"@type\":\"WebSite\",\"@id\":\"https:\/\/elmawkie.dz\/fr\/#website\",\"url\":\"https:\/\/elmawkie.dz\/fr\/\",\"name\":\"EL MAWKIE\",\"description\":\"Journal \u00c9lectronique Alg\u00e9rien\",\"publisher\":{\"@id\":\"https:\/\/elmawkie.dz\/fr\/#organization\"},\"potentialAction\":[{\"@type\":\"SearchAction\",\"target\":{\"@type\":\"EntryPoint\",\"urlTemplate\":\"https:\/\/elmawkie.dz\/fr\/?s={search_term_string}\"},\"query-input\":\"required name=search_term_string\"}],\"inLanguage\":\"fr-FR\"},{\"@type\":\"Organization\",\"@id\":\"https:\/\/elmawkie.dz\/fr\/#organization\",\"name\":\"EL MAWKIE\",\"url\":\"https:\/\/elmawkie.dz\/fr\/\",\"logo\":{\"@type\":\"ImageObject\",\"inLanguage\":\"fr-FR\",\"@id\":\"https:\/\/elmawkie.dz\/fr\/#\/schema\/logo\/image\/\",\"url\":\"https:\/\/elmawkie.dz\/fr\/wp-content\/uploads\/2024\/05\/logo1.png\",\"contentUrl\":\"https:\/\/elmawkie.dz\/fr\/wp-content\/uploads\/2024\/05\/logo1.png\",\"width\":1648,\"height\":652,\"caption\":\"EL MAWKIE\"},\"image\":{\"@id\":\"https:\/\/elmawkie.dz\/fr\/#\/schema\/logo\/image\/\"},\"sameAs\":[\"https:\/\/www.facebook.com\/profile.php?id=100088407094989&locale=fr_FR\"]},{\"@type\":\"Person\",\"@id\":\"https:\/\/elmawkie.dz\/fr\/#\/schema\/person\/4ed8433201bc23634185d8dd37097c64\",\"name\":\"Hamra Fouzia\",\"image\":{\"@type\":\"ImageObject\",\"inLanguage\":\"fr-FR\",\"@id\":\"https:\/\/elmawkie.dz\/fr\/#\/schema\/person\/image\/\",\"url\":\"https:\/\/secure.gravatar.com\/avatar\/ea215268aad51f3219f9a59227db6fa1?s=96&d=mm&r=g\",\"contentUrl\":\"https:\/\/secure.gravatar.com\/avatar\/ea215268aad51f3219f9a59227db6fa1?s=96&d=mm&r=g\",\"caption\":\"Hamra Fouzia\"},\"sameAs\":[\"https:\/\/elmawkie.dz\/fr\"],\"url\":\"https:\/\/elmawkie.dz\/fr\/author\/elmawkie\/\"}]}<\/script>\n<!-- \/ Yoast SEO Premium plugin. -->","yoast_head_json":{"title":"Taste Atlas : l\u2019Alg\u00e9rie au sommet des cuisines arabes et africaines - El Mawkie","robots":{"index":"index","follow":"follow","max-snippet":"max-snippet:-1","max-image-preview":"max-image-preview:large","max-video-preview":"max-video-preview:-1"},"canonical":"https:\/\/elmawkie.dz\/fr\/taste-atlas-lalgerie-au-sommet-des-cuisines-arabes-et-africaines\/","og_locale":"fr_FR","og_type":"article","og_title":"Taste Atlas : l\u2019Alg\u00e9rie au sommet des cuisines arabes et africaines","og_description":"Dans un classement r\u00e9cemment publi\u00e9 sur la liste de Taste Atlas \u00a0\u201c meilleures cuisines du monde \u201c , la cuisine alg\u00e9rienne s\u2019est hiss\u00e9e \u00e0 la 21e place mondiale, affirmant sa richesse et sa diversit\u00e9 gastronomique . Ce classement, qui \u00e9value les meilleures gastronomies du monde, place \u00e9galement l\u2019Alg\u00e9rie au sommet des cuisines arabes et africaines, &hellip;","og_url":"https:\/\/elmawkie.dz\/fr\/taste-atlas-lalgerie-au-sommet-des-cuisines-arabes-et-africaines\/","og_site_name":"El Mawkie","article_publisher":"https:\/\/www.facebook.com\/profile.php?id=100088407094989&locale=fr_FR","article_published_time":"2024-12-11T09:20:34+00:00","article_modified_time":"2024-12-14T08:15:48+00:00","og_image":[{"width":700,"height":400,"url":"https:\/\/elmawkie.dz\/fr\/wp-content\/uploads\/2024\/12\/IMG_6356.jpeg","type":"image\/jpeg"}],"author":"Hamra Fouzia","twitter_card":"summary_large_image","twitter_misc":{"Written by":"Hamra Fouzia","Est. reading time":"1 minute"},"schema":{"@context":"https:\/\/schema.org","@graph":[{"@type":"Article","@id":"https:\/\/elmawkie.dz\/fr\/taste-atlas-lalgerie-au-sommet-des-cuisines-arabes-et-africaines\/#article","isPartOf":{"@id":"https:\/\/elmawkie.dz\/fr\/taste-atlas-lalgerie-au-sommet-des-cuisines-arabes-et-africaines\/"},"author":{"name":"Hamra Fouzia","@id":"https:\/\/elmawkie.dz\/fr\/#\/schema\/person\/4ed8433201bc23634185d8dd37097c64"},"headline":"Taste Atlas : l\u2019Alg\u00e9rie au sommet des cuisines arabes et africaines","datePublished":"2024-12-11T09:20:34+00:00","dateModified":"2024-12-14T08:15:48+00:00","mainEntityOfPage":{"@id":"https:\/\/elmawkie.dz\/fr\/taste-atlas-lalgerie-au-sommet-des-cuisines-arabes-et-africaines\/"},"wordCount":197,"commentCount":0,"publisher":{"@id":"https:\/\/elmawkie.dz\/fr\/#organization"},"image":{"@id":"https:\/\/elmawkie.dz\/fr\/taste-atlas-lalgerie-au-sommet-des-cuisines-arabes-et-africaines\/#primaryimage"},"thumbnailUrl":"https:\/\/elmawkie.dz\/fr\/wp-content\/uploads\/2024\/12\/IMG_6356.jpeg","keywords":["Africaines","Arabes","Cuisine","L'Alg\u00e9rie","Taste atlas"],"articleSection":["Soci\u00e9t\u00e9"],"inLanguage":"fr-FR","potentialAction":[{"@type":"CommentAction","name":"Comment","target":["https:\/\/elmawkie.dz\/fr\/taste-atlas-lalgerie-au-sommet-des-cuisines-arabes-et-africaines\/#respond"]}]},{"@type":"WebPage","@id":"https:\/\/elmawkie.dz\/fr\/taste-atlas-lalgerie-au-sommet-des-cuisines-arabes-et-africaines\/","url":"https:\/\/elmawkie.dz\/fr\/taste-atlas-lalgerie-au-sommet-des-cuisines-arabes-et-africaines\/","name":"Taste Atlas : l\u2019Alg\u00e9rie au sommet des cuisines arabes et africaines - El Mawkie","isPartOf":{"@id":"https:\/\/elmawkie.dz\/fr\/#website"},"primaryImageOfPage":{"@id":"https:\/\/elmawkie.dz\/fr\/taste-atlas-lalgerie-au-sommet-des-cuisines-arabes-et-africaines\/#primaryimage"},"image":{"@id":"https:\/\/elmawkie.dz\/fr\/taste-atlas-lalgerie-au-sommet-des-cuisines-arabes-et-africaines\/#primaryimage"},"thumbnailUrl":"https:\/\/elmawkie.dz\/fr\/wp-content\/uploads\/2024\/12\/IMG_6356.jpeg","datePublished":"2024-12-11T09:20:34+00:00","dateModified":"2024-12-14T08:15:48+00:00","breadcrumb":{"@id":"https:\/\/elmawkie.dz\/fr\/taste-atlas-lalgerie-au-sommet-des-cuisines-arabes-et-africaines\/#breadcrumb"},"inLanguage":"fr-FR","potentialAction":[{"@type":"ReadAction","target":["https:\/\/elmawkie.dz\/fr\/taste-atlas-lalgerie-au-sommet-des-cuisines-arabes-et-africaines\/"]}]},{"@type":"ImageObject","inLanguage":"fr-FR","@id":"https:\/\/elmawkie.dz\/fr\/taste-atlas-lalgerie-au-sommet-des-cuisines-arabes-et-africaines\/#primaryimage","url":"https:\/\/elmawkie.dz\/fr\/wp-content\/uploads\/2024\/12\/IMG_6356.jpeg","contentUrl":"https:\/\/elmawkie.dz\/fr\/wp-content\/uploads\/2024\/12\/IMG_6356.jpeg","width":700,"height":400},{"@type":"BreadcrumbList","@id":"https:\/\/elmawkie.dz\/fr\/taste-atlas-lalgerie-au-sommet-des-cuisines-arabes-et-africaines\/#breadcrumb","itemListElement":[{"@type":"ListItem","position":1,"name":"Home","item":"https:\/\/elmawkie.dz\/fr\/"},{"@type":"ListItem","position":2,"name":"Taste Atlas : l\u2019Alg\u00e9rie au sommet des cuisines arabes et africaines"}]},{"@type":"WebSite","@id":"https:\/\/elmawkie.dz\/fr\/#website","url":"https:\/\/elmawkie.dz\/fr\/","name":"EL MAWKIE","description":"Journal \u00c9lectronique Alg\u00e9rien","publisher":{"@id":"https:\/\/elmawkie.dz\/fr\/#organization"},"potentialAction":[{"@type":"SearchAction","target":{"@type":"EntryPoint","urlTemplate":"https:\/\/elmawkie.dz\/fr\/?s={search_term_string}"},"query-input":"required name=search_term_string"}],"inLanguage":"fr-FR"},{"@type":"Organization","@id":"https:\/\/elmawkie.dz\/fr\/#organization","name":"EL MAWKIE","url":"https:\/\/elmawkie.dz\/fr\/","logo":{"@type":"ImageObject","inLanguage":"fr-FR","@id":"https:\/\/elmawkie.dz\/fr\/#\/schema\/logo\/image\/","url":"https:\/\/elmawkie.dz\/fr\/wp-content\/uploads\/2024\/05\/logo1.png","contentUrl":"https:\/\/elmawkie.dz\/fr\/wp-content\/uploads\/2024\/05\/logo1.png","width":1648,"height":652,"caption":"EL MAWKIE"},"image":{"@id":"https:\/\/elmawkie.dz\/fr\/#\/schema\/logo\/image\/"},"sameAs":["https:\/\/www.facebook.com\/profile.php?id=100088407094989&locale=fr_FR"]},{"@type":"Person","@id":"https:\/\/elmawkie.dz\/fr\/#\/schema\/person\/4ed8433201bc23634185d8dd37097c64","name":"Hamra Fouzia","image":{"@type":"ImageObject","inLanguage":"fr-FR","@id":"https:\/\/elmawkie.dz\/fr\/#\/schema\/person\/image\/","url":"https:\/\/secure.gravatar.com\/avatar\/ea215268aad51f3219f9a59227db6fa1?s=96&d=mm&r=g","contentUrl":"https:\/\/secure.gravatar.com\/avatar\/ea215268aad51f3219f9a59227db6fa1?s=96&d=mm&r=g","caption":"Hamra Fouzia"},"sameAs":["https:\/\/elmawkie.dz\/fr"],"url":"https:\/\/elmawkie.dz\/fr\/author\/elmawkie\/"}]}},"_links":{"self":[{"href":"https:\/\/elmawkie.dz\/fr\/wp-json\/wp\/v2\/posts\/7021","targetHints":{"allow":["GET"]}}],"collection":[{"href":"https:\/\/elmawkie.dz\/fr\/wp-json\/wp\/v2\/posts"}],"about":[{"href":"https:\/\/elmawkie.dz\/fr\/wp-json\/wp\/v2\/types\/post"}],"author":[{"embeddable":true,"href":"https:\/\/elmawkie.dz\/fr\/wp-json\/wp\/v2\/users\/3"}],"replies":[{"embeddable":true,"href":"https:\/\/elmawkie.dz\/fr\/wp-json\/wp\/v2\/comments?post=7021"}],"version-history":[{"count":0,"href":"https:\/\/elmawkie.dz\/fr\/wp-json\/wp\/v2\/posts\/7021\/revisions"}],"wp:featuredmedia":[{"embeddable":true,"href":"https:\/\/elmawkie.dz\/fr\/wp-json\/wp\/v2\/media\/7024"}],"wp:attachment":[{"href":"https:\/\/elmawkie.dz\/fr\/wp-json\/wp\/v2\/media?parent=7021"}],"wp:term":[{"taxonomy":"category","embeddable":true,"href":"https:\/\/elmawkie.dz\/fr\/wp-json\/wp\/v2\/categories?post=7021"},{"taxonomy":"post_tag","embeddable":true,"href":"https:\/\/elmawkie.dz\/fr\/wp-json\/wp\/v2\/tags?post=7021"}],"curies":[{"name":"wp","href":"https:\/\/api.w.org\/{rel}","templated":true}]}}