{"id":7006,"date":"2024-12-10T16:24:21","date_gmt":"2024-12-10T15:24:21","guid":{"rendered":"https:\/\/elmawkie.dz\/fr\/?p=7006"},"modified":"2024-12-11T07:49:09","modified_gmt":"2024-12-11T06:49:09","slug":"le-president-de-la-republique-quitte-nouakchott","status":"publish","type":"post","link":"https:\/\/elmawkie.dz\/fr\/le-president-de-la-republique-quitte-nouakchott\/","title":{"rendered":"Le pr\u00e9sident de la R\u00e9publique quitte Nouakchott"},"content":{"rendered":"<p><strong><em>Le pr\u00e9sident de la R\u00e9publique, M. Abdelmadjid Tebboune, a quitt\u00e9 mardi apr\u00e8s-midi Nouakchott pour regagner Alger, apr\u00e8s avoir particip\u00e9 \u00e0 la Conf\u00e9rence continentale sur l&rsquo;\u00e9ducation, la jeunesse et l&#8217;employabilit\u00e9 dans la capitale de la R\u00e9publique islamique de Mauritanie, pays fr\u00e8re. Le pr\u00e9sident de la R\u00e9publique avait prononc\u00e9, lors de cette conf\u00e9rence, un discours dans lequel il a soulign\u00e9 l&rsquo;engagement de l&rsquo;Alg\u00e9rie \u00e0 offrir annuellement 2.000 bourses d&rsquo;\u00e9tudes dans l&rsquo;enseignement sup\u00e9rieur et 500 bourses dans la formation professionnelle aux \u00e9tudiants africains et \u00e0 ouvrir une banque d\u00e9di\u00e9e \u00e0 l&rsquo;\u00e9ducation en Afrique.<\/em><\/strong><\/p>\n","protected":false},"excerpt":{"rendered":"<p>Le pr\u00e9sident de la R\u00e9publique, M. Abdelmadjid Tebboune, a quitt\u00e9 mardi apr\u00e8s-midi Nouakchott pour regagner Alger, apr\u00e8s avoir particip\u00e9 \u00e0 la Conf\u00e9rence continentale sur l&rsquo;\u00e9ducation, la jeunesse et l&#8217;employabilit\u00e9 dans la capitale de la R\u00e9publique islamique de Mauritanie, pays fr\u00e8re. Le pr\u00e9sident de la R\u00e9publique avait prononc\u00e9, lors de cette conf\u00e9rence, un discours dans lequel &hellip;<\/p>\n","protected":false},"author":9,"featured_media":7007,"comment_status":"open","ping_status":"open","sticky":false,"template":"","format":"standard","meta":{"footnotes":""},"categories":[47],"tags":[596,1542],"class_list":["post-7006","post","type-post","status-publish","format-standard","has-post-thumbnail","hentry","category-national","tag-le-president-de-la-republique","tag-nouakchott"],"yoast_head":"<!-- This site is optimized with the Yoast SEO Premium plugin v22.6 (Yoast SEO v22.6) - https:\/\/yoast.com\/wordpress\/plugins\/seo\/ -->\n<title>Le pr\u00e9sident de la R\u00e9publique quitte Nouakchott - El Mawkie<\/title>\n<meta name=\"robots\" content=\"index, follow, max-snippet:-1, max-image-preview:large, max-video-preview:-1\" \/>\n<link rel=\"canonical\" href=\"https:\/\/elmawkie.dz\/fr\/le-president-de-la-republique-quitte-nouakchott\/\" \/>\n<meta property=\"og:locale\" content=\"fr_FR\" \/>\n<meta property=\"og:type\" content=\"article\" \/>\n<meta property=\"og:title\" content=\"Le pr\u00e9sident de la R\u00e9publique quitte Nouakchott\" \/>\n<meta property=\"og:description\" content=\"Le pr\u00e9sident de la R\u00e9publique, M. Abdelmadjid Tebboune, a quitt\u00e9 mardi apr\u00e8s-midi Nouakchott pour regagner Alger, apr\u00e8s avoir particip\u00e9 \u00e0 la Conf\u00e9rence continentale sur l&rsquo;\u00e9ducation, la jeunesse et l&#8217;employabilit\u00e9 dans la capitale de la R\u00e9publique islamique de Mauritanie, pays fr\u00e8re. Le pr\u00e9sident de la R\u00e9publique avait prononc\u00e9, lors de cette conf\u00e9rence, un discours dans lequel &hellip;\" \/>\n<meta property=\"og:url\" content=\"https:\/\/elmawkie.dz\/fr\/le-president-de-la-republique-quitte-nouakchott\/\" \/>\n<meta property=\"og:site_name\" content=\"El Mawkie\" \/>\n<meta property=\"article:publisher\" content=\"https:\/\/www.facebook.com\/profile.php?id=100088407094989&amp;locale=fr_FR\" \/>\n<meta property=\"article:published_time\" content=\"2024-12-10T15:24:21+00:00\" \/>\n<meta property=\"article:modified_time\" content=\"2024-12-11T06:49:09+00:00\" \/>\n<meta property=\"og:image\" content=\"https:\/\/elmawkie.dz\/fr\/wp-content\/uploads\/2024\/12\/IMG_6337.jpeg\" \/>\n\t<meta property=\"og:image:width\" content=\"2048\" \/>\n\t<meta property=\"og:image:height\" content=\"1404\" \/>\n\t<meta property=\"og:image:type\" content=\"image\/jpeg\" \/>\n<meta name=\"author\" content=\"R\u00e9daction\" \/>\n<meta name=\"twitter:card\" content=\"summary_large_image\" \/>\n<meta name=\"twitter:label1\" content=\"Written by\" \/>\n\t<meta name=\"twitter:data1\" content=\"R\u00e9daction\" \/>\n\t<meta name=\"twitter:label2\" content=\"Est. reading time\" \/>\n\t<meta name=\"twitter:data2\" content=\"1 minute\" \/>\n<script type=\"application\/ld+json\" class=\"yoast-schema-graph\">{\"@context\":\"https:\/\/schema.org\",\"@graph\":[{\"@type\":\"Article\",\"@id\":\"https:\/\/elmawkie.dz\/fr\/le-president-de-la-republique-quitte-nouakchott\/#article\",\"isPartOf\":{\"@id\":\"https:\/\/elmawkie.dz\/fr\/le-president-de-la-republique-quitte-nouakchott\/\"},\"author\":{\"name\":\"R\u00e9daction\",\"@id\":\"https:\/\/elmawkie.dz\/fr\/#\/schema\/person\/e7bd59d6467874ba5c4723d8a9f0a63c\"},\"headline\":\"Le pr\u00e9sident de la R\u00e9publique quitte Nouakchott\",\"datePublished\":\"2024-12-10T15:24:21+00:00\",\"dateModified\":\"2024-12-11T06:49:09+00:00\",\"mainEntityOfPage\":{\"@id\":\"https:\/\/elmawkie.dz\/fr\/le-president-de-la-republique-quitte-nouakchott\/\"},\"wordCount\":114,\"commentCount\":0,\"publisher\":{\"@id\":\"https:\/\/elmawkie.dz\/fr\/#organization\"},\"image\":{\"@id\":\"https:\/\/elmawkie.dz\/fr\/le-president-de-la-republique-quitte-nouakchott\/#primaryimage\"},\"thumbnailUrl\":\"https:\/\/elmawkie.dz\/fr\/wp-content\/uploads\/2024\/12\/IMG_6337.jpeg\",\"keywords\":[\"le pr\u00e9sident de la R\u00e9publique\",\"Nouakchott\"],\"articleSection\":[\"National\"],\"inLanguage\":\"fr-FR\",\"potentialAction\":[{\"@type\":\"CommentAction\",\"name\":\"Comment\",\"target\":[\"https:\/\/elmawkie.dz\/fr\/le-president-de-la-republique-quitte-nouakchott\/#respond\"]}]},{\"@type\":\"WebPage\",\"@id\":\"https:\/\/elmawkie.dz\/fr\/le-president-de-la-republique-quitte-nouakchott\/\",\"url\":\"https:\/\/elmawkie.dz\/fr\/le-president-de-la-republique-quitte-nouakchott\/\",\"name\":\"Le pr\u00e9sident de la R\u00e9publique quitte Nouakchott - El Mawkie\",\"isPartOf\":{\"@id\":\"https:\/\/elmawkie.dz\/fr\/#website\"},\"primaryImageOfPage\":{\"@id\":\"https:\/\/elmawkie.dz\/fr\/le-president-de-la-republique-quitte-nouakchott\/#primaryimage\"},\"image\":{\"@id\":\"https:\/\/elmawkie.dz\/fr\/le-president-de-la-republique-quitte-nouakchott\/#primaryimage\"},\"thumbnailUrl\":\"https:\/\/elmawkie.dz\/fr\/wp-content\/uploads\/2024\/12\/IMG_6337.jpeg\",\"datePublished\":\"2024-12-10T15:24:21+00:00\",\"dateModified\":\"2024-12-11T06:49:09+00:00\",\"breadcrumb\":{\"@id\":\"https:\/\/elmawkie.dz\/fr\/le-president-de-la-republique-quitte-nouakchott\/#breadcrumb\"},\"inLanguage\":\"fr-FR\",\"potentialAction\":[{\"@type\":\"ReadAction\",\"target\":[\"https:\/\/elmawkie.dz\/fr\/le-president-de-la-republique-quitte-nouakchott\/\"]}]},{\"@type\":\"ImageObject\",\"inLanguage\":\"fr-FR\",\"@id\":\"https:\/\/elmawkie.dz\/fr\/le-president-de-la-republique-quitte-nouakchott\/#primaryimage\",\"url\":\"https:\/\/elmawkie.dz\/fr\/wp-content\/uploads\/2024\/12\/IMG_6337.jpeg\",\"contentUrl\":\"https:\/\/elmawkie.dz\/fr\/wp-content\/uploads\/2024\/12\/IMG_6337.jpeg\",\"width\":2048,\"height\":1404},{\"@type\":\"BreadcrumbList\",\"@id\":\"https:\/\/elmawkie.dz\/fr\/le-president-de-la-republique-quitte-nouakchott\/#breadcrumb\",\"itemListElement\":[{\"@type\":\"ListItem\",\"position\":1,\"name\":\"Home\",\"item\":\"https:\/\/elmawkie.dz\/fr\/\"},{\"@type\":\"ListItem\",\"position\":2,\"name\":\"Le pr\u00e9sident de la R\u00e9publique quitte Nouakchott\"}]},{\"@type\":\"WebSite\",\"@id\":\"https:\/\/elmawkie.dz\/fr\/#website\",\"url\":\"https:\/\/elmawkie.dz\/fr\/\",\"name\":\"EL MAWKIE\",\"description\":\"Journal \u00c9lectronique Alg\u00e9rien\",\"publisher\":{\"@id\":\"https:\/\/elmawkie.dz\/fr\/#organization\"},\"potentialAction\":[{\"@type\":\"SearchAction\",\"target\":{\"@type\":\"EntryPoint\",\"urlTemplate\":\"https:\/\/elmawkie.dz\/fr\/?s={search_term_string}\"},\"query-input\":\"required name=search_term_string\"}],\"inLanguage\":\"fr-FR\"},{\"@type\":\"Organization\",\"@id\":\"https:\/\/elmawkie.dz\/fr\/#organization\",\"name\":\"EL MAWKIE\",\"url\":\"https:\/\/elmawkie.dz\/fr\/\",\"logo\":{\"@type\":\"ImageObject\",\"inLanguage\":\"fr-FR\",\"@id\":\"https:\/\/elmawkie.dz\/fr\/#\/schema\/logo\/image\/\",\"url\":\"https:\/\/elmawkie.dz\/fr\/wp-content\/uploads\/2024\/05\/logo1.png\",\"contentUrl\":\"https:\/\/elmawkie.dz\/fr\/wp-content\/uploads\/2024\/05\/logo1.png\",\"width\":1648,\"height\":652,\"caption\":\"EL MAWKIE\"},\"image\":{\"@id\":\"https:\/\/elmawkie.dz\/fr\/#\/schema\/logo\/image\/\"},\"sameAs\":[\"https:\/\/www.facebook.com\/profile.php?id=100088407094989&locale=fr_FR\"]},{\"@type\":\"Person\",\"@id\":\"https:\/\/elmawkie.dz\/fr\/#\/schema\/person\/e7bd59d6467874ba5c4723d8a9f0a63c\",\"name\":\"R\u00e9daction\",\"image\":{\"@type\":\"ImageObject\",\"inLanguage\":\"fr-FR\",\"@id\":\"https:\/\/elmawkie.dz\/fr\/#\/schema\/person\/image\/\",\"url\":\"https:\/\/secure.gravatar.com\/avatar\/f0f773456344da4d2788c054a3d30a0c?s=96&d=mm&r=g\",\"contentUrl\":\"https:\/\/secure.gravatar.com\/avatar\/f0f773456344da4d2788c054a3d30a0c?s=96&d=mm&r=g\",\"caption\":\"R\u00e9daction\"},\"url\":\"https:\/\/elmawkie.dz\/fr\/author\/redaction\/\"}]}<\/script>\n<!-- \/ Yoast SEO Premium plugin. -->","yoast_head_json":{"title":"Le pr\u00e9sident de la R\u00e9publique quitte Nouakchott - El Mawkie","robots":{"index":"index","follow":"follow","max-snippet":"max-snippet:-1","max-image-preview":"max-image-preview:large","max-video-preview":"max-video-preview:-1"},"canonical":"https:\/\/elmawkie.dz\/fr\/le-president-de-la-republique-quitte-nouakchott\/","og_locale":"fr_FR","og_type":"article","og_title":"Le pr\u00e9sident de la R\u00e9publique quitte Nouakchott","og_description":"Le pr\u00e9sident de la R\u00e9publique, M. Abdelmadjid Tebboune, a quitt\u00e9 mardi apr\u00e8s-midi Nouakchott pour regagner Alger, apr\u00e8s avoir particip\u00e9 \u00e0 la Conf\u00e9rence continentale sur l&rsquo;\u00e9ducation, la jeunesse et l&#8217;employabilit\u00e9 dans la capitale de la R\u00e9publique islamique de Mauritanie, pays fr\u00e8re. Le pr\u00e9sident de la R\u00e9publique avait prononc\u00e9, lors de cette conf\u00e9rence, un discours dans lequel &hellip;","og_url":"https:\/\/elmawkie.dz\/fr\/le-president-de-la-republique-quitte-nouakchott\/","og_site_name":"El Mawkie","article_publisher":"https:\/\/www.facebook.com\/profile.php?id=100088407094989&locale=fr_FR","article_published_time":"2024-12-10T15:24:21+00:00","article_modified_time":"2024-12-11T06:49:09+00:00","og_image":[{"width":2048,"height":1404,"url":"https:\/\/elmawkie.dz\/fr\/wp-content\/uploads\/2024\/12\/IMG_6337.jpeg","type":"image\/jpeg"}],"author":"R\u00e9daction","twitter_card":"summary_large_image","twitter_misc":{"Written by":"R\u00e9daction","Est. reading time":"1 minute"},"schema":{"@context":"https:\/\/schema.org","@graph":[{"@type":"Article","@id":"https:\/\/elmawkie.dz\/fr\/le-president-de-la-republique-quitte-nouakchott\/#article","isPartOf":{"@id":"https:\/\/elmawkie.dz\/fr\/le-president-de-la-republique-quitte-nouakchott\/"},"author":{"name":"R\u00e9daction","@id":"https:\/\/elmawkie.dz\/fr\/#\/schema\/person\/e7bd59d6467874ba5c4723d8a9f0a63c"},"headline":"Le pr\u00e9sident de la R\u00e9publique quitte Nouakchott","datePublished":"2024-12-10T15:24:21+00:00","dateModified":"2024-12-11T06:49:09+00:00","mainEntityOfPage":{"@id":"https:\/\/elmawkie.dz\/fr\/le-president-de-la-republique-quitte-nouakchott\/"},"wordCount":114,"commentCount":0,"publisher":{"@id":"https:\/\/elmawkie.dz\/fr\/#organization"},"image":{"@id":"https:\/\/elmawkie.dz\/fr\/le-president-de-la-republique-quitte-nouakchott\/#primaryimage"},"thumbnailUrl":"https:\/\/elmawkie.dz\/fr\/wp-content\/uploads\/2024\/12\/IMG_6337.jpeg","keywords":["le pr\u00e9sident de la R\u00e9publique","Nouakchott"],"articleSection":["National"],"inLanguage":"fr-FR","potentialAction":[{"@type":"CommentAction","name":"Comment","target":["https:\/\/elmawkie.dz\/fr\/le-president-de-la-republique-quitte-nouakchott\/#respond"]}]},{"@type":"WebPage","@id":"https:\/\/elmawkie.dz\/fr\/le-president-de-la-republique-quitte-nouakchott\/","url":"https:\/\/elmawkie.dz\/fr\/le-president-de-la-republique-quitte-nouakchott\/","name":"Le pr\u00e9sident de la R\u00e9publique quitte Nouakchott - El Mawkie","isPartOf":{"@id":"https:\/\/elmawkie.dz\/fr\/#website"},"primaryImageOfPage":{"@id":"https:\/\/elmawkie.dz\/fr\/le-president-de-la-republique-quitte-nouakchott\/#primaryimage"},"image":{"@id":"https:\/\/elmawkie.dz\/fr\/le-president-de-la-republique-quitte-nouakchott\/#primaryimage"},"thumbnailUrl":"https:\/\/elmawkie.dz\/fr\/wp-content\/uploads\/2024\/12\/IMG_6337.jpeg","datePublished":"2024-12-10T15:24:21+00:00","dateModified":"2024-12-11T06:49:09+00:00","breadcrumb":{"@id":"https:\/\/elmawkie.dz\/fr\/le-president-de-la-republique-quitte-nouakchott\/#breadcrumb"},"inLanguage":"fr-FR","potentialAction":[{"@type":"ReadAction","target":["https:\/\/elmawkie.dz\/fr\/le-president-de-la-republique-quitte-nouakchott\/"]}]},{"@type":"ImageObject","inLanguage":"fr-FR","@id":"https:\/\/elmawkie.dz\/fr\/le-president-de-la-republique-quitte-nouakchott\/#primaryimage","url":"https:\/\/elmawkie.dz\/fr\/wp-content\/uploads\/2024\/12\/IMG_6337.jpeg","contentUrl":"https:\/\/elmawkie.dz\/fr\/wp-content\/uploads\/2024\/12\/IMG_6337.jpeg","width":2048,"height":1404},{"@type":"BreadcrumbList","@id":"https:\/\/elmawkie.dz\/fr\/le-president-de-la-republique-quitte-nouakchott\/#breadcrumb","itemListElement":[{"@type":"ListItem","position":1,"name":"Home","item":"https:\/\/elmawkie.dz\/fr\/"},{"@type":"ListItem","position":2,"name":"Le pr\u00e9sident de la R\u00e9publique quitte Nouakchott"}]},{"@type":"WebSite","@id":"https:\/\/elmawkie.dz\/fr\/#website","url":"https:\/\/elmawkie.dz\/fr\/","name":"EL MAWKIE","description":"Journal \u00c9lectronique Alg\u00e9rien","publisher":{"@id":"https:\/\/elmawkie.dz\/fr\/#organization"},"potentialAction":[{"@type":"SearchAction","target":{"@type":"EntryPoint","urlTemplate":"https:\/\/elmawkie.dz\/fr\/?s={search_term_string}"},"query-input":"required name=search_term_string"}],"inLanguage":"fr-FR"},{"@type":"Organization","@id":"https:\/\/elmawkie.dz\/fr\/#organization","name":"EL MAWKIE","url":"https:\/\/elmawkie.dz\/fr\/","logo":{"@type":"ImageObject","inLanguage":"fr-FR","@id":"https:\/\/elmawkie.dz\/fr\/#\/schema\/logo\/image\/","url":"https:\/\/elmawkie.dz\/fr\/wp-content\/uploads\/2024\/05\/logo1.png","contentUrl":"https:\/\/elmawkie.dz\/fr\/wp-content\/uploads\/2024\/05\/logo1.png","width":1648,"height":652,"caption":"EL MAWKIE"},"image":{"@id":"https:\/\/elmawkie.dz\/fr\/#\/schema\/logo\/image\/"},"sameAs":["https:\/\/www.facebook.com\/profile.php?id=100088407094989&locale=fr_FR"]},{"@type":"Person","@id":"https:\/\/elmawkie.dz\/fr\/#\/schema\/person\/e7bd59d6467874ba5c4723d8a9f0a63c","name":"R\u00e9daction","image":{"@type":"ImageObject","inLanguage":"fr-FR","@id":"https:\/\/elmawkie.dz\/fr\/#\/schema\/person\/image\/","url":"https:\/\/secure.gravatar.com\/avatar\/f0f773456344da4d2788c054a3d30a0c?s=96&d=mm&r=g","contentUrl":"https:\/\/secure.gravatar.com\/avatar\/f0f773456344da4d2788c054a3d30a0c?s=96&d=mm&r=g","caption":"R\u00e9daction"},"url":"https:\/\/elmawkie.dz\/fr\/author\/redaction\/"}]}},"_links":{"self":[{"href":"https:\/\/elmawkie.dz\/fr\/wp-json\/wp\/v2\/posts\/7006","targetHints":{"allow":["GET"]}}],"collection":[{"href":"https:\/\/elmawkie.dz\/fr\/wp-json\/wp\/v2\/posts"}],"about":[{"href":"https:\/\/elmawkie.dz\/fr\/wp-json\/wp\/v2\/types\/post"}],"author":[{"embeddable":true,"href":"https:\/\/elmawkie.dz\/fr\/wp-json\/wp\/v2\/users\/9"}],"replies":[{"embeddable":true,"href":"https:\/\/elmawkie.dz\/fr\/wp-json\/wp\/v2\/comments?post=7006"}],"version-history":[{"count":0,"href":"https:\/\/elmawkie.dz\/fr\/wp-json\/wp\/v2\/posts\/7006\/revisions"}],"wp:featuredmedia":[{"embeddable":true,"href":"https:\/\/elmawkie.dz\/fr\/wp-json\/wp\/v2\/media\/7007"}],"wp:attachment":[{"href":"https:\/\/elmawkie.dz\/fr\/wp-json\/wp\/v2\/media?parent=7006"}],"wp:term":[{"taxonomy":"category","embeddable":true,"href":"https:\/\/elmawkie.dz\/fr\/wp-json\/wp\/v2\/categories?post=7006"},{"taxonomy":"post_tag","embeddable":true,"href":"https:\/\/elmawkie.dz\/fr\/wp-json\/wp\/v2\/tags?post=7006"}],"curies":[{"name":"wp","href":"https:\/\/api.w.org\/{rel}","templated":true}]}}