{"id":6959,"date":"2024-12-09T19:22:28","date_gmt":"2024-12-09T18:22:28","guid":{"rendered":"https:\/\/elmawkie.dz\/fr\/?p=6959"},"modified":"2024-12-10T09:35:01","modified_gmt":"2024-12-10T08:35:01","slug":"m-ballalou-le-president-de-la-republique-accorde-une-importance-majeure-a-la-promotion-du-cinema","status":"publish","type":"post","link":"https:\/\/elmawkie.dz\/fr\/m-ballalou-le-president-de-la-republique-accorde-une-importance-majeure-a-la-promotion-du-cinema\/","title":{"rendered":"M. Ballalou : Le Pr\u00e9sident de la R\u00e9publique accorde \u00ab\u00a0une importance majeure\u00a0\u00bb \u00e0 la promotion du cin\u00e9ma"},"content":{"rendered":"<p><strong><em>Le ministre de la Culture et des Arts, Zouhir Ballalou, a affirm\u00e9, lundi \u00e0 Alger, que \u00ab\u00a0l&rsquo;Etat alg\u00e9rien, sous les orientations du pr\u00e9sident de la R\u00e9publique, M. Abdelmadjid Tebboune, accorde une importance majeure au secteur cin\u00e9matographique\u00a0\u00bb, en vue de promouvoir ce domaine vital. Lors de l&rsquo;ouverture du Forum international \u00ab\u00a0Cin\u00e9ma et M\u00e9moire\u00a0\u00bb \u00e0 l&rsquo;h\u00f4tel El Aurassi, le ministre a affirm\u00e9 que \u00ab\u00a0le pr\u00e9sident de la R\u00e9publique a instruit d&rsquo;encourager tous les talents et comp\u00e9tences du cin\u00e9ma en Alg\u00e9rie et ceux issus de la communaut\u00e9 nationale \u00e9tablie \u00e0 l&rsquo;\u00e9tranger, et de financer les \u0153uvres cin\u00e9matographiques sous forme de cr\u00e9dits bancaires allant jusqu&rsquo;\u00e0 70%\u00a0\u00bb. \u00ab\u00a0Le pr\u00e9sident de la R\u00e9publique a aussi instruit de soutenir les sp\u00e9cialistes dans le domaine pour mettre en place des studios de tournage et cr\u00e9er des villes cin\u00e9matographiques\u00a0\u00bb, a-t-il dit, ajoutant que cet engagement doit \u00eatre concr\u00e9tis\u00e9 pour rattraper le retard enregistr\u00e9 par ce secteur afin de retrouver son lustre d&rsquo;antan. Par ailleurs, le ministre a \u00e9voqu\u00e9 la poursuite de la cr\u00e9ation d&rsquo;\u00e9tablissements de production cin\u00e9matographique, le renforcement du cadre l\u00e9gal en mati\u00e8re d&rsquo;audiovisuel et la restauration des nombreuse \u0153uvres produites afin de pr\u00e9server le cin\u00e9ma en tant que m\u00e9moire collective de la nation. Par ailleurs, le ministre de la Culture a rappel\u00e9 l&rsquo;importance du \u00ab\u00a0cin\u00e9ma de r\u00e9sistance\u00a0\u00bb dans la construction et la pr\u00e9servation de la m\u00e9moire nationale, soulignant qu&rsquo;il constitue \u00ab\u00a0un capital documentaire au service de la patrie et de la soci\u00e9t\u00e9\u00a0\u00bb, \u00e9voquant, dans ce contexte, le r\u00f4le des pionniers du cin\u00e9ma r\u00e9volutionnaire dans le soutien aux causes justes \u00e0 travers le monde, notamment celles des peuples palestinien et sahraoui. En ce qui concerne ce forum international, organis\u00e9 dans le cadre des c\u00e9l\u00e9brations du 70e anniversaire du d\u00e9clenchement de la Glorieuse R\u00e9volution de lib\u00e9ration, M. Ballalou a salu\u00e9 l&rsquo;int\u00e9r\u00eat personnel du pr\u00e9sident de la R\u00e9publique pour cet \u00e9v\u00e8nement, refl\u00e9tant son engagement envers le secteur du cin\u00e9ma et sa volont\u00e9 de promouvoir une v\u00e9ritable renaissance culturelle. \u00ab\u00a0L&rsquo;Alg\u00e9rie, pionni\u00e8re en mati\u00e8re de r\u00e9sistance et de r\u00e9volution, demeure un mod\u00e8le \u00e0 suivre dans la lutte contre le colonialisme et l&rsquo;occupation, ayant inspir\u00e9 les r\u00e9alisateurs alg\u00e9riens et \u00e9trangers, amis de notre r\u00e9volution, \u00e0 immortaliser les \u00e9pop\u00e9es du peuple alg\u00e9rien\u00a0\u00bb, a-t-il dit, citant les figures du cin\u00e9ma alg\u00e9rien telles que Mohammed Lakhdar-Hamina, Djamel Chanderli, Ahmed Rachedi et Mustapha Badie, ainsi que des cin\u00e9astes \u00e9trangers comme le Yougoslave Stevan Labudovic et le Fran\u00e7ais Ren\u00e9 Vautier qui ont document\u00e9 les victoires de l&rsquo;Arm\u00e9e de lib\u00e9ration nationale et les souffrances des Alg\u00e9riens\u00a0\u00bb. Le ministre a soulign\u00e9 que \u00ab\u00a0la pr\u00e9servation de la M\u00e9moire et la sensibilisation \u00e0 son importance n\u00e9cessitent l&rsquo;exploitation de tous les moyens disponibles, surtout \u00e0 l&rsquo;\u00e8re de l&rsquo;intelligence artificielle\u00a0\u00bb. Il a d\u00e9nonc\u00e9 les r\u00e9cits cin\u00e9matographiques sionistes cherchant \u00e0 manipuler l&rsquo;opinion publique en faveur de l&rsquo;occupation de la Palestine, tout en occultant les massacres perp\u00e9tr\u00e9s contre le peuple palestinien. Organis\u00e9 sous le haut patronage du pr\u00e9sident de la R\u00e9publique, M. Abdelmadjid Tebboune, le Forum international \u00ab\u00a0Cin\u00e9ma et M\u00e9moire\u00a0\u00bb (9 au 11 d\u00e9cembre) rassemble des experts et chercheurs alg\u00e9riens et \u00e9trangers sp\u00e9cialis\u00e9s dans le cin\u00e9ma r\u00e9volutionnaire et l&rsquo;histoire, dans le cadre de la comm\u00e9moration du 70e anniversaire du d\u00e9clenchement de la Glorieuse R\u00e9volution de lib\u00e9ration.<\/em><\/strong><\/p>\n","protected":false},"excerpt":{"rendered":"<p>Le ministre de la Culture et des Arts, Zouhir Ballalou, a affirm\u00e9, lundi \u00e0 Alger, que \u00ab\u00a0l&rsquo;Etat alg\u00e9rien, sous les orientations du pr\u00e9sident de la R\u00e9publique, M. Abdelmadjid Tebboune, accorde une importance majeure au secteur cin\u00e9matographique\u00a0\u00bb, en vue de promouvoir ce domaine vital. Lors de l&rsquo;ouverture du Forum international \u00ab\u00a0Cin\u00e9ma et M\u00e9moire\u00a0\u00bb \u00e0 l&rsquo;h\u00f4tel El &hellip;<\/p>\n","protected":false},"author":9,"featured_media":6960,"comment_status":"open","ping_status":"open","sticky":false,"template":"","format":"standard","meta":{"footnotes":""},"categories":[3],"tags":[1554,1555,596,1553],"class_list":["post-6959","post","type-post","status-publish","format-standard","has-post-thumbnail","hentry","category-bs-culture","tag-cinema","tag-la-promotion","tag-le-president-de-la-republique","tag-m-ballalou"],"yoast_head":"<!-- This site is optimized with the Yoast SEO Premium plugin v22.6 (Yoast SEO v22.6) - https:\/\/yoast.com\/wordpress\/plugins\/seo\/ -->\n<title>M. Ballalou : Le Pr\u00e9sident de la R\u00e9publique accorde &quot;une importance majeure&quot; \u00e0 la promotion du cin\u00e9ma - El Mawkie<\/title>\n<meta name=\"robots\" content=\"index, follow, max-snippet:-1, max-image-preview:large, max-video-preview:-1\" \/>\n<link rel=\"canonical\" href=\"https:\/\/elmawkie.dz\/fr\/m-ballalou-le-president-de-la-republique-accorde-une-importance-majeure-a-la-promotion-du-cinema\/\" \/>\n<meta property=\"og:locale\" content=\"fr_FR\" \/>\n<meta property=\"og:type\" content=\"article\" \/>\n<meta property=\"og:title\" content=\"M. Ballalou : Le Pr\u00e9sident de la R\u00e9publique accorde &quot;une importance majeure&quot; \u00e0 la promotion du cin\u00e9ma\" \/>\n<meta property=\"og:description\" content=\"Le ministre de la Culture et des Arts, Zouhir Ballalou, a affirm\u00e9, lundi \u00e0 Alger, que \u00ab\u00a0l&rsquo;Etat alg\u00e9rien, sous les orientations du pr\u00e9sident de la R\u00e9publique, M. Abdelmadjid Tebboune, accorde une importance majeure au secteur cin\u00e9matographique\u00a0\u00bb, en vue de promouvoir ce domaine vital. Lors de l&rsquo;ouverture du Forum international \u00ab\u00a0Cin\u00e9ma et M\u00e9moire\u00a0\u00bb \u00e0 l&rsquo;h\u00f4tel El &hellip;\" \/>\n<meta property=\"og:url\" content=\"https:\/\/elmawkie.dz\/fr\/m-ballalou-le-president-de-la-republique-accorde-une-importance-majeure-a-la-promotion-du-cinema\/\" \/>\n<meta property=\"og:site_name\" content=\"El Mawkie\" \/>\n<meta property=\"article:publisher\" content=\"https:\/\/www.facebook.com\/profile.php?id=100088407094989&amp;locale=fr_FR\" \/>\n<meta property=\"article:published_time\" content=\"2024-12-09T18:22:28+00:00\" \/>\n<meta property=\"article:modified_time\" content=\"2024-12-10T08:35:01+00:00\" \/>\n<meta property=\"og:image\" content=\"https:\/\/elmawkie.dz\/fr\/wp-content\/uploads\/2024\/12\/IMG_6297.jpeg\" \/>\n\t<meta property=\"og:image:width\" content=\"1440\" \/>\n\t<meta property=\"og:image:height\" content=\"960\" \/>\n\t<meta property=\"og:image:type\" content=\"image\/jpeg\" \/>\n<meta name=\"author\" content=\"R\u00e9daction\" \/>\n<meta name=\"twitter:card\" content=\"summary_large_image\" \/>\n<meta name=\"twitter:label1\" content=\"Written by\" \/>\n\t<meta name=\"twitter:data1\" content=\"R\u00e9daction\" \/>\n\t<meta name=\"twitter:label2\" content=\"Est. reading time\" \/>\n\t<meta name=\"twitter:data2\" content=\"3 minutes\" \/>\n<script type=\"application\/ld+json\" class=\"yoast-schema-graph\">{\"@context\":\"https:\/\/schema.org\",\"@graph\":[{\"@type\":\"Article\",\"@id\":\"https:\/\/elmawkie.dz\/fr\/m-ballalou-le-president-de-la-republique-accorde-une-importance-majeure-a-la-promotion-du-cinema\/#article\",\"isPartOf\":{\"@id\":\"https:\/\/elmawkie.dz\/fr\/m-ballalou-le-president-de-la-republique-accorde-une-importance-majeure-a-la-promotion-du-cinema\/\"},\"author\":{\"name\":\"R\u00e9daction\",\"@id\":\"https:\/\/elmawkie.dz\/fr\/#\/schema\/person\/e7bd59d6467874ba5c4723d8a9f0a63c\"},\"headline\":\"M. Ballalou : Le Pr\u00e9sident de la R\u00e9publique accorde \u00ab\u00a0une importance majeure\u00a0\u00bb \u00e0 la promotion du cin\u00e9ma\",\"datePublished\":\"2024-12-09T18:22:28+00:00\",\"dateModified\":\"2024-12-10T08:35:01+00:00\",\"mainEntityOfPage\":{\"@id\":\"https:\/\/elmawkie.dz\/fr\/m-ballalou-le-president-de-la-republique-accorde-une-importance-majeure-a-la-promotion-du-cinema\/\"},\"wordCount\":634,\"commentCount\":0,\"publisher\":{\"@id\":\"https:\/\/elmawkie.dz\/fr\/#organization\"},\"image\":{\"@id\":\"https:\/\/elmawkie.dz\/fr\/m-ballalou-le-president-de-la-republique-accorde-une-importance-majeure-a-la-promotion-du-cinema\/#primaryimage\"},\"thumbnailUrl\":\"https:\/\/elmawkie.dz\/fr\/wp-content\/uploads\/2024\/12\/IMG_6297.jpeg\",\"keywords\":[\"cin\u00e9ma\",\"La promotion\",\"le pr\u00e9sident de la R\u00e9publique\",\"M. Ballalou\"],\"articleSection\":[\"Culture\"],\"inLanguage\":\"fr-FR\",\"potentialAction\":[{\"@type\":\"CommentAction\",\"name\":\"Comment\",\"target\":[\"https:\/\/elmawkie.dz\/fr\/m-ballalou-le-president-de-la-republique-accorde-une-importance-majeure-a-la-promotion-du-cinema\/#respond\"]}]},{\"@type\":\"WebPage\",\"@id\":\"https:\/\/elmawkie.dz\/fr\/m-ballalou-le-president-de-la-republique-accorde-une-importance-majeure-a-la-promotion-du-cinema\/\",\"url\":\"https:\/\/elmawkie.dz\/fr\/m-ballalou-le-president-de-la-republique-accorde-une-importance-majeure-a-la-promotion-du-cinema\/\",\"name\":\"M. Ballalou : Le Pr\u00e9sident de la R\u00e9publique accorde \\\"une importance majeure\\\" \u00e0 la promotion du cin\u00e9ma - El Mawkie\",\"isPartOf\":{\"@id\":\"https:\/\/elmawkie.dz\/fr\/#website\"},\"primaryImageOfPage\":{\"@id\":\"https:\/\/elmawkie.dz\/fr\/m-ballalou-le-president-de-la-republique-accorde-une-importance-majeure-a-la-promotion-du-cinema\/#primaryimage\"},\"image\":{\"@id\":\"https:\/\/elmawkie.dz\/fr\/m-ballalou-le-president-de-la-republique-accorde-une-importance-majeure-a-la-promotion-du-cinema\/#primaryimage\"},\"thumbnailUrl\":\"https:\/\/elmawkie.dz\/fr\/wp-content\/uploads\/2024\/12\/IMG_6297.jpeg\",\"datePublished\":\"2024-12-09T18:22:28+00:00\",\"dateModified\":\"2024-12-10T08:35:01+00:00\",\"breadcrumb\":{\"@id\":\"https:\/\/elmawkie.dz\/fr\/m-ballalou-le-president-de-la-republique-accorde-une-importance-majeure-a-la-promotion-du-cinema\/#breadcrumb\"},\"inLanguage\":\"fr-FR\",\"potentialAction\":[{\"@type\":\"ReadAction\",\"target\":[\"https:\/\/elmawkie.dz\/fr\/m-ballalou-le-president-de-la-republique-accorde-une-importance-majeure-a-la-promotion-du-cinema\/\"]}]},{\"@type\":\"ImageObject\",\"inLanguage\":\"fr-FR\",\"@id\":\"https:\/\/elmawkie.dz\/fr\/m-ballalou-le-president-de-la-republique-accorde-une-importance-majeure-a-la-promotion-du-cinema\/#primaryimage\",\"url\":\"https:\/\/elmawkie.dz\/fr\/wp-content\/uploads\/2024\/12\/IMG_6297.jpeg\",\"contentUrl\":\"https:\/\/elmawkie.dz\/fr\/wp-content\/uploads\/2024\/12\/IMG_6297.jpeg\",\"width\":1440,\"height\":960},{\"@type\":\"BreadcrumbList\",\"@id\":\"https:\/\/elmawkie.dz\/fr\/m-ballalou-le-president-de-la-republique-accorde-une-importance-majeure-a-la-promotion-du-cinema\/#breadcrumb\",\"itemListElement\":[{\"@type\":\"ListItem\",\"position\":1,\"name\":\"Home\",\"item\":\"https:\/\/elmawkie.dz\/fr\/\"},{\"@type\":\"ListItem\",\"position\":2,\"name\":\"M. Ballalou : Le Pr\u00e9sident de la R\u00e9publique accorde \u00ab\u00a0une importance majeure\u00a0\u00bb \u00e0 la promotion du cin\u00e9ma\"}]},{\"@type\":\"WebSite\",\"@id\":\"https:\/\/elmawkie.dz\/fr\/#website\",\"url\":\"https:\/\/elmawkie.dz\/fr\/\",\"name\":\"EL MAWKIE\",\"description\":\"Journal \u00c9lectronique Alg\u00e9rien\",\"publisher\":{\"@id\":\"https:\/\/elmawkie.dz\/fr\/#organization\"},\"potentialAction\":[{\"@type\":\"SearchAction\",\"target\":{\"@type\":\"EntryPoint\",\"urlTemplate\":\"https:\/\/elmawkie.dz\/fr\/?s={search_term_string}\"},\"query-input\":\"required name=search_term_string\"}],\"inLanguage\":\"fr-FR\"},{\"@type\":\"Organization\",\"@id\":\"https:\/\/elmawkie.dz\/fr\/#organization\",\"name\":\"EL MAWKIE\",\"url\":\"https:\/\/elmawkie.dz\/fr\/\",\"logo\":{\"@type\":\"ImageObject\",\"inLanguage\":\"fr-FR\",\"@id\":\"https:\/\/elmawkie.dz\/fr\/#\/schema\/logo\/image\/\",\"url\":\"https:\/\/elmawkie.dz\/fr\/wp-content\/uploads\/2024\/05\/logo1.png\",\"contentUrl\":\"https:\/\/elmawkie.dz\/fr\/wp-content\/uploads\/2024\/05\/logo1.png\",\"width\":1648,\"height\":652,\"caption\":\"EL MAWKIE\"},\"image\":{\"@id\":\"https:\/\/elmawkie.dz\/fr\/#\/schema\/logo\/image\/\"},\"sameAs\":[\"https:\/\/www.facebook.com\/profile.php?id=100088407094989&locale=fr_FR\"]},{\"@type\":\"Person\",\"@id\":\"https:\/\/elmawkie.dz\/fr\/#\/schema\/person\/e7bd59d6467874ba5c4723d8a9f0a63c\",\"name\":\"R\u00e9daction\",\"image\":{\"@type\":\"ImageObject\",\"inLanguage\":\"fr-FR\",\"@id\":\"https:\/\/elmawkie.dz\/fr\/#\/schema\/person\/image\/\",\"url\":\"https:\/\/secure.gravatar.com\/avatar\/f0f773456344da4d2788c054a3d30a0c?s=96&d=mm&r=g\",\"contentUrl\":\"https:\/\/secure.gravatar.com\/avatar\/f0f773456344da4d2788c054a3d30a0c?s=96&d=mm&r=g\",\"caption\":\"R\u00e9daction\"},\"url\":\"https:\/\/elmawkie.dz\/fr\/author\/redaction\/\"}]}<\/script>\n<!-- \/ Yoast SEO Premium plugin. -->","yoast_head_json":{"title":"M. Ballalou : Le Pr\u00e9sident de la R\u00e9publique accorde \"une importance majeure\" \u00e0 la promotion du cin\u00e9ma - El Mawkie","robots":{"index":"index","follow":"follow","max-snippet":"max-snippet:-1","max-image-preview":"max-image-preview:large","max-video-preview":"max-video-preview:-1"},"canonical":"https:\/\/elmawkie.dz\/fr\/m-ballalou-le-president-de-la-republique-accorde-une-importance-majeure-a-la-promotion-du-cinema\/","og_locale":"fr_FR","og_type":"article","og_title":"M. Ballalou : Le Pr\u00e9sident de la R\u00e9publique accorde \"une importance majeure\" \u00e0 la promotion du cin\u00e9ma","og_description":"Le ministre de la Culture et des Arts, Zouhir Ballalou, a affirm\u00e9, lundi \u00e0 Alger, que \u00ab\u00a0l&rsquo;Etat alg\u00e9rien, sous les orientations du pr\u00e9sident de la R\u00e9publique, M. Abdelmadjid Tebboune, accorde une importance majeure au secteur cin\u00e9matographique\u00a0\u00bb, en vue de promouvoir ce domaine vital. Lors de l&rsquo;ouverture du Forum international \u00ab\u00a0Cin\u00e9ma et M\u00e9moire\u00a0\u00bb \u00e0 l&rsquo;h\u00f4tel El &hellip;","og_url":"https:\/\/elmawkie.dz\/fr\/m-ballalou-le-president-de-la-republique-accorde-une-importance-majeure-a-la-promotion-du-cinema\/","og_site_name":"El Mawkie","article_publisher":"https:\/\/www.facebook.com\/profile.php?id=100088407094989&locale=fr_FR","article_published_time":"2024-12-09T18:22:28+00:00","article_modified_time":"2024-12-10T08:35:01+00:00","og_image":[{"width":1440,"height":960,"url":"https:\/\/elmawkie.dz\/fr\/wp-content\/uploads\/2024\/12\/IMG_6297.jpeg","type":"image\/jpeg"}],"author":"R\u00e9daction","twitter_card":"summary_large_image","twitter_misc":{"Written by":"R\u00e9daction","Est. reading time":"3 minutes"},"schema":{"@context":"https:\/\/schema.org","@graph":[{"@type":"Article","@id":"https:\/\/elmawkie.dz\/fr\/m-ballalou-le-president-de-la-republique-accorde-une-importance-majeure-a-la-promotion-du-cinema\/#article","isPartOf":{"@id":"https:\/\/elmawkie.dz\/fr\/m-ballalou-le-president-de-la-republique-accorde-une-importance-majeure-a-la-promotion-du-cinema\/"},"author":{"name":"R\u00e9daction","@id":"https:\/\/elmawkie.dz\/fr\/#\/schema\/person\/e7bd59d6467874ba5c4723d8a9f0a63c"},"headline":"M. Ballalou : Le Pr\u00e9sident de la R\u00e9publique accorde \u00ab\u00a0une importance majeure\u00a0\u00bb \u00e0 la promotion du cin\u00e9ma","datePublished":"2024-12-09T18:22:28+00:00","dateModified":"2024-12-10T08:35:01+00:00","mainEntityOfPage":{"@id":"https:\/\/elmawkie.dz\/fr\/m-ballalou-le-president-de-la-republique-accorde-une-importance-majeure-a-la-promotion-du-cinema\/"},"wordCount":634,"commentCount":0,"publisher":{"@id":"https:\/\/elmawkie.dz\/fr\/#organization"},"image":{"@id":"https:\/\/elmawkie.dz\/fr\/m-ballalou-le-president-de-la-republique-accorde-une-importance-majeure-a-la-promotion-du-cinema\/#primaryimage"},"thumbnailUrl":"https:\/\/elmawkie.dz\/fr\/wp-content\/uploads\/2024\/12\/IMG_6297.jpeg","keywords":["cin\u00e9ma","La promotion","le pr\u00e9sident de la R\u00e9publique","M. Ballalou"],"articleSection":["Culture"],"inLanguage":"fr-FR","potentialAction":[{"@type":"CommentAction","name":"Comment","target":["https:\/\/elmawkie.dz\/fr\/m-ballalou-le-president-de-la-republique-accorde-une-importance-majeure-a-la-promotion-du-cinema\/#respond"]}]},{"@type":"WebPage","@id":"https:\/\/elmawkie.dz\/fr\/m-ballalou-le-president-de-la-republique-accorde-une-importance-majeure-a-la-promotion-du-cinema\/","url":"https:\/\/elmawkie.dz\/fr\/m-ballalou-le-president-de-la-republique-accorde-une-importance-majeure-a-la-promotion-du-cinema\/","name":"M. Ballalou : Le Pr\u00e9sident de la R\u00e9publique accorde \"une importance majeure\" \u00e0 la promotion du cin\u00e9ma - El Mawkie","isPartOf":{"@id":"https:\/\/elmawkie.dz\/fr\/#website"},"primaryImageOfPage":{"@id":"https:\/\/elmawkie.dz\/fr\/m-ballalou-le-president-de-la-republique-accorde-une-importance-majeure-a-la-promotion-du-cinema\/#primaryimage"},"image":{"@id":"https:\/\/elmawkie.dz\/fr\/m-ballalou-le-president-de-la-republique-accorde-une-importance-majeure-a-la-promotion-du-cinema\/#primaryimage"},"thumbnailUrl":"https:\/\/elmawkie.dz\/fr\/wp-content\/uploads\/2024\/12\/IMG_6297.jpeg","datePublished":"2024-12-09T18:22:28+00:00","dateModified":"2024-12-10T08:35:01+00:00","breadcrumb":{"@id":"https:\/\/elmawkie.dz\/fr\/m-ballalou-le-president-de-la-republique-accorde-une-importance-majeure-a-la-promotion-du-cinema\/#breadcrumb"},"inLanguage":"fr-FR","potentialAction":[{"@type":"ReadAction","target":["https:\/\/elmawkie.dz\/fr\/m-ballalou-le-president-de-la-republique-accorde-une-importance-majeure-a-la-promotion-du-cinema\/"]}]},{"@type":"ImageObject","inLanguage":"fr-FR","@id":"https:\/\/elmawkie.dz\/fr\/m-ballalou-le-president-de-la-republique-accorde-une-importance-majeure-a-la-promotion-du-cinema\/#primaryimage","url":"https:\/\/elmawkie.dz\/fr\/wp-content\/uploads\/2024\/12\/IMG_6297.jpeg","contentUrl":"https:\/\/elmawkie.dz\/fr\/wp-content\/uploads\/2024\/12\/IMG_6297.jpeg","width":1440,"height":960},{"@type":"BreadcrumbList","@id":"https:\/\/elmawkie.dz\/fr\/m-ballalou-le-president-de-la-republique-accorde-une-importance-majeure-a-la-promotion-du-cinema\/#breadcrumb","itemListElement":[{"@type":"ListItem","position":1,"name":"Home","item":"https:\/\/elmawkie.dz\/fr\/"},{"@type":"ListItem","position":2,"name":"M. Ballalou : Le Pr\u00e9sident de la R\u00e9publique accorde \u00ab\u00a0une importance majeure\u00a0\u00bb \u00e0 la promotion du cin\u00e9ma"}]},{"@type":"WebSite","@id":"https:\/\/elmawkie.dz\/fr\/#website","url":"https:\/\/elmawkie.dz\/fr\/","name":"EL MAWKIE","description":"Journal \u00c9lectronique Alg\u00e9rien","publisher":{"@id":"https:\/\/elmawkie.dz\/fr\/#organization"},"potentialAction":[{"@type":"SearchAction","target":{"@type":"EntryPoint","urlTemplate":"https:\/\/elmawkie.dz\/fr\/?s={search_term_string}"},"query-input":"required name=search_term_string"}],"inLanguage":"fr-FR"},{"@type":"Organization","@id":"https:\/\/elmawkie.dz\/fr\/#organization","name":"EL MAWKIE","url":"https:\/\/elmawkie.dz\/fr\/","logo":{"@type":"ImageObject","inLanguage":"fr-FR","@id":"https:\/\/elmawkie.dz\/fr\/#\/schema\/logo\/image\/","url":"https:\/\/elmawkie.dz\/fr\/wp-content\/uploads\/2024\/05\/logo1.png","contentUrl":"https:\/\/elmawkie.dz\/fr\/wp-content\/uploads\/2024\/05\/logo1.png","width":1648,"height":652,"caption":"EL MAWKIE"},"image":{"@id":"https:\/\/elmawkie.dz\/fr\/#\/schema\/logo\/image\/"},"sameAs":["https:\/\/www.facebook.com\/profile.php?id=100088407094989&locale=fr_FR"]},{"@type":"Person","@id":"https:\/\/elmawkie.dz\/fr\/#\/schema\/person\/e7bd59d6467874ba5c4723d8a9f0a63c","name":"R\u00e9daction","image":{"@type":"ImageObject","inLanguage":"fr-FR","@id":"https:\/\/elmawkie.dz\/fr\/#\/schema\/person\/image\/","url":"https:\/\/secure.gravatar.com\/avatar\/f0f773456344da4d2788c054a3d30a0c?s=96&d=mm&r=g","contentUrl":"https:\/\/secure.gravatar.com\/avatar\/f0f773456344da4d2788c054a3d30a0c?s=96&d=mm&r=g","caption":"R\u00e9daction"},"url":"https:\/\/elmawkie.dz\/fr\/author\/redaction\/"}]}},"_links":{"self":[{"href":"https:\/\/elmawkie.dz\/fr\/wp-json\/wp\/v2\/posts\/6959","targetHints":{"allow":["GET"]}}],"collection":[{"href":"https:\/\/elmawkie.dz\/fr\/wp-json\/wp\/v2\/posts"}],"about":[{"href":"https:\/\/elmawkie.dz\/fr\/wp-json\/wp\/v2\/types\/post"}],"author":[{"embeddable":true,"href":"https:\/\/elmawkie.dz\/fr\/wp-json\/wp\/v2\/users\/9"}],"replies":[{"embeddable":true,"href":"https:\/\/elmawkie.dz\/fr\/wp-json\/wp\/v2\/comments?post=6959"}],"version-history":[{"count":0,"href":"https:\/\/elmawkie.dz\/fr\/wp-json\/wp\/v2\/posts\/6959\/revisions"}],"wp:featuredmedia":[{"embeddable":true,"href":"https:\/\/elmawkie.dz\/fr\/wp-json\/wp\/v2\/media\/6960"}],"wp:attachment":[{"href":"https:\/\/elmawkie.dz\/fr\/wp-json\/wp\/v2\/media?parent=6959"}],"wp:term":[{"taxonomy":"category","embeddable":true,"href":"https:\/\/elmawkie.dz\/fr\/wp-json\/wp\/v2\/categories?post=6959"},{"taxonomy":"post_tag","embeddable":true,"href":"https:\/\/elmawkie.dz\/fr\/wp-json\/wp\/v2\/tags?post=6959"}],"curies":[{"name":"wp","href":"https:\/\/api.w.org\/{rel}","templated":true}]}}