{"id":6954,"date":"2024-12-09T18:31:21","date_gmt":"2024-12-09T17:31:21","guid":{"rendered":"https:\/\/elmawkie.dz\/fr\/?p=6954"},"modified":"2024-12-09T19:24:41","modified_gmt":"2024-12-09T18:24:41","slug":"m-cherfa-preside-linstallation-de-la-commission-nationale-de-regularisation-du-foncier-agricole","status":"publish","type":"post","link":"https:\/\/elmawkie.dz\/fr\/m-cherfa-preside-linstallation-de-la-commission-nationale-de-regularisation-du-foncier-agricole\/","title":{"rendered":"M. Cherfa pr\u00e9side l&rsquo;installation de la Commission nationale de r\u00e9gularisation du foncier agricole"},"content":{"rendered":"<p><strong><em>Le ministre de l&rsquo;Agriculture, du D\u00e9veloppement rural et de la P\u00eache, Youcef Cherfa, a pr\u00e9sid\u00e9, lundi \u00e0 Alger, l&rsquo;installation de la Commission nationale de r\u00e9gularisation du foncier agricole, en application des d\u00e9cisions du pr\u00e9sident de la R\u00e9publique, M. Abdelmadjid Tebboune, relatives \u00e0 la r\u00e9gularisation du foncier agricole au cours de 2025 et conform\u00e9ment aux conclusions du Conseil interminist\u00e9riel consacr\u00e9 \u00e0 ce dossier la semaine derni\u00e8re, indique un communiqu\u00e9 du minist\u00e8re. Compos\u00e9e de l&rsquo;ensemble des acteurs et des partenaires concern\u00e9s par ce dossier, cette commission \u00ab\u00a0organisera des ateliers pour examiner et d\u00e9battre les m\u00e9canismes n\u00e9cessaires \u00e0 la r\u00e9gularisation du foncier agricole en vue d&rsquo;\u00e9laborer une feuille de route pratique pour l&rsquo;assainissement de tous les cas en suspens en la mati\u00e8re, \u00e0 l&rsquo;effet de r\u00e9gulariser la situation des investisseurs effectifs et de renforcer leurs capacit\u00e9s de production au service des objectifs de s\u00e9curit\u00e9 alimentaire et de diversification de l&rsquo;\u00e9conomie nationale\u00a0\u00bb, pr\u00e9cise le minist\u00e8re. L&rsquo;installation de la commission s&rsquo;est d\u00e9roul\u00e9e en pr\u00e9sence du Secr\u00e9taire g\u00e9n\u00e9ral de l&rsquo;Union nationale des paysans alg\u00e9riens (UNPA), du pr\u00e9sident de la Chambre nationale d&rsquo;agriculture (CNA), des directeurs de l&rsquo;Office de d\u00e9veloppement de l&rsquo;agriculture industrielle en terres sahariennes (ODAS) et de l&rsquo;Office national des terres agricoles (ONTA), du Directeur g\u00e9n\u00e9ral du Domaine national, ainsi que de cadres des secteurs concern\u00e9s, notamment l&rsquo;agriculture, le d\u00e9veloppement rural et la p\u00eache, les collectivit\u00e9s locales et l&rsquo;am\u00e9nagement du territoire, les finances et les ressources en eau.<\/em><\/strong><\/p>\n","protected":false},"excerpt":{"rendered":"<p>Le ministre de l&rsquo;Agriculture, du D\u00e9veloppement rural et de la P\u00eache, Youcef Cherfa, a pr\u00e9sid\u00e9, lundi \u00e0 Alger, l&rsquo;installation de la Commission nationale de r\u00e9gularisation du foncier agricole, en application des d\u00e9cisions du pr\u00e9sident de la R\u00e9publique, M. Abdelmadjid Tebboune, relatives \u00e0 la r\u00e9gularisation du foncier agricole au cours de 2025 et conform\u00e9ment aux conclusions &hellip;<\/p>\n","protected":false},"author":9,"featured_media":6957,"comment_status":"open","ping_status":"open","sticky":false,"template":"","format":"standard","meta":{"footnotes":""},"categories":[47],"tags":[1552],"class_list":["post-6954","post","type-post","status-publish","format-standard","has-post-thumbnail","hentry","category-national","tag-m-cherfa"],"yoast_head":"<!-- This site is optimized with the Yoast SEO Premium plugin v22.6 (Yoast SEO v22.6) - https:\/\/yoast.com\/wordpress\/plugins\/seo\/ -->\n<title>M. Cherfa pr\u00e9side l&#039;installation de la Commission nationale de r\u00e9gularisation du foncier agricole - El Mawkie<\/title>\n<meta name=\"robots\" content=\"index, follow, max-snippet:-1, max-image-preview:large, max-video-preview:-1\" \/>\n<link rel=\"canonical\" href=\"https:\/\/elmawkie.dz\/fr\/m-cherfa-preside-linstallation-de-la-commission-nationale-de-regularisation-du-foncier-agricole\/\" \/>\n<meta property=\"og:locale\" content=\"fr_FR\" \/>\n<meta property=\"og:type\" content=\"article\" \/>\n<meta property=\"og:title\" content=\"M. Cherfa pr\u00e9side l&#039;installation de la Commission nationale de r\u00e9gularisation du foncier agricole\" \/>\n<meta property=\"og:description\" content=\"Le ministre de l&rsquo;Agriculture, du D\u00e9veloppement rural et de la P\u00eache, Youcef Cherfa, a pr\u00e9sid\u00e9, lundi \u00e0 Alger, l&rsquo;installation de la Commission nationale de r\u00e9gularisation du foncier agricole, en application des d\u00e9cisions du pr\u00e9sident de la R\u00e9publique, M. Abdelmadjid Tebboune, relatives \u00e0 la r\u00e9gularisation du foncier agricole au cours de 2025 et conform\u00e9ment aux conclusions &hellip;\" \/>\n<meta property=\"og:url\" content=\"https:\/\/elmawkie.dz\/fr\/m-cherfa-preside-linstallation-de-la-commission-nationale-de-regularisation-du-foncier-agricole\/\" \/>\n<meta property=\"og:site_name\" content=\"El Mawkie\" \/>\n<meta property=\"article:publisher\" content=\"https:\/\/www.facebook.com\/profile.php?id=100088407094989&amp;locale=fr_FR\" \/>\n<meta property=\"article:published_time\" content=\"2024-12-09T17:31:21+00:00\" \/>\n<meta property=\"article:modified_time\" content=\"2024-12-09T18:24:41+00:00\" \/>\n<meta property=\"og:image\" content=\"https:\/\/elmawkie.dz\/fr\/wp-content\/uploads\/2024\/12\/IMG_6290.jpeg\" \/>\n\t<meta property=\"og:image:width\" content=\"1080\" \/>\n\t<meta property=\"og:image:height\" content=\"720\" \/>\n\t<meta property=\"og:image:type\" content=\"image\/jpeg\" \/>\n<meta name=\"author\" content=\"R\u00e9daction\" \/>\n<meta name=\"twitter:card\" content=\"summary_large_image\" \/>\n<meta name=\"twitter:label1\" content=\"Written by\" \/>\n\t<meta name=\"twitter:data1\" content=\"R\u00e9daction\" \/>\n\t<meta name=\"twitter:label2\" content=\"Est. reading time\" \/>\n\t<meta name=\"twitter:data2\" content=\"1 minute\" \/>\n<script type=\"application\/ld+json\" class=\"yoast-schema-graph\">{\"@context\":\"https:\/\/schema.org\",\"@graph\":[{\"@type\":\"Article\",\"@id\":\"https:\/\/elmawkie.dz\/fr\/m-cherfa-preside-linstallation-de-la-commission-nationale-de-regularisation-du-foncier-agricole\/#article\",\"isPartOf\":{\"@id\":\"https:\/\/elmawkie.dz\/fr\/m-cherfa-preside-linstallation-de-la-commission-nationale-de-regularisation-du-foncier-agricole\/\"},\"author\":{\"name\":\"R\u00e9daction\",\"@id\":\"https:\/\/elmawkie.dz\/fr\/#\/schema\/person\/e7bd59d6467874ba5c4723d8a9f0a63c\"},\"headline\":\"M. Cherfa pr\u00e9side l&rsquo;installation de la Commission nationale de r\u00e9gularisation du foncier agricole\",\"datePublished\":\"2024-12-09T17:31:21+00:00\",\"dateModified\":\"2024-12-09T18:24:41+00:00\",\"mainEntityOfPage\":{\"@id\":\"https:\/\/elmawkie.dz\/fr\/m-cherfa-preside-linstallation-de-la-commission-nationale-de-regularisation-du-foncier-agricole\/\"},\"wordCount\":299,\"commentCount\":0,\"publisher\":{\"@id\":\"https:\/\/elmawkie.dz\/fr\/#organization\"},\"image\":{\"@id\":\"https:\/\/elmawkie.dz\/fr\/m-cherfa-preside-linstallation-de-la-commission-nationale-de-regularisation-du-foncier-agricole\/#primaryimage\"},\"thumbnailUrl\":\"https:\/\/elmawkie.dz\/fr\/wp-content\/uploads\/2024\/12\/IMG_6290.jpeg\",\"keywords\":[\"M.Cherfa\"],\"articleSection\":[\"National\"],\"inLanguage\":\"fr-FR\",\"potentialAction\":[{\"@type\":\"CommentAction\",\"name\":\"Comment\",\"target\":[\"https:\/\/elmawkie.dz\/fr\/m-cherfa-preside-linstallation-de-la-commission-nationale-de-regularisation-du-foncier-agricole\/#respond\"]}]},{\"@type\":\"WebPage\",\"@id\":\"https:\/\/elmawkie.dz\/fr\/m-cherfa-preside-linstallation-de-la-commission-nationale-de-regularisation-du-foncier-agricole\/\",\"url\":\"https:\/\/elmawkie.dz\/fr\/m-cherfa-preside-linstallation-de-la-commission-nationale-de-regularisation-du-foncier-agricole\/\",\"name\":\"M. Cherfa pr\u00e9side l'installation de la Commission nationale de r\u00e9gularisation du foncier agricole - El Mawkie\",\"isPartOf\":{\"@id\":\"https:\/\/elmawkie.dz\/fr\/#website\"},\"primaryImageOfPage\":{\"@id\":\"https:\/\/elmawkie.dz\/fr\/m-cherfa-preside-linstallation-de-la-commission-nationale-de-regularisation-du-foncier-agricole\/#primaryimage\"},\"image\":{\"@id\":\"https:\/\/elmawkie.dz\/fr\/m-cherfa-preside-linstallation-de-la-commission-nationale-de-regularisation-du-foncier-agricole\/#primaryimage\"},\"thumbnailUrl\":\"https:\/\/elmawkie.dz\/fr\/wp-content\/uploads\/2024\/12\/IMG_6290.jpeg\",\"datePublished\":\"2024-12-09T17:31:21+00:00\",\"dateModified\":\"2024-12-09T18:24:41+00:00\",\"breadcrumb\":{\"@id\":\"https:\/\/elmawkie.dz\/fr\/m-cherfa-preside-linstallation-de-la-commission-nationale-de-regularisation-du-foncier-agricole\/#breadcrumb\"},\"inLanguage\":\"fr-FR\",\"potentialAction\":[{\"@type\":\"ReadAction\",\"target\":[\"https:\/\/elmawkie.dz\/fr\/m-cherfa-preside-linstallation-de-la-commission-nationale-de-regularisation-du-foncier-agricole\/\"]}]},{\"@type\":\"ImageObject\",\"inLanguage\":\"fr-FR\",\"@id\":\"https:\/\/elmawkie.dz\/fr\/m-cherfa-preside-linstallation-de-la-commission-nationale-de-regularisation-du-foncier-agricole\/#primaryimage\",\"url\":\"https:\/\/elmawkie.dz\/fr\/wp-content\/uploads\/2024\/12\/IMG_6290.jpeg\",\"contentUrl\":\"https:\/\/elmawkie.dz\/fr\/wp-content\/uploads\/2024\/12\/IMG_6290.jpeg\",\"width\":1080,\"height\":720},{\"@type\":\"BreadcrumbList\",\"@id\":\"https:\/\/elmawkie.dz\/fr\/m-cherfa-preside-linstallation-de-la-commission-nationale-de-regularisation-du-foncier-agricole\/#breadcrumb\",\"itemListElement\":[{\"@type\":\"ListItem\",\"position\":1,\"name\":\"Home\",\"item\":\"https:\/\/elmawkie.dz\/fr\/\"},{\"@type\":\"ListItem\",\"position\":2,\"name\":\"M. Cherfa pr\u00e9side l&rsquo;installation de la Commission nationale de r\u00e9gularisation du foncier agricole\"}]},{\"@type\":\"WebSite\",\"@id\":\"https:\/\/elmawkie.dz\/fr\/#website\",\"url\":\"https:\/\/elmawkie.dz\/fr\/\",\"name\":\"EL MAWKIE\",\"description\":\"Journal \u00c9lectronique Alg\u00e9rien\",\"publisher\":{\"@id\":\"https:\/\/elmawkie.dz\/fr\/#organization\"},\"potentialAction\":[{\"@type\":\"SearchAction\",\"target\":{\"@type\":\"EntryPoint\",\"urlTemplate\":\"https:\/\/elmawkie.dz\/fr\/?s={search_term_string}\"},\"query-input\":\"required name=search_term_string\"}],\"inLanguage\":\"fr-FR\"},{\"@type\":\"Organization\",\"@id\":\"https:\/\/elmawkie.dz\/fr\/#organization\",\"name\":\"EL MAWKIE\",\"url\":\"https:\/\/elmawkie.dz\/fr\/\",\"logo\":{\"@type\":\"ImageObject\",\"inLanguage\":\"fr-FR\",\"@id\":\"https:\/\/elmawkie.dz\/fr\/#\/schema\/logo\/image\/\",\"url\":\"https:\/\/elmawkie.dz\/fr\/wp-content\/uploads\/2024\/05\/logo1.png\",\"contentUrl\":\"https:\/\/elmawkie.dz\/fr\/wp-content\/uploads\/2024\/05\/logo1.png\",\"width\":1648,\"height\":652,\"caption\":\"EL MAWKIE\"},\"image\":{\"@id\":\"https:\/\/elmawkie.dz\/fr\/#\/schema\/logo\/image\/\"},\"sameAs\":[\"https:\/\/www.facebook.com\/profile.php?id=100088407094989&locale=fr_FR\"]},{\"@type\":\"Person\",\"@id\":\"https:\/\/elmawkie.dz\/fr\/#\/schema\/person\/e7bd59d6467874ba5c4723d8a9f0a63c\",\"name\":\"R\u00e9daction\",\"image\":{\"@type\":\"ImageObject\",\"inLanguage\":\"fr-FR\",\"@id\":\"https:\/\/elmawkie.dz\/fr\/#\/schema\/person\/image\/\",\"url\":\"https:\/\/secure.gravatar.com\/avatar\/f0f773456344da4d2788c054a3d30a0c?s=96&d=mm&r=g\",\"contentUrl\":\"https:\/\/secure.gravatar.com\/avatar\/f0f773456344da4d2788c054a3d30a0c?s=96&d=mm&r=g\",\"caption\":\"R\u00e9daction\"},\"url\":\"https:\/\/elmawkie.dz\/fr\/author\/redaction\/\"}]}<\/script>\n<!-- \/ Yoast SEO Premium plugin. -->","yoast_head_json":{"title":"M. Cherfa pr\u00e9side l'installation de la Commission nationale de r\u00e9gularisation du foncier agricole - El Mawkie","robots":{"index":"index","follow":"follow","max-snippet":"max-snippet:-1","max-image-preview":"max-image-preview:large","max-video-preview":"max-video-preview:-1"},"canonical":"https:\/\/elmawkie.dz\/fr\/m-cherfa-preside-linstallation-de-la-commission-nationale-de-regularisation-du-foncier-agricole\/","og_locale":"fr_FR","og_type":"article","og_title":"M. Cherfa pr\u00e9side l'installation de la Commission nationale de r\u00e9gularisation du foncier agricole","og_description":"Le ministre de l&rsquo;Agriculture, du D\u00e9veloppement rural et de la P\u00eache, Youcef Cherfa, a pr\u00e9sid\u00e9, lundi \u00e0 Alger, l&rsquo;installation de la Commission nationale de r\u00e9gularisation du foncier agricole, en application des d\u00e9cisions du pr\u00e9sident de la R\u00e9publique, M. Abdelmadjid Tebboune, relatives \u00e0 la r\u00e9gularisation du foncier agricole au cours de 2025 et conform\u00e9ment aux conclusions &hellip;","og_url":"https:\/\/elmawkie.dz\/fr\/m-cherfa-preside-linstallation-de-la-commission-nationale-de-regularisation-du-foncier-agricole\/","og_site_name":"El Mawkie","article_publisher":"https:\/\/www.facebook.com\/profile.php?id=100088407094989&locale=fr_FR","article_published_time":"2024-12-09T17:31:21+00:00","article_modified_time":"2024-12-09T18:24:41+00:00","og_image":[{"width":1080,"height":720,"url":"https:\/\/elmawkie.dz\/fr\/wp-content\/uploads\/2024\/12\/IMG_6290.jpeg","type":"image\/jpeg"}],"author":"R\u00e9daction","twitter_card":"summary_large_image","twitter_misc":{"Written by":"R\u00e9daction","Est. reading time":"1 minute"},"schema":{"@context":"https:\/\/schema.org","@graph":[{"@type":"Article","@id":"https:\/\/elmawkie.dz\/fr\/m-cherfa-preside-linstallation-de-la-commission-nationale-de-regularisation-du-foncier-agricole\/#article","isPartOf":{"@id":"https:\/\/elmawkie.dz\/fr\/m-cherfa-preside-linstallation-de-la-commission-nationale-de-regularisation-du-foncier-agricole\/"},"author":{"name":"R\u00e9daction","@id":"https:\/\/elmawkie.dz\/fr\/#\/schema\/person\/e7bd59d6467874ba5c4723d8a9f0a63c"},"headline":"M. Cherfa pr\u00e9side l&rsquo;installation de la Commission nationale de r\u00e9gularisation du foncier agricole","datePublished":"2024-12-09T17:31:21+00:00","dateModified":"2024-12-09T18:24:41+00:00","mainEntityOfPage":{"@id":"https:\/\/elmawkie.dz\/fr\/m-cherfa-preside-linstallation-de-la-commission-nationale-de-regularisation-du-foncier-agricole\/"},"wordCount":299,"commentCount":0,"publisher":{"@id":"https:\/\/elmawkie.dz\/fr\/#organization"},"image":{"@id":"https:\/\/elmawkie.dz\/fr\/m-cherfa-preside-linstallation-de-la-commission-nationale-de-regularisation-du-foncier-agricole\/#primaryimage"},"thumbnailUrl":"https:\/\/elmawkie.dz\/fr\/wp-content\/uploads\/2024\/12\/IMG_6290.jpeg","keywords":["M.Cherfa"],"articleSection":["National"],"inLanguage":"fr-FR","potentialAction":[{"@type":"CommentAction","name":"Comment","target":["https:\/\/elmawkie.dz\/fr\/m-cherfa-preside-linstallation-de-la-commission-nationale-de-regularisation-du-foncier-agricole\/#respond"]}]},{"@type":"WebPage","@id":"https:\/\/elmawkie.dz\/fr\/m-cherfa-preside-linstallation-de-la-commission-nationale-de-regularisation-du-foncier-agricole\/","url":"https:\/\/elmawkie.dz\/fr\/m-cherfa-preside-linstallation-de-la-commission-nationale-de-regularisation-du-foncier-agricole\/","name":"M. Cherfa pr\u00e9side l'installation de la Commission nationale de r\u00e9gularisation du foncier agricole - El Mawkie","isPartOf":{"@id":"https:\/\/elmawkie.dz\/fr\/#website"},"primaryImageOfPage":{"@id":"https:\/\/elmawkie.dz\/fr\/m-cherfa-preside-linstallation-de-la-commission-nationale-de-regularisation-du-foncier-agricole\/#primaryimage"},"image":{"@id":"https:\/\/elmawkie.dz\/fr\/m-cherfa-preside-linstallation-de-la-commission-nationale-de-regularisation-du-foncier-agricole\/#primaryimage"},"thumbnailUrl":"https:\/\/elmawkie.dz\/fr\/wp-content\/uploads\/2024\/12\/IMG_6290.jpeg","datePublished":"2024-12-09T17:31:21+00:00","dateModified":"2024-12-09T18:24:41+00:00","breadcrumb":{"@id":"https:\/\/elmawkie.dz\/fr\/m-cherfa-preside-linstallation-de-la-commission-nationale-de-regularisation-du-foncier-agricole\/#breadcrumb"},"inLanguage":"fr-FR","potentialAction":[{"@type":"ReadAction","target":["https:\/\/elmawkie.dz\/fr\/m-cherfa-preside-linstallation-de-la-commission-nationale-de-regularisation-du-foncier-agricole\/"]}]},{"@type":"ImageObject","inLanguage":"fr-FR","@id":"https:\/\/elmawkie.dz\/fr\/m-cherfa-preside-linstallation-de-la-commission-nationale-de-regularisation-du-foncier-agricole\/#primaryimage","url":"https:\/\/elmawkie.dz\/fr\/wp-content\/uploads\/2024\/12\/IMG_6290.jpeg","contentUrl":"https:\/\/elmawkie.dz\/fr\/wp-content\/uploads\/2024\/12\/IMG_6290.jpeg","width":1080,"height":720},{"@type":"BreadcrumbList","@id":"https:\/\/elmawkie.dz\/fr\/m-cherfa-preside-linstallation-de-la-commission-nationale-de-regularisation-du-foncier-agricole\/#breadcrumb","itemListElement":[{"@type":"ListItem","position":1,"name":"Home","item":"https:\/\/elmawkie.dz\/fr\/"},{"@type":"ListItem","position":2,"name":"M. Cherfa pr\u00e9side l&rsquo;installation de la Commission nationale de r\u00e9gularisation du foncier agricole"}]},{"@type":"WebSite","@id":"https:\/\/elmawkie.dz\/fr\/#website","url":"https:\/\/elmawkie.dz\/fr\/","name":"EL MAWKIE","description":"Journal \u00c9lectronique Alg\u00e9rien","publisher":{"@id":"https:\/\/elmawkie.dz\/fr\/#organization"},"potentialAction":[{"@type":"SearchAction","target":{"@type":"EntryPoint","urlTemplate":"https:\/\/elmawkie.dz\/fr\/?s={search_term_string}"},"query-input":"required name=search_term_string"}],"inLanguage":"fr-FR"},{"@type":"Organization","@id":"https:\/\/elmawkie.dz\/fr\/#organization","name":"EL MAWKIE","url":"https:\/\/elmawkie.dz\/fr\/","logo":{"@type":"ImageObject","inLanguage":"fr-FR","@id":"https:\/\/elmawkie.dz\/fr\/#\/schema\/logo\/image\/","url":"https:\/\/elmawkie.dz\/fr\/wp-content\/uploads\/2024\/05\/logo1.png","contentUrl":"https:\/\/elmawkie.dz\/fr\/wp-content\/uploads\/2024\/05\/logo1.png","width":1648,"height":652,"caption":"EL MAWKIE"},"image":{"@id":"https:\/\/elmawkie.dz\/fr\/#\/schema\/logo\/image\/"},"sameAs":["https:\/\/www.facebook.com\/profile.php?id=100088407094989&locale=fr_FR"]},{"@type":"Person","@id":"https:\/\/elmawkie.dz\/fr\/#\/schema\/person\/e7bd59d6467874ba5c4723d8a9f0a63c","name":"R\u00e9daction","image":{"@type":"ImageObject","inLanguage":"fr-FR","@id":"https:\/\/elmawkie.dz\/fr\/#\/schema\/person\/image\/","url":"https:\/\/secure.gravatar.com\/avatar\/f0f773456344da4d2788c054a3d30a0c?s=96&d=mm&r=g","contentUrl":"https:\/\/secure.gravatar.com\/avatar\/f0f773456344da4d2788c054a3d30a0c?s=96&d=mm&r=g","caption":"R\u00e9daction"},"url":"https:\/\/elmawkie.dz\/fr\/author\/redaction\/"}]}},"_links":{"self":[{"href":"https:\/\/elmawkie.dz\/fr\/wp-json\/wp\/v2\/posts\/6954","targetHints":{"allow":["GET"]}}],"collection":[{"href":"https:\/\/elmawkie.dz\/fr\/wp-json\/wp\/v2\/posts"}],"about":[{"href":"https:\/\/elmawkie.dz\/fr\/wp-json\/wp\/v2\/types\/post"}],"author":[{"embeddable":true,"href":"https:\/\/elmawkie.dz\/fr\/wp-json\/wp\/v2\/users\/9"}],"replies":[{"embeddable":true,"href":"https:\/\/elmawkie.dz\/fr\/wp-json\/wp\/v2\/comments?post=6954"}],"version-history":[{"count":0,"href":"https:\/\/elmawkie.dz\/fr\/wp-json\/wp\/v2\/posts\/6954\/revisions"}],"wp:featuredmedia":[{"embeddable":true,"href":"https:\/\/elmawkie.dz\/fr\/wp-json\/wp\/v2\/media\/6957"}],"wp:attachment":[{"href":"https:\/\/elmawkie.dz\/fr\/wp-json\/wp\/v2\/media?parent=6954"}],"wp:term":[{"taxonomy":"category","embeddable":true,"href":"https:\/\/elmawkie.dz\/fr\/wp-json\/wp\/v2\/categories?post=6954"},{"taxonomy":"post_tag","embeddable":true,"href":"https:\/\/elmawkie.dz\/fr\/wp-json\/wp\/v2\/tags?post=6954"}],"curies":[{"name":"wp","href":"https:\/\/api.w.org\/{rel}","templated":true}]}}