{"id":6892,"date":"2024-11-24T11:21:55","date_gmt":"2024-11-24T10:21:55","guid":{"rendered":"https:\/\/elmawkie.dz\/fr\/?p=6892"},"modified":"2024-11-24T11:21:55","modified_gmt":"2024-11-24T10:21:55","slug":"alger-journee-detude-sur-lentrepreneuriat-en-milieu-universitaire","status":"publish","type":"post","link":"https:\/\/elmawkie.dz\/fr\/alger-journee-detude-sur-lentrepreneuriat-en-milieu-universitaire\/","title":{"rendered":"Alger: Journ\u00e9e d&rsquo;\u00e9tude  sur l&rsquo;entrepreneuriat en milieu universitaire"},"content":{"rendered":"<p style=\"text-align: left;\"><strong style=\"font-style: italic;\">L&rsquo;Universit\u00e9 de la formation continue (UFC)<\/strong> <em style=\"font-weight: bold;\">\u00ab\u00a0Didouche Mourad\u00a0\u00bb a organis\u00e9 une journ\u00e9e d&rsquo;\u00e9tude sur l&rsquo;entrepreneuriat en<\/em> <strong><em>milieu universitaire \u00e0 l&rsquo;occasion de la c\u00e9l\u00e9bration de la Semaine mondiale<\/em><\/strong><br \/>\n<strong><em>de l&rsquo;entrepreneuriat (SME), du 18 au 24 novembre.<\/em><\/strong><br \/>\n<strong><em>A l&rsquo;occasion de cette rencontre, organis\u00e9e samedi \u00e0 Alger sous le th\u00e8me<\/em><\/strong><br \/>\n<em style=\"font-weight: bold;\">\u00ab\u00a0L&rsquo;entrepreneuriat pour tous\u00a0\u00bb, le pr\u00e9sident de la Commission nationale de<\/em> <em style=\"font-weight: bold;\">suivi de l&rsquo;innovation et des incubateurs universitaires au minist\u00e8re de<\/em> <em style=\"font-weight: bold;\">l&rsquo;Enseignement sup\u00e9rieur et de la Recherche scientifique, Ahmed Mir, a<\/em> <strong><em>soulign\u00e9 que le secteur \u0153uvrait \u00e0 \u00ab\u00a0encourager l&rsquo;entrepreneuriat et<\/em><\/strong><br \/>\n<strong><em>l&rsquo;innovation en milieu universitaire\u00a0\u00bb, une d\u00e9marche concr\u00e9tis\u00e9e par \u00ab\u00a0de<\/em><\/strong><br \/>\n<strong><em>nombreuses mesures, l\u00e9gislations et instructions\u00a0\u00bb, pr\u00e9cisant que l&rsquo;objectif<\/em><\/strong><br \/>\n<strong><em>de la c\u00e9l\u00e9bration de la SME \u00e9tait d'\u00a0\u00bbancrer cette culture chez les<\/em><\/strong><br \/>\n<strong><em>\u00e9tudiants, les jeunes, les professeurs et les chercheurs, mais aussi de<\/em><\/strong><br \/>\n<strong><em>cr\u00e9er une g\u00e9n\u00e9ration d&rsquo;entrepreneurs\u00a0\u00bb.<\/em><\/strong><br \/>\n<strong><em>M. Mir a ajout\u00e9 que ces efforts visaient \u00e0 donner naissance \u00e0 \u00ab\u00a0une<\/em><\/strong><br \/>\n<strong><em>g\u00e9n\u00e9ration de start-ups, de micro-entreprises et d&rsquo;entreprises \u00e0 m\u00eame de<\/em><\/strong><br \/>\n<strong><em>contribuer au d\u00e9veloppement \u00e9conomique en dehors du secteur des<\/em><\/strong><br \/>\n<strong><em>hydrocarbures\u00a0\u00bb, soulignant que l&rsquo;universit\u00e9 alg\u00e9rienne \u00e9tait \u00ab\u00a0un r\u00e9servoir<\/em><\/strong><br \/>\n<strong><em>de mati\u00e8re grise pour ces entreprises\u00a0\u00bb.<\/em><\/strong><br \/>\n<strong><em>Il a \u00e9galement fait \u00e9tat de l&rsquo;existence de \u00ab\u00a0118 incubateurs d&rsquo;entreprises,<\/em><\/strong><br \/>\n<strong><em>107 centres de d\u00e9veloppement de l&rsquo;entrepreneuriat, 63 laboratoires de<\/em><\/strong><br \/>\n<strong><em>fabrication, 55 maisons de l&rsquo;intelligence artificielle et 91 centres de<\/em><\/strong><br \/>\n<strong><em>soutien technologique et d&rsquo;innovation au niveau des \u00e9tablissements<\/em><\/strong><br \/>\n<strong><em>d&rsquo;enseignement sup\u00e9rieur \u00e0 travers l&rsquo;ensemble du territoire national\u00a0\u00bb.<\/em><\/strong><br \/>\n<strong><em>Pour sa part, le recteur de l&rsquo;Universit\u00e9 de la formation continue (UFC),<\/em><\/strong><br \/>\n<strong><em>Yahia Djaafri, a affirm\u00e9 que cette activit\u00e9 permet de \u00ab\u00a0d\u00e9velopper l&rsquo;esprit<\/em><\/strong><br \/>\n<strong><em>entrepreneurial chez les \u00e9tudiants\u00a0\u00bb, relevant que l&rsquo;UFC \u00ab\u00a0est en mesure de<\/em><\/strong><br \/>\n<strong><em>mettre son empreinte dans ce domaine d&rsquo;autant que le minist\u00e8re l&rsquo;accompagne<\/em><\/strong><br \/>\n<strong><em>dans cette d\u00e9marche vers l&rsquo;ouverture sur l&rsquo;environnement \u00e9conomique et<\/em><\/strong><br \/>\n<strong><em>social\u00a0\u00bb.<\/em><\/strong><br \/>\n<em style=\"font-weight: bold;\">La Directrice du Centre de d\u00e9veloppement de l&rsquo;entrepreneuriat (CDE) \u00e0<\/em> <em style=\"font-weight: bold;\">l&rsquo;UFC, Daouia Bengasmi, a indiqu\u00e9 que cette rencontre visait \u00e0 \u00ab\u00a0expliquer<\/em> <em style=\"font-weight: bold;\">le concept d&rsquo;entrepreneuriat, \u00e0 pr\u00e9senter une m\u00e9thodologie de travail pour<\/em> <em style=\"font-weight: bold;\">la cr\u00e9ation d&rsquo;un projet entrepreneurial r\u00e9ussi ou bien un m\u00e9moire de fin<\/em> <em style=\"font-weight: bold;\">d&rsquo;\u00e9tude sur un Start-Up, et \u00e0 informer les \u00e9tudiants sur les diff\u00e9rents<\/em> <strong><em>organismes acteurs dans le domaine, \u00e0 l&rsquo;instar des incubateurs<\/em><\/strong><br \/>\n<em style=\"font-weight: bold;\">d&rsquo;entreprises et de l&rsquo;Agence nationale d&rsquo;appui et de d\u00e9veloppement de<\/em> <strong><em>l&rsquo;entrepreneuriat (NESDA).<\/em><\/strong><br \/>\n<strong><em>La rencontre a vu la pr\u00e9sentation de plusieurs communications sur la<\/em><\/strong><br \/>\n<strong><em>r\u00e9alit\u00e9 de l&rsquo;entrepreneuriat en milieu universitaire, l&rsquo;importance des<\/em><\/strong><br \/>\n<em style=\"font-weight: bold;\">centres de d\u00e9veloppement de l&rsquo;entrepreneuriat dans les \u00e9tablissements<\/em> <em style=\"font-weight: bold;\">universitaires, les types de propri\u00e9t\u00e9s intellectuelles et les m\u00e9canismes<\/em> <em style=\"font-weight: bold;\">de demande de protection sur la plateforme de l&rsquo;Organisation mondiale de la<\/em> <strong><em>propri\u00e9t\u00e9 intellectuelle (OMPI).<\/em><\/strong><\/p>\n","protected":false},"excerpt":{"rendered":"<p>L&rsquo;Universit\u00e9 de la formation continue (UFC) \u00ab\u00a0Didouche Mourad\u00a0\u00bb a organis\u00e9 une journ\u00e9e d&rsquo;\u00e9tude sur l&rsquo;entrepreneuriat en milieu universitaire \u00e0 l&rsquo;occasion de la c\u00e9l\u00e9bration de la Semaine mondiale de l&rsquo;entrepreneuriat (SME), du 18 au 24 novembre. A l&rsquo;occasion de cette rencontre, organis\u00e9e samedi \u00e0 Alger sous le th\u00e8me \u00ab\u00a0L&rsquo;entrepreneuriat pour tous\u00a0\u00bb, le pr\u00e9sident de la Commission &hellip;<\/p>\n","protected":false},"author":9,"featured_media":6893,"comment_status":"open","ping_status":"open","sticky":false,"template":"","format":"standard","meta":{"footnotes":""},"categories":[50],"tags":[450,1519,1520,1518],"class_list":["post-6892","post","type-post","status-publish","format-standard","has-post-thumbnail","hentry","category-region","tag-alger","tag-journee-detude","tag-lentrepreneuriat","tag-milieu-universitaire"],"yoast_head":"<!-- This site is optimized with the Yoast SEO Premium plugin v22.6 (Yoast SEO v22.6) - https:\/\/yoast.com\/wordpress\/plugins\/seo\/ -->\n<title>Alger: Journ\u00e9e d&#039;\u00e9tude sur l&#039;entrepreneuriat en milieu universitaire - El Mawkie<\/title>\n<meta name=\"robots\" content=\"index, follow, max-snippet:-1, max-image-preview:large, max-video-preview:-1\" \/>\n<link rel=\"canonical\" href=\"https:\/\/elmawkie.dz\/fr\/alger-journee-detude-sur-lentrepreneuriat-en-milieu-universitaire\/\" \/>\n<meta property=\"og:locale\" content=\"fr_FR\" \/>\n<meta property=\"og:type\" content=\"article\" \/>\n<meta property=\"og:title\" content=\"Alger: Journ\u00e9e d&#039;\u00e9tude sur l&#039;entrepreneuriat en milieu universitaire\" \/>\n<meta property=\"og:description\" content=\"L&rsquo;Universit\u00e9 de la formation continue (UFC) \u00ab\u00a0Didouche Mourad\u00a0\u00bb a organis\u00e9 une journ\u00e9e d&rsquo;\u00e9tude sur l&rsquo;entrepreneuriat en milieu universitaire \u00e0 l&rsquo;occasion de la c\u00e9l\u00e9bration de la Semaine mondiale de l&rsquo;entrepreneuriat (SME), du 18 au 24 novembre. A l&rsquo;occasion de cette rencontre, organis\u00e9e samedi \u00e0 Alger sous le th\u00e8me \u00ab\u00a0L&rsquo;entrepreneuriat pour tous\u00a0\u00bb, le pr\u00e9sident de la Commission &hellip;\" \/>\n<meta property=\"og:url\" content=\"https:\/\/elmawkie.dz\/fr\/alger-journee-detude-sur-lentrepreneuriat-en-milieu-universitaire\/\" \/>\n<meta property=\"og:site_name\" content=\"El Mawkie\" \/>\n<meta property=\"article:publisher\" content=\"https:\/\/www.facebook.com\/profile.php?id=100088407094989&amp;locale=fr_FR\" \/>\n<meta property=\"article:published_time\" content=\"2024-11-24T10:21:55+00:00\" \/>\n<meta property=\"og:image\" content=\"https:\/\/elmawkie.dz\/fr\/wp-content\/uploads\/2024\/11\/IMG_5375.jpeg\" \/>\n\t<meta property=\"og:image:width\" content=\"701\" \/>\n\t<meta property=\"og:image:height\" content=\"438\" \/>\n\t<meta property=\"og:image:type\" content=\"image\/jpeg\" \/>\n<meta name=\"author\" content=\"R\u00e9daction\" \/>\n<meta name=\"twitter:card\" content=\"summary_large_image\" \/>\n<meta name=\"twitter:label1\" content=\"Written by\" \/>\n\t<meta name=\"twitter:data1\" content=\"R\u00e9daction\" \/>\n\t<meta name=\"twitter:label2\" content=\"Est. reading time\" \/>\n\t<meta name=\"twitter:data2\" content=\"2 minutes\" \/>\n<script type=\"application\/ld+json\" class=\"yoast-schema-graph\">{\"@context\":\"https:\/\/schema.org\",\"@graph\":[{\"@type\":\"Article\",\"@id\":\"https:\/\/elmawkie.dz\/fr\/alger-journee-detude-sur-lentrepreneuriat-en-milieu-universitaire\/#article\",\"isPartOf\":{\"@id\":\"https:\/\/elmawkie.dz\/fr\/alger-journee-detude-sur-lentrepreneuriat-en-milieu-universitaire\/\"},\"author\":{\"name\":\"R\u00e9daction\",\"@id\":\"https:\/\/elmawkie.dz\/fr\/#\/schema\/person\/e7bd59d6467874ba5c4723d8a9f0a63c\"},\"headline\":\"Alger: Journ\u00e9e d&rsquo;\u00e9tude sur l&rsquo;entrepreneuriat en milieu universitaire\",\"datePublished\":\"2024-11-24T10:21:55+00:00\",\"dateModified\":\"2024-11-24T10:21:55+00:00\",\"mainEntityOfPage\":{\"@id\":\"https:\/\/elmawkie.dz\/fr\/alger-journee-detude-sur-lentrepreneuriat-en-milieu-universitaire\/\"},\"wordCount\":485,\"commentCount\":0,\"publisher\":{\"@id\":\"https:\/\/elmawkie.dz\/fr\/#organization\"},\"image\":{\"@id\":\"https:\/\/elmawkie.dz\/fr\/alger-journee-detude-sur-lentrepreneuriat-en-milieu-universitaire\/#primaryimage\"},\"thumbnailUrl\":\"https:\/\/elmawkie.dz\/fr\/wp-content\/uploads\/2024\/11\/IMG_5375.jpeg\",\"keywords\":[\"alger\",\"Journ\u00e9e d'\u00e9tude\",\"l'entrepreneuriat\",\"milieu universitaire\"],\"articleSection\":[\"R\u00e9gion\"],\"inLanguage\":\"fr-FR\",\"potentialAction\":[{\"@type\":\"CommentAction\",\"name\":\"Comment\",\"target\":[\"https:\/\/elmawkie.dz\/fr\/alger-journee-detude-sur-lentrepreneuriat-en-milieu-universitaire\/#respond\"]}]},{\"@type\":\"WebPage\",\"@id\":\"https:\/\/elmawkie.dz\/fr\/alger-journee-detude-sur-lentrepreneuriat-en-milieu-universitaire\/\",\"url\":\"https:\/\/elmawkie.dz\/fr\/alger-journee-detude-sur-lentrepreneuriat-en-milieu-universitaire\/\",\"name\":\"Alger: Journ\u00e9e d'\u00e9tude sur l'entrepreneuriat en milieu universitaire - El Mawkie\",\"isPartOf\":{\"@id\":\"https:\/\/elmawkie.dz\/fr\/#website\"},\"primaryImageOfPage\":{\"@id\":\"https:\/\/elmawkie.dz\/fr\/alger-journee-detude-sur-lentrepreneuriat-en-milieu-universitaire\/#primaryimage\"},\"image\":{\"@id\":\"https:\/\/elmawkie.dz\/fr\/alger-journee-detude-sur-lentrepreneuriat-en-milieu-universitaire\/#primaryimage\"},\"thumbnailUrl\":\"https:\/\/elmawkie.dz\/fr\/wp-content\/uploads\/2024\/11\/IMG_5375.jpeg\",\"datePublished\":\"2024-11-24T10:21:55+00:00\",\"dateModified\":\"2024-11-24T10:21:55+00:00\",\"breadcrumb\":{\"@id\":\"https:\/\/elmawkie.dz\/fr\/alger-journee-detude-sur-lentrepreneuriat-en-milieu-universitaire\/#breadcrumb\"},\"inLanguage\":\"fr-FR\",\"potentialAction\":[{\"@type\":\"ReadAction\",\"target\":[\"https:\/\/elmawkie.dz\/fr\/alger-journee-detude-sur-lentrepreneuriat-en-milieu-universitaire\/\"]}]},{\"@type\":\"ImageObject\",\"inLanguage\":\"fr-FR\",\"@id\":\"https:\/\/elmawkie.dz\/fr\/alger-journee-detude-sur-lentrepreneuriat-en-milieu-universitaire\/#primaryimage\",\"url\":\"https:\/\/elmawkie.dz\/fr\/wp-content\/uploads\/2024\/11\/IMG_5375.jpeg\",\"contentUrl\":\"https:\/\/elmawkie.dz\/fr\/wp-content\/uploads\/2024\/11\/IMG_5375.jpeg\",\"width\":701,\"height\":438},{\"@type\":\"BreadcrumbList\",\"@id\":\"https:\/\/elmawkie.dz\/fr\/alger-journee-detude-sur-lentrepreneuriat-en-milieu-universitaire\/#breadcrumb\",\"itemListElement\":[{\"@type\":\"ListItem\",\"position\":1,\"name\":\"Home\",\"item\":\"https:\/\/elmawkie.dz\/fr\/\"},{\"@type\":\"ListItem\",\"position\":2,\"name\":\"Alger: Journ\u00e9e d&rsquo;\u00e9tude sur l&rsquo;entrepreneuriat en milieu universitaire\"}]},{\"@type\":\"WebSite\",\"@id\":\"https:\/\/elmawkie.dz\/fr\/#website\",\"url\":\"https:\/\/elmawkie.dz\/fr\/\",\"name\":\"EL MAWKIE\",\"description\":\"Journal \u00c9lectronique Alg\u00e9rien\",\"publisher\":{\"@id\":\"https:\/\/elmawkie.dz\/fr\/#organization\"},\"potentialAction\":[{\"@type\":\"SearchAction\",\"target\":{\"@type\":\"EntryPoint\",\"urlTemplate\":\"https:\/\/elmawkie.dz\/fr\/?s={search_term_string}\"},\"query-input\":\"required name=search_term_string\"}],\"inLanguage\":\"fr-FR\"},{\"@type\":\"Organization\",\"@id\":\"https:\/\/elmawkie.dz\/fr\/#organization\",\"name\":\"EL MAWKIE\",\"url\":\"https:\/\/elmawkie.dz\/fr\/\",\"logo\":{\"@type\":\"ImageObject\",\"inLanguage\":\"fr-FR\",\"@id\":\"https:\/\/elmawkie.dz\/fr\/#\/schema\/logo\/image\/\",\"url\":\"https:\/\/elmawkie.dz\/fr\/wp-content\/uploads\/2024\/05\/logo1.png\",\"contentUrl\":\"https:\/\/elmawkie.dz\/fr\/wp-content\/uploads\/2024\/05\/logo1.png\",\"width\":1648,\"height\":652,\"caption\":\"EL MAWKIE\"},\"image\":{\"@id\":\"https:\/\/elmawkie.dz\/fr\/#\/schema\/logo\/image\/\"},\"sameAs\":[\"https:\/\/www.facebook.com\/profile.php?id=100088407094989&locale=fr_FR\"]},{\"@type\":\"Person\",\"@id\":\"https:\/\/elmawkie.dz\/fr\/#\/schema\/person\/e7bd59d6467874ba5c4723d8a9f0a63c\",\"name\":\"R\u00e9daction\",\"image\":{\"@type\":\"ImageObject\",\"inLanguage\":\"fr-FR\",\"@id\":\"https:\/\/elmawkie.dz\/fr\/#\/schema\/person\/image\/\",\"url\":\"https:\/\/secure.gravatar.com\/avatar\/f0f773456344da4d2788c054a3d30a0c?s=96&d=mm&r=g\",\"contentUrl\":\"https:\/\/secure.gravatar.com\/avatar\/f0f773456344da4d2788c054a3d30a0c?s=96&d=mm&r=g\",\"caption\":\"R\u00e9daction\"},\"url\":\"https:\/\/elmawkie.dz\/fr\/author\/redaction\/\"}]}<\/script>\n<!-- \/ Yoast SEO Premium plugin. -->","yoast_head_json":{"title":"Alger: Journ\u00e9e d'\u00e9tude sur l'entrepreneuriat en milieu universitaire - El Mawkie","robots":{"index":"index","follow":"follow","max-snippet":"max-snippet:-1","max-image-preview":"max-image-preview:large","max-video-preview":"max-video-preview:-1"},"canonical":"https:\/\/elmawkie.dz\/fr\/alger-journee-detude-sur-lentrepreneuriat-en-milieu-universitaire\/","og_locale":"fr_FR","og_type":"article","og_title":"Alger: Journ\u00e9e d'\u00e9tude sur l'entrepreneuriat en milieu universitaire","og_description":"L&rsquo;Universit\u00e9 de la formation continue (UFC) \u00ab\u00a0Didouche Mourad\u00a0\u00bb a organis\u00e9 une journ\u00e9e d&rsquo;\u00e9tude sur l&rsquo;entrepreneuriat en milieu universitaire \u00e0 l&rsquo;occasion de la c\u00e9l\u00e9bration de la Semaine mondiale de l&rsquo;entrepreneuriat (SME), du 18 au 24 novembre. A l&rsquo;occasion de cette rencontre, organis\u00e9e samedi \u00e0 Alger sous le th\u00e8me \u00ab\u00a0L&rsquo;entrepreneuriat pour tous\u00a0\u00bb, le pr\u00e9sident de la Commission &hellip;","og_url":"https:\/\/elmawkie.dz\/fr\/alger-journee-detude-sur-lentrepreneuriat-en-milieu-universitaire\/","og_site_name":"El Mawkie","article_publisher":"https:\/\/www.facebook.com\/profile.php?id=100088407094989&locale=fr_FR","article_published_time":"2024-11-24T10:21:55+00:00","og_image":[{"width":701,"height":438,"url":"https:\/\/elmawkie.dz\/fr\/wp-content\/uploads\/2024\/11\/IMG_5375.jpeg","type":"image\/jpeg"}],"author":"R\u00e9daction","twitter_card":"summary_large_image","twitter_misc":{"Written by":"R\u00e9daction","Est. reading time":"2 minutes"},"schema":{"@context":"https:\/\/schema.org","@graph":[{"@type":"Article","@id":"https:\/\/elmawkie.dz\/fr\/alger-journee-detude-sur-lentrepreneuriat-en-milieu-universitaire\/#article","isPartOf":{"@id":"https:\/\/elmawkie.dz\/fr\/alger-journee-detude-sur-lentrepreneuriat-en-milieu-universitaire\/"},"author":{"name":"R\u00e9daction","@id":"https:\/\/elmawkie.dz\/fr\/#\/schema\/person\/e7bd59d6467874ba5c4723d8a9f0a63c"},"headline":"Alger: Journ\u00e9e d&rsquo;\u00e9tude sur l&rsquo;entrepreneuriat en milieu universitaire","datePublished":"2024-11-24T10:21:55+00:00","dateModified":"2024-11-24T10:21:55+00:00","mainEntityOfPage":{"@id":"https:\/\/elmawkie.dz\/fr\/alger-journee-detude-sur-lentrepreneuriat-en-milieu-universitaire\/"},"wordCount":485,"commentCount":0,"publisher":{"@id":"https:\/\/elmawkie.dz\/fr\/#organization"},"image":{"@id":"https:\/\/elmawkie.dz\/fr\/alger-journee-detude-sur-lentrepreneuriat-en-milieu-universitaire\/#primaryimage"},"thumbnailUrl":"https:\/\/elmawkie.dz\/fr\/wp-content\/uploads\/2024\/11\/IMG_5375.jpeg","keywords":["alger","Journ\u00e9e d'\u00e9tude","l'entrepreneuriat","milieu universitaire"],"articleSection":["R\u00e9gion"],"inLanguage":"fr-FR","potentialAction":[{"@type":"CommentAction","name":"Comment","target":["https:\/\/elmawkie.dz\/fr\/alger-journee-detude-sur-lentrepreneuriat-en-milieu-universitaire\/#respond"]}]},{"@type":"WebPage","@id":"https:\/\/elmawkie.dz\/fr\/alger-journee-detude-sur-lentrepreneuriat-en-milieu-universitaire\/","url":"https:\/\/elmawkie.dz\/fr\/alger-journee-detude-sur-lentrepreneuriat-en-milieu-universitaire\/","name":"Alger: Journ\u00e9e d'\u00e9tude sur l'entrepreneuriat en milieu universitaire - El Mawkie","isPartOf":{"@id":"https:\/\/elmawkie.dz\/fr\/#website"},"primaryImageOfPage":{"@id":"https:\/\/elmawkie.dz\/fr\/alger-journee-detude-sur-lentrepreneuriat-en-milieu-universitaire\/#primaryimage"},"image":{"@id":"https:\/\/elmawkie.dz\/fr\/alger-journee-detude-sur-lentrepreneuriat-en-milieu-universitaire\/#primaryimage"},"thumbnailUrl":"https:\/\/elmawkie.dz\/fr\/wp-content\/uploads\/2024\/11\/IMG_5375.jpeg","datePublished":"2024-11-24T10:21:55+00:00","dateModified":"2024-11-24T10:21:55+00:00","breadcrumb":{"@id":"https:\/\/elmawkie.dz\/fr\/alger-journee-detude-sur-lentrepreneuriat-en-milieu-universitaire\/#breadcrumb"},"inLanguage":"fr-FR","potentialAction":[{"@type":"ReadAction","target":["https:\/\/elmawkie.dz\/fr\/alger-journee-detude-sur-lentrepreneuriat-en-milieu-universitaire\/"]}]},{"@type":"ImageObject","inLanguage":"fr-FR","@id":"https:\/\/elmawkie.dz\/fr\/alger-journee-detude-sur-lentrepreneuriat-en-milieu-universitaire\/#primaryimage","url":"https:\/\/elmawkie.dz\/fr\/wp-content\/uploads\/2024\/11\/IMG_5375.jpeg","contentUrl":"https:\/\/elmawkie.dz\/fr\/wp-content\/uploads\/2024\/11\/IMG_5375.jpeg","width":701,"height":438},{"@type":"BreadcrumbList","@id":"https:\/\/elmawkie.dz\/fr\/alger-journee-detude-sur-lentrepreneuriat-en-milieu-universitaire\/#breadcrumb","itemListElement":[{"@type":"ListItem","position":1,"name":"Home","item":"https:\/\/elmawkie.dz\/fr\/"},{"@type":"ListItem","position":2,"name":"Alger: Journ\u00e9e d&rsquo;\u00e9tude sur l&rsquo;entrepreneuriat en milieu universitaire"}]},{"@type":"WebSite","@id":"https:\/\/elmawkie.dz\/fr\/#website","url":"https:\/\/elmawkie.dz\/fr\/","name":"EL MAWKIE","description":"Journal \u00c9lectronique Alg\u00e9rien","publisher":{"@id":"https:\/\/elmawkie.dz\/fr\/#organization"},"potentialAction":[{"@type":"SearchAction","target":{"@type":"EntryPoint","urlTemplate":"https:\/\/elmawkie.dz\/fr\/?s={search_term_string}"},"query-input":"required name=search_term_string"}],"inLanguage":"fr-FR"},{"@type":"Organization","@id":"https:\/\/elmawkie.dz\/fr\/#organization","name":"EL MAWKIE","url":"https:\/\/elmawkie.dz\/fr\/","logo":{"@type":"ImageObject","inLanguage":"fr-FR","@id":"https:\/\/elmawkie.dz\/fr\/#\/schema\/logo\/image\/","url":"https:\/\/elmawkie.dz\/fr\/wp-content\/uploads\/2024\/05\/logo1.png","contentUrl":"https:\/\/elmawkie.dz\/fr\/wp-content\/uploads\/2024\/05\/logo1.png","width":1648,"height":652,"caption":"EL MAWKIE"},"image":{"@id":"https:\/\/elmawkie.dz\/fr\/#\/schema\/logo\/image\/"},"sameAs":["https:\/\/www.facebook.com\/profile.php?id=100088407094989&locale=fr_FR"]},{"@type":"Person","@id":"https:\/\/elmawkie.dz\/fr\/#\/schema\/person\/e7bd59d6467874ba5c4723d8a9f0a63c","name":"R\u00e9daction","image":{"@type":"ImageObject","inLanguage":"fr-FR","@id":"https:\/\/elmawkie.dz\/fr\/#\/schema\/person\/image\/","url":"https:\/\/secure.gravatar.com\/avatar\/f0f773456344da4d2788c054a3d30a0c?s=96&d=mm&r=g","contentUrl":"https:\/\/secure.gravatar.com\/avatar\/f0f773456344da4d2788c054a3d30a0c?s=96&d=mm&r=g","caption":"R\u00e9daction"},"url":"https:\/\/elmawkie.dz\/fr\/author\/redaction\/"}]}},"_links":{"self":[{"href":"https:\/\/elmawkie.dz\/fr\/wp-json\/wp\/v2\/posts\/6892","targetHints":{"allow":["GET"]}}],"collection":[{"href":"https:\/\/elmawkie.dz\/fr\/wp-json\/wp\/v2\/posts"}],"about":[{"href":"https:\/\/elmawkie.dz\/fr\/wp-json\/wp\/v2\/types\/post"}],"author":[{"embeddable":true,"href":"https:\/\/elmawkie.dz\/fr\/wp-json\/wp\/v2\/users\/9"}],"replies":[{"embeddable":true,"href":"https:\/\/elmawkie.dz\/fr\/wp-json\/wp\/v2\/comments?post=6892"}],"version-history":[{"count":0,"href":"https:\/\/elmawkie.dz\/fr\/wp-json\/wp\/v2\/posts\/6892\/revisions"}],"wp:featuredmedia":[{"embeddable":true,"href":"https:\/\/elmawkie.dz\/fr\/wp-json\/wp\/v2\/media\/6893"}],"wp:attachment":[{"href":"https:\/\/elmawkie.dz\/fr\/wp-json\/wp\/v2\/media?parent=6892"}],"wp:term":[{"taxonomy":"category","embeddable":true,"href":"https:\/\/elmawkie.dz\/fr\/wp-json\/wp\/v2\/categories?post=6892"},{"taxonomy":"post_tag","embeddable":true,"href":"https:\/\/elmawkie.dz\/fr\/wp-json\/wp\/v2\/tags?post=6892"}],"curies":[{"name":"wp","href":"https:\/\/api.w.org\/{rel}","templated":true}]}}