{"id":6886,"date":"2024-11-24T08:59:30","date_gmt":"2024-11-24T07:59:30","guid":{"rendered":"https:\/\/elmawkie.dz\/fr\/?p=6886"},"modified":"2024-11-24T09:50:27","modified_gmt":"2024-11-24T08:50:27","slug":"tunisie-ouverture-des-journees-theatrales-de-carthage","status":"publish","type":"post","link":"https:\/\/elmawkie.dz\/fr\/tunisie-ouverture-des-journees-theatrales-de-carthage\/","title":{"rendered":"Tunisie : ouverture des Journ\u00e9es Th\u00e9\u00e2trales de Carthage"},"content":{"rendered":"<p><strong><em>La 25\u00e8me \u00e9dition des Journ\u00e9es Th\u00e9\u00e2trales de Carthage (JTC) a \u00e9t\u00e9 ouverte, samedi soir, au cours d&rsquo;une c\u00e9r\u00e9monie officielle organis\u00e9e, au Th\u00e9\u00e2tre municipal de Tunis. Organis\u00e9 sous l&rsquo;\u00e9gide du minist\u00e8re des Affaires culturelles, le festival des JTC est un rendez-vous annuel d&rsquo;envergure arabe et africaine, ouvert sur le th\u00e9\u00e2tre dans le reste du monde. Les questions humanitaires sont au c\u0153ur de cette \u00e9dition ayant pour slogan \u00ab\u00a0Le th\u00e9\u00e2tre de toutes les r\u00e9sistances&#8230; l&rsquo;art de la vie\u00a0\u00bb. La guerre dans les Territoires palestiniens occup\u00e9es et notamment dans la Bande Ghaza ainsi qu&rsquo;au Liban sud sont au c\u0153ur de la programmation. Dans ce contexte, la soir\u00e9e a \u00e9t\u00e9 marqu\u00e9e par une prestation de l&rsquo;artiste guitariste et compositeur palestinien Shadi Zaqtan. Organis\u00e9 du 23 au 30 novembre 2024, \u00e0 Tunis, le festival des JTC 2024 pr\u00e9sente une s\u00e9lection de 125 spectacles issus de 32 pays arabes, africains et d&rsquo;ailleurs. 12 spectacles sont dans la comp\u00e9tition officielle, exclusivement destin\u00e9e aux structures th\u00e9\u00e2trales professionnelles, arabes et africaines. Le th\u00e9\u00e2tre syrien, la cause palestinienne et la guerre contre la Bande de Ghaza et le Liban sont au c\u0153ur de la programmation des JTC 2024 pour une semaine riche en spectacles et autres rendez-vous autour du th\u00e9\u00e2tre arabe et africain.<\/em><\/strong><\/p>\n","protected":false},"excerpt":{"rendered":"<p>La 25\u00e8me \u00e9dition des Journ\u00e9es Th\u00e9\u00e2trales de Carthage (JTC) a \u00e9t\u00e9 ouverte, samedi soir, au cours d&rsquo;une c\u00e9r\u00e9monie officielle organis\u00e9e, au Th\u00e9\u00e2tre municipal de Tunis. Organis\u00e9 sous l&rsquo;\u00e9gide du minist\u00e8re des Affaires culturelles, le festival des JTC est un rendez-vous annuel d&rsquo;envergure arabe et africaine, ouvert sur le th\u00e9\u00e2tre dans le reste du monde. Les &hellip;<\/p>\n","protected":false},"author":9,"featured_media":6887,"comment_status":"open","ping_status":"open","sticky":false,"template":"","format":"standard","meta":{"footnotes":""},"categories":[44],"tags":[1514,1513,135],"class_list":["post-6886","post","type-post","status-publish","format-standard","has-post-thumbnail","hentry","category-international","tag-carthage","tag-des-journees-theatrales","tag-tunisie"],"yoast_head":"<!-- This site is optimized with the Yoast SEO Premium plugin v22.6 (Yoast SEO v22.6) - https:\/\/yoast.com\/wordpress\/plugins\/seo\/ -->\n<title>Tunisie : ouverture des Journ\u00e9es Th\u00e9\u00e2trales de Carthage - El Mawkie<\/title>\n<meta name=\"robots\" content=\"index, follow, max-snippet:-1, max-image-preview:large, max-video-preview:-1\" \/>\n<link rel=\"canonical\" href=\"https:\/\/elmawkie.dz\/fr\/tunisie-ouverture-des-journees-theatrales-de-carthage\/\" \/>\n<meta property=\"og:locale\" content=\"fr_FR\" \/>\n<meta property=\"og:type\" content=\"article\" \/>\n<meta property=\"og:title\" content=\"Tunisie : ouverture des Journ\u00e9es Th\u00e9\u00e2trales de Carthage\" \/>\n<meta property=\"og:description\" content=\"La 25\u00e8me \u00e9dition des Journ\u00e9es Th\u00e9\u00e2trales de Carthage (JTC) a \u00e9t\u00e9 ouverte, samedi soir, au cours d&rsquo;une c\u00e9r\u00e9monie officielle organis\u00e9e, au Th\u00e9\u00e2tre municipal de Tunis. Organis\u00e9 sous l&rsquo;\u00e9gide du minist\u00e8re des Affaires culturelles, le festival des JTC est un rendez-vous annuel d&rsquo;envergure arabe et africaine, ouvert sur le th\u00e9\u00e2tre dans le reste du monde. Les &hellip;\" \/>\n<meta property=\"og:url\" content=\"https:\/\/elmawkie.dz\/fr\/tunisie-ouverture-des-journees-theatrales-de-carthage\/\" \/>\n<meta property=\"og:site_name\" content=\"El Mawkie\" \/>\n<meta property=\"article:publisher\" content=\"https:\/\/www.facebook.com\/profile.php?id=100088407094989&amp;locale=fr_FR\" \/>\n<meta property=\"article:published_time\" content=\"2024-11-24T07:59:30+00:00\" \/>\n<meta property=\"article:modified_time\" content=\"2024-11-24T08:50:27+00:00\" \/>\n<meta property=\"og:image\" content=\"https:\/\/elmawkie.dz\/fr\/wp-content\/uploads\/2024\/11\/IMG_5364.jpeg\" \/>\n\t<meta property=\"og:image:width\" content=\"448\" \/>\n\t<meta property=\"og:image:height\" content=\"242\" \/>\n\t<meta property=\"og:image:type\" content=\"image\/jpeg\" \/>\n<meta name=\"author\" content=\"R\u00e9daction\" \/>\n<meta name=\"twitter:card\" content=\"summary_large_image\" \/>\n<meta name=\"twitter:label1\" content=\"Written by\" \/>\n\t<meta name=\"twitter:data1\" content=\"R\u00e9daction\" \/>\n\t<meta name=\"twitter:label2\" content=\"Est. reading time\" \/>\n\t<meta name=\"twitter:data2\" content=\"1 minute\" \/>\n<script type=\"application\/ld+json\" class=\"yoast-schema-graph\">{\"@context\":\"https:\/\/schema.org\",\"@graph\":[{\"@type\":\"Article\",\"@id\":\"https:\/\/elmawkie.dz\/fr\/tunisie-ouverture-des-journees-theatrales-de-carthage\/#article\",\"isPartOf\":{\"@id\":\"https:\/\/elmawkie.dz\/fr\/tunisie-ouverture-des-journees-theatrales-de-carthage\/\"},\"author\":{\"name\":\"R\u00e9daction\",\"@id\":\"https:\/\/elmawkie.dz\/fr\/#\/schema\/person\/e7bd59d6467874ba5c4723d8a9f0a63c\"},\"headline\":\"Tunisie : ouverture des Journ\u00e9es Th\u00e9\u00e2trales de Carthage\",\"datePublished\":\"2024-11-24T07:59:30+00:00\",\"dateModified\":\"2024-11-24T08:50:27+00:00\",\"mainEntityOfPage\":{\"@id\":\"https:\/\/elmawkie.dz\/fr\/tunisie-ouverture-des-journees-theatrales-de-carthage\/\"},\"wordCount\":233,\"commentCount\":0,\"publisher\":{\"@id\":\"https:\/\/elmawkie.dz\/fr\/#organization\"},\"image\":{\"@id\":\"https:\/\/elmawkie.dz\/fr\/tunisie-ouverture-des-journees-theatrales-de-carthage\/#primaryimage\"},\"thumbnailUrl\":\"https:\/\/elmawkie.dz\/fr\/wp-content\/uploads\/2024\/11\/IMG_5364.jpeg\",\"keywords\":[\"Carthage\",\"des Journ\u00e9es Th\u00e9\u00e2trales\",\"Tunisie\"],\"articleSection\":[\"International\"],\"inLanguage\":\"fr-FR\",\"potentialAction\":[{\"@type\":\"CommentAction\",\"name\":\"Comment\",\"target\":[\"https:\/\/elmawkie.dz\/fr\/tunisie-ouverture-des-journees-theatrales-de-carthage\/#respond\"]}]},{\"@type\":\"WebPage\",\"@id\":\"https:\/\/elmawkie.dz\/fr\/tunisie-ouverture-des-journees-theatrales-de-carthage\/\",\"url\":\"https:\/\/elmawkie.dz\/fr\/tunisie-ouverture-des-journees-theatrales-de-carthage\/\",\"name\":\"Tunisie : ouverture des Journ\u00e9es Th\u00e9\u00e2trales de Carthage - El Mawkie\",\"isPartOf\":{\"@id\":\"https:\/\/elmawkie.dz\/fr\/#website\"},\"primaryImageOfPage\":{\"@id\":\"https:\/\/elmawkie.dz\/fr\/tunisie-ouverture-des-journees-theatrales-de-carthage\/#primaryimage\"},\"image\":{\"@id\":\"https:\/\/elmawkie.dz\/fr\/tunisie-ouverture-des-journees-theatrales-de-carthage\/#primaryimage\"},\"thumbnailUrl\":\"https:\/\/elmawkie.dz\/fr\/wp-content\/uploads\/2024\/11\/IMG_5364.jpeg\",\"datePublished\":\"2024-11-24T07:59:30+00:00\",\"dateModified\":\"2024-11-24T08:50:27+00:00\",\"breadcrumb\":{\"@id\":\"https:\/\/elmawkie.dz\/fr\/tunisie-ouverture-des-journees-theatrales-de-carthage\/#breadcrumb\"},\"inLanguage\":\"fr-FR\",\"potentialAction\":[{\"@type\":\"ReadAction\",\"target\":[\"https:\/\/elmawkie.dz\/fr\/tunisie-ouverture-des-journees-theatrales-de-carthage\/\"]}]},{\"@type\":\"ImageObject\",\"inLanguage\":\"fr-FR\",\"@id\":\"https:\/\/elmawkie.dz\/fr\/tunisie-ouverture-des-journees-theatrales-de-carthage\/#primaryimage\",\"url\":\"https:\/\/elmawkie.dz\/fr\/wp-content\/uploads\/2024\/11\/IMG_5364.jpeg\",\"contentUrl\":\"https:\/\/elmawkie.dz\/fr\/wp-content\/uploads\/2024\/11\/IMG_5364.jpeg\",\"width\":448,\"height\":242},{\"@type\":\"BreadcrumbList\",\"@id\":\"https:\/\/elmawkie.dz\/fr\/tunisie-ouverture-des-journees-theatrales-de-carthage\/#breadcrumb\",\"itemListElement\":[{\"@type\":\"ListItem\",\"position\":1,\"name\":\"Home\",\"item\":\"https:\/\/elmawkie.dz\/fr\/\"},{\"@type\":\"ListItem\",\"position\":2,\"name\":\"Tunisie : ouverture des Journ\u00e9es Th\u00e9\u00e2trales de Carthage\"}]},{\"@type\":\"WebSite\",\"@id\":\"https:\/\/elmawkie.dz\/fr\/#website\",\"url\":\"https:\/\/elmawkie.dz\/fr\/\",\"name\":\"EL MAWKIE\",\"description\":\"Journal \u00c9lectronique Alg\u00e9rien\",\"publisher\":{\"@id\":\"https:\/\/elmawkie.dz\/fr\/#organization\"},\"potentialAction\":[{\"@type\":\"SearchAction\",\"target\":{\"@type\":\"EntryPoint\",\"urlTemplate\":\"https:\/\/elmawkie.dz\/fr\/?s={search_term_string}\"},\"query-input\":\"required name=search_term_string\"}],\"inLanguage\":\"fr-FR\"},{\"@type\":\"Organization\",\"@id\":\"https:\/\/elmawkie.dz\/fr\/#organization\",\"name\":\"EL MAWKIE\",\"url\":\"https:\/\/elmawkie.dz\/fr\/\",\"logo\":{\"@type\":\"ImageObject\",\"inLanguage\":\"fr-FR\",\"@id\":\"https:\/\/elmawkie.dz\/fr\/#\/schema\/logo\/image\/\",\"url\":\"https:\/\/elmawkie.dz\/fr\/wp-content\/uploads\/2024\/05\/logo1.png\",\"contentUrl\":\"https:\/\/elmawkie.dz\/fr\/wp-content\/uploads\/2024\/05\/logo1.png\",\"width\":1648,\"height\":652,\"caption\":\"EL MAWKIE\"},\"image\":{\"@id\":\"https:\/\/elmawkie.dz\/fr\/#\/schema\/logo\/image\/\"},\"sameAs\":[\"https:\/\/www.facebook.com\/profile.php?id=100088407094989&locale=fr_FR\"]},{\"@type\":\"Person\",\"@id\":\"https:\/\/elmawkie.dz\/fr\/#\/schema\/person\/e7bd59d6467874ba5c4723d8a9f0a63c\",\"name\":\"R\u00e9daction\",\"image\":{\"@type\":\"ImageObject\",\"inLanguage\":\"fr-FR\",\"@id\":\"https:\/\/elmawkie.dz\/fr\/#\/schema\/person\/image\/\",\"url\":\"https:\/\/secure.gravatar.com\/avatar\/f0f773456344da4d2788c054a3d30a0c?s=96&d=mm&r=g\",\"contentUrl\":\"https:\/\/secure.gravatar.com\/avatar\/f0f773456344da4d2788c054a3d30a0c?s=96&d=mm&r=g\",\"caption\":\"R\u00e9daction\"},\"url\":\"https:\/\/elmawkie.dz\/fr\/author\/redaction\/\"}]}<\/script>\n<!-- \/ Yoast SEO Premium plugin. -->","yoast_head_json":{"title":"Tunisie : ouverture des Journ\u00e9es Th\u00e9\u00e2trales de Carthage - El Mawkie","robots":{"index":"index","follow":"follow","max-snippet":"max-snippet:-1","max-image-preview":"max-image-preview:large","max-video-preview":"max-video-preview:-1"},"canonical":"https:\/\/elmawkie.dz\/fr\/tunisie-ouverture-des-journees-theatrales-de-carthage\/","og_locale":"fr_FR","og_type":"article","og_title":"Tunisie : ouverture des Journ\u00e9es Th\u00e9\u00e2trales de Carthage","og_description":"La 25\u00e8me \u00e9dition des Journ\u00e9es Th\u00e9\u00e2trales de Carthage (JTC) a \u00e9t\u00e9 ouverte, samedi soir, au cours d&rsquo;une c\u00e9r\u00e9monie officielle organis\u00e9e, au Th\u00e9\u00e2tre municipal de Tunis. Organis\u00e9 sous l&rsquo;\u00e9gide du minist\u00e8re des Affaires culturelles, le festival des JTC est un rendez-vous annuel d&rsquo;envergure arabe et africaine, ouvert sur le th\u00e9\u00e2tre dans le reste du monde. Les &hellip;","og_url":"https:\/\/elmawkie.dz\/fr\/tunisie-ouverture-des-journees-theatrales-de-carthage\/","og_site_name":"El Mawkie","article_publisher":"https:\/\/www.facebook.com\/profile.php?id=100088407094989&locale=fr_FR","article_published_time":"2024-11-24T07:59:30+00:00","article_modified_time":"2024-11-24T08:50:27+00:00","og_image":[{"width":448,"height":242,"url":"https:\/\/elmawkie.dz\/fr\/wp-content\/uploads\/2024\/11\/IMG_5364.jpeg","type":"image\/jpeg"}],"author":"R\u00e9daction","twitter_card":"summary_large_image","twitter_misc":{"Written by":"R\u00e9daction","Est. reading time":"1 minute"},"schema":{"@context":"https:\/\/schema.org","@graph":[{"@type":"Article","@id":"https:\/\/elmawkie.dz\/fr\/tunisie-ouverture-des-journees-theatrales-de-carthage\/#article","isPartOf":{"@id":"https:\/\/elmawkie.dz\/fr\/tunisie-ouverture-des-journees-theatrales-de-carthage\/"},"author":{"name":"R\u00e9daction","@id":"https:\/\/elmawkie.dz\/fr\/#\/schema\/person\/e7bd59d6467874ba5c4723d8a9f0a63c"},"headline":"Tunisie : ouverture des Journ\u00e9es Th\u00e9\u00e2trales de Carthage","datePublished":"2024-11-24T07:59:30+00:00","dateModified":"2024-11-24T08:50:27+00:00","mainEntityOfPage":{"@id":"https:\/\/elmawkie.dz\/fr\/tunisie-ouverture-des-journees-theatrales-de-carthage\/"},"wordCount":233,"commentCount":0,"publisher":{"@id":"https:\/\/elmawkie.dz\/fr\/#organization"},"image":{"@id":"https:\/\/elmawkie.dz\/fr\/tunisie-ouverture-des-journees-theatrales-de-carthage\/#primaryimage"},"thumbnailUrl":"https:\/\/elmawkie.dz\/fr\/wp-content\/uploads\/2024\/11\/IMG_5364.jpeg","keywords":["Carthage","des Journ\u00e9es Th\u00e9\u00e2trales","Tunisie"],"articleSection":["International"],"inLanguage":"fr-FR","potentialAction":[{"@type":"CommentAction","name":"Comment","target":["https:\/\/elmawkie.dz\/fr\/tunisie-ouverture-des-journees-theatrales-de-carthage\/#respond"]}]},{"@type":"WebPage","@id":"https:\/\/elmawkie.dz\/fr\/tunisie-ouverture-des-journees-theatrales-de-carthage\/","url":"https:\/\/elmawkie.dz\/fr\/tunisie-ouverture-des-journees-theatrales-de-carthage\/","name":"Tunisie : ouverture des Journ\u00e9es Th\u00e9\u00e2trales de Carthage - El Mawkie","isPartOf":{"@id":"https:\/\/elmawkie.dz\/fr\/#website"},"primaryImageOfPage":{"@id":"https:\/\/elmawkie.dz\/fr\/tunisie-ouverture-des-journees-theatrales-de-carthage\/#primaryimage"},"image":{"@id":"https:\/\/elmawkie.dz\/fr\/tunisie-ouverture-des-journees-theatrales-de-carthage\/#primaryimage"},"thumbnailUrl":"https:\/\/elmawkie.dz\/fr\/wp-content\/uploads\/2024\/11\/IMG_5364.jpeg","datePublished":"2024-11-24T07:59:30+00:00","dateModified":"2024-11-24T08:50:27+00:00","breadcrumb":{"@id":"https:\/\/elmawkie.dz\/fr\/tunisie-ouverture-des-journees-theatrales-de-carthage\/#breadcrumb"},"inLanguage":"fr-FR","potentialAction":[{"@type":"ReadAction","target":["https:\/\/elmawkie.dz\/fr\/tunisie-ouverture-des-journees-theatrales-de-carthage\/"]}]},{"@type":"ImageObject","inLanguage":"fr-FR","@id":"https:\/\/elmawkie.dz\/fr\/tunisie-ouverture-des-journees-theatrales-de-carthage\/#primaryimage","url":"https:\/\/elmawkie.dz\/fr\/wp-content\/uploads\/2024\/11\/IMG_5364.jpeg","contentUrl":"https:\/\/elmawkie.dz\/fr\/wp-content\/uploads\/2024\/11\/IMG_5364.jpeg","width":448,"height":242},{"@type":"BreadcrumbList","@id":"https:\/\/elmawkie.dz\/fr\/tunisie-ouverture-des-journees-theatrales-de-carthage\/#breadcrumb","itemListElement":[{"@type":"ListItem","position":1,"name":"Home","item":"https:\/\/elmawkie.dz\/fr\/"},{"@type":"ListItem","position":2,"name":"Tunisie : ouverture des Journ\u00e9es Th\u00e9\u00e2trales de Carthage"}]},{"@type":"WebSite","@id":"https:\/\/elmawkie.dz\/fr\/#website","url":"https:\/\/elmawkie.dz\/fr\/","name":"EL MAWKIE","description":"Journal \u00c9lectronique Alg\u00e9rien","publisher":{"@id":"https:\/\/elmawkie.dz\/fr\/#organization"},"potentialAction":[{"@type":"SearchAction","target":{"@type":"EntryPoint","urlTemplate":"https:\/\/elmawkie.dz\/fr\/?s={search_term_string}"},"query-input":"required name=search_term_string"}],"inLanguage":"fr-FR"},{"@type":"Organization","@id":"https:\/\/elmawkie.dz\/fr\/#organization","name":"EL MAWKIE","url":"https:\/\/elmawkie.dz\/fr\/","logo":{"@type":"ImageObject","inLanguage":"fr-FR","@id":"https:\/\/elmawkie.dz\/fr\/#\/schema\/logo\/image\/","url":"https:\/\/elmawkie.dz\/fr\/wp-content\/uploads\/2024\/05\/logo1.png","contentUrl":"https:\/\/elmawkie.dz\/fr\/wp-content\/uploads\/2024\/05\/logo1.png","width":1648,"height":652,"caption":"EL MAWKIE"},"image":{"@id":"https:\/\/elmawkie.dz\/fr\/#\/schema\/logo\/image\/"},"sameAs":["https:\/\/www.facebook.com\/profile.php?id=100088407094989&locale=fr_FR"]},{"@type":"Person","@id":"https:\/\/elmawkie.dz\/fr\/#\/schema\/person\/e7bd59d6467874ba5c4723d8a9f0a63c","name":"R\u00e9daction","image":{"@type":"ImageObject","inLanguage":"fr-FR","@id":"https:\/\/elmawkie.dz\/fr\/#\/schema\/person\/image\/","url":"https:\/\/secure.gravatar.com\/avatar\/f0f773456344da4d2788c054a3d30a0c?s=96&d=mm&r=g","contentUrl":"https:\/\/secure.gravatar.com\/avatar\/f0f773456344da4d2788c054a3d30a0c?s=96&d=mm&r=g","caption":"R\u00e9daction"},"url":"https:\/\/elmawkie.dz\/fr\/author\/redaction\/"}]}},"_links":{"self":[{"href":"https:\/\/elmawkie.dz\/fr\/wp-json\/wp\/v2\/posts\/6886","targetHints":{"allow":["GET"]}}],"collection":[{"href":"https:\/\/elmawkie.dz\/fr\/wp-json\/wp\/v2\/posts"}],"about":[{"href":"https:\/\/elmawkie.dz\/fr\/wp-json\/wp\/v2\/types\/post"}],"author":[{"embeddable":true,"href":"https:\/\/elmawkie.dz\/fr\/wp-json\/wp\/v2\/users\/9"}],"replies":[{"embeddable":true,"href":"https:\/\/elmawkie.dz\/fr\/wp-json\/wp\/v2\/comments?post=6886"}],"version-history":[{"count":0,"href":"https:\/\/elmawkie.dz\/fr\/wp-json\/wp\/v2\/posts\/6886\/revisions"}],"wp:featuredmedia":[{"embeddable":true,"href":"https:\/\/elmawkie.dz\/fr\/wp-json\/wp\/v2\/media\/6887"}],"wp:attachment":[{"href":"https:\/\/elmawkie.dz\/fr\/wp-json\/wp\/v2\/media?parent=6886"}],"wp:term":[{"taxonomy":"category","embeddable":true,"href":"https:\/\/elmawkie.dz\/fr\/wp-json\/wp\/v2\/categories?post=6886"},{"taxonomy":"post_tag","embeddable":true,"href":"https:\/\/elmawkie.dz\/fr\/wp-json\/wp\/v2\/tags?post=6886"}],"curies":[{"name":"wp","href":"https:\/\/api.w.org\/{rel}","templated":true}]}}