{"id":6883,"date":"2024-11-24T08:53:58","date_gmt":"2024-11-24T07:53:58","guid":{"rendered":"https:\/\/elmawkie.dz\/fr\/?p=6883"},"modified":"2024-11-24T09:49:58","modified_gmt":"2024-11-24T08:49:58","slug":"cop29-le-projet-final-daccord-prevoit-au-moins-300-milliards-de-dollars-par-an-pour-les-pays-pauvres","status":"publish","type":"post","link":"https:\/\/elmawkie.dz\/fr\/cop29-le-projet-final-daccord-prevoit-au-moins-300-milliards-de-dollars-par-an-pour-les-pays-pauvres\/","title":{"rendered":"COP29: Le projet final d&rsquo;accord pr\u00e9voit \u00ab\u00a0au moins\u00a0\u00bb 300 milliards de dollars par an pour les pays pauvres"},"content":{"rendered":"<p><strong><em>La pr\u00e9sidence azerba\u00efdjanaise de la COP29 a publi\u00e9 dimanche le projet d&rsquo;accord final sur le financement climatique qui sera soumis pour approbation dans la nuit aux pr\u00e8s de 200 pays r\u00e9unis en prolongation \u00e0 Bakou. Ce texte, \u00e2prement n\u00e9goci\u00e9 ces derni\u00e8res 24 heures, fixe \u00e0 \u00ab\u00a0au moins\u00a0\u00bb 300 milliards de dollars par an d&rsquo;ici 2035 la contribution des Etats d\u00e9velopp\u00e9s \u00e0 la finance climatique pour les pays en d\u00e9veloppement. Les contributions des autres pays, dont ceux du Golfe ou de la Chine, resteront sur une base \u00ab\u00a0volontaire\u00a0\u00bb, pr\u00e9cise ce texte. <\/em><\/strong><\/p>\n","protected":false},"excerpt":{"rendered":"<p>La pr\u00e9sidence azerba\u00efdjanaise de la COP29 a publi\u00e9 dimanche le projet d&rsquo;accord final sur le financement climatique qui sera soumis pour approbation dans la nuit aux pr\u00e8s de 200 pays r\u00e9unis en prolongation \u00e0 Bakou. Ce texte, \u00e2prement n\u00e9goci\u00e9 ces derni\u00e8res 24 heures, fixe \u00e0 \u00ab\u00a0au moins\u00a0\u00bb 300 milliards de dollars par an d&rsquo;ici 2035 &hellip;<\/p>\n","protected":false},"author":9,"featured_media":6884,"comment_status":"open","ping_status":"open","sticky":false,"template":"","format":"standard","meta":{"footnotes":""},"categories":[44],"tags":[1512,1510,1511],"class_list":["post-6883","post","type-post","status-publish","format-standard","has-post-thumbnail","hentry","category-international","tag-300-milliards-de-dollars","tag-cop29","tag-les-pays-pauvres"],"yoast_head":"<!-- This site is optimized with the Yoast SEO Premium plugin v22.6 (Yoast SEO v22.6) - https:\/\/yoast.com\/wordpress\/plugins\/seo\/ -->\n<title>COP29: Le projet final d&#039;accord pr\u00e9voit &quot;au moins&quot; 300 milliards de dollars par an pour les pays pauvres - El Mawkie<\/title>\n<meta name=\"robots\" content=\"index, follow, max-snippet:-1, max-image-preview:large, max-video-preview:-1\" \/>\n<link rel=\"canonical\" href=\"https:\/\/elmawkie.dz\/fr\/cop29-le-projet-final-daccord-prevoit-au-moins-300-milliards-de-dollars-par-an-pour-les-pays-pauvres\/\" \/>\n<meta property=\"og:locale\" content=\"fr_FR\" \/>\n<meta property=\"og:type\" content=\"article\" \/>\n<meta property=\"og:title\" content=\"COP29: Le projet final d&#039;accord pr\u00e9voit &quot;au moins&quot; 300 milliards de dollars par an pour les pays pauvres\" \/>\n<meta property=\"og:description\" content=\"La pr\u00e9sidence azerba\u00efdjanaise de la COP29 a publi\u00e9 dimanche le projet d&rsquo;accord final sur le financement climatique qui sera soumis pour approbation dans la nuit aux pr\u00e8s de 200 pays r\u00e9unis en prolongation \u00e0 Bakou. Ce texte, \u00e2prement n\u00e9goci\u00e9 ces derni\u00e8res 24 heures, fixe \u00e0 \u00ab\u00a0au moins\u00a0\u00bb 300 milliards de dollars par an d&rsquo;ici 2035 &hellip;\" \/>\n<meta property=\"og:url\" content=\"https:\/\/elmawkie.dz\/fr\/cop29-le-projet-final-daccord-prevoit-au-moins-300-milliards-de-dollars-par-an-pour-les-pays-pauvres\/\" \/>\n<meta property=\"og:site_name\" content=\"El Mawkie\" \/>\n<meta property=\"article:publisher\" content=\"https:\/\/www.facebook.com\/profile.php?id=100088407094989&amp;locale=fr_FR\" \/>\n<meta property=\"article:published_time\" content=\"2024-11-24T07:53:58+00:00\" \/>\n<meta property=\"article:modified_time\" content=\"2024-11-24T08:49:58+00:00\" \/>\n<meta property=\"og:image\" content=\"https:\/\/elmawkie.dz\/fr\/wp-content\/uploads\/2024\/11\/IMG_5362.jpeg\" \/>\n\t<meta property=\"og:image:width\" content=\"292\" \/>\n\t<meta property=\"og:image:height\" content=\"172\" \/>\n\t<meta property=\"og:image:type\" content=\"image\/jpeg\" \/>\n<meta name=\"author\" content=\"R\u00e9daction\" \/>\n<meta name=\"twitter:card\" content=\"summary_large_image\" \/>\n<meta name=\"twitter:label1\" content=\"Written by\" \/>\n\t<meta name=\"twitter:data1\" content=\"R\u00e9daction\" \/>\n<script type=\"application\/ld+json\" class=\"yoast-schema-graph\">{\"@context\":\"https:\/\/schema.org\",\"@graph\":[{\"@type\":\"Article\",\"@id\":\"https:\/\/elmawkie.dz\/fr\/cop29-le-projet-final-daccord-prevoit-au-moins-300-milliards-de-dollars-par-an-pour-les-pays-pauvres\/#article\",\"isPartOf\":{\"@id\":\"https:\/\/elmawkie.dz\/fr\/cop29-le-projet-final-daccord-prevoit-au-moins-300-milliards-de-dollars-par-an-pour-les-pays-pauvres\/\"},\"author\":{\"name\":\"R\u00e9daction\",\"@id\":\"https:\/\/elmawkie.dz\/fr\/#\/schema\/person\/e7bd59d6467874ba5c4723d8a9f0a63c\"},\"headline\":\"COP29: Le projet final d&rsquo;accord pr\u00e9voit \u00ab\u00a0au moins\u00a0\u00bb 300 milliards de dollars par an pour les pays pauvres\",\"datePublished\":\"2024-11-24T07:53:58+00:00\",\"dateModified\":\"2024-11-24T08:49:58+00:00\",\"mainEntityOfPage\":{\"@id\":\"https:\/\/elmawkie.dz\/fr\/cop29-le-projet-final-daccord-prevoit-au-moins-300-milliards-de-dollars-par-an-pour-les-pays-pauvres\/\"},\"wordCount\":114,\"commentCount\":0,\"publisher\":{\"@id\":\"https:\/\/elmawkie.dz\/fr\/#organization\"},\"image\":{\"@id\":\"https:\/\/elmawkie.dz\/fr\/cop29-le-projet-final-daccord-prevoit-au-moins-300-milliards-de-dollars-par-an-pour-les-pays-pauvres\/#primaryimage\"},\"thumbnailUrl\":\"https:\/\/elmawkie.dz\/fr\/wp-content\/uploads\/2024\/11\/IMG_5362.jpeg\",\"keywords\":[\"300 milliards de dollars\",\"COP29\",\"les pays pauvres\"],\"articleSection\":[\"International\"],\"inLanguage\":\"fr-FR\",\"potentialAction\":[{\"@type\":\"CommentAction\",\"name\":\"Comment\",\"target\":[\"https:\/\/elmawkie.dz\/fr\/cop29-le-projet-final-daccord-prevoit-au-moins-300-milliards-de-dollars-par-an-pour-les-pays-pauvres\/#respond\"]}]},{\"@type\":\"WebPage\",\"@id\":\"https:\/\/elmawkie.dz\/fr\/cop29-le-projet-final-daccord-prevoit-au-moins-300-milliards-de-dollars-par-an-pour-les-pays-pauvres\/\",\"url\":\"https:\/\/elmawkie.dz\/fr\/cop29-le-projet-final-daccord-prevoit-au-moins-300-milliards-de-dollars-par-an-pour-les-pays-pauvres\/\",\"name\":\"COP29: Le projet final d'accord pr\u00e9voit \\\"au moins\\\" 300 milliards de dollars par an pour les pays pauvres - El Mawkie\",\"isPartOf\":{\"@id\":\"https:\/\/elmawkie.dz\/fr\/#website\"},\"primaryImageOfPage\":{\"@id\":\"https:\/\/elmawkie.dz\/fr\/cop29-le-projet-final-daccord-prevoit-au-moins-300-milliards-de-dollars-par-an-pour-les-pays-pauvres\/#primaryimage\"},\"image\":{\"@id\":\"https:\/\/elmawkie.dz\/fr\/cop29-le-projet-final-daccord-prevoit-au-moins-300-milliards-de-dollars-par-an-pour-les-pays-pauvres\/#primaryimage\"},\"thumbnailUrl\":\"https:\/\/elmawkie.dz\/fr\/wp-content\/uploads\/2024\/11\/IMG_5362.jpeg\",\"datePublished\":\"2024-11-24T07:53:58+00:00\",\"dateModified\":\"2024-11-24T08:49:58+00:00\",\"breadcrumb\":{\"@id\":\"https:\/\/elmawkie.dz\/fr\/cop29-le-projet-final-daccord-prevoit-au-moins-300-milliards-de-dollars-par-an-pour-les-pays-pauvres\/#breadcrumb\"},\"inLanguage\":\"fr-FR\",\"potentialAction\":[{\"@type\":\"ReadAction\",\"target\":[\"https:\/\/elmawkie.dz\/fr\/cop29-le-projet-final-daccord-prevoit-au-moins-300-milliards-de-dollars-par-an-pour-les-pays-pauvres\/\"]}]},{\"@type\":\"ImageObject\",\"inLanguage\":\"fr-FR\",\"@id\":\"https:\/\/elmawkie.dz\/fr\/cop29-le-projet-final-daccord-prevoit-au-moins-300-milliards-de-dollars-par-an-pour-les-pays-pauvres\/#primaryimage\",\"url\":\"https:\/\/elmawkie.dz\/fr\/wp-content\/uploads\/2024\/11\/IMG_5362.jpeg\",\"contentUrl\":\"https:\/\/elmawkie.dz\/fr\/wp-content\/uploads\/2024\/11\/IMG_5362.jpeg\",\"width\":292,\"height\":172},{\"@type\":\"BreadcrumbList\",\"@id\":\"https:\/\/elmawkie.dz\/fr\/cop29-le-projet-final-daccord-prevoit-au-moins-300-milliards-de-dollars-par-an-pour-les-pays-pauvres\/#breadcrumb\",\"itemListElement\":[{\"@type\":\"ListItem\",\"position\":1,\"name\":\"Home\",\"item\":\"https:\/\/elmawkie.dz\/fr\/\"},{\"@type\":\"ListItem\",\"position\":2,\"name\":\"COP29: Le projet final d&rsquo;accord pr\u00e9voit \u00ab\u00a0au moins\u00a0\u00bb 300 milliards de dollars par an pour les pays pauvres\"}]},{\"@type\":\"WebSite\",\"@id\":\"https:\/\/elmawkie.dz\/fr\/#website\",\"url\":\"https:\/\/elmawkie.dz\/fr\/\",\"name\":\"EL MAWKIE\",\"description\":\"Journal \u00c9lectronique Alg\u00e9rien\",\"publisher\":{\"@id\":\"https:\/\/elmawkie.dz\/fr\/#organization\"},\"potentialAction\":[{\"@type\":\"SearchAction\",\"target\":{\"@type\":\"EntryPoint\",\"urlTemplate\":\"https:\/\/elmawkie.dz\/fr\/?s={search_term_string}\"},\"query-input\":\"required name=search_term_string\"}],\"inLanguage\":\"fr-FR\"},{\"@type\":\"Organization\",\"@id\":\"https:\/\/elmawkie.dz\/fr\/#organization\",\"name\":\"EL MAWKIE\",\"url\":\"https:\/\/elmawkie.dz\/fr\/\",\"logo\":{\"@type\":\"ImageObject\",\"inLanguage\":\"fr-FR\",\"@id\":\"https:\/\/elmawkie.dz\/fr\/#\/schema\/logo\/image\/\",\"url\":\"https:\/\/elmawkie.dz\/fr\/wp-content\/uploads\/2024\/05\/logo1.png\",\"contentUrl\":\"https:\/\/elmawkie.dz\/fr\/wp-content\/uploads\/2024\/05\/logo1.png\",\"width\":1648,\"height\":652,\"caption\":\"EL MAWKIE\"},\"image\":{\"@id\":\"https:\/\/elmawkie.dz\/fr\/#\/schema\/logo\/image\/\"},\"sameAs\":[\"https:\/\/www.facebook.com\/profile.php?id=100088407094989&locale=fr_FR\"]},{\"@type\":\"Person\",\"@id\":\"https:\/\/elmawkie.dz\/fr\/#\/schema\/person\/e7bd59d6467874ba5c4723d8a9f0a63c\",\"name\":\"R\u00e9daction\",\"image\":{\"@type\":\"ImageObject\",\"inLanguage\":\"fr-FR\",\"@id\":\"https:\/\/elmawkie.dz\/fr\/#\/schema\/person\/image\/\",\"url\":\"https:\/\/secure.gravatar.com\/avatar\/f0f773456344da4d2788c054a3d30a0c?s=96&d=mm&r=g\",\"contentUrl\":\"https:\/\/secure.gravatar.com\/avatar\/f0f773456344da4d2788c054a3d30a0c?s=96&d=mm&r=g\",\"caption\":\"R\u00e9daction\"},\"url\":\"https:\/\/elmawkie.dz\/fr\/author\/redaction\/\"}]}<\/script>\n<!-- \/ Yoast SEO Premium plugin. -->","yoast_head_json":{"title":"COP29: Le projet final d'accord pr\u00e9voit \"au moins\" 300 milliards de dollars par an pour les pays pauvres - El Mawkie","robots":{"index":"index","follow":"follow","max-snippet":"max-snippet:-1","max-image-preview":"max-image-preview:large","max-video-preview":"max-video-preview:-1"},"canonical":"https:\/\/elmawkie.dz\/fr\/cop29-le-projet-final-daccord-prevoit-au-moins-300-milliards-de-dollars-par-an-pour-les-pays-pauvres\/","og_locale":"fr_FR","og_type":"article","og_title":"COP29: Le projet final d'accord pr\u00e9voit \"au moins\" 300 milliards de dollars par an pour les pays pauvres","og_description":"La pr\u00e9sidence azerba\u00efdjanaise de la COP29 a publi\u00e9 dimanche le projet d&rsquo;accord final sur le financement climatique qui sera soumis pour approbation dans la nuit aux pr\u00e8s de 200 pays r\u00e9unis en prolongation \u00e0 Bakou. Ce texte, \u00e2prement n\u00e9goci\u00e9 ces derni\u00e8res 24 heures, fixe \u00e0 \u00ab\u00a0au moins\u00a0\u00bb 300 milliards de dollars par an d&rsquo;ici 2035 &hellip;","og_url":"https:\/\/elmawkie.dz\/fr\/cop29-le-projet-final-daccord-prevoit-au-moins-300-milliards-de-dollars-par-an-pour-les-pays-pauvres\/","og_site_name":"El Mawkie","article_publisher":"https:\/\/www.facebook.com\/profile.php?id=100088407094989&locale=fr_FR","article_published_time":"2024-11-24T07:53:58+00:00","article_modified_time":"2024-11-24T08:49:58+00:00","og_image":[{"width":292,"height":172,"url":"https:\/\/elmawkie.dz\/fr\/wp-content\/uploads\/2024\/11\/IMG_5362.jpeg","type":"image\/jpeg"}],"author":"R\u00e9daction","twitter_card":"summary_large_image","twitter_misc":{"Written by":"R\u00e9daction"},"schema":{"@context":"https:\/\/schema.org","@graph":[{"@type":"Article","@id":"https:\/\/elmawkie.dz\/fr\/cop29-le-projet-final-daccord-prevoit-au-moins-300-milliards-de-dollars-par-an-pour-les-pays-pauvres\/#article","isPartOf":{"@id":"https:\/\/elmawkie.dz\/fr\/cop29-le-projet-final-daccord-prevoit-au-moins-300-milliards-de-dollars-par-an-pour-les-pays-pauvres\/"},"author":{"name":"R\u00e9daction","@id":"https:\/\/elmawkie.dz\/fr\/#\/schema\/person\/e7bd59d6467874ba5c4723d8a9f0a63c"},"headline":"COP29: Le projet final d&rsquo;accord pr\u00e9voit \u00ab\u00a0au moins\u00a0\u00bb 300 milliards de dollars par an pour les pays pauvres","datePublished":"2024-11-24T07:53:58+00:00","dateModified":"2024-11-24T08:49:58+00:00","mainEntityOfPage":{"@id":"https:\/\/elmawkie.dz\/fr\/cop29-le-projet-final-daccord-prevoit-au-moins-300-milliards-de-dollars-par-an-pour-les-pays-pauvres\/"},"wordCount":114,"commentCount":0,"publisher":{"@id":"https:\/\/elmawkie.dz\/fr\/#organization"},"image":{"@id":"https:\/\/elmawkie.dz\/fr\/cop29-le-projet-final-daccord-prevoit-au-moins-300-milliards-de-dollars-par-an-pour-les-pays-pauvres\/#primaryimage"},"thumbnailUrl":"https:\/\/elmawkie.dz\/fr\/wp-content\/uploads\/2024\/11\/IMG_5362.jpeg","keywords":["300 milliards de dollars","COP29","les pays pauvres"],"articleSection":["International"],"inLanguage":"fr-FR","potentialAction":[{"@type":"CommentAction","name":"Comment","target":["https:\/\/elmawkie.dz\/fr\/cop29-le-projet-final-daccord-prevoit-au-moins-300-milliards-de-dollars-par-an-pour-les-pays-pauvres\/#respond"]}]},{"@type":"WebPage","@id":"https:\/\/elmawkie.dz\/fr\/cop29-le-projet-final-daccord-prevoit-au-moins-300-milliards-de-dollars-par-an-pour-les-pays-pauvres\/","url":"https:\/\/elmawkie.dz\/fr\/cop29-le-projet-final-daccord-prevoit-au-moins-300-milliards-de-dollars-par-an-pour-les-pays-pauvres\/","name":"COP29: Le projet final d'accord pr\u00e9voit \"au moins\" 300 milliards de dollars par an pour les pays pauvres - El Mawkie","isPartOf":{"@id":"https:\/\/elmawkie.dz\/fr\/#website"},"primaryImageOfPage":{"@id":"https:\/\/elmawkie.dz\/fr\/cop29-le-projet-final-daccord-prevoit-au-moins-300-milliards-de-dollars-par-an-pour-les-pays-pauvres\/#primaryimage"},"image":{"@id":"https:\/\/elmawkie.dz\/fr\/cop29-le-projet-final-daccord-prevoit-au-moins-300-milliards-de-dollars-par-an-pour-les-pays-pauvres\/#primaryimage"},"thumbnailUrl":"https:\/\/elmawkie.dz\/fr\/wp-content\/uploads\/2024\/11\/IMG_5362.jpeg","datePublished":"2024-11-24T07:53:58+00:00","dateModified":"2024-11-24T08:49:58+00:00","breadcrumb":{"@id":"https:\/\/elmawkie.dz\/fr\/cop29-le-projet-final-daccord-prevoit-au-moins-300-milliards-de-dollars-par-an-pour-les-pays-pauvres\/#breadcrumb"},"inLanguage":"fr-FR","potentialAction":[{"@type":"ReadAction","target":["https:\/\/elmawkie.dz\/fr\/cop29-le-projet-final-daccord-prevoit-au-moins-300-milliards-de-dollars-par-an-pour-les-pays-pauvres\/"]}]},{"@type":"ImageObject","inLanguage":"fr-FR","@id":"https:\/\/elmawkie.dz\/fr\/cop29-le-projet-final-daccord-prevoit-au-moins-300-milliards-de-dollars-par-an-pour-les-pays-pauvres\/#primaryimage","url":"https:\/\/elmawkie.dz\/fr\/wp-content\/uploads\/2024\/11\/IMG_5362.jpeg","contentUrl":"https:\/\/elmawkie.dz\/fr\/wp-content\/uploads\/2024\/11\/IMG_5362.jpeg","width":292,"height":172},{"@type":"BreadcrumbList","@id":"https:\/\/elmawkie.dz\/fr\/cop29-le-projet-final-daccord-prevoit-au-moins-300-milliards-de-dollars-par-an-pour-les-pays-pauvres\/#breadcrumb","itemListElement":[{"@type":"ListItem","position":1,"name":"Home","item":"https:\/\/elmawkie.dz\/fr\/"},{"@type":"ListItem","position":2,"name":"COP29: Le projet final d&rsquo;accord pr\u00e9voit \u00ab\u00a0au moins\u00a0\u00bb 300 milliards de dollars par an pour les pays pauvres"}]},{"@type":"WebSite","@id":"https:\/\/elmawkie.dz\/fr\/#website","url":"https:\/\/elmawkie.dz\/fr\/","name":"EL MAWKIE","description":"Journal \u00c9lectronique Alg\u00e9rien","publisher":{"@id":"https:\/\/elmawkie.dz\/fr\/#organization"},"potentialAction":[{"@type":"SearchAction","target":{"@type":"EntryPoint","urlTemplate":"https:\/\/elmawkie.dz\/fr\/?s={search_term_string}"},"query-input":"required name=search_term_string"}],"inLanguage":"fr-FR"},{"@type":"Organization","@id":"https:\/\/elmawkie.dz\/fr\/#organization","name":"EL MAWKIE","url":"https:\/\/elmawkie.dz\/fr\/","logo":{"@type":"ImageObject","inLanguage":"fr-FR","@id":"https:\/\/elmawkie.dz\/fr\/#\/schema\/logo\/image\/","url":"https:\/\/elmawkie.dz\/fr\/wp-content\/uploads\/2024\/05\/logo1.png","contentUrl":"https:\/\/elmawkie.dz\/fr\/wp-content\/uploads\/2024\/05\/logo1.png","width":1648,"height":652,"caption":"EL MAWKIE"},"image":{"@id":"https:\/\/elmawkie.dz\/fr\/#\/schema\/logo\/image\/"},"sameAs":["https:\/\/www.facebook.com\/profile.php?id=100088407094989&locale=fr_FR"]},{"@type":"Person","@id":"https:\/\/elmawkie.dz\/fr\/#\/schema\/person\/e7bd59d6467874ba5c4723d8a9f0a63c","name":"R\u00e9daction","image":{"@type":"ImageObject","inLanguage":"fr-FR","@id":"https:\/\/elmawkie.dz\/fr\/#\/schema\/person\/image\/","url":"https:\/\/secure.gravatar.com\/avatar\/f0f773456344da4d2788c054a3d30a0c?s=96&d=mm&r=g","contentUrl":"https:\/\/secure.gravatar.com\/avatar\/f0f773456344da4d2788c054a3d30a0c?s=96&d=mm&r=g","caption":"R\u00e9daction"},"url":"https:\/\/elmawkie.dz\/fr\/author\/redaction\/"}]}},"_links":{"self":[{"href":"https:\/\/elmawkie.dz\/fr\/wp-json\/wp\/v2\/posts\/6883","targetHints":{"allow":["GET"]}}],"collection":[{"href":"https:\/\/elmawkie.dz\/fr\/wp-json\/wp\/v2\/posts"}],"about":[{"href":"https:\/\/elmawkie.dz\/fr\/wp-json\/wp\/v2\/types\/post"}],"author":[{"embeddable":true,"href":"https:\/\/elmawkie.dz\/fr\/wp-json\/wp\/v2\/users\/9"}],"replies":[{"embeddable":true,"href":"https:\/\/elmawkie.dz\/fr\/wp-json\/wp\/v2\/comments?post=6883"}],"version-history":[{"count":0,"href":"https:\/\/elmawkie.dz\/fr\/wp-json\/wp\/v2\/posts\/6883\/revisions"}],"wp:featuredmedia":[{"embeddable":true,"href":"https:\/\/elmawkie.dz\/fr\/wp-json\/wp\/v2\/media\/6884"}],"wp:attachment":[{"href":"https:\/\/elmawkie.dz\/fr\/wp-json\/wp\/v2\/media?parent=6883"}],"wp:term":[{"taxonomy":"category","embeddable":true,"href":"https:\/\/elmawkie.dz\/fr\/wp-json\/wp\/v2\/categories?post=6883"},{"taxonomy":"post_tag","embeddable":true,"href":"https:\/\/elmawkie.dz\/fr\/wp-json\/wp\/v2\/tags?post=6883"}],"curies":[{"name":"wp","href":"https:\/\/api.w.org\/{rel}","templated":true}]}}