{"id":6878,"date":"2024-11-23T17:53:42","date_gmt":"2024-11-23T16:53:42","guid":{"rendered":"https:\/\/elmawkie.dz\/fr\/?p=6878"},"modified":"2024-11-23T17:57:15","modified_gmt":"2024-11-23T16:57:15","slug":"cloture-de-la-troisieme-edition-du-forum-national-le-pinceau-dor-a-la-maison-de-la-culture-de-tissemsilt","status":"publish","type":"post","link":"https:\/\/elmawkie.dz\/fr\/cloture-de-la-troisieme-edition-du-forum-national-le-pinceau-dor-a-la-maison-de-la-culture-de-tissemsilt\/","title":{"rendered":"Cl\u00f4ture de la troisi\u00e8me \u00e9dition du Forum national \u00ab\u00a0Le Pinceau d&rsquo;Or\u00a0\u00bb \u00e0 la maison de la culture de Tissemsilt"},"content":{"rendered":"<p><strong><em>La troisi\u00e8me \u00e9dition du Forum national \u201cLe Pinceau d\u2019Or\u201d, organis\u00e9e \u00e0 la maison de la culture \u201cMouloud Kacim Na\u00eet Belkacem\u201d de Tissemsilt, s\u2019est achev\u00e9e samedi avec une c\u00e9r\u00e9monie en l\u2019honneur des 23 plasticiens venus de diff\u00e9rentes wilayas du pays.<\/em><\/strong><\/p>\n<p><strong><em>Lors de cette c\u00e9r\u00e9monie de cl\u00f4ture, l\u2019artiste-peintre et po\u00e8te Abdeldjawad Nacer, de la wilaya d\u2019El Meghaier, a \u00e9mu l\u2019audience avec un po\u00e8me poignant sur les souffrances de Ghaza face \u00e0 l\u2019agression sioniste.<\/em><\/strong><\/p>\n<p><em><strong>A la m\u00eame occasion, une \u0153uvre artistique d\u00e9di\u00e9e \u00e0 l&rsquo;Emir Abdelkader a \u00e9t\u00e9 analys\u00e9e et comment\u00e9e par l&rsquo;artiste Tayeb Belabbes Bakhti, mettant en lumi\u00e8re l&rsquo;art plastique porteur d&rsquo;un message qu&rsquo;il transmet \u00e0 la soci\u00e9t\u00e9 de mani\u00e8re artistique, culturelle et raffin\u00e9e. L\u2019exposition a rassembl\u00e9 pr\u00e8s de 100 \u0153uvres d\u2019art, dont la majorit\u00e9 \u00e9tait d\u00e9di\u00e9e \u00e0 la cause palestinienne, traduisant le th\u00e8me principal de cette \u00e9dition : \u201cPinceau de Novembre &#8211; La Palestine \u00e0 travers les yeux des artistes\u201d. Les participants ont assist\u00e9 \u00e0 des discussions sur l\u2019\u00e9volution de l\u2019art plastique et ses \u00e9coles mondiales, ainsi qu\u2019\u00e0 des repr\u00e9sentations th\u00e9\u00e2trales, enrichissant ainsi l\u2019aspect p\u00e9dagogique de l\u2019\u00e9v\u00e9nement.<\/strong><\/em><\/p>\n<p><strong><em>Cette manifestation organis\u00e9 par la direction de la Culture et des Arts de la wilaya de Tissemsilt, co\u00efncidant avec le 70e anniversaire du d\u00e9clenchement de la glorieuse R\u00e9volution, a d\u00e9montr\u00e9 une fois de plus que l\u2019art reste un moyen puissant d\u2019expression et de solidarit\u00e9 .<\/em><\/strong><\/p>\n<p>&nbsp;<\/p>\n","protected":false},"excerpt":{"rendered":"<p>La troisi\u00e8me \u00e9dition du Forum national \u201cLe Pinceau d\u2019Or\u201d, organis\u00e9e \u00e0 la maison de la culture \u201cMouloud Kacim Na\u00eet Belkacem\u201d de Tissemsilt, s\u2019est achev\u00e9e samedi avec une c\u00e9r\u00e9monie en l\u2019honneur des 23 plasticiens venus de diff\u00e9rentes wilayas du pays. Lors de cette c\u00e9r\u00e9monie de cl\u00f4ture, l\u2019artiste-peintre et po\u00e8te Abdeldjawad Nacer, de la wilaya d\u2019El Meghaier, &hellip;<\/p>\n","protected":false},"author":9,"featured_media":6879,"comment_status":"open","ping_status":"open","sticky":false,"template":"","format":"standard","meta":{"footnotes":""},"categories":[3],"tags":[1508,1507,1509,1506,288],"class_list":["post-6878","post","type-post","status-publish","format-standard","has-post-thumbnail","hentry","category-bs-culture","tag-le-pinceau-dor","tag-forum-national","tag-la-maison-de-la-culture","tag-la-troisieme-edition","tag-tissemsilt"],"yoast_head":"<!-- This site is optimized with the Yoast SEO Premium plugin v22.6 (Yoast SEO v22.6) - https:\/\/yoast.com\/wordpress\/plugins\/seo\/ -->\n<title>Cl\u00f4ture de la troisi\u00e8me \u00e9dition du Forum national &quot;Le Pinceau d&#039;Or&quot; \u00e0 la maison de la culture de Tissemsilt - El Mawkie<\/title>\n<meta name=\"robots\" content=\"index, follow, max-snippet:-1, max-image-preview:large, max-video-preview:-1\" \/>\n<link rel=\"canonical\" href=\"https:\/\/elmawkie.dz\/fr\/cloture-de-la-troisieme-edition-du-forum-national-le-pinceau-dor-a-la-maison-de-la-culture-de-tissemsilt\/\" \/>\n<meta property=\"og:locale\" content=\"fr_FR\" \/>\n<meta property=\"og:type\" content=\"article\" \/>\n<meta property=\"og:title\" content=\"Cl\u00f4ture de la troisi\u00e8me \u00e9dition du Forum national &quot;Le Pinceau d&#039;Or&quot; \u00e0 la maison de la culture de Tissemsilt\" \/>\n<meta property=\"og:description\" content=\"La troisi\u00e8me \u00e9dition du Forum national \u201cLe Pinceau d\u2019Or\u201d, organis\u00e9e \u00e0 la maison de la culture \u201cMouloud Kacim Na\u00eet Belkacem\u201d de Tissemsilt, s\u2019est achev\u00e9e samedi avec une c\u00e9r\u00e9monie en l\u2019honneur des 23 plasticiens venus de diff\u00e9rentes wilayas du pays. Lors de cette c\u00e9r\u00e9monie de cl\u00f4ture, l\u2019artiste-peintre et po\u00e8te Abdeldjawad Nacer, de la wilaya d\u2019El Meghaier, &hellip;\" \/>\n<meta property=\"og:url\" content=\"https:\/\/elmawkie.dz\/fr\/cloture-de-la-troisieme-edition-du-forum-national-le-pinceau-dor-a-la-maison-de-la-culture-de-tissemsilt\/\" \/>\n<meta property=\"og:site_name\" content=\"El Mawkie\" \/>\n<meta property=\"article:publisher\" content=\"https:\/\/www.facebook.com\/profile.php?id=100088407094989&amp;locale=fr_FR\" \/>\n<meta property=\"article:published_time\" content=\"2024-11-23T16:53:42+00:00\" \/>\n<meta property=\"article:modified_time\" content=\"2024-11-23T16:57:15+00:00\" \/>\n<meta property=\"og:image\" content=\"https:\/\/elmawkie.dz\/fr\/wp-content\/uploads\/2024\/11\/IMG_5337.jpeg\" \/>\n\t<meta property=\"og:image:width\" content=\"1080\" \/>\n\t<meta property=\"og:image:height\" content=\"813\" \/>\n\t<meta property=\"og:image:type\" content=\"image\/jpeg\" \/>\n<meta name=\"author\" content=\"R\u00e9daction\" \/>\n<meta name=\"twitter:card\" content=\"summary_large_image\" \/>\n<meta name=\"twitter:label1\" content=\"Written by\" \/>\n\t<meta name=\"twitter:data1\" content=\"R\u00e9daction\" \/>\n\t<meta name=\"twitter:label2\" content=\"Est. reading time\" \/>\n\t<meta name=\"twitter:data2\" content=\"1 minute\" \/>\n<script type=\"application\/ld+json\" class=\"yoast-schema-graph\">{\"@context\":\"https:\/\/schema.org\",\"@graph\":[{\"@type\":\"Article\",\"@id\":\"https:\/\/elmawkie.dz\/fr\/cloture-de-la-troisieme-edition-du-forum-national-le-pinceau-dor-a-la-maison-de-la-culture-de-tissemsilt\/#article\",\"isPartOf\":{\"@id\":\"https:\/\/elmawkie.dz\/fr\/cloture-de-la-troisieme-edition-du-forum-national-le-pinceau-dor-a-la-maison-de-la-culture-de-tissemsilt\/\"},\"author\":{\"name\":\"R\u00e9daction\",\"@id\":\"https:\/\/elmawkie.dz\/fr\/#\/schema\/person\/e7bd59d6467874ba5c4723d8a9f0a63c\"},\"headline\":\"Cl\u00f4ture de la troisi\u00e8me \u00e9dition du Forum national \u00ab\u00a0Le Pinceau d&rsquo;Or\u00a0\u00bb \u00e0 la maison de la culture de Tissemsilt\",\"datePublished\":\"2024-11-23T16:53:42+00:00\",\"dateModified\":\"2024-11-23T16:57:15+00:00\",\"mainEntityOfPage\":{\"@id\":\"https:\/\/elmawkie.dz\/fr\/cloture-de-la-troisieme-edition-du-forum-national-le-pinceau-dor-a-la-maison-de-la-culture-de-tissemsilt\/\"},\"wordCount\":284,\"commentCount\":0,\"publisher\":{\"@id\":\"https:\/\/elmawkie.dz\/fr\/#organization\"},\"image\":{\"@id\":\"https:\/\/elmawkie.dz\/fr\/cloture-de-la-troisieme-edition-du-forum-national-le-pinceau-dor-a-la-maison-de-la-culture-de-tissemsilt\/#primaryimage\"},\"thumbnailUrl\":\"https:\/\/elmawkie.dz\/fr\/wp-content\/uploads\/2024\/11\/IMG_5337.jpeg\",\"keywords\":[\"\\\"Le Pinceau d'Or\\\"\",\"Forum national\",\"la maison de la culture\",\"la troisi\u00e8me \u00e9dition\",\"Tissemsilt\"],\"articleSection\":[\"Culture\"],\"inLanguage\":\"fr-FR\",\"potentialAction\":[{\"@type\":\"CommentAction\",\"name\":\"Comment\",\"target\":[\"https:\/\/elmawkie.dz\/fr\/cloture-de-la-troisieme-edition-du-forum-national-le-pinceau-dor-a-la-maison-de-la-culture-de-tissemsilt\/#respond\"]}]},{\"@type\":\"WebPage\",\"@id\":\"https:\/\/elmawkie.dz\/fr\/cloture-de-la-troisieme-edition-du-forum-national-le-pinceau-dor-a-la-maison-de-la-culture-de-tissemsilt\/\",\"url\":\"https:\/\/elmawkie.dz\/fr\/cloture-de-la-troisieme-edition-du-forum-national-le-pinceau-dor-a-la-maison-de-la-culture-de-tissemsilt\/\",\"name\":\"Cl\u00f4ture de la troisi\u00e8me \u00e9dition du Forum national \\\"Le Pinceau d'Or\\\" \u00e0 la maison de la culture de Tissemsilt - El Mawkie\",\"isPartOf\":{\"@id\":\"https:\/\/elmawkie.dz\/fr\/#website\"},\"primaryImageOfPage\":{\"@id\":\"https:\/\/elmawkie.dz\/fr\/cloture-de-la-troisieme-edition-du-forum-national-le-pinceau-dor-a-la-maison-de-la-culture-de-tissemsilt\/#primaryimage\"},\"image\":{\"@id\":\"https:\/\/elmawkie.dz\/fr\/cloture-de-la-troisieme-edition-du-forum-national-le-pinceau-dor-a-la-maison-de-la-culture-de-tissemsilt\/#primaryimage\"},\"thumbnailUrl\":\"https:\/\/elmawkie.dz\/fr\/wp-content\/uploads\/2024\/11\/IMG_5337.jpeg\",\"datePublished\":\"2024-11-23T16:53:42+00:00\",\"dateModified\":\"2024-11-23T16:57:15+00:00\",\"breadcrumb\":{\"@id\":\"https:\/\/elmawkie.dz\/fr\/cloture-de-la-troisieme-edition-du-forum-national-le-pinceau-dor-a-la-maison-de-la-culture-de-tissemsilt\/#breadcrumb\"},\"inLanguage\":\"fr-FR\",\"potentialAction\":[{\"@type\":\"ReadAction\",\"target\":[\"https:\/\/elmawkie.dz\/fr\/cloture-de-la-troisieme-edition-du-forum-national-le-pinceau-dor-a-la-maison-de-la-culture-de-tissemsilt\/\"]}]},{\"@type\":\"ImageObject\",\"inLanguage\":\"fr-FR\",\"@id\":\"https:\/\/elmawkie.dz\/fr\/cloture-de-la-troisieme-edition-du-forum-national-le-pinceau-dor-a-la-maison-de-la-culture-de-tissemsilt\/#primaryimage\",\"url\":\"https:\/\/elmawkie.dz\/fr\/wp-content\/uploads\/2024\/11\/IMG_5337.jpeg\",\"contentUrl\":\"https:\/\/elmawkie.dz\/fr\/wp-content\/uploads\/2024\/11\/IMG_5337.jpeg\",\"width\":1080,\"height\":813},{\"@type\":\"BreadcrumbList\",\"@id\":\"https:\/\/elmawkie.dz\/fr\/cloture-de-la-troisieme-edition-du-forum-national-le-pinceau-dor-a-la-maison-de-la-culture-de-tissemsilt\/#breadcrumb\",\"itemListElement\":[{\"@type\":\"ListItem\",\"position\":1,\"name\":\"Home\",\"item\":\"https:\/\/elmawkie.dz\/fr\/\"},{\"@type\":\"ListItem\",\"position\":2,\"name\":\"Cl\u00f4ture de la troisi\u00e8me \u00e9dition du Forum national \u00ab\u00a0Le Pinceau d&rsquo;Or\u00a0\u00bb \u00e0 la maison de la culture de Tissemsilt\"}]},{\"@type\":\"WebSite\",\"@id\":\"https:\/\/elmawkie.dz\/fr\/#website\",\"url\":\"https:\/\/elmawkie.dz\/fr\/\",\"name\":\"EL MAWKIE\",\"description\":\"Journal \u00c9lectronique Alg\u00e9rien\",\"publisher\":{\"@id\":\"https:\/\/elmawkie.dz\/fr\/#organization\"},\"potentialAction\":[{\"@type\":\"SearchAction\",\"target\":{\"@type\":\"EntryPoint\",\"urlTemplate\":\"https:\/\/elmawkie.dz\/fr\/?s={search_term_string}\"},\"query-input\":\"required name=search_term_string\"}],\"inLanguage\":\"fr-FR\"},{\"@type\":\"Organization\",\"@id\":\"https:\/\/elmawkie.dz\/fr\/#organization\",\"name\":\"EL MAWKIE\",\"url\":\"https:\/\/elmawkie.dz\/fr\/\",\"logo\":{\"@type\":\"ImageObject\",\"inLanguage\":\"fr-FR\",\"@id\":\"https:\/\/elmawkie.dz\/fr\/#\/schema\/logo\/image\/\",\"url\":\"https:\/\/elmawkie.dz\/fr\/wp-content\/uploads\/2024\/05\/logo1.png\",\"contentUrl\":\"https:\/\/elmawkie.dz\/fr\/wp-content\/uploads\/2024\/05\/logo1.png\",\"width\":1648,\"height\":652,\"caption\":\"EL MAWKIE\"},\"image\":{\"@id\":\"https:\/\/elmawkie.dz\/fr\/#\/schema\/logo\/image\/\"},\"sameAs\":[\"https:\/\/www.facebook.com\/profile.php?id=100088407094989&locale=fr_FR\"]},{\"@type\":\"Person\",\"@id\":\"https:\/\/elmawkie.dz\/fr\/#\/schema\/person\/e7bd59d6467874ba5c4723d8a9f0a63c\",\"name\":\"R\u00e9daction\",\"image\":{\"@type\":\"ImageObject\",\"inLanguage\":\"fr-FR\",\"@id\":\"https:\/\/elmawkie.dz\/fr\/#\/schema\/person\/image\/\",\"url\":\"https:\/\/secure.gravatar.com\/avatar\/f0f773456344da4d2788c054a3d30a0c?s=96&d=mm&r=g\",\"contentUrl\":\"https:\/\/secure.gravatar.com\/avatar\/f0f773456344da4d2788c054a3d30a0c?s=96&d=mm&r=g\",\"caption\":\"R\u00e9daction\"},\"url\":\"https:\/\/elmawkie.dz\/fr\/author\/redaction\/\"}]}<\/script>\n<!-- \/ Yoast SEO Premium plugin. -->","yoast_head_json":{"title":"Cl\u00f4ture de la troisi\u00e8me \u00e9dition du Forum national \"Le Pinceau d'Or\" \u00e0 la maison de la culture de Tissemsilt - El Mawkie","robots":{"index":"index","follow":"follow","max-snippet":"max-snippet:-1","max-image-preview":"max-image-preview:large","max-video-preview":"max-video-preview:-1"},"canonical":"https:\/\/elmawkie.dz\/fr\/cloture-de-la-troisieme-edition-du-forum-national-le-pinceau-dor-a-la-maison-de-la-culture-de-tissemsilt\/","og_locale":"fr_FR","og_type":"article","og_title":"Cl\u00f4ture de la troisi\u00e8me \u00e9dition du Forum national \"Le Pinceau d'Or\" \u00e0 la maison de la culture de Tissemsilt","og_description":"La troisi\u00e8me \u00e9dition du Forum national \u201cLe Pinceau d\u2019Or\u201d, organis\u00e9e \u00e0 la maison de la culture \u201cMouloud Kacim Na\u00eet Belkacem\u201d de Tissemsilt, s\u2019est achev\u00e9e samedi avec une c\u00e9r\u00e9monie en l\u2019honneur des 23 plasticiens venus de diff\u00e9rentes wilayas du pays. Lors de cette c\u00e9r\u00e9monie de cl\u00f4ture, l\u2019artiste-peintre et po\u00e8te Abdeldjawad Nacer, de la wilaya d\u2019El Meghaier, &hellip;","og_url":"https:\/\/elmawkie.dz\/fr\/cloture-de-la-troisieme-edition-du-forum-national-le-pinceau-dor-a-la-maison-de-la-culture-de-tissemsilt\/","og_site_name":"El Mawkie","article_publisher":"https:\/\/www.facebook.com\/profile.php?id=100088407094989&locale=fr_FR","article_published_time":"2024-11-23T16:53:42+00:00","article_modified_time":"2024-11-23T16:57:15+00:00","og_image":[{"width":1080,"height":813,"url":"https:\/\/elmawkie.dz\/fr\/wp-content\/uploads\/2024\/11\/IMG_5337.jpeg","type":"image\/jpeg"}],"author":"R\u00e9daction","twitter_card":"summary_large_image","twitter_misc":{"Written by":"R\u00e9daction","Est. reading time":"1 minute"},"schema":{"@context":"https:\/\/schema.org","@graph":[{"@type":"Article","@id":"https:\/\/elmawkie.dz\/fr\/cloture-de-la-troisieme-edition-du-forum-national-le-pinceau-dor-a-la-maison-de-la-culture-de-tissemsilt\/#article","isPartOf":{"@id":"https:\/\/elmawkie.dz\/fr\/cloture-de-la-troisieme-edition-du-forum-national-le-pinceau-dor-a-la-maison-de-la-culture-de-tissemsilt\/"},"author":{"name":"R\u00e9daction","@id":"https:\/\/elmawkie.dz\/fr\/#\/schema\/person\/e7bd59d6467874ba5c4723d8a9f0a63c"},"headline":"Cl\u00f4ture de la troisi\u00e8me \u00e9dition du Forum national \u00ab\u00a0Le Pinceau d&rsquo;Or\u00a0\u00bb \u00e0 la maison de la culture de Tissemsilt","datePublished":"2024-11-23T16:53:42+00:00","dateModified":"2024-11-23T16:57:15+00:00","mainEntityOfPage":{"@id":"https:\/\/elmawkie.dz\/fr\/cloture-de-la-troisieme-edition-du-forum-national-le-pinceau-dor-a-la-maison-de-la-culture-de-tissemsilt\/"},"wordCount":284,"commentCount":0,"publisher":{"@id":"https:\/\/elmawkie.dz\/fr\/#organization"},"image":{"@id":"https:\/\/elmawkie.dz\/fr\/cloture-de-la-troisieme-edition-du-forum-national-le-pinceau-dor-a-la-maison-de-la-culture-de-tissemsilt\/#primaryimage"},"thumbnailUrl":"https:\/\/elmawkie.dz\/fr\/wp-content\/uploads\/2024\/11\/IMG_5337.jpeg","keywords":["\"Le Pinceau d'Or\"","Forum national","la maison de la culture","la troisi\u00e8me \u00e9dition","Tissemsilt"],"articleSection":["Culture"],"inLanguage":"fr-FR","potentialAction":[{"@type":"CommentAction","name":"Comment","target":["https:\/\/elmawkie.dz\/fr\/cloture-de-la-troisieme-edition-du-forum-national-le-pinceau-dor-a-la-maison-de-la-culture-de-tissemsilt\/#respond"]}]},{"@type":"WebPage","@id":"https:\/\/elmawkie.dz\/fr\/cloture-de-la-troisieme-edition-du-forum-national-le-pinceau-dor-a-la-maison-de-la-culture-de-tissemsilt\/","url":"https:\/\/elmawkie.dz\/fr\/cloture-de-la-troisieme-edition-du-forum-national-le-pinceau-dor-a-la-maison-de-la-culture-de-tissemsilt\/","name":"Cl\u00f4ture de la troisi\u00e8me \u00e9dition du Forum national \"Le Pinceau d'Or\" \u00e0 la maison de la culture de Tissemsilt - El Mawkie","isPartOf":{"@id":"https:\/\/elmawkie.dz\/fr\/#website"},"primaryImageOfPage":{"@id":"https:\/\/elmawkie.dz\/fr\/cloture-de-la-troisieme-edition-du-forum-national-le-pinceau-dor-a-la-maison-de-la-culture-de-tissemsilt\/#primaryimage"},"image":{"@id":"https:\/\/elmawkie.dz\/fr\/cloture-de-la-troisieme-edition-du-forum-national-le-pinceau-dor-a-la-maison-de-la-culture-de-tissemsilt\/#primaryimage"},"thumbnailUrl":"https:\/\/elmawkie.dz\/fr\/wp-content\/uploads\/2024\/11\/IMG_5337.jpeg","datePublished":"2024-11-23T16:53:42+00:00","dateModified":"2024-11-23T16:57:15+00:00","breadcrumb":{"@id":"https:\/\/elmawkie.dz\/fr\/cloture-de-la-troisieme-edition-du-forum-national-le-pinceau-dor-a-la-maison-de-la-culture-de-tissemsilt\/#breadcrumb"},"inLanguage":"fr-FR","potentialAction":[{"@type":"ReadAction","target":["https:\/\/elmawkie.dz\/fr\/cloture-de-la-troisieme-edition-du-forum-national-le-pinceau-dor-a-la-maison-de-la-culture-de-tissemsilt\/"]}]},{"@type":"ImageObject","inLanguage":"fr-FR","@id":"https:\/\/elmawkie.dz\/fr\/cloture-de-la-troisieme-edition-du-forum-national-le-pinceau-dor-a-la-maison-de-la-culture-de-tissemsilt\/#primaryimage","url":"https:\/\/elmawkie.dz\/fr\/wp-content\/uploads\/2024\/11\/IMG_5337.jpeg","contentUrl":"https:\/\/elmawkie.dz\/fr\/wp-content\/uploads\/2024\/11\/IMG_5337.jpeg","width":1080,"height":813},{"@type":"BreadcrumbList","@id":"https:\/\/elmawkie.dz\/fr\/cloture-de-la-troisieme-edition-du-forum-national-le-pinceau-dor-a-la-maison-de-la-culture-de-tissemsilt\/#breadcrumb","itemListElement":[{"@type":"ListItem","position":1,"name":"Home","item":"https:\/\/elmawkie.dz\/fr\/"},{"@type":"ListItem","position":2,"name":"Cl\u00f4ture de la troisi\u00e8me \u00e9dition du Forum national \u00ab\u00a0Le Pinceau d&rsquo;Or\u00a0\u00bb \u00e0 la maison de la culture de Tissemsilt"}]},{"@type":"WebSite","@id":"https:\/\/elmawkie.dz\/fr\/#website","url":"https:\/\/elmawkie.dz\/fr\/","name":"EL MAWKIE","description":"Journal \u00c9lectronique Alg\u00e9rien","publisher":{"@id":"https:\/\/elmawkie.dz\/fr\/#organization"},"potentialAction":[{"@type":"SearchAction","target":{"@type":"EntryPoint","urlTemplate":"https:\/\/elmawkie.dz\/fr\/?s={search_term_string}"},"query-input":"required name=search_term_string"}],"inLanguage":"fr-FR"},{"@type":"Organization","@id":"https:\/\/elmawkie.dz\/fr\/#organization","name":"EL MAWKIE","url":"https:\/\/elmawkie.dz\/fr\/","logo":{"@type":"ImageObject","inLanguage":"fr-FR","@id":"https:\/\/elmawkie.dz\/fr\/#\/schema\/logo\/image\/","url":"https:\/\/elmawkie.dz\/fr\/wp-content\/uploads\/2024\/05\/logo1.png","contentUrl":"https:\/\/elmawkie.dz\/fr\/wp-content\/uploads\/2024\/05\/logo1.png","width":1648,"height":652,"caption":"EL MAWKIE"},"image":{"@id":"https:\/\/elmawkie.dz\/fr\/#\/schema\/logo\/image\/"},"sameAs":["https:\/\/www.facebook.com\/profile.php?id=100088407094989&locale=fr_FR"]},{"@type":"Person","@id":"https:\/\/elmawkie.dz\/fr\/#\/schema\/person\/e7bd59d6467874ba5c4723d8a9f0a63c","name":"R\u00e9daction","image":{"@type":"ImageObject","inLanguage":"fr-FR","@id":"https:\/\/elmawkie.dz\/fr\/#\/schema\/person\/image\/","url":"https:\/\/secure.gravatar.com\/avatar\/f0f773456344da4d2788c054a3d30a0c?s=96&d=mm&r=g","contentUrl":"https:\/\/secure.gravatar.com\/avatar\/f0f773456344da4d2788c054a3d30a0c?s=96&d=mm&r=g","caption":"R\u00e9daction"},"url":"https:\/\/elmawkie.dz\/fr\/author\/redaction\/"}]}},"_links":{"self":[{"href":"https:\/\/elmawkie.dz\/fr\/wp-json\/wp\/v2\/posts\/6878","targetHints":{"allow":["GET"]}}],"collection":[{"href":"https:\/\/elmawkie.dz\/fr\/wp-json\/wp\/v2\/posts"}],"about":[{"href":"https:\/\/elmawkie.dz\/fr\/wp-json\/wp\/v2\/types\/post"}],"author":[{"embeddable":true,"href":"https:\/\/elmawkie.dz\/fr\/wp-json\/wp\/v2\/users\/9"}],"replies":[{"embeddable":true,"href":"https:\/\/elmawkie.dz\/fr\/wp-json\/wp\/v2\/comments?post=6878"}],"version-history":[{"count":0,"href":"https:\/\/elmawkie.dz\/fr\/wp-json\/wp\/v2\/posts\/6878\/revisions"}],"wp:featuredmedia":[{"embeddable":true,"href":"https:\/\/elmawkie.dz\/fr\/wp-json\/wp\/v2\/media\/6879"}],"wp:attachment":[{"href":"https:\/\/elmawkie.dz\/fr\/wp-json\/wp\/v2\/media?parent=6878"}],"wp:term":[{"taxonomy":"category","embeddable":true,"href":"https:\/\/elmawkie.dz\/fr\/wp-json\/wp\/v2\/categories?post=6878"},{"taxonomy":"post_tag","embeddable":true,"href":"https:\/\/elmawkie.dz\/fr\/wp-json\/wp\/v2\/tags?post=6878"}],"curies":[{"name":"wp","href":"https:\/\/api.w.org\/{rel}","templated":true}]}}