{"id":67938,"date":"2026-08-31T21:35:05","date_gmt":"2026-08-31T20:35:05","guid":{"rendered":"https:\/\/elmawkie.dz\/fr\/?p=67938"},"modified":"2026-08-31T21:35:05","modified_gmt":"2026-08-31T20:35:05","slug":"m-attaf-recoit-son-homologue-allemand-johann-wadephul","status":"publish","type":"post","link":"https:\/\/elmawkie.dz\/fr\/m-attaf-recoit-son-homologue-allemand-johann-wadephul\/","title":{"rendered":"M. Attaf re\u00e7oit son homologue allemand Johann Wadephul"},"content":{"rendered":"\n<p>Le ministre d&rsquo;Etat, ministre des Affaires \u00e9trang\u00e8res, de la Communaut\u00e9 nationale \u00e0 l&rsquo;\u00e9tranger et des Affaires africaines, M. Ahmed Attaf, a re\u00e7u, lundi au si\u00e8ge du minist\u00e8re, le ministre des Affaires \u00e9trang\u00e8res de la R\u00e9publique f\u00e9d\u00e9rale d&rsquo;Allemagne, M. Johann Wadephul, en visite de travail en Alg\u00e9rie, indique un communiqu\u00e9 du minist\u00e8re.<\/p>\n\n\n\n<p>Cette visite s&rsquo;inscrit dans le cadre \u00ab\u00a0de la dynamique positive marquant les relations bilat\u00e9rales, impuls\u00e9e par la visite officielle effectu\u00e9e par le pr\u00e9sident de la R\u00e9publique, M. Abdelmadjid Tebboune, \u00e0 Berlin, les 16 et 17 juillet 2026, et les entretiens qu&rsquo;il a eus avec son homologue, M. Frank-Walter Steinmeier, et avec le Chancelier f\u00e9d\u00e9ral, M. Friedrich Merz\u00a0\u00bb, pr\u00e9cise le communiqu\u00e9.<\/p>\n\n\n\n<p>A cette occasion, M. Attaf a eu des entretiens en t\u00eate-\u00e0-t\u00eate avec son homologue allemand, suivis d&rsquo;une s\u00e9ance de travail \u00e9largie aux membres des d\u00e9l\u00e9gations des deux pays. Ces entretiens ont permis, ajoute le communiqu\u00e9, de \u00ab\u00a0passer en revue l&rsquo;\u00e9tat des relations d&rsquo;amiti\u00e9 et de coop\u00e9ration unissant les deux pays et d&rsquo;examiner les voies et moyens de les hisser \u00e0 des niveaux plus larges, conform\u00e9ment aux recommandations de la +D\u00e9claration conjointe sur un agenda strat\u00e9gique de partenariat bilat\u00e9ral+, adopt\u00e9e entre les deux pays \u00e0 l&rsquo;occasion de la visite de Monsieur le pr\u00e9sident de la R\u00e9publique en R\u00e9publique f\u00e9d\u00e9rale d&rsquo;Allemagne\u00a0\u00bb.<\/p>\n\n\n\n<p>Dans ce cadre, les deux parties ont convenu de \u00ab\u00a0la n\u00e9cessit\u00e9 de prendre des mesures concr\u00e8tes \u00e0 m\u00eame d&rsquo;insuffler un nouvel \u00e9lan \u00e0 la coop\u00e9ration bilat\u00e9rale, en tirant parti des opportunit\u00e9s d&rsquo;investissement offertes et des possibilit\u00e9s de partenariat dans les secteurs \u00e9conomiques prioritaires, notamment l&rsquo;\u00e9nergie, les \u00e9nergies renouvelables, la transition \u00e9nerg\u00e9tique, l&rsquo;industrie, les transports et les produits pharmaceutiques\u00a0\u00bb.<\/p>\n\n\n\n<p>L&rsquo;accent a \u00e9galement \u00e9t\u00e9 mis sur \u00ab\u00a0la n\u00e9cessit\u00e9 d&rsquo;activer les m\u00e9canismes de coop\u00e9ration bilat\u00e9rale, de renforcer le cadre juridique et d&rsquo;encourager les \u00e9changes entre les milieux des affaires, en vue de garantir la mise en \u0153uvre des accords et contrats de partenariat sign\u00e9s lors du Forum \u00e9conomique alg\u00e9ro-allemand, tenu le 17 juillet dernier\u00a0\u00bb.<\/p>\n\n\n\n<p>La rencontre a, en outre, permis aux deux parties \u00ab\u00a0d&rsquo;\u00e9changer leurs vues sur plusieurs questions r\u00e9gionales et internationales d&rsquo;actualit\u00e9, d&rsquo;int\u00e9r\u00eat commun, notamment la situation tendue au Moyen-Orient, les d\u00e9veloppements dans la r\u00e9gion sah\u00e9lo-saharienne, en sus des perspectives de partenariat euro-m\u00e9diterran\u00e9en\u00a0\u00bb, conclut le communiqu\u00e9.<\/p>\n\n\n\n<figure class=\"wp-block-image size-large\"><img decoding=\"async\" width=\"1024\" height=\"681\" src=\"https:\/\/elmawkie.dz\/fr\/wp-content\/uploads\/2026\/08\/IMG_0071-1024x681.jpeg\" alt=\"\" class=\"wp-image-67940\" srcset=\"https:\/\/elmawkie.dz\/fr\/wp-content\/uploads\/2026\/08\/IMG_0071-1024x681.jpeg 1024w, https:\/\/elmawkie.dz\/fr\/wp-content\/uploads\/2026\/08\/IMG_0071-300x200.jpeg 300w, https:\/\/elmawkie.dz\/fr\/wp-content\/uploads\/2026\/08\/IMG_0071-768x511.jpeg 768w, https:\/\/elmawkie.dz\/fr\/wp-content\/uploads\/2026\/08\/IMG_0071-1536x1021.jpeg 1536w, https:\/\/elmawkie.dz\/fr\/wp-content\/uploads\/2026\/08\/IMG_0071-2048x1362.jpeg 2048w\" sizes=\"(max-width: 1024px) 100vw, 1024px\" \/><\/figure>\n","protected":false},"excerpt":{"rendered":"<p>Le ministre d&rsquo;Etat, ministre des Affaires \u00e9trang\u00e8res, de la Communaut\u00e9 nationale \u00e0 l&rsquo;\u00e9tranger et des Affaires africaines, M. Ahmed Attaf, a re\u00e7u, lundi au si\u00e8ge du minist\u00e8re, le ministre des Affaires \u00e9trang\u00e8res de la R\u00e9publique f\u00e9d\u00e9rale d&rsquo;Allemagne, M. Johann Wadephul, en visite de travail en Alg\u00e9rie, indique un communiqu\u00e9 du minist\u00e8re. Cette visite s&rsquo;inscrit dans &hellip;<\/p>\n","protected":false},"author":9,"featured_media":67941,"comment_status":"open","ping_status":"open","sticky":false,"template":"","format":"standard","meta":{"footnotes":""},"categories":[35,47],"tags":[6765,294,4474,677],"class_list":["post-67938","post","type-post","status-publish","format-standard","has-post-thumbnail","hentry","category-diplomatie","category-national","tag-johan-wadephul","tag-lalgerie","tag-lallemagne","tag-m-attaf"],"yoast_head":"<!-- This site is optimized with the Yoast SEO Premium plugin v22.6 (Yoast SEO v22.6) - https:\/\/yoast.com\/wordpress\/plugins\/seo\/ -->\n<title>M. Attaf re\u00e7oit son homologue allemand Johann Wadephul - El Mawkie<\/title>\n<meta name=\"robots\" content=\"index, follow, max-snippet:-1, max-image-preview:large, max-video-preview:-1\" \/>\n<link rel=\"canonical\" href=\"https:\/\/elmawkie.dz\/fr\/m-attaf-recoit-son-homologue-allemand-johann-wadephul\/\" \/>\n<meta property=\"og:locale\" content=\"fr_FR\" \/>\n<meta property=\"og:type\" content=\"article\" \/>\n<meta property=\"og:title\" content=\"M. Attaf re\u00e7oit son homologue allemand Johann Wadephul\" \/>\n<meta property=\"og:description\" content=\"Le ministre d&rsquo;Etat, ministre des Affaires \u00e9trang\u00e8res, de la Communaut\u00e9 nationale \u00e0 l&rsquo;\u00e9tranger et des Affaires africaines, M. Ahmed Attaf, a re\u00e7u, lundi au si\u00e8ge du minist\u00e8re, le ministre des Affaires \u00e9trang\u00e8res de la R\u00e9publique f\u00e9d\u00e9rale d&rsquo;Allemagne, M. Johann Wadephul, en visite de travail en Alg\u00e9rie, indique un communiqu\u00e9 du minist\u00e8re. Cette visite s&rsquo;inscrit dans &hellip;\" \/>\n<meta property=\"og:url\" content=\"https:\/\/elmawkie.dz\/fr\/m-attaf-recoit-son-homologue-allemand-johann-wadephul\/\" \/>\n<meta property=\"og:site_name\" content=\"El Mawkie\" \/>\n<meta property=\"article:publisher\" content=\"https:\/\/www.facebook.com\/profile.php?id=100088407094989&amp;locale=fr_FR\" \/>\n<meta property=\"article:published_time\" content=\"2026-08-31T20:35:05+00:00\" \/>\n<meta property=\"og:image\" content=\"https:\/\/elmawkie.dz\/fr\/wp-content\/uploads\/2026\/08\/IMG_0068-scaled.jpeg\" \/>\n\t<meta property=\"og:image:width\" content=\"2560\" \/>\n\t<meta property=\"og:image:height\" content=\"1994\" \/>\n\t<meta property=\"og:image:type\" content=\"image\/jpeg\" \/>\n<meta name=\"author\" content=\"R\u00e9daction\" \/>\n<meta name=\"twitter:card\" content=\"summary_large_image\" \/>\n<meta name=\"twitter:label1\" content=\"Written by\" \/>\n\t<meta name=\"twitter:data1\" content=\"R\u00e9daction\" \/>\n\t<meta name=\"twitter:label2\" content=\"Est. reading time\" \/>\n\t<meta name=\"twitter:data2\" content=\"3 minutes\" \/>\n<script type=\"application\/ld+json\" class=\"yoast-schema-graph\">{\"@context\":\"https:\/\/schema.org\",\"@graph\":[{\"@type\":\"Article\",\"@id\":\"https:\/\/elmawkie.dz\/fr\/m-attaf-recoit-son-homologue-allemand-johann-wadephul\/#article\",\"isPartOf\":{\"@id\":\"https:\/\/elmawkie.dz\/fr\/m-attaf-recoit-son-homologue-allemand-johann-wadephul\/\"},\"author\":{\"name\":\"R\u00e9daction\",\"@id\":\"https:\/\/elmawkie.dz\/fr\/#\/schema\/person\/e7bd59d6467874ba5c4723d8a9f0a63c\"},\"headline\":\"M. Attaf re\u00e7oit son homologue allemand Johann Wadephul\",\"datePublished\":\"2026-08-31T20:35:05+00:00\",\"dateModified\":\"2026-08-31T20:35:05+00:00\",\"mainEntityOfPage\":{\"@id\":\"https:\/\/elmawkie.dz\/fr\/m-attaf-recoit-son-homologue-allemand-johann-wadephul\/\"},\"wordCount\":441,\"commentCount\":0,\"publisher\":{\"@id\":\"https:\/\/elmawkie.dz\/fr\/#organization\"},\"image\":{\"@id\":\"https:\/\/elmawkie.dz\/fr\/m-attaf-recoit-son-homologue-allemand-johann-wadephul\/#primaryimage\"},\"thumbnailUrl\":\"https:\/\/elmawkie.dz\/fr\/wp-content\/uploads\/2026\/08\/IMG_0068-scaled.jpeg\",\"keywords\":[\"Johan Wadephul\",\"L'Alg\u00e9rie\",\"l\u2019Allemagne\",\"M. Attaf\"],\"articleSection\":[\"Diplomatie\",\"National\"],\"inLanguage\":\"fr-FR\",\"potentialAction\":[{\"@type\":\"CommentAction\",\"name\":\"Comment\",\"target\":[\"https:\/\/elmawkie.dz\/fr\/m-attaf-recoit-son-homologue-allemand-johann-wadephul\/#respond\"]}]},{\"@type\":\"WebPage\",\"@id\":\"https:\/\/elmawkie.dz\/fr\/m-attaf-recoit-son-homologue-allemand-johann-wadephul\/\",\"url\":\"https:\/\/elmawkie.dz\/fr\/m-attaf-recoit-son-homologue-allemand-johann-wadephul\/\",\"name\":\"M. Attaf re\u00e7oit son homologue allemand Johann Wadephul - El Mawkie\",\"isPartOf\":{\"@id\":\"https:\/\/elmawkie.dz\/fr\/#website\"},\"primaryImageOfPage\":{\"@id\":\"https:\/\/elmawkie.dz\/fr\/m-attaf-recoit-son-homologue-allemand-johann-wadephul\/#primaryimage\"},\"image\":{\"@id\":\"https:\/\/elmawkie.dz\/fr\/m-attaf-recoit-son-homologue-allemand-johann-wadephul\/#primaryimage\"},\"thumbnailUrl\":\"https:\/\/elmawkie.dz\/fr\/wp-content\/uploads\/2026\/08\/IMG_0068-scaled.jpeg\",\"datePublished\":\"2026-08-31T20:35:05+00:00\",\"dateModified\":\"2026-08-31T20:35:05+00:00\",\"breadcrumb\":{\"@id\":\"https:\/\/elmawkie.dz\/fr\/m-attaf-recoit-son-homologue-allemand-johann-wadephul\/#breadcrumb\"},\"inLanguage\":\"fr-FR\",\"potentialAction\":[{\"@type\":\"ReadAction\",\"target\":[\"https:\/\/elmawkie.dz\/fr\/m-attaf-recoit-son-homologue-allemand-johann-wadephul\/\"]}]},{\"@type\":\"ImageObject\",\"inLanguage\":\"fr-FR\",\"@id\":\"https:\/\/elmawkie.dz\/fr\/m-attaf-recoit-son-homologue-allemand-johann-wadephul\/#primaryimage\",\"url\":\"https:\/\/elmawkie.dz\/fr\/wp-content\/uploads\/2026\/08\/IMG_0068-scaled.jpeg\",\"contentUrl\":\"https:\/\/elmawkie.dz\/fr\/wp-content\/uploads\/2026\/08\/IMG_0068-scaled.jpeg\",\"width\":2560,\"height\":1994},{\"@type\":\"BreadcrumbList\",\"@id\":\"https:\/\/elmawkie.dz\/fr\/m-attaf-recoit-son-homologue-allemand-johann-wadephul\/#breadcrumb\",\"itemListElement\":[{\"@type\":\"ListItem\",\"position\":1,\"name\":\"Home\",\"item\":\"https:\/\/elmawkie.dz\/fr\/\"},{\"@type\":\"ListItem\",\"position\":2,\"name\":\"M. Attaf re\u00e7oit son homologue allemand Johann Wadephul\"}]},{\"@type\":\"WebSite\",\"@id\":\"https:\/\/elmawkie.dz\/fr\/#website\",\"url\":\"https:\/\/elmawkie.dz\/fr\/\",\"name\":\"EL MAWKIE\",\"description\":\"Journal \u00c9lectronique Alg\u00e9rien\",\"publisher\":{\"@id\":\"https:\/\/elmawkie.dz\/fr\/#organization\"},\"potentialAction\":[{\"@type\":\"SearchAction\",\"target\":{\"@type\":\"EntryPoint\",\"urlTemplate\":\"https:\/\/elmawkie.dz\/fr\/?s={search_term_string}\"},\"query-input\":\"required name=search_term_string\"}],\"inLanguage\":\"fr-FR\"},{\"@type\":\"Organization\",\"@id\":\"https:\/\/elmawkie.dz\/fr\/#organization\",\"name\":\"EL MAWKIE\",\"url\":\"https:\/\/elmawkie.dz\/fr\/\",\"logo\":{\"@type\":\"ImageObject\",\"inLanguage\":\"fr-FR\",\"@id\":\"https:\/\/elmawkie.dz\/fr\/#\/schema\/logo\/image\/\",\"url\":\"https:\/\/elmawkie.dz\/fr\/wp-content\/uploads\/2024\/05\/logo1.png\",\"contentUrl\":\"https:\/\/elmawkie.dz\/fr\/wp-content\/uploads\/2024\/05\/logo1.png\",\"width\":1648,\"height\":652,\"caption\":\"EL MAWKIE\"},\"image\":{\"@id\":\"https:\/\/elmawkie.dz\/fr\/#\/schema\/logo\/image\/\"},\"sameAs\":[\"https:\/\/www.facebook.com\/profile.php?id=100088407094989&locale=fr_FR\"]},{\"@type\":\"Person\",\"@id\":\"https:\/\/elmawkie.dz\/fr\/#\/schema\/person\/e7bd59d6467874ba5c4723d8a9f0a63c\",\"name\":\"R\u00e9daction\",\"image\":{\"@type\":\"ImageObject\",\"inLanguage\":\"fr-FR\",\"@id\":\"https:\/\/elmawkie.dz\/fr\/#\/schema\/person\/image\/\",\"url\":\"https:\/\/secure.gravatar.com\/avatar\/f0f773456344da4d2788c054a3d30a0c?s=96&d=mm&r=g\",\"contentUrl\":\"https:\/\/secure.gravatar.com\/avatar\/f0f773456344da4d2788c054a3d30a0c?s=96&d=mm&r=g\",\"caption\":\"R\u00e9daction\"},\"url\":\"https:\/\/elmawkie.dz\/fr\/author\/redaction\/\"}]}<\/script>\n<!-- \/ Yoast SEO Premium plugin. -->","yoast_head_json":{"title":"M. Attaf re\u00e7oit son homologue allemand Johann Wadephul - El Mawkie","robots":{"index":"index","follow":"follow","max-snippet":"max-snippet:-1","max-image-preview":"max-image-preview:large","max-video-preview":"max-video-preview:-1"},"canonical":"https:\/\/elmawkie.dz\/fr\/m-attaf-recoit-son-homologue-allemand-johann-wadephul\/","og_locale":"fr_FR","og_type":"article","og_title":"M. Attaf re\u00e7oit son homologue allemand Johann Wadephul","og_description":"Le ministre d&rsquo;Etat, ministre des Affaires \u00e9trang\u00e8res, de la Communaut\u00e9 nationale \u00e0 l&rsquo;\u00e9tranger et des Affaires africaines, M. Ahmed Attaf, a re\u00e7u, lundi au si\u00e8ge du minist\u00e8re, le ministre des Affaires \u00e9trang\u00e8res de la R\u00e9publique f\u00e9d\u00e9rale d&rsquo;Allemagne, M. Johann Wadephul, en visite de travail en Alg\u00e9rie, indique un communiqu\u00e9 du minist\u00e8re. Cette visite s&rsquo;inscrit dans &hellip;","og_url":"https:\/\/elmawkie.dz\/fr\/m-attaf-recoit-son-homologue-allemand-johann-wadephul\/","og_site_name":"El Mawkie","article_publisher":"https:\/\/www.facebook.com\/profile.php?id=100088407094989&locale=fr_FR","article_published_time":"2026-08-31T20:35:05+00:00","og_image":[{"width":2560,"height":1994,"url":"https:\/\/elmawkie.dz\/fr\/wp-content\/uploads\/2026\/08\/IMG_0068-scaled.jpeg","type":"image\/jpeg"}],"author":"R\u00e9daction","twitter_card":"summary_large_image","twitter_misc":{"Written by":"R\u00e9daction","Est. reading time":"3 minutes"},"schema":{"@context":"https:\/\/schema.org","@graph":[{"@type":"Article","@id":"https:\/\/elmawkie.dz\/fr\/m-attaf-recoit-son-homologue-allemand-johann-wadephul\/#article","isPartOf":{"@id":"https:\/\/elmawkie.dz\/fr\/m-attaf-recoit-son-homologue-allemand-johann-wadephul\/"},"author":{"name":"R\u00e9daction","@id":"https:\/\/elmawkie.dz\/fr\/#\/schema\/person\/e7bd59d6467874ba5c4723d8a9f0a63c"},"headline":"M. Attaf re\u00e7oit son homologue allemand Johann Wadephul","datePublished":"2026-08-31T20:35:05+00:00","dateModified":"2026-08-31T20:35:05+00:00","mainEntityOfPage":{"@id":"https:\/\/elmawkie.dz\/fr\/m-attaf-recoit-son-homologue-allemand-johann-wadephul\/"},"wordCount":441,"commentCount":0,"publisher":{"@id":"https:\/\/elmawkie.dz\/fr\/#organization"},"image":{"@id":"https:\/\/elmawkie.dz\/fr\/m-attaf-recoit-son-homologue-allemand-johann-wadephul\/#primaryimage"},"thumbnailUrl":"https:\/\/elmawkie.dz\/fr\/wp-content\/uploads\/2026\/08\/IMG_0068-scaled.jpeg","keywords":["Johan Wadephul","L'Alg\u00e9rie","l\u2019Allemagne","M. Attaf"],"articleSection":["Diplomatie","National"],"inLanguage":"fr-FR","potentialAction":[{"@type":"CommentAction","name":"Comment","target":["https:\/\/elmawkie.dz\/fr\/m-attaf-recoit-son-homologue-allemand-johann-wadephul\/#respond"]}]},{"@type":"WebPage","@id":"https:\/\/elmawkie.dz\/fr\/m-attaf-recoit-son-homologue-allemand-johann-wadephul\/","url":"https:\/\/elmawkie.dz\/fr\/m-attaf-recoit-son-homologue-allemand-johann-wadephul\/","name":"M. Attaf re\u00e7oit son homologue allemand Johann Wadephul - El Mawkie","isPartOf":{"@id":"https:\/\/elmawkie.dz\/fr\/#website"},"primaryImageOfPage":{"@id":"https:\/\/elmawkie.dz\/fr\/m-attaf-recoit-son-homologue-allemand-johann-wadephul\/#primaryimage"},"image":{"@id":"https:\/\/elmawkie.dz\/fr\/m-attaf-recoit-son-homologue-allemand-johann-wadephul\/#primaryimage"},"thumbnailUrl":"https:\/\/elmawkie.dz\/fr\/wp-content\/uploads\/2026\/08\/IMG_0068-scaled.jpeg","datePublished":"2026-08-31T20:35:05+00:00","dateModified":"2026-08-31T20:35:05+00:00","breadcrumb":{"@id":"https:\/\/elmawkie.dz\/fr\/m-attaf-recoit-son-homologue-allemand-johann-wadephul\/#breadcrumb"},"inLanguage":"fr-FR","potentialAction":[{"@type":"ReadAction","target":["https:\/\/elmawkie.dz\/fr\/m-attaf-recoit-son-homologue-allemand-johann-wadephul\/"]}]},{"@type":"ImageObject","inLanguage":"fr-FR","@id":"https:\/\/elmawkie.dz\/fr\/m-attaf-recoit-son-homologue-allemand-johann-wadephul\/#primaryimage","url":"https:\/\/elmawkie.dz\/fr\/wp-content\/uploads\/2026\/08\/IMG_0068-scaled.jpeg","contentUrl":"https:\/\/elmawkie.dz\/fr\/wp-content\/uploads\/2026\/08\/IMG_0068-scaled.jpeg","width":2560,"height":1994},{"@type":"BreadcrumbList","@id":"https:\/\/elmawkie.dz\/fr\/m-attaf-recoit-son-homologue-allemand-johann-wadephul\/#breadcrumb","itemListElement":[{"@type":"ListItem","position":1,"name":"Home","item":"https:\/\/elmawkie.dz\/fr\/"},{"@type":"ListItem","position":2,"name":"M. Attaf re\u00e7oit son homologue allemand Johann Wadephul"}]},{"@type":"WebSite","@id":"https:\/\/elmawkie.dz\/fr\/#website","url":"https:\/\/elmawkie.dz\/fr\/","name":"EL MAWKIE","description":"Journal \u00c9lectronique Alg\u00e9rien","publisher":{"@id":"https:\/\/elmawkie.dz\/fr\/#organization"},"potentialAction":[{"@type":"SearchAction","target":{"@type":"EntryPoint","urlTemplate":"https:\/\/elmawkie.dz\/fr\/?s={search_term_string}"},"query-input":"required name=search_term_string"}],"inLanguage":"fr-FR"},{"@type":"Organization","@id":"https:\/\/elmawkie.dz\/fr\/#organization","name":"EL MAWKIE","url":"https:\/\/elmawkie.dz\/fr\/","logo":{"@type":"ImageObject","inLanguage":"fr-FR","@id":"https:\/\/elmawkie.dz\/fr\/#\/schema\/logo\/image\/","url":"https:\/\/elmawkie.dz\/fr\/wp-content\/uploads\/2024\/05\/logo1.png","contentUrl":"https:\/\/elmawkie.dz\/fr\/wp-content\/uploads\/2024\/05\/logo1.png","width":1648,"height":652,"caption":"EL MAWKIE"},"image":{"@id":"https:\/\/elmawkie.dz\/fr\/#\/schema\/logo\/image\/"},"sameAs":["https:\/\/www.facebook.com\/profile.php?id=100088407094989&locale=fr_FR"]},{"@type":"Person","@id":"https:\/\/elmawkie.dz\/fr\/#\/schema\/person\/e7bd59d6467874ba5c4723d8a9f0a63c","name":"R\u00e9daction","image":{"@type":"ImageObject","inLanguage":"fr-FR","@id":"https:\/\/elmawkie.dz\/fr\/#\/schema\/person\/image\/","url":"https:\/\/secure.gravatar.com\/avatar\/f0f773456344da4d2788c054a3d30a0c?s=96&d=mm&r=g","contentUrl":"https:\/\/secure.gravatar.com\/avatar\/f0f773456344da4d2788c054a3d30a0c?s=96&d=mm&r=g","caption":"R\u00e9daction"},"url":"https:\/\/elmawkie.dz\/fr\/author\/redaction\/"}]}},"_links":{"self":[{"href":"https:\/\/elmawkie.dz\/fr\/wp-json\/wp\/v2\/posts\/67938","targetHints":{"allow":["GET"]}}],"collection":[{"href":"https:\/\/elmawkie.dz\/fr\/wp-json\/wp\/v2\/posts"}],"about":[{"href":"https:\/\/elmawkie.dz\/fr\/wp-json\/wp\/v2\/types\/post"}],"author":[{"embeddable":true,"href":"https:\/\/elmawkie.dz\/fr\/wp-json\/wp\/v2\/users\/9"}],"replies":[{"embeddable":true,"href":"https:\/\/elmawkie.dz\/fr\/wp-json\/wp\/v2\/comments?post=67938"}],"version-history":[{"count":1,"href":"https:\/\/elmawkie.dz\/fr\/wp-json\/wp\/v2\/posts\/67938\/revisions"}],"predecessor-version":[{"id":67942,"href":"https:\/\/elmawkie.dz\/fr\/wp-json\/wp\/v2\/posts\/67938\/revisions\/67942"}],"wp:featuredmedia":[{"embeddable":true,"href":"https:\/\/elmawkie.dz\/fr\/wp-json\/wp\/v2\/media\/67941"}],"wp:attachment":[{"href":"https:\/\/elmawkie.dz\/fr\/wp-json\/wp\/v2\/media?parent=67938"}],"wp:term":[{"taxonomy":"category","embeddable":true,"href":"https:\/\/elmawkie.dz\/fr\/wp-json\/wp\/v2\/categories?post=67938"},{"taxonomy":"post_tag","embeddable":true,"href":"https:\/\/elmawkie.dz\/fr\/wp-json\/wp\/v2\/tags?post=67938"}],"curies":[{"name":"wp","href":"https:\/\/api.w.org\/{rel}","templated":true}]}}