{"id":67934,"date":"2026-08-31T21:33:17","date_gmt":"2026-08-31T20:33:17","guid":{"rendered":"https:\/\/elmawkie.dz\/fr\/?p=67934"},"modified":"2026-08-31T21:33:17","modified_gmt":"2026-08-31T20:33:17","slug":"incendies-deploiement-dune-deuxieme-clinique-medicale-mobile-dans-les-zones-touchees","status":"publish","type":"post","link":"https:\/\/elmawkie.dz\/fr\/incendies-deploiement-dune-deuxieme-clinique-medicale-mobile-dans-les-zones-touchees\/","title":{"rendered":"Incendies : d\u00e9ploiement d\u2019une deuxi\u00e8me clinique m\u00e9dicale mobile dans les zones touch\u00e9es"},"content":{"rendered":"\n<p>Une deuxi\u00e8me clinique m\u00e9dicale mobile a quitt\u00e9, lundi soir, le si\u00e8ge de la Pharmacie centrale des h\u00f4pitaux (PCH) \u00e0 Alger en direction des zones sinistr\u00e9es, afin d&rsquo;assurer une prise en charge sanitaire optimale des populations touch\u00e9es par les incendies enregistr\u00e9s dans certaines wilayas du pays, indique un communiqu\u00e9 du minist\u00e8re de la Sant\u00e9.<\/p>\n\n\n\n<p>Cette initiative intervient \u00ab\u00a0en application des instructions du pr\u00e9sident de la R\u00e9publique, M. Abdelmadjid Tebboune, et dans le cadre de la poursuite des efforts du minist\u00e8re de la Sant\u00e9 visant \u00e0 rapprocher les services de sant\u00e9 du citoyen et \u00e0 assurer une prise en charge sanitaire optimale des populations touch\u00e9es par les incendies enregistr\u00e9s dans certaines wilayas du pays\u00a0\u00bb, selon le communiqu\u00e9.<\/p>\n\n\n\n<p>Cette clinique m\u00e9dicale mobile permettra aux bless\u00e9s, notamment dans la wilaya de B\u00e9ja\u00efa, d&rsquo;\u00e9viter les d\u00e9placements et de b\u00e9n\u00e9ficier d&rsquo;examens et d&rsquo;un suivi m\u00e9dical au point le plus proche possible de leur lieu de r\u00e9sidence. Elle comprend des \u00e9quipes m\u00e9dicales et param\u00e9dicales qualifi\u00e9es, ainsi que les moyens et \u00e9quipements m\u00e9dicaux n\u00e9cessaires, \u00ab\u00a0permettant d&rsquo;assurer les examens et les soins appropri\u00e9s et de r\u00e9pondre aux besoins sanitaires des populations des zones sinistr\u00e9es\u00a0\u00bb, a-t-on pr\u00e9cis\u00e9.<\/p>\n\n\n\n<p>Le minist\u00e8re de la Sant\u00e9 rassure qu&rsquo;il poursuit sa mobilisation, en coordination avec les diff\u00e9rents \u00e9tablissements de sant\u00e9 et les parties concern\u00e9es, afin de \u00ab\u00a0garantir une r\u00e9ponse efficace aux besoins sanitaires des populations sinistr\u00e9es, conform\u00e9ment \u00e0 la politique de l&rsquo;Etat visant \u00e0 rapprocher les services de sant\u00e9 du citoyen et \u00e0 assurer la continuit\u00e9 des soins, notamment dans de telles circonstances exceptionnelles\u00a0\u00bb.&nbsp;<\/p>\n","protected":false},"excerpt":{"rendered":"<p>Une deuxi\u00e8me clinique m\u00e9dicale mobile a quitt\u00e9, lundi soir, le si\u00e8ge de la Pharmacie centrale des h\u00f4pitaux (PCH) \u00e0 Alger en direction des zones sinistr\u00e9es, afin d&rsquo;assurer une prise en charge sanitaire optimale des populations touch\u00e9es par les incendies enregistr\u00e9s dans certaines wilayas du pays, indique un communiqu\u00e9 du minist\u00e8re de la Sant\u00e9. Cette initiative &hellip;<\/p>\n","protected":false},"author":9,"featured_media":67936,"comment_status":"open","ping_status":"open","sticky":false,"template":"","format":"standard","meta":{"footnotes":""},"categories":[47],"tags":[6764,1856,4718],"class_list":["post-67934","post","type-post","status-publish","format-standard","has-post-thumbnail","hentry","category-national","tag-clinique-medicale-mobile","tag-incendies","tag-ministere-de-sante"],"yoast_head":"<!-- This site is optimized with the Yoast SEO Premium plugin v22.6 (Yoast SEO v22.6) - https:\/\/yoast.com\/wordpress\/plugins\/seo\/ -->\n<title>Incendies : d\u00e9ploiement d\u2019une deuxi\u00e8me clinique m\u00e9dicale mobile dans les zones touch\u00e9es - El Mawkie<\/title>\n<meta name=\"robots\" content=\"index, follow, max-snippet:-1, max-image-preview:large, max-video-preview:-1\" \/>\n<link rel=\"canonical\" href=\"https:\/\/elmawkie.dz\/fr\/incendies-deploiement-dune-deuxieme-clinique-medicale-mobile-dans-les-zones-touchees\/\" \/>\n<meta property=\"og:locale\" content=\"fr_FR\" \/>\n<meta property=\"og:type\" content=\"article\" \/>\n<meta property=\"og:title\" content=\"Incendies : d\u00e9ploiement d\u2019une deuxi\u00e8me clinique m\u00e9dicale mobile dans les zones touch\u00e9es\" \/>\n<meta property=\"og:description\" content=\"Une deuxi\u00e8me clinique m\u00e9dicale mobile a quitt\u00e9, lundi soir, le si\u00e8ge de la Pharmacie centrale des h\u00f4pitaux (PCH) \u00e0 Alger en direction des zones sinistr\u00e9es, afin d&rsquo;assurer une prise en charge sanitaire optimale des populations touch\u00e9es par les incendies enregistr\u00e9s dans certaines wilayas du pays, indique un communiqu\u00e9 du minist\u00e8re de la Sant\u00e9. Cette initiative &hellip;\" \/>\n<meta property=\"og:url\" content=\"https:\/\/elmawkie.dz\/fr\/incendies-deploiement-dune-deuxieme-clinique-medicale-mobile-dans-les-zones-touchees\/\" \/>\n<meta property=\"og:site_name\" content=\"El Mawkie\" \/>\n<meta property=\"article:publisher\" content=\"https:\/\/www.facebook.com\/profile.php?id=100088407094989&amp;locale=fr_FR\" \/>\n<meta property=\"article:published_time\" content=\"2026-08-31T20:33:17+00:00\" \/>\n<meta property=\"og:image\" content=\"https:\/\/elmawkie.dz\/fr\/wp-content\/uploads\/2026\/08\/IMG_0092.jpeg\" \/>\n\t<meta property=\"og:image:width\" content=\"588\" \/>\n\t<meta property=\"og:image:height\" content=\"315\" \/>\n\t<meta property=\"og:image:type\" content=\"image\/jpeg\" \/>\n<meta name=\"author\" content=\"R\u00e9daction\" \/>\n<meta name=\"twitter:card\" content=\"summary_large_image\" \/>\n<meta name=\"twitter:label1\" content=\"Written by\" \/>\n\t<meta name=\"twitter:data1\" content=\"R\u00e9daction\" \/>\n\t<meta name=\"twitter:label2\" content=\"Est. reading time\" \/>\n\t<meta name=\"twitter:data2\" content=\"2 minutes\" \/>\n<script type=\"application\/ld+json\" class=\"yoast-schema-graph\">{\"@context\":\"https:\/\/schema.org\",\"@graph\":[{\"@type\":\"Article\",\"@id\":\"https:\/\/elmawkie.dz\/fr\/incendies-deploiement-dune-deuxieme-clinique-medicale-mobile-dans-les-zones-touchees\/#article\",\"isPartOf\":{\"@id\":\"https:\/\/elmawkie.dz\/fr\/incendies-deploiement-dune-deuxieme-clinique-medicale-mobile-dans-les-zones-touchees\/\"},\"author\":{\"name\":\"R\u00e9daction\",\"@id\":\"https:\/\/elmawkie.dz\/fr\/#\/schema\/person\/e7bd59d6467874ba5c4723d8a9f0a63c\"},\"headline\":\"Incendies : d\u00e9ploiement d\u2019une deuxi\u00e8me clinique m\u00e9dicale mobile dans les zones touch\u00e9es\",\"datePublished\":\"2026-08-31T20:33:17+00:00\",\"dateModified\":\"2026-08-31T20:33:17+00:00\",\"mainEntityOfPage\":{\"@id\":\"https:\/\/elmawkie.dz\/fr\/incendies-deploiement-dune-deuxieme-clinique-medicale-mobile-dans-les-zones-touchees\/\"},\"wordCount\":304,\"commentCount\":0,\"publisher\":{\"@id\":\"https:\/\/elmawkie.dz\/fr\/#organization\"},\"image\":{\"@id\":\"https:\/\/elmawkie.dz\/fr\/incendies-deploiement-dune-deuxieme-clinique-medicale-mobile-dans-les-zones-touchees\/#primaryimage\"},\"thumbnailUrl\":\"https:\/\/elmawkie.dz\/fr\/wp-content\/uploads\/2026\/08\/IMG_0092.jpeg\",\"keywords\":[\"Clinique m\u00e9dicale mobile\",\"Incendies\",\"Minist\u00e8re de sant\u00e9\"],\"articleSection\":[\"National\"],\"inLanguage\":\"fr-FR\",\"potentialAction\":[{\"@type\":\"CommentAction\",\"name\":\"Comment\",\"target\":[\"https:\/\/elmawkie.dz\/fr\/incendies-deploiement-dune-deuxieme-clinique-medicale-mobile-dans-les-zones-touchees\/#respond\"]}]},{\"@type\":\"WebPage\",\"@id\":\"https:\/\/elmawkie.dz\/fr\/incendies-deploiement-dune-deuxieme-clinique-medicale-mobile-dans-les-zones-touchees\/\",\"url\":\"https:\/\/elmawkie.dz\/fr\/incendies-deploiement-dune-deuxieme-clinique-medicale-mobile-dans-les-zones-touchees\/\",\"name\":\"Incendies : d\u00e9ploiement d\u2019une deuxi\u00e8me clinique m\u00e9dicale mobile dans les zones touch\u00e9es - El Mawkie\",\"isPartOf\":{\"@id\":\"https:\/\/elmawkie.dz\/fr\/#website\"},\"primaryImageOfPage\":{\"@id\":\"https:\/\/elmawkie.dz\/fr\/incendies-deploiement-dune-deuxieme-clinique-medicale-mobile-dans-les-zones-touchees\/#primaryimage\"},\"image\":{\"@id\":\"https:\/\/elmawkie.dz\/fr\/incendies-deploiement-dune-deuxieme-clinique-medicale-mobile-dans-les-zones-touchees\/#primaryimage\"},\"thumbnailUrl\":\"https:\/\/elmawkie.dz\/fr\/wp-content\/uploads\/2026\/08\/IMG_0092.jpeg\",\"datePublished\":\"2026-08-31T20:33:17+00:00\",\"dateModified\":\"2026-08-31T20:33:17+00:00\",\"breadcrumb\":{\"@id\":\"https:\/\/elmawkie.dz\/fr\/incendies-deploiement-dune-deuxieme-clinique-medicale-mobile-dans-les-zones-touchees\/#breadcrumb\"},\"inLanguage\":\"fr-FR\",\"potentialAction\":[{\"@type\":\"ReadAction\",\"target\":[\"https:\/\/elmawkie.dz\/fr\/incendies-deploiement-dune-deuxieme-clinique-medicale-mobile-dans-les-zones-touchees\/\"]}]},{\"@type\":\"ImageObject\",\"inLanguage\":\"fr-FR\",\"@id\":\"https:\/\/elmawkie.dz\/fr\/incendies-deploiement-dune-deuxieme-clinique-medicale-mobile-dans-les-zones-touchees\/#primaryimage\",\"url\":\"https:\/\/elmawkie.dz\/fr\/wp-content\/uploads\/2026\/08\/IMG_0092.jpeg\",\"contentUrl\":\"https:\/\/elmawkie.dz\/fr\/wp-content\/uploads\/2026\/08\/IMG_0092.jpeg\",\"width\":588,\"height\":315},{\"@type\":\"BreadcrumbList\",\"@id\":\"https:\/\/elmawkie.dz\/fr\/incendies-deploiement-dune-deuxieme-clinique-medicale-mobile-dans-les-zones-touchees\/#breadcrumb\",\"itemListElement\":[{\"@type\":\"ListItem\",\"position\":1,\"name\":\"Home\",\"item\":\"https:\/\/elmawkie.dz\/fr\/\"},{\"@type\":\"ListItem\",\"position\":2,\"name\":\"Incendies : d\u00e9ploiement d\u2019une deuxi\u00e8me clinique m\u00e9dicale mobile dans les zones touch\u00e9es\"}]},{\"@type\":\"WebSite\",\"@id\":\"https:\/\/elmawkie.dz\/fr\/#website\",\"url\":\"https:\/\/elmawkie.dz\/fr\/\",\"name\":\"EL MAWKIE\",\"description\":\"Journal \u00c9lectronique Alg\u00e9rien\",\"publisher\":{\"@id\":\"https:\/\/elmawkie.dz\/fr\/#organization\"},\"potentialAction\":[{\"@type\":\"SearchAction\",\"target\":{\"@type\":\"EntryPoint\",\"urlTemplate\":\"https:\/\/elmawkie.dz\/fr\/?s={search_term_string}\"},\"query-input\":\"required name=search_term_string\"}],\"inLanguage\":\"fr-FR\"},{\"@type\":\"Organization\",\"@id\":\"https:\/\/elmawkie.dz\/fr\/#organization\",\"name\":\"EL MAWKIE\",\"url\":\"https:\/\/elmawkie.dz\/fr\/\",\"logo\":{\"@type\":\"ImageObject\",\"inLanguage\":\"fr-FR\",\"@id\":\"https:\/\/elmawkie.dz\/fr\/#\/schema\/logo\/image\/\",\"url\":\"https:\/\/elmawkie.dz\/fr\/wp-content\/uploads\/2024\/05\/logo1.png\",\"contentUrl\":\"https:\/\/elmawkie.dz\/fr\/wp-content\/uploads\/2024\/05\/logo1.png\",\"width\":1648,\"height\":652,\"caption\":\"EL MAWKIE\"},\"image\":{\"@id\":\"https:\/\/elmawkie.dz\/fr\/#\/schema\/logo\/image\/\"},\"sameAs\":[\"https:\/\/www.facebook.com\/profile.php?id=100088407094989&locale=fr_FR\"]},{\"@type\":\"Person\",\"@id\":\"https:\/\/elmawkie.dz\/fr\/#\/schema\/person\/e7bd59d6467874ba5c4723d8a9f0a63c\",\"name\":\"R\u00e9daction\",\"image\":{\"@type\":\"ImageObject\",\"inLanguage\":\"fr-FR\",\"@id\":\"https:\/\/elmawkie.dz\/fr\/#\/schema\/person\/image\/\",\"url\":\"https:\/\/secure.gravatar.com\/avatar\/f0f773456344da4d2788c054a3d30a0c?s=96&d=mm&r=g\",\"contentUrl\":\"https:\/\/secure.gravatar.com\/avatar\/f0f773456344da4d2788c054a3d30a0c?s=96&d=mm&r=g\",\"caption\":\"R\u00e9daction\"},\"url\":\"https:\/\/elmawkie.dz\/fr\/author\/redaction\/\"}]}<\/script>\n<!-- \/ Yoast SEO Premium plugin. -->","yoast_head_json":{"title":"Incendies : d\u00e9ploiement d\u2019une deuxi\u00e8me clinique m\u00e9dicale mobile dans les zones touch\u00e9es - El Mawkie","robots":{"index":"index","follow":"follow","max-snippet":"max-snippet:-1","max-image-preview":"max-image-preview:large","max-video-preview":"max-video-preview:-1"},"canonical":"https:\/\/elmawkie.dz\/fr\/incendies-deploiement-dune-deuxieme-clinique-medicale-mobile-dans-les-zones-touchees\/","og_locale":"fr_FR","og_type":"article","og_title":"Incendies : d\u00e9ploiement d\u2019une deuxi\u00e8me clinique m\u00e9dicale mobile dans les zones touch\u00e9es","og_description":"Une deuxi\u00e8me clinique m\u00e9dicale mobile a quitt\u00e9, lundi soir, le si\u00e8ge de la Pharmacie centrale des h\u00f4pitaux (PCH) \u00e0 Alger en direction des zones sinistr\u00e9es, afin d&rsquo;assurer une prise en charge sanitaire optimale des populations touch\u00e9es par les incendies enregistr\u00e9s dans certaines wilayas du pays, indique un communiqu\u00e9 du minist\u00e8re de la Sant\u00e9. Cette initiative &hellip;","og_url":"https:\/\/elmawkie.dz\/fr\/incendies-deploiement-dune-deuxieme-clinique-medicale-mobile-dans-les-zones-touchees\/","og_site_name":"El Mawkie","article_publisher":"https:\/\/www.facebook.com\/profile.php?id=100088407094989&locale=fr_FR","article_published_time":"2026-08-31T20:33:17+00:00","og_image":[{"width":588,"height":315,"url":"https:\/\/elmawkie.dz\/fr\/wp-content\/uploads\/2026\/08\/IMG_0092.jpeg","type":"image\/jpeg"}],"author":"R\u00e9daction","twitter_card":"summary_large_image","twitter_misc":{"Written by":"R\u00e9daction","Est. reading time":"2 minutes"},"schema":{"@context":"https:\/\/schema.org","@graph":[{"@type":"Article","@id":"https:\/\/elmawkie.dz\/fr\/incendies-deploiement-dune-deuxieme-clinique-medicale-mobile-dans-les-zones-touchees\/#article","isPartOf":{"@id":"https:\/\/elmawkie.dz\/fr\/incendies-deploiement-dune-deuxieme-clinique-medicale-mobile-dans-les-zones-touchees\/"},"author":{"name":"R\u00e9daction","@id":"https:\/\/elmawkie.dz\/fr\/#\/schema\/person\/e7bd59d6467874ba5c4723d8a9f0a63c"},"headline":"Incendies : d\u00e9ploiement d\u2019une deuxi\u00e8me clinique m\u00e9dicale mobile dans les zones touch\u00e9es","datePublished":"2026-08-31T20:33:17+00:00","dateModified":"2026-08-31T20:33:17+00:00","mainEntityOfPage":{"@id":"https:\/\/elmawkie.dz\/fr\/incendies-deploiement-dune-deuxieme-clinique-medicale-mobile-dans-les-zones-touchees\/"},"wordCount":304,"commentCount":0,"publisher":{"@id":"https:\/\/elmawkie.dz\/fr\/#organization"},"image":{"@id":"https:\/\/elmawkie.dz\/fr\/incendies-deploiement-dune-deuxieme-clinique-medicale-mobile-dans-les-zones-touchees\/#primaryimage"},"thumbnailUrl":"https:\/\/elmawkie.dz\/fr\/wp-content\/uploads\/2026\/08\/IMG_0092.jpeg","keywords":["Clinique m\u00e9dicale mobile","Incendies","Minist\u00e8re de sant\u00e9"],"articleSection":["National"],"inLanguage":"fr-FR","potentialAction":[{"@type":"CommentAction","name":"Comment","target":["https:\/\/elmawkie.dz\/fr\/incendies-deploiement-dune-deuxieme-clinique-medicale-mobile-dans-les-zones-touchees\/#respond"]}]},{"@type":"WebPage","@id":"https:\/\/elmawkie.dz\/fr\/incendies-deploiement-dune-deuxieme-clinique-medicale-mobile-dans-les-zones-touchees\/","url":"https:\/\/elmawkie.dz\/fr\/incendies-deploiement-dune-deuxieme-clinique-medicale-mobile-dans-les-zones-touchees\/","name":"Incendies : d\u00e9ploiement d\u2019une deuxi\u00e8me clinique m\u00e9dicale mobile dans les zones touch\u00e9es - El Mawkie","isPartOf":{"@id":"https:\/\/elmawkie.dz\/fr\/#website"},"primaryImageOfPage":{"@id":"https:\/\/elmawkie.dz\/fr\/incendies-deploiement-dune-deuxieme-clinique-medicale-mobile-dans-les-zones-touchees\/#primaryimage"},"image":{"@id":"https:\/\/elmawkie.dz\/fr\/incendies-deploiement-dune-deuxieme-clinique-medicale-mobile-dans-les-zones-touchees\/#primaryimage"},"thumbnailUrl":"https:\/\/elmawkie.dz\/fr\/wp-content\/uploads\/2026\/08\/IMG_0092.jpeg","datePublished":"2026-08-31T20:33:17+00:00","dateModified":"2026-08-31T20:33:17+00:00","breadcrumb":{"@id":"https:\/\/elmawkie.dz\/fr\/incendies-deploiement-dune-deuxieme-clinique-medicale-mobile-dans-les-zones-touchees\/#breadcrumb"},"inLanguage":"fr-FR","potentialAction":[{"@type":"ReadAction","target":["https:\/\/elmawkie.dz\/fr\/incendies-deploiement-dune-deuxieme-clinique-medicale-mobile-dans-les-zones-touchees\/"]}]},{"@type":"ImageObject","inLanguage":"fr-FR","@id":"https:\/\/elmawkie.dz\/fr\/incendies-deploiement-dune-deuxieme-clinique-medicale-mobile-dans-les-zones-touchees\/#primaryimage","url":"https:\/\/elmawkie.dz\/fr\/wp-content\/uploads\/2026\/08\/IMG_0092.jpeg","contentUrl":"https:\/\/elmawkie.dz\/fr\/wp-content\/uploads\/2026\/08\/IMG_0092.jpeg","width":588,"height":315},{"@type":"BreadcrumbList","@id":"https:\/\/elmawkie.dz\/fr\/incendies-deploiement-dune-deuxieme-clinique-medicale-mobile-dans-les-zones-touchees\/#breadcrumb","itemListElement":[{"@type":"ListItem","position":1,"name":"Home","item":"https:\/\/elmawkie.dz\/fr\/"},{"@type":"ListItem","position":2,"name":"Incendies : d\u00e9ploiement d\u2019une deuxi\u00e8me clinique m\u00e9dicale mobile dans les zones touch\u00e9es"}]},{"@type":"WebSite","@id":"https:\/\/elmawkie.dz\/fr\/#website","url":"https:\/\/elmawkie.dz\/fr\/","name":"EL MAWKIE","description":"Journal \u00c9lectronique Alg\u00e9rien","publisher":{"@id":"https:\/\/elmawkie.dz\/fr\/#organization"},"potentialAction":[{"@type":"SearchAction","target":{"@type":"EntryPoint","urlTemplate":"https:\/\/elmawkie.dz\/fr\/?s={search_term_string}"},"query-input":"required name=search_term_string"}],"inLanguage":"fr-FR"},{"@type":"Organization","@id":"https:\/\/elmawkie.dz\/fr\/#organization","name":"EL MAWKIE","url":"https:\/\/elmawkie.dz\/fr\/","logo":{"@type":"ImageObject","inLanguage":"fr-FR","@id":"https:\/\/elmawkie.dz\/fr\/#\/schema\/logo\/image\/","url":"https:\/\/elmawkie.dz\/fr\/wp-content\/uploads\/2024\/05\/logo1.png","contentUrl":"https:\/\/elmawkie.dz\/fr\/wp-content\/uploads\/2024\/05\/logo1.png","width":1648,"height":652,"caption":"EL MAWKIE"},"image":{"@id":"https:\/\/elmawkie.dz\/fr\/#\/schema\/logo\/image\/"},"sameAs":["https:\/\/www.facebook.com\/profile.php?id=100088407094989&locale=fr_FR"]},{"@type":"Person","@id":"https:\/\/elmawkie.dz\/fr\/#\/schema\/person\/e7bd59d6467874ba5c4723d8a9f0a63c","name":"R\u00e9daction","image":{"@type":"ImageObject","inLanguage":"fr-FR","@id":"https:\/\/elmawkie.dz\/fr\/#\/schema\/person\/image\/","url":"https:\/\/secure.gravatar.com\/avatar\/f0f773456344da4d2788c054a3d30a0c?s=96&d=mm&r=g","contentUrl":"https:\/\/secure.gravatar.com\/avatar\/f0f773456344da4d2788c054a3d30a0c?s=96&d=mm&r=g","caption":"R\u00e9daction"},"url":"https:\/\/elmawkie.dz\/fr\/author\/redaction\/"}]}},"_links":{"self":[{"href":"https:\/\/elmawkie.dz\/fr\/wp-json\/wp\/v2\/posts\/67934","targetHints":{"allow":["GET"]}}],"collection":[{"href":"https:\/\/elmawkie.dz\/fr\/wp-json\/wp\/v2\/posts"}],"about":[{"href":"https:\/\/elmawkie.dz\/fr\/wp-json\/wp\/v2\/types\/post"}],"author":[{"embeddable":true,"href":"https:\/\/elmawkie.dz\/fr\/wp-json\/wp\/v2\/users\/9"}],"replies":[{"embeddable":true,"href":"https:\/\/elmawkie.dz\/fr\/wp-json\/wp\/v2\/comments?post=67934"}],"version-history":[{"count":1,"href":"https:\/\/elmawkie.dz\/fr\/wp-json\/wp\/v2\/posts\/67934\/revisions"}],"predecessor-version":[{"id":67937,"href":"https:\/\/elmawkie.dz\/fr\/wp-json\/wp\/v2\/posts\/67934\/revisions\/67937"}],"wp:featuredmedia":[{"embeddable":true,"href":"https:\/\/elmawkie.dz\/fr\/wp-json\/wp\/v2\/media\/67936"}],"wp:attachment":[{"href":"https:\/\/elmawkie.dz\/fr\/wp-json\/wp\/v2\/media?parent=67934"}],"wp:term":[{"taxonomy":"category","embeddable":true,"href":"https:\/\/elmawkie.dz\/fr\/wp-json\/wp\/v2\/categories?post=67934"},{"taxonomy":"post_tag","embeddable":true,"href":"https:\/\/elmawkie.dz\/fr\/wp-json\/wp\/v2\/tags?post=67934"}],"curies":[{"name":"wp","href":"https:\/\/api.w.org\/{rel}","templated":true}]}}