{"id":67930,"date":"2026-08-31T21:30:55","date_gmt":"2026-08-31T20:30:55","guid":{"rendered":"https:\/\/elmawkie.dz\/fr\/?p=67930"},"modified":"2026-08-31T21:30:56","modified_gmt":"2026-08-31T20:30:56","slug":"le-ministre-de-la-justice-preside-une-reunion-avec-les-presidents-des-cours-de-justice-et-les-procureurs-generaux-des-poles-penaux-specialises","status":"publish","type":"post","link":"https:\/\/elmawkie.dz\/fr\/le-ministre-de-la-justice-preside-une-reunion-avec-les-presidents-des-cours-de-justice-et-les-procureurs-generaux-des-poles-penaux-specialises\/","title":{"rendered":"Le ministre de la Justice pr\u00e9side une r\u00e9union avec les pr\u00e9sidents des Cours de justice et les procureurs g\u00e9n\u00e9raux des p\u00f4les p\u00e9naux sp\u00e9cialis\u00e9s"},"content":{"rendered":"\n<p>Le ministre de la Justice, garde des Sceaux, Lotfi Boudjemaa, a pr\u00e9sid\u00e9, lundi, une r\u00e9union de travail avec les pr\u00e9sidents des Cours de justice et les procureurs g\u00e9n\u00e9raux des p\u00f4les p\u00e9naux sp\u00e9cialis\u00e9s d&rsquo;Alger, d&rsquo;Oran, de Constantine et d&rsquo;Ouargla, indique un communiqu\u00e9 du minist\u00e8re.<\/p>\n\n\n\n<p>Au cours de cette r\u00e9union, tenue au si\u00e8ge du minist\u00e8re, en pr\u00e9sence de cadres de l&rsquo;administration centrale, \u00ab\u00a0il a \u00e9t\u00e9 proc\u00e9d\u00e9 \u00e0 l&rsquo;examen des questions li\u00e9es \u00e0 la politique p\u00e9nale et aux exigences de la lutte contre la criminalit\u00e9 dangereuse, notamment celle li\u00e9e \u00e0 la drogue et aux substances psychotropes sous toutes leurs formes, au crime organis\u00e9, \u00e0 la contrebande, \u00e0 la sp\u00e9culation, \u00e0 la corruption, aux infractions de change et de mouvements de capitaux, ainsi qu&rsquo;au terrorisme\u00a0\u00bb, selon le communiqu\u00e9.<\/p>\n\n\n\n<p>A cette occasion, le ministre a donn\u00e9 une s\u00e9rie d&rsquo;orientations pratiques visant \u00e0 \u00ab\u00a0d\u00e9velopper les m\u00e9thodes de travail judiciaire et \u00e0 renforcer la coordination des efforts avec l&rsquo;ensemble des acteurs sur le terrain, notamment les diff\u00e9rents corps de la police judiciaire\u00a0\u00bb, a-t-on ajout\u00e9.<\/p>\n\n\n\n<p>Il a \u00e9galement exhort\u00e9 l&rsquo;ensemble des responsables concern\u00e9s \u00e0 \u00ab\u00a0faire preuve de la plus grande fermet\u00e9 dans la lutte contre ce type de criminalit\u00e9, \u00e0 travers la mobilisation de toutes les capacit\u00e9s et de tous les moyens disponibles, ainsi que la mise en \u0153uvre de l&rsquo;ensemble des instruments juridiques disponibles, au service de l&rsquo;ordre public, de la s\u00e9curit\u00e9 publique et de la protection des droits et des libert\u00e9s\u00a0\u00bb, conclut le communiqu\u00e9.&nbsp;<\/p>\n","protected":false},"excerpt":{"rendered":"<p>Le ministre de la Justice, garde des Sceaux, Lotfi Boudjemaa, a pr\u00e9sid\u00e9, lundi, une r\u00e9union de travail avec les pr\u00e9sidents des Cours de justice et les procureurs g\u00e9n\u00e9raux des p\u00f4les p\u00e9naux sp\u00e9cialis\u00e9s d&rsquo;Alger, d&rsquo;Oran, de Constantine et d&rsquo;Ouargla, indique un communiqu\u00e9 du minist\u00e8re. Au cours de cette r\u00e9union, tenue au si\u00e8ge du minist\u00e8re, en pr\u00e9sence &hellip;<\/p>\n","protected":false},"author":9,"featured_media":67932,"comment_status":"open","ping_status":"open","sticky":false,"template":"","format":"standard","meta":{"footnotes":""},"categories":[47],"tags":[2382,6763,2554],"class_list":["post-67930","post","type-post","status-publish","format-standard","has-post-thumbnail","hentry","category-national","tag-le-ministre-de-la-justice","tag-m-boudjemaa","tag-procureurs-generaux"],"yoast_head":"<!-- This site is optimized with the Yoast SEO Premium plugin v22.6 (Yoast SEO v22.6) - https:\/\/yoast.com\/wordpress\/plugins\/seo\/ -->\n<title>Le ministre de la Justice pr\u00e9side une r\u00e9union avec les pr\u00e9sidents des Cours de justice et les procureurs g\u00e9n\u00e9raux des p\u00f4les p\u00e9naux sp\u00e9cialis\u00e9s - El Mawkie<\/title>\n<meta name=\"robots\" content=\"index, follow, max-snippet:-1, max-image-preview:large, max-video-preview:-1\" \/>\n<link rel=\"canonical\" href=\"https:\/\/elmawkie.dz\/fr\/le-ministre-de-la-justice-preside-une-reunion-avec-les-presidents-des-cours-de-justice-et-les-procureurs-generaux-des-poles-penaux-specialises\/\" \/>\n<meta property=\"og:locale\" content=\"fr_FR\" \/>\n<meta property=\"og:type\" content=\"article\" \/>\n<meta property=\"og:title\" content=\"Le ministre de la Justice pr\u00e9side une r\u00e9union avec les pr\u00e9sidents des Cours de justice et les procureurs g\u00e9n\u00e9raux des p\u00f4les p\u00e9naux sp\u00e9cialis\u00e9s\" \/>\n<meta property=\"og:description\" content=\"Le ministre de la Justice, garde des Sceaux, Lotfi Boudjemaa, a pr\u00e9sid\u00e9, lundi, une r\u00e9union de travail avec les pr\u00e9sidents des Cours de justice et les procureurs g\u00e9n\u00e9raux des p\u00f4les p\u00e9naux sp\u00e9cialis\u00e9s d&rsquo;Alger, d&rsquo;Oran, de Constantine et d&rsquo;Ouargla, indique un communiqu\u00e9 du minist\u00e8re. Au cours de cette r\u00e9union, tenue au si\u00e8ge du minist\u00e8re, en pr\u00e9sence &hellip;\" \/>\n<meta property=\"og:url\" content=\"https:\/\/elmawkie.dz\/fr\/le-ministre-de-la-justice-preside-une-reunion-avec-les-presidents-des-cours-de-justice-et-les-procureurs-generaux-des-poles-penaux-specialises\/\" \/>\n<meta property=\"og:site_name\" content=\"El Mawkie\" \/>\n<meta property=\"article:publisher\" content=\"https:\/\/www.facebook.com\/profile.php?id=100088407094989&amp;locale=fr_FR\" \/>\n<meta property=\"article:published_time\" content=\"2026-08-31T20:30:55+00:00\" \/>\n<meta property=\"article:modified_time\" content=\"2026-08-31T20:30:56+00:00\" \/>\n<meta property=\"og:image\" content=\"https:\/\/elmawkie.dz\/fr\/wp-content\/uploads\/2026\/08\/IMG_0066.jpeg\" \/>\n\t<meta property=\"og:image:width\" content=\"1600\" \/>\n\t<meta property=\"og:image:height\" content=\"1066\" \/>\n\t<meta property=\"og:image:type\" content=\"image\/jpeg\" \/>\n<meta name=\"author\" content=\"R\u00e9daction\" \/>\n<meta name=\"twitter:card\" content=\"summary_large_image\" \/>\n<meta name=\"twitter:label1\" content=\"Written by\" \/>\n\t<meta name=\"twitter:data1\" content=\"R\u00e9daction\" \/>\n\t<meta name=\"twitter:label2\" content=\"Est. reading time\" \/>\n\t<meta name=\"twitter:data2\" content=\"2 minutes\" \/>\n<script type=\"application\/ld+json\" class=\"yoast-schema-graph\">{\"@context\":\"https:\/\/schema.org\",\"@graph\":[{\"@type\":\"Article\",\"@id\":\"https:\/\/elmawkie.dz\/fr\/le-ministre-de-la-justice-preside-une-reunion-avec-les-presidents-des-cours-de-justice-et-les-procureurs-generaux-des-poles-penaux-specialises\/#article\",\"isPartOf\":{\"@id\":\"https:\/\/elmawkie.dz\/fr\/le-ministre-de-la-justice-preside-une-reunion-avec-les-presidents-des-cours-de-justice-et-les-procureurs-generaux-des-poles-penaux-specialises\/\"},\"author\":{\"name\":\"R\u00e9daction\",\"@id\":\"https:\/\/elmawkie.dz\/fr\/#\/schema\/person\/e7bd59d6467874ba5c4723d8a9f0a63c\"},\"headline\":\"Le ministre de la Justice pr\u00e9side une r\u00e9union avec les pr\u00e9sidents des Cours de justice et les procureurs g\u00e9n\u00e9raux des p\u00f4les p\u00e9naux sp\u00e9cialis\u00e9s\",\"datePublished\":\"2026-08-31T20:30:55+00:00\",\"dateModified\":\"2026-08-31T20:30:56+00:00\",\"mainEntityOfPage\":{\"@id\":\"https:\/\/elmawkie.dz\/fr\/le-ministre-de-la-justice-preside-une-reunion-avec-les-presidents-des-cours-de-justice-et-les-procureurs-generaux-des-poles-penaux-specialises\/\"},\"wordCount\":299,\"commentCount\":0,\"publisher\":{\"@id\":\"https:\/\/elmawkie.dz\/fr\/#organization\"},\"image\":{\"@id\":\"https:\/\/elmawkie.dz\/fr\/le-ministre-de-la-justice-preside-une-reunion-avec-les-presidents-des-cours-de-justice-et-les-procureurs-generaux-des-poles-penaux-specialises\/#primaryimage\"},\"thumbnailUrl\":\"https:\/\/elmawkie.dz\/fr\/wp-content\/uploads\/2026\/08\/IMG_0066.jpeg\",\"keywords\":[\"Le ministre de la Justice\",\"M.Boudjemaa\",\"procureurs g\u00e9n\u00e9raux\"],\"articleSection\":[\"National\"],\"inLanguage\":\"fr-FR\",\"potentialAction\":[{\"@type\":\"CommentAction\",\"name\":\"Comment\",\"target\":[\"https:\/\/elmawkie.dz\/fr\/le-ministre-de-la-justice-preside-une-reunion-avec-les-presidents-des-cours-de-justice-et-les-procureurs-generaux-des-poles-penaux-specialises\/#respond\"]}]},{\"@type\":\"WebPage\",\"@id\":\"https:\/\/elmawkie.dz\/fr\/le-ministre-de-la-justice-preside-une-reunion-avec-les-presidents-des-cours-de-justice-et-les-procureurs-generaux-des-poles-penaux-specialises\/\",\"url\":\"https:\/\/elmawkie.dz\/fr\/le-ministre-de-la-justice-preside-une-reunion-avec-les-presidents-des-cours-de-justice-et-les-procureurs-generaux-des-poles-penaux-specialises\/\",\"name\":\"Le ministre de la Justice pr\u00e9side une r\u00e9union avec les pr\u00e9sidents des Cours de justice et les procureurs g\u00e9n\u00e9raux des p\u00f4les p\u00e9naux sp\u00e9cialis\u00e9s - El Mawkie\",\"isPartOf\":{\"@id\":\"https:\/\/elmawkie.dz\/fr\/#website\"},\"primaryImageOfPage\":{\"@id\":\"https:\/\/elmawkie.dz\/fr\/le-ministre-de-la-justice-preside-une-reunion-avec-les-presidents-des-cours-de-justice-et-les-procureurs-generaux-des-poles-penaux-specialises\/#primaryimage\"},\"image\":{\"@id\":\"https:\/\/elmawkie.dz\/fr\/le-ministre-de-la-justice-preside-une-reunion-avec-les-presidents-des-cours-de-justice-et-les-procureurs-generaux-des-poles-penaux-specialises\/#primaryimage\"},\"thumbnailUrl\":\"https:\/\/elmawkie.dz\/fr\/wp-content\/uploads\/2026\/08\/IMG_0066.jpeg\",\"datePublished\":\"2026-08-31T20:30:55+00:00\",\"dateModified\":\"2026-08-31T20:30:56+00:00\",\"breadcrumb\":{\"@id\":\"https:\/\/elmawkie.dz\/fr\/le-ministre-de-la-justice-preside-une-reunion-avec-les-presidents-des-cours-de-justice-et-les-procureurs-generaux-des-poles-penaux-specialises\/#breadcrumb\"},\"inLanguage\":\"fr-FR\",\"potentialAction\":[{\"@type\":\"ReadAction\",\"target\":[\"https:\/\/elmawkie.dz\/fr\/le-ministre-de-la-justice-preside-une-reunion-avec-les-presidents-des-cours-de-justice-et-les-procureurs-generaux-des-poles-penaux-specialises\/\"]}]},{\"@type\":\"ImageObject\",\"inLanguage\":\"fr-FR\",\"@id\":\"https:\/\/elmawkie.dz\/fr\/le-ministre-de-la-justice-preside-une-reunion-avec-les-presidents-des-cours-de-justice-et-les-procureurs-generaux-des-poles-penaux-specialises\/#primaryimage\",\"url\":\"https:\/\/elmawkie.dz\/fr\/wp-content\/uploads\/2026\/08\/IMG_0066.jpeg\",\"contentUrl\":\"https:\/\/elmawkie.dz\/fr\/wp-content\/uploads\/2026\/08\/IMG_0066.jpeg\",\"width\":1600,\"height\":1066},{\"@type\":\"BreadcrumbList\",\"@id\":\"https:\/\/elmawkie.dz\/fr\/le-ministre-de-la-justice-preside-une-reunion-avec-les-presidents-des-cours-de-justice-et-les-procureurs-generaux-des-poles-penaux-specialises\/#breadcrumb\",\"itemListElement\":[{\"@type\":\"ListItem\",\"position\":1,\"name\":\"Home\",\"item\":\"https:\/\/elmawkie.dz\/fr\/\"},{\"@type\":\"ListItem\",\"position\":2,\"name\":\"Le ministre de la Justice pr\u00e9side une r\u00e9union avec les pr\u00e9sidents des Cours de justice et les procureurs g\u00e9n\u00e9raux des p\u00f4les p\u00e9naux sp\u00e9cialis\u00e9s\"}]},{\"@type\":\"WebSite\",\"@id\":\"https:\/\/elmawkie.dz\/fr\/#website\",\"url\":\"https:\/\/elmawkie.dz\/fr\/\",\"name\":\"EL MAWKIE\",\"description\":\"Journal \u00c9lectronique Alg\u00e9rien\",\"publisher\":{\"@id\":\"https:\/\/elmawkie.dz\/fr\/#organization\"},\"potentialAction\":[{\"@type\":\"SearchAction\",\"target\":{\"@type\":\"EntryPoint\",\"urlTemplate\":\"https:\/\/elmawkie.dz\/fr\/?s={search_term_string}\"},\"query-input\":\"required name=search_term_string\"}],\"inLanguage\":\"fr-FR\"},{\"@type\":\"Organization\",\"@id\":\"https:\/\/elmawkie.dz\/fr\/#organization\",\"name\":\"EL MAWKIE\",\"url\":\"https:\/\/elmawkie.dz\/fr\/\",\"logo\":{\"@type\":\"ImageObject\",\"inLanguage\":\"fr-FR\",\"@id\":\"https:\/\/elmawkie.dz\/fr\/#\/schema\/logo\/image\/\",\"url\":\"https:\/\/elmawkie.dz\/fr\/wp-content\/uploads\/2024\/05\/logo1.png\",\"contentUrl\":\"https:\/\/elmawkie.dz\/fr\/wp-content\/uploads\/2024\/05\/logo1.png\",\"width\":1648,\"height\":652,\"caption\":\"EL MAWKIE\"},\"image\":{\"@id\":\"https:\/\/elmawkie.dz\/fr\/#\/schema\/logo\/image\/\"},\"sameAs\":[\"https:\/\/www.facebook.com\/profile.php?id=100088407094989&locale=fr_FR\"]},{\"@type\":\"Person\",\"@id\":\"https:\/\/elmawkie.dz\/fr\/#\/schema\/person\/e7bd59d6467874ba5c4723d8a9f0a63c\",\"name\":\"R\u00e9daction\",\"image\":{\"@type\":\"ImageObject\",\"inLanguage\":\"fr-FR\",\"@id\":\"https:\/\/elmawkie.dz\/fr\/#\/schema\/person\/image\/\",\"url\":\"https:\/\/secure.gravatar.com\/avatar\/f0f773456344da4d2788c054a3d30a0c?s=96&d=mm&r=g\",\"contentUrl\":\"https:\/\/secure.gravatar.com\/avatar\/f0f773456344da4d2788c054a3d30a0c?s=96&d=mm&r=g\",\"caption\":\"R\u00e9daction\"},\"url\":\"https:\/\/elmawkie.dz\/fr\/author\/redaction\/\"}]}<\/script>\n<!-- \/ Yoast SEO Premium plugin. -->","yoast_head_json":{"title":"Le ministre de la Justice pr\u00e9side une r\u00e9union avec les pr\u00e9sidents des Cours de justice et les procureurs g\u00e9n\u00e9raux des p\u00f4les p\u00e9naux sp\u00e9cialis\u00e9s - El Mawkie","robots":{"index":"index","follow":"follow","max-snippet":"max-snippet:-1","max-image-preview":"max-image-preview:large","max-video-preview":"max-video-preview:-1"},"canonical":"https:\/\/elmawkie.dz\/fr\/le-ministre-de-la-justice-preside-une-reunion-avec-les-presidents-des-cours-de-justice-et-les-procureurs-generaux-des-poles-penaux-specialises\/","og_locale":"fr_FR","og_type":"article","og_title":"Le ministre de la Justice pr\u00e9side une r\u00e9union avec les pr\u00e9sidents des Cours de justice et les procureurs g\u00e9n\u00e9raux des p\u00f4les p\u00e9naux sp\u00e9cialis\u00e9s","og_description":"Le ministre de la Justice, garde des Sceaux, Lotfi Boudjemaa, a pr\u00e9sid\u00e9, lundi, une r\u00e9union de travail avec les pr\u00e9sidents des Cours de justice et les procureurs g\u00e9n\u00e9raux des p\u00f4les p\u00e9naux sp\u00e9cialis\u00e9s d&rsquo;Alger, d&rsquo;Oran, de Constantine et d&rsquo;Ouargla, indique un communiqu\u00e9 du minist\u00e8re. Au cours de cette r\u00e9union, tenue au si\u00e8ge du minist\u00e8re, en pr\u00e9sence &hellip;","og_url":"https:\/\/elmawkie.dz\/fr\/le-ministre-de-la-justice-preside-une-reunion-avec-les-presidents-des-cours-de-justice-et-les-procureurs-generaux-des-poles-penaux-specialises\/","og_site_name":"El Mawkie","article_publisher":"https:\/\/www.facebook.com\/profile.php?id=100088407094989&locale=fr_FR","article_published_time":"2026-08-31T20:30:55+00:00","article_modified_time":"2026-08-31T20:30:56+00:00","og_image":[{"width":1600,"height":1066,"url":"https:\/\/elmawkie.dz\/fr\/wp-content\/uploads\/2026\/08\/IMG_0066.jpeg","type":"image\/jpeg"}],"author":"R\u00e9daction","twitter_card":"summary_large_image","twitter_misc":{"Written by":"R\u00e9daction","Est. reading time":"2 minutes"},"schema":{"@context":"https:\/\/schema.org","@graph":[{"@type":"Article","@id":"https:\/\/elmawkie.dz\/fr\/le-ministre-de-la-justice-preside-une-reunion-avec-les-presidents-des-cours-de-justice-et-les-procureurs-generaux-des-poles-penaux-specialises\/#article","isPartOf":{"@id":"https:\/\/elmawkie.dz\/fr\/le-ministre-de-la-justice-preside-une-reunion-avec-les-presidents-des-cours-de-justice-et-les-procureurs-generaux-des-poles-penaux-specialises\/"},"author":{"name":"R\u00e9daction","@id":"https:\/\/elmawkie.dz\/fr\/#\/schema\/person\/e7bd59d6467874ba5c4723d8a9f0a63c"},"headline":"Le ministre de la Justice pr\u00e9side une r\u00e9union avec les pr\u00e9sidents des Cours de justice et les procureurs g\u00e9n\u00e9raux des p\u00f4les p\u00e9naux sp\u00e9cialis\u00e9s","datePublished":"2026-08-31T20:30:55+00:00","dateModified":"2026-08-31T20:30:56+00:00","mainEntityOfPage":{"@id":"https:\/\/elmawkie.dz\/fr\/le-ministre-de-la-justice-preside-une-reunion-avec-les-presidents-des-cours-de-justice-et-les-procureurs-generaux-des-poles-penaux-specialises\/"},"wordCount":299,"commentCount":0,"publisher":{"@id":"https:\/\/elmawkie.dz\/fr\/#organization"},"image":{"@id":"https:\/\/elmawkie.dz\/fr\/le-ministre-de-la-justice-preside-une-reunion-avec-les-presidents-des-cours-de-justice-et-les-procureurs-generaux-des-poles-penaux-specialises\/#primaryimage"},"thumbnailUrl":"https:\/\/elmawkie.dz\/fr\/wp-content\/uploads\/2026\/08\/IMG_0066.jpeg","keywords":["Le ministre de la Justice","M.Boudjemaa","procureurs g\u00e9n\u00e9raux"],"articleSection":["National"],"inLanguage":"fr-FR","potentialAction":[{"@type":"CommentAction","name":"Comment","target":["https:\/\/elmawkie.dz\/fr\/le-ministre-de-la-justice-preside-une-reunion-avec-les-presidents-des-cours-de-justice-et-les-procureurs-generaux-des-poles-penaux-specialises\/#respond"]}]},{"@type":"WebPage","@id":"https:\/\/elmawkie.dz\/fr\/le-ministre-de-la-justice-preside-une-reunion-avec-les-presidents-des-cours-de-justice-et-les-procureurs-generaux-des-poles-penaux-specialises\/","url":"https:\/\/elmawkie.dz\/fr\/le-ministre-de-la-justice-preside-une-reunion-avec-les-presidents-des-cours-de-justice-et-les-procureurs-generaux-des-poles-penaux-specialises\/","name":"Le ministre de la Justice pr\u00e9side une r\u00e9union avec les pr\u00e9sidents des Cours de justice et les procureurs g\u00e9n\u00e9raux des p\u00f4les p\u00e9naux sp\u00e9cialis\u00e9s - El Mawkie","isPartOf":{"@id":"https:\/\/elmawkie.dz\/fr\/#website"},"primaryImageOfPage":{"@id":"https:\/\/elmawkie.dz\/fr\/le-ministre-de-la-justice-preside-une-reunion-avec-les-presidents-des-cours-de-justice-et-les-procureurs-generaux-des-poles-penaux-specialises\/#primaryimage"},"image":{"@id":"https:\/\/elmawkie.dz\/fr\/le-ministre-de-la-justice-preside-une-reunion-avec-les-presidents-des-cours-de-justice-et-les-procureurs-generaux-des-poles-penaux-specialises\/#primaryimage"},"thumbnailUrl":"https:\/\/elmawkie.dz\/fr\/wp-content\/uploads\/2026\/08\/IMG_0066.jpeg","datePublished":"2026-08-31T20:30:55+00:00","dateModified":"2026-08-31T20:30:56+00:00","breadcrumb":{"@id":"https:\/\/elmawkie.dz\/fr\/le-ministre-de-la-justice-preside-une-reunion-avec-les-presidents-des-cours-de-justice-et-les-procureurs-generaux-des-poles-penaux-specialises\/#breadcrumb"},"inLanguage":"fr-FR","potentialAction":[{"@type":"ReadAction","target":["https:\/\/elmawkie.dz\/fr\/le-ministre-de-la-justice-preside-une-reunion-avec-les-presidents-des-cours-de-justice-et-les-procureurs-generaux-des-poles-penaux-specialises\/"]}]},{"@type":"ImageObject","inLanguage":"fr-FR","@id":"https:\/\/elmawkie.dz\/fr\/le-ministre-de-la-justice-preside-une-reunion-avec-les-presidents-des-cours-de-justice-et-les-procureurs-generaux-des-poles-penaux-specialises\/#primaryimage","url":"https:\/\/elmawkie.dz\/fr\/wp-content\/uploads\/2026\/08\/IMG_0066.jpeg","contentUrl":"https:\/\/elmawkie.dz\/fr\/wp-content\/uploads\/2026\/08\/IMG_0066.jpeg","width":1600,"height":1066},{"@type":"BreadcrumbList","@id":"https:\/\/elmawkie.dz\/fr\/le-ministre-de-la-justice-preside-une-reunion-avec-les-presidents-des-cours-de-justice-et-les-procureurs-generaux-des-poles-penaux-specialises\/#breadcrumb","itemListElement":[{"@type":"ListItem","position":1,"name":"Home","item":"https:\/\/elmawkie.dz\/fr\/"},{"@type":"ListItem","position":2,"name":"Le ministre de la Justice pr\u00e9side une r\u00e9union avec les pr\u00e9sidents des Cours de justice et les procureurs g\u00e9n\u00e9raux des p\u00f4les p\u00e9naux sp\u00e9cialis\u00e9s"}]},{"@type":"WebSite","@id":"https:\/\/elmawkie.dz\/fr\/#website","url":"https:\/\/elmawkie.dz\/fr\/","name":"EL MAWKIE","description":"Journal \u00c9lectronique Alg\u00e9rien","publisher":{"@id":"https:\/\/elmawkie.dz\/fr\/#organization"},"potentialAction":[{"@type":"SearchAction","target":{"@type":"EntryPoint","urlTemplate":"https:\/\/elmawkie.dz\/fr\/?s={search_term_string}"},"query-input":"required name=search_term_string"}],"inLanguage":"fr-FR"},{"@type":"Organization","@id":"https:\/\/elmawkie.dz\/fr\/#organization","name":"EL MAWKIE","url":"https:\/\/elmawkie.dz\/fr\/","logo":{"@type":"ImageObject","inLanguage":"fr-FR","@id":"https:\/\/elmawkie.dz\/fr\/#\/schema\/logo\/image\/","url":"https:\/\/elmawkie.dz\/fr\/wp-content\/uploads\/2024\/05\/logo1.png","contentUrl":"https:\/\/elmawkie.dz\/fr\/wp-content\/uploads\/2024\/05\/logo1.png","width":1648,"height":652,"caption":"EL MAWKIE"},"image":{"@id":"https:\/\/elmawkie.dz\/fr\/#\/schema\/logo\/image\/"},"sameAs":["https:\/\/www.facebook.com\/profile.php?id=100088407094989&locale=fr_FR"]},{"@type":"Person","@id":"https:\/\/elmawkie.dz\/fr\/#\/schema\/person\/e7bd59d6467874ba5c4723d8a9f0a63c","name":"R\u00e9daction","image":{"@type":"ImageObject","inLanguage":"fr-FR","@id":"https:\/\/elmawkie.dz\/fr\/#\/schema\/person\/image\/","url":"https:\/\/secure.gravatar.com\/avatar\/f0f773456344da4d2788c054a3d30a0c?s=96&d=mm&r=g","contentUrl":"https:\/\/secure.gravatar.com\/avatar\/f0f773456344da4d2788c054a3d30a0c?s=96&d=mm&r=g","caption":"R\u00e9daction"},"url":"https:\/\/elmawkie.dz\/fr\/author\/redaction\/"}]}},"_links":{"self":[{"href":"https:\/\/elmawkie.dz\/fr\/wp-json\/wp\/v2\/posts\/67930","targetHints":{"allow":["GET"]}}],"collection":[{"href":"https:\/\/elmawkie.dz\/fr\/wp-json\/wp\/v2\/posts"}],"about":[{"href":"https:\/\/elmawkie.dz\/fr\/wp-json\/wp\/v2\/types\/post"}],"author":[{"embeddable":true,"href":"https:\/\/elmawkie.dz\/fr\/wp-json\/wp\/v2\/users\/9"}],"replies":[{"embeddable":true,"href":"https:\/\/elmawkie.dz\/fr\/wp-json\/wp\/v2\/comments?post=67930"}],"version-history":[{"count":1,"href":"https:\/\/elmawkie.dz\/fr\/wp-json\/wp\/v2\/posts\/67930\/revisions"}],"predecessor-version":[{"id":67933,"href":"https:\/\/elmawkie.dz\/fr\/wp-json\/wp\/v2\/posts\/67930\/revisions\/67933"}],"wp:featuredmedia":[{"embeddable":true,"href":"https:\/\/elmawkie.dz\/fr\/wp-json\/wp\/v2\/media\/67932"}],"wp:attachment":[{"href":"https:\/\/elmawkie.dz\/fr\/wp-json\/wp\/v2\/media?parent=67930"}],"wp:term":[{"taxonomy":"category","embeddable":true,"href":"https:\/\/elmawkie.dz\/fr\/wp-json\/wp\/v2\/categories?post=67930"},{"taxonomy":"post_tag","embeddable":true,"href":"https:\/\/elmawkie.dz\/fr\/wp-json\/wp\/v2\/tags?post=67930"}],"curies":[{"name":"wp","href":"https:\/\/api.w.org\/{rel}","templated":true}]}}