{"id":67925,"date":"2026-08-31T18:58:08","date_gmt":"2026-08-31T17:58:08","guid":{"rendered":"https:\/\/elmawkie.dz\/fr\/?p=67925"},"modified":"2026-08-31T18:58:09","modified_gmt":"2026-08-31T17:58:09","slug":"maroc-les-familles-des-disparus-denoncent-limpunite-du-makhzen-et-reclament-verite-et-justice","status":"publish","type":"post","link":"https:\/\/elmawkie.dz\/fr\/maroc-les-familles-des-disparus-denoncent-limpunite-du-makhzen-et-reclament-verite-et-justice\/","title":{"rendered":"Maroc : les familles des disparus d\u00e9noncent l\u2019impunit\u00e9 du Makhzen et r\u00e9clament v\u00e9rit\u00e9 et justice"},"content":{"rendered":"\n<p><strong><em>La m\u00e9moire des victimes des \u00a0\u00bb Ann\u00e9es de plomb<\/em><\/strong>\u201d <strong><em>demeure un lourd passif pour le pouvoir marocain, dimanche 30 ao\u00fbt, \u00e0 l\u2019occasion de la Journ\u00e9e internationale des victimes de disparitions forc\u00e9es, des familles de disparus, accompagn\u00e9es de militants des droits humains et de repr\u00e9sentants de la soci\u00e9t\u00e9 civile, ont investi l\u2019espace public \u00e0 Rabat pour d\u00e9noncer l\u2019absence de v\u00e9rit\u00e9 sur plusieurs dossiers et r\u00e9clamer que les responsabilit\u00e9s soient enfin \u00e9tablies.<\/em><\/strong><\/p>\n\n\n\n<p><strong><em>La mobilisation intervient dans le cadre d\u2019une campagne nationale lanc\u00e9e le m\u00eame jour et appel\u00e9e \u00e0 se poursuivre jusqu\u2019au 29 octobre sous le slogan \u00ab\u00a0V\u00e9rit\u00e9 \u2013 M\u00e9moire \u2013 Justice \u2013 Non-r\u00e9p\u00e9tition \u00ab\u00a0. Elle est port\u00e9e par le Forum marocain pour la v\u00e9rit\u00e9 et la justice, l\u2019Association m\u00e9dicale pour la r\u00e9habilitation des victimes de la violence et de la torture, ainsi que par des familles de disparus et plusieurs organisations engag\u00e9es dans la d\u00e9fense des droits humains.<\/em><\/strong><\/p>\n\n\n\n<p><strong><em>Au-del\u00e0 de l\u2019hommage rendu aux victimes, les manifestants ont d\u00e9nonc\u00e9 ce qu\u2019ils pr\u00e9sentent comme un syst\u00e8me de r\u00e9pression ayant permis, sous le r\u00e9gime du Makhzen, les enl\u00e8vements, les d\u00e9tentions secr\u00e8tes, la torture et les disparitions de personnes consid\u00e9r\u00e9es comme opposantes au pouvoir. Pour les familles, le temps \u00e9coul\u00e9 ne saurait constituer une justification pour maintenir le silence sur des faits dont elles r\u00e9clament toujours la pleine \u00e9lucidation.<\/em><\/strong><\/p>\n\n\n\n<p><strong><em>Les portraits des disparus ont occup\u00e9 une place centrale lors du rassemblement, des fleurs ont \u00e9t\u00e9 d\u00e9pos\u00e9es et des bougies allum\u00e9es en leur m\u00e9moire, tandis que des chants et des interventions artistiques ont accompagn\u00e9 la mobilisation. Une mise en sc\u00e8ne volontairement symbolique pour rappeler que derri\u00e8re les dossiers administratifs et les chiffres se trouvent des vies bris\u00e9es et des familles demeur\u00e9es pendant des ann\u00e9es sans r\u00e9ponse<\/em><\/strong>.<\/p>\n\n\n\n<p><strong><em>La question des s\u00e9pultures constitue \u00e9galement l\u2019une des principales revendications. Les organisations mobilis\u00e9es demandent la r\u00e9v\u00e9lation de l\u2019emplacement des tombes et des fosses communes, l\u2019identification des d\u00e9pouilles et la publication des r\u00e9sultats des analyses ADN. Elles r\u00e9clament parall\u00e8lement des investigations s\u00e9rieuses susceptibles de d\u00e9terminer les circonstances des disparitions et d\u2019\u00e9tablir la responsabilit\u00e9 des auteurs et des d\u00e9cideurs impliqu\u00e9s.<\/em><\/strong><\/p>\n\n\n\n<p><strong><em>L\u2019ampleur du contentieux reste illustr\u00e9e par les chiffres avanc\u00e9s par l\u2019Association marocaine des droits humains (AMDH). Selon l\u2019organisation, 153 dossiers relatifs \u00e0 des disparitions forc\u00e9es restent ouverts aupr\u00e8s du Groupe de travail des Nations unies sur les disparitions forc\u00e9es ou involontaires. L\u2019AMDH consid\u00e8re que les r\u00e9ponses fournies par les autorit\u00e9s marocaines n\u2019ont pas permis de r\u00e9gler d\u00e9finitivement ces affaires.<\/em><\/strong><\/p>\n\n\n\n<p><strong><em>Pour les d\u00e9fenseurs des droits humains, cette situation r\u00e9v\u00e8le les limites du traitement officiel de l\u2019h\u00e9ritage des \u00ab\u00a0Ann\u00e9es de plomb \u00ab\u00a0. Ils reprochent notamment aux autorit\u00e9s de ne pas avoir donn\u00e9 une suite suffisante \u00e0 certaines recommandations de l\u2019Instance \u00c9quit\u00e9 et R\u00e9conciliation, notamment celles li\u00e9es \u00e0 la lutte contre l\u2019impunit\u00e9, \u00e0 la pr\u00e9servation de la m\u00e9moire et \u00e0 l\u2019acc\u00e8s effectif des victimes \u00e0 la justice.<\/em><\/strong><\/p>\n\n\n\n<p><strong><em>Le rassemblement a ainsi remis au centre du d\u00e9bat la responsabilit\u00e9 de l\u2019\u00c9tat marocain dans la protection des archives, la conservation des lieux li\u00e9s aux disparitions et l\u2019acc\u00e8s des familles aux informations concernant leurs proches. Les associations estiment que la r\u00e9conciliation ne peut \u00eatre dissoci\u00e9e de la reconnaissance des victimes et de l\u2019\u00e9tablissement des responsabilit\u00e9s.<\/em><\/strong><\/p>\n\n\n\n<p><strong><em>En portant \u00e0 nouveau leurs revendications dans les rues de Rabat, les familles ont refus\u00e9 que les disparitions forc\u00e9es soient r\u00e9duites \u00e0 un chapitre ancien de l\u2019histoire marocaine. Leur mobilisation entend maintenir vivante la m\u00e9moire des victimes et d\u00e9noncer ce qu\u2019elles consid\u00e8rent comme une impunit\u00e9 persistante face aux crimes commis sous le r\u00e9gime du Makhzen.<\/em><\/strong><\/p>\n\n\n\n<p><strong><em>La campagne engag\u00e9e le 30 ao\u00fbt entend poursuivre cette mobilisation durant les prochaines semaines, avec un objectif affich\u00e9 par ses initiateurs : faire de la v\u00e9rit\u00e9, de la justice et de la m\u00e9moire des exigences incontournables pour les victimes des disparitions forc\u00e9es et leurs familles.<\/em><\/strong><\/p>\n\n\n\n<p><strong>K.F<\/strong><\/p>\n\n\n\n<figure class=\"wp-block-image size-full\"><img decoding=\"async\" width=\"960\" height=\"540\" src=\"https:\/\/elmawkie.dz\/fr\/wp-content\/uploads\/2026\/08\/IMG_0064.jpeg\" alt=\"\" class=\"wp-image-67928\" srcset=\"https:\/\/elmawkie.dz\/fr\/wp-content\/uploads\/2026\/08\/IMG_0064.jpeg 960w, https:\/\/elmawkie.dz\/fr\/wp-content\/uploads\/2026\/08\/IMG_0064-300x169.jpeg 300w, https:\/\/elmawkie.dz\/fr\/wp-content\/uploads\/2026\/08\/IMG_0064-768x432.jpeg 768w, https:\/\/elmawkie.dz\/fr\/wp-content\/uploads\/2026\/08\/IMG_0064-390x220.jpeg 390w\" sizes=\"(max-width: 960px) 100vw, 960px\" \/><\/figure>\n","protected":false},"excerpt":{"rendered":"<p>La m\u00e9moire des victimes des \u00a0\u00bb Ann\u00e9es de plomb\u201d demeure un lourd passif pour le pouvoir marocain, dimanche 30 ao\u00fbt, \u00e0 l\u2019occasion de la Journ\u00e9e internationale des victimes de disparitions forc\u00e9es, des familles de disparus, accompagn\u00e9es de militants des droits humains et de repr\u00e9sentants de la soci\u00e9t\u00e9 civile, ont investi l\u2019espace public \u00e0 Rabat pour &hellip;<\/p>\n","protected":false},"author":9,"featured_media":67927,"comment_status":"open","ping_status":"open","sticky":false,"template":"","format":"standard","meta":{"footnotes":""},"categories":[44],"tags":[6762,3023,99],"class_list":["post-67925","post","type-post","status-publish","format-standard","has-post-thumbnail","hentry","category-international","tag-des-disparus","tag-makhzen","tag-maroc"],"yoast_head":"<!-- This site is optimized with the Yoast SEO Premium plugin v22.6 (Yoast SEO v22.6) - https:\/\/yoast.com\/wordpress\/plugins\/seo\/ -->\n<title>Maroc : les familles des disparus d\u00e9noncent l\u2019impunit\u00e9 du Makhzen et r\u00e9clament v\u00e9rit\u00e9 et justice - El Mawkie<\/title>\n<meta name=\"robots\" content=\"index, follow, max-snippet:-1, max-image-preview:large, max-video-preview:-1\" \/>\n<link rel=\"canonical\" href=\"https:\/\/elmawkie.dz\/fr\/maroc-les-familles-des-disparus-denoncent-limpunite-du-makhzen-et-reclament-verite-et-justice\/\" \/>\n<meta property=\"og:locale\" content=\"fr_FR\" \/>\n<meta property=\"og:type\" content=\"article\" \/>\n<meta property=\"og:title\" content=\"Maroc : les familles des disparus d\u00e9noncent l\u2019impunit\u00e9 du Makhzen et r\u00e9clament v\u00e9rit\u00e9 et justice\" \/>\n<meta property=\"og:description\" content=\"La m\u00e9moire des victimes des \u00a0\u00bb Ann\u00e9es de plomb\u201d demeure un lourd passif pour le pouvoir marocain, dimanche 30 ao\u00fbt, \u00e0 l\u2019occasion de la Journ\u00e9e internationale des victimes de disparitions forc\u00e9es, des familles de disparus, accompagn\u00e9es de militants des droits humains et de repr\u00e9sentants de la soci\u00e9t\u00e9 civile, ont investi l\u2019espace public \u00e0 Rabat pour &hellip;\" \/>\n<meta property=\"og:url\" content=\"https:\/\/elmawkie.dz\/fr\/maroc-les-familles-des-disparus-denoncent-limpunite-du-makhzen-et-reclament-verite-et-justice\/\" \/>\n<meta property=\"og:site_name\" content=\"El Mawkie\" \/>\n<meta property=\"article:publisher\" content=\"https:\/\/www.facebook.com\/profile.php?id=100088407094989&amp;locale=fr_FR\" \/>\n<meta property=\"article:published_time\" content=\"2026-08-31T17:58:08+00:00\" \/>\n<meta property=\"article:modified_time\" content=\"2026-08-31T17:58:09+00:00\" \/>\n<meta property=\"og:image\" content=\"https:\/\/elmawkie.dz\/fr\/wp-content\/uploads\/2026\/08\/IMG_0065.webp\" \/>\n\t<meta property=\"og:image:width\" content=\"640\" \/>\n\t<meta property=\"og:image:height\" content=\"360\" \/>\n\t<meta property=\"og:image:type\" content=\"image\/webp\" \/>\n<meta name=\"author\" content=\"R\u00e9daction\" \/>\n<meta name=\"twitter:card\" content=\"summary_large_image\" \/>\n<meta name=\"twitter:label1\" content=\"Written by\" \/>\n\t<meta name=\"twitter:data1\" content=\"R\u00e9daction\" \/>\n\t<meta name=\"twitter:label2\" content=\"Est. reading time\" \/>\n\t<meta name=\"twitter:data2\" content=\"4 minutes\" \/>\n<script type=\"application\/ld+json\" class=\"yoast-schema-graph\">{\"@context\":\"https:\/\/schema.org\",\"@graph\":[{\"@type\":\"Article\",\"@id\":\"https:\/\/elmawkie.dz\/fr\/maroc-les-familles-des-disparus-denoncent-limpunite-du-makhzen-et-reclament-verite-et-justice\/#article\",\"isPartOf\":{\"@id\":\"https:\/\/elmawkie.dz\/fr\/maroc-les-familles-des-disparus-denoncent-limpunite-du-makhzen-et-reclament-verite-et-justice\/\"},\"author\":{\"name\":\"R\u00e9daction\",\"@id\":\"https:\/\/elmawkie.dz\/fr\/#\/schema\/person\/e7bd59d6467874ba5c4723d8a9f0a63c\"},\"headline\":\"Maroc : les familles des disparus d\u00e9noncent l\u2019impunit\u00e9 du Makhzen et r\u00e9clament v\u00e9rit\u00e9 et justice\",\"datePublished\":\"2026-08-31T17:58:08+00:00\",\"dateModified\":\"2026-08-31T17:58:09+00:00\",\"mainEntityOfPage\":{\"@id\":\"https:\/\/elmawkie.dz\/fr\/maroc-les-familles-des-disparus-denoncent-limpunite-du-makhzen-et-reclament-verite-et-justice\/\"},\"wordCount\":736,\"commentCount\":0,\"publisher\":{\"@id\":\"https:\/\/elmawkie.dz\/fr\/#organization\"},\"image\":{\"@id\":\"https:\/\/elmawkie.dz\/fr\/maroc-les-familles-des-disparus-denoncent-limpunite-du-makhzen-et-reclament-verite-et-justice\/#primaryimage\"},\"thumbnailUrl\":\"https:\/\/elmawkie.dz\/fr\/wp-content\/uploads\/2026\/08\/IMG_0065.webp\",\"keywords\":[\"Des disparus\",\"Makhzen\",\"Maroc\"],\"articleSection\":[\"International\"],\"inLanguage\":\"fr-FR\",\"potentialAction\":[{\"@type\":\"CommentAction\",\"name\":\"Comment\",\"target\":[\"https:\/\/elmawkie.dz\/fr\/maroc-les-familles-des-disparus-denoncent-limpunite-du-makhzen-et-reclament-verite-et-justice\/#respond\"]}]},{\"@type\":\"WebPage\",\"@id\":\"https:\/\/elmawkie.dz\/fr\/maroc-les-familles-des-disparus-denoncent-limpunite-du-makhzen-et-reclament-verite-et-justice\/\",\"url\":\"https:\/\/elmawkie.dz\/fr\/maroc-les-familles-des-disparus-denoncent-limpunite-du-makhzen-et-reclament-verite-et-justice\/\",\"name\":\"Maroc : les familles des disparus d\u00e9noncent l\u2019impunit\u00e9 du Makhzen et r\u00e9clament v\u00e9rit\u00e9 et justice - El Mawkie\",\"isPartOf\":{\"@id\":\"https:\/\/elmawkie.dz\/fr\/#website\"},\"primaryImageOfPage\":{\"@id\":\"https:\/\/elmawkie.dz\/fr\/maroc-les-familles-des-disparus-denoncent-limpunite-du-makhzen-et-reclament-verite-et-justice\/#primaryimage\"},\"image\":{\"@id\":\"https:\/\/elmawkie.dz\/fr\/maroc-les-familles-des-disparus-denoncent-limpunite-du-makhzen-et-reclament-verite-et-justice\/#primaryimage\"},\"thumbnailUrl\":\"https:\/\/elmawkie.dz\/fr\/wp-content\/uploads\/2026\/08\/IMG_0065.webp\",\"datePublished\":\"2026-08-31T17:58:08+00:00\",\"dateModified\":\"2026-08-31T17:58:09+00:00\",\"breadcrumb\":{\"@id\":\"https:\/\/elmawkie.dz\/fr\/maroc-les-familles-des-disparus-denoncent-limpunite-du-makhzen-et-reclament-verite-et-justice\/#breadcrumb\"},\"inLanguage\":\"fr-FR\",\"potentialAction\":[{\"@type\":\"ReadAction\",\"target\":[\"https:\/\/elmawkie.dz\/fr\/maroc-les-familles-des-disparus-denoncent-limpunite-du-makhzen-et-reclament-verite-et-justice\/\"]}]},{\"@type\":\"ImageObject\",\"inLanguage\":\"fr-FR\",\"@id\":\"https:\/\/elmawkie.dz\/fr\/maroc-les-familles-des-disparus-denoncent-limpunite-du-makhzen-et-reclament-verite-et-justice\/#primaryimage\",\"url\":\"https:\/\/elmawkie.dz\/fr\/wp-content\/uploads\/2026\/08\/IMG_0065.webp\",\"contentUrl\":\"https:\/\/elmawkie.dz\/fr\/wp-content\/uploads\/2026\/08\/IMG_0065.webp\",\"width\":640,\"height\":360},{\"@type\":\"BreadcrumbList\",\"@id\":\"https:\/\/elmawkie.dz\/fr\/maroc-les-familles-des-disparus-denoncent-limpunite-du-makhzen-et-reclament-verite-et-justice\/#breadcrumb\",\"itemListElement\":[{\"@type\":\"ListItem\",\"position\":1,\"name\":\"Home\",\"item\":\"https:\/\/elmawkie.dz\/fr\/\"},{\"@type\":\"ListItem\",\"position\":2,\"name\":\"Maroc : les familles des disparus d\u00e9noncent l\u2019impunit\u00e9 du Makhzen et r\u00e9clament v\u00e9rit\u00e9 et justice\"}]},{\"@type\":\"WebSite\",\"@id\":\"https:\/\/elmawkie.dz\/fr\/#website\",\"url\":\"https:\/\/elmawkie.dz\/fr\/\",\"name\":\"EL MAWKIE\",\"description\":\"Journal \u00c9lectronique Alg\u00e9rien\",\"publisher\":{\"@id\":\"https:\/\/elmawkie.dz\/fr\/#organization\"},\"potentialAction\":[{\"@type\":\"SearchAction\",\"target\":{\"@type\":\"EntryPoint\",\"urlTemplate\":\"https:\/\/elmawkie.dz\/fr\/?s={search_term_string}\"},\"query-input\":\"required name=search_term_string\"}],\"inLanguage\":\"fr-FR\"},{\"@type\":\"Organization\",\"@id\":\"https:\/\/elmawkie.dz\/fr\/#organization\",\"name\":\"EL MAWKIE\",\"url\":\"https:\/\/elmawkie.dz\/fr\/\",\"logo\":{\"@type\":\"ImageObject\",\"inLanguage\":\"fr-FR\",\"@id\":\"https:\/\/elmawkie.dz\/fr\/#\/schema\/logo\/image\/\",\"url\":\"https:\/\/elmawkie.dz\/fr\/wp-content\/uploads\/2024\/05\/logo1.png\",\"contentUrl\":\"https:\/\/elmawkie.dz\/fr\/wp-content\/uploads\/2024\/05\/logo1.png\",\"width\":1648,\"height\":652,\"caption\":\"EL MAWKIE\"},\"image\":{\"@id\":\"https:\/\/elmawkie.dz\/fr\/#\/schema\/logo\/image\/\"},\"sameAs\":[\"https:\/\/www.facebook.com\/profile.php?id=100088407094989&locale=fr_FR\"]},{\"@type\":\"Person\",\"@id\":\"https:\/\/elmawkie.dz\/fr\/#\/schema\/person\/e7bd59d6467874ba5c4723d8a9f0a63c\",\"name\":\"R\u00e9daction\",\"image\":{\"@type\":\"ImageObject\",\"inLanguage\":\"fr-FR\",\"@id\":\"https:\/\/elmawkie.dz\/fr\/#\/schema\/person\/image\/\",\"url\":\"https:\/\/secure.gravatar.com\/avatar\/f0f773456344da4d2788c054a3d30a0c?s=96&d=mm&r=g\",\"contentUrl\":\"https:\/\/secure.gravatar.com\/avatar\/f0f773456344da4d2788c054a3d30a0c?s=96&d=mm&r=g\",\"caption\":\"R\u00e9daction\"},\"url\":\"https:\/\/elmawkie.dz\/fr\/author\/redaction\/\"}]}<\/script>\n<!-- \/ Yoast SEO Premium plugin. -->","yoast_head_json":{"title":"Maroc : les familles des disparus d\u00e9noncent l\u2019impunit\u00e9 du Makhzen et r\u00e9clament v\u00e9rit\u00e9 et justice - El Mawkie","robots":{"index":"index","follow":"follow","max-snippet":"max-snippet:-1","max-image-preview":"max-image-preview:large","max-video-preview":"max-video-preview:-1"},"canonical":"https:\/\/elmawkie.dz\/fr\/maroc-les-familles-des-disparus-denoncent-limpunite-du-makhzen-et-reclament-verite-et-justice\/","og_locale":"fr_FR","og_type":"article","og_title":"Maroc : les familles des disparus d\u00e9noncent l\u2019impunit\u00e9 du Makhzen et r\u00e9clament v\u00e9rit\u00e9 et justice","og_description":"La m\u00e9moire des victimes des \u00a0\u00bb Ann\u00e9es de plomb\u201d demeure un lourd passif pour le pouvoir marocain, dimanche 30 ao\u00fbt, \u00e0 l\u2019occasion de la Journ\u00e9e internationale des victimes de disparitions forc\u00e9es, des familles de disparus, accompagn\u00e9es de militants des droits humains et de repr\u00e9sentants de la soci\u00e9t\u00e9 civile, ont investi l\u2019espace public \u00e0 Rabat pour &hellip;","og_url":"https:\/\/elmawkie.dz\/fr\/maroc-les-familles-des-disparus-denoncent-limpunite-du-makhzen-et-reclament-verite-et-justice\/","og_site_name":"El Mawkie","article_publisher":"https:\/\/www.facebook.com\/profile.php?id=100088407094989&locale=fr_FR","article_published_time":"2026-08-31T17:58:08+00:00","article_modified_time":"2026-08-31T17:58:09+00:00","og_image":[{"width":640,"height":360,"url":"https:\/\/elmawkie.dz\/fr\/wp-content\/uploads\/2026\/08\/IMG_0065.webp","type":"image\/webp"}],"author":"R\u00e9daction","twitter_card":"summary_large_image","twitter_misc":{"Written by":"R\u00e9daction","Est. reading time":"4 minutes"},"schema":{"@context":"https:\/\/schema.org","@graph":[{"@type":"Article","@id":"https:\/\/elmawkie.dz\/fr\/maroc-les-familles-des-disparus-denoncent-limpunite-du-makhzen-et-reclament-verite-et-justice\/#article","isPartOf":{"@id":"https:\/\/elmawkie.dz\/fr\/maroc-les-familles-des-disparus-denoncent-limpunite-du-makhzen-et-reclament-verite-et-justice\/"},"author":{"name":"R\u00e9daction","@id":"https:\/\/elmawkie.dz\/fr\/#\/schema\/person\/e7bd59d6467874ba5c4723d8a9f0a63c"},"headline":"Maroc : les familles des disparus d\u00e9noncent l\u2019impunit\u00e9 du Makhzen et r\u00e9clament v\u00e9rit\u00e9 et justice","datePublished":"2026-08-31T17:58:08+00:00","dateModified":"2026-08-31T17:58:09+00:00","mainEntityOfPage":{"@id":"https:\/\/elmawkie.dz\/fr\/maroc-les-familles-des-disparus-denoncent-limpunite-du-makhzen-et-reclament-verite-et-justice\/"},"wordCount":736,"commentCount":0,"publisher":{"@id":"https:\/\/elmawkie.dz\/fr\/#organization"},"image":{"@id":"https:\/\/elmawkie.dz\/fr\/maroc-les-familles-des-disparus-denoncent-limpunite-du-makhzen-et-reclament-verite-et-justice\/#primaryimage"},"thumbnailUrl":"https:\/\/elmawkie.dz\/fr\/wp-content\/uploads\/2026\/08\/IMG_0065.webp","keywords":["Des disparus","Makhzen","Maroc"],"articleSection":["International"],"inLanguage":"fr-FR","potentialAction":[{"@type":"CommentAction","name":"Comment","target":["https:\/\/elmawkie.dz\/fr\/maroc-les-familles-des-disparus-denoncent-limpunite-du-makhzen-et-reclament-verite-et-justice\/#respond"]}]},{"@type":"WebPage","@id":"https:\/\/elmawkie.dz\/fr\/maroc-les-familles-des-disparus-denoncent-limpunite-du-makhzen-et-reclament-verite-et-justice\/","url":"https:\/\/elmawkie.dz\/fr\/maroc-les-familles-des-disparus-denoncent-limpunite-du-makhzen-et-reclament-verite-et-justice\/","name":"Maroc : les familles des disparus d\u00e9noncent l\u2019impunit\u00e9 du Makhzen et r\u00e9clament v\u00e9rit\u00e9 et justice - El Mawkie","isPartOf":{"@id":"https:\/\/elmawkie.dz\/fr\/#website"},"primaryImageOfPage":{"@id":"https:\/\/elmawkie.dz\/fr\/maroc-les-familles-des-disparus-denoncent-limpunite-du-makhzen-et-reclament-verite-et-justice\/#primaryimage"},"image":{"@id":"https:\/\/elmawkie.dz\/fr\/maroc-les-familles-des-disparus-denoncent-limpunite-du-makhzen-et-reclament-verite-et-justice\/#primaryimage"},"thumbnailUrl":"https:\/\/elmawkie.dz\/fr\/wp-content\/uploads\/2026\/08\/IMG_0065.webp","datePublished":"2026-08-31T17:58:08+00:00","dateModified":"2026-08-31T17:58:09+00:00","breadcrumb":{"@id":"https:\/\/elmawkie.dz\/fr\/maroc-les-familles-des-disparus-denoncent-limpunite-du-makhzen-et-reclament-verite-et-justice\/#breadcrumb"},"inLanguage":"fr-FR","potentialAction":[{"@type":"ReadAction","target":["https:\/\/elmawkie.dz\/fr\/maroc-les-familles-des-disparus-denoncent-limpunite-du-makhzen-et-reclament-verite-et-justice\/"]}]},{"@type":"ImageObject","inLanguage":"fr-FR","@id":"https:\/\/elmawkie.dz\/fr\/maroc-les-familles-des-disparus-denoncent-limpunite-du-makhzen-et-reclament-verite-et-justice\/#primaryimage","url":"https:\/\/elmawkie.dz\/fr\/wp-content\/uploads\/2026\/08\/IMG_0065.webp","contentUrl":"https:\/\/elmawkie.dz\/fr\/wp-content\/uploads\/2026\/08\/IMG_0065.webp","width":640,"height":360},{"@type":"BreadcrumbList","@id":"https:\/\/elmawkie.dz\/fr\/maroc-les-familles-des-disparus-denoncent-limpunite-du-makhzen-et-reclament-verite-et-justice\/#breadcrumb","itemListElement":[{"@type":"ListItem","position":1,"name":"Home","item":"https:\/\/elmawkie.dz\/fr\/"},{"@type":"ListItem","position":2,"name":"Maroc : les familles des disparus d\u00e9noncent l\u2019impunit\u00e9 du Makhzen et r\u00e9clament v\u00e9rit\u00e9 et justice"}]},{"@type":"WebSite","@id":"https:\/\/elmawkie.dz\/fr\/#website","url":"https:\/\/elmawkie.dz\/fr\/","name":"EL MAWKIE","description":"Journal \u00c9lectronique Alg\u00e9rien","publisher":{"@id":"https:\/\/elmawkie.dz\/fr\/#organization"},"potentialAction":[{"@type":"SearchAction","target":{"@type":"EntryPoint","urlTemplate":"https:\/\/elmawkie.dz\/fr\/?s={search_term_string}"},"query-input":"required name=search_term_string"}],"inLanguage":"fr-FR"},{"@type":"Organization","@id":"https:\/\/elmawkie.dz\/fr\/#organization","name":"EL MAWKIE","url":"https:\/\/elmawkie.dz\/fr\/","logo":{"@type":"ImageObject","inLanguage":"fr-FR","@id":"https:\/\/elmawkie.dz\/fr\/#\/schema\/logo\/image\/","url":"https:\/\/elmawkie.dz\/fr\/wp-content\/uploads\/2024\/05\/logo1.png","contentUrl":"https:\/\/elmawkie.dz\/fr\/wp-content\/uploads\/2024\/05\/logo1.png","width":1648,"height":652,"caption":"EL MAWKIE"},"image":{"@id":"https:\/\/elmawkie.dz\/fr\/#\/schema\/logo\/image\/"},"sameAs":["https:\/\/www.facebook.com\/profile.php?id=100088407094989&locale=fr_FR"]},{"@type":"Person","@id":"https:\/\/elmawkie.dz\/fr\/#\/schema\/person\/e7bd59d6467874ba5c4723d8a9f0a63c","name":"R\u00e9daction","image":{"@type":"ImageObject","inLanguage":"fr-FR","@id":"https:\/\/elmawkie.dz\/fr\/#\/schema\/person\/image\/","url":"https:\/\/secure.gravatar.com\/avatar\/f0f773456344da4d2788c054a3d30a0c?s=96&d=mm&r=g","contentUrl":"https:\/\/secure.gravatar.com\/avatar\/f0f773456344da4d2788c054a3d30a0c?s=96&d=mm&r=g","caption":"R\u00e9daction"},"url":"https:\/\/elmawkie.dz\/fr\/author\/redaction\/"}]}},"_links":{"self":[{"href":"https:\/\/elmawkie.dz\/fr\/wp-json\/wp\/v2\/posts\/67925","targetHints":{"allow":["GET"]}}],"collection":[{"href":"https:\/\/elmawkie.dz\/fr\/wp-json\/wp\/v2\/posts"}],"about":[{"href":"https:\/\/elmawkie.dz\/fr\/wp-json\/wp\/v2\/types\/post"}],"author":[{"embeddable":true,"href":"https:\/\/elmawkie.dz\/fr\/wp-json\/wp\/v2\/users\/9"}],"replies":[{"embeddable":true,"href":"https:\/\/elmawkie.dz\/fr\/wp-json\/wp\/v2\/comments?post=67925"}],"version-history":[{"count":1,"href":"https:\/\/elmawkie.dz\/fr\/wp-json\/wp\/v2\/posts\/67925\/revisions"}],"predecessor-version":[{"id":67929,"href":"https:\/\/elmawkie.dz\/fr\/wp-json\/wp\/v2\/posts\/67925\/revisions\/67929"}],"wp:featuredmedia":[{"embeddable":true,"href":"https:\/\/elmawkie.dz\/fr\/wp-json\/wp\/v2\/media\/67927"}],"wp:attachment":[{"href":"https:\/\/elmawkie.dz\/fr\/wp-json\/wp\/v2\/media?parent=67925"}],"wp:term":[{"taxonomy":"category","embeddable":true,"href":"https:\/\/elmawkie.dz\/fr\/wp-json\/wp\/v2\/categories?post=67925"},{"taxonomy":"post_tag","embeddable":true,"href":"https:\/\/elmawkie.dz\/fr\/wp-json\/wp\/v2\/tags?post=67925"}],"curies":[{"name":"wp","href":"https:\/\/api.w.org\/{rel}","templated":true}]}}