{"id":67907,"date":"2026-08-31T17:01:45","date_gmt":"2026-08-31T16:01:45","guid":{"rendered":"https:\/\/elmawkie.dz\/fr\/?p=67907"},"modified":"2026-08-31T17:08:13","modified_gmt":"2026-08-31T16:08:13","slug":"relizane-plus-de-1-300-jeunes-formes-dans-le-cadre-du-programme-de-formation-professionnelle-sanaa","status":"publish","type":"post","link":"https:\/\/elmawkie.dz\/fr\/relizane-plus-de-1-300-jeunes-formes-dans-le-cadre-du-programme-de-formation-professionnelle-sanaa\/","title":{"rendered":"Relizane : plus de 1.300 jeunes form\u00e9s dans le cadre du programme de formation professionnelle \u201cSan\u00e2a\u201c"},"content":{"rendered":"\n<p>Quelque 1.362 jeunes, filles et gar\u00e7ons, ont achev\u00e9 leur formation \u00e0 Relizane dans le cadre du programme national de formation professionnelle \u00a0\u00bbSan\u00e2a\u00a0\u00bb, lanc\u00e9 par le minist\u00e8re de la Formation et de l\u2019Enseignement professionnels durant les vacances d\u2019\u00e9t\u00e9, a indiqu\u00e9, lundi, le directeur du secteur dans la wilaya, Kada Mekhloufia.<\/p>\n\n\n\n<p>Dans une d\u00e9claration \u00e0 l\u2019APS, M. Mekhloufia a indiqu\u00e9 que ce programme de formation ambitieux, lanc\u00e9 r\u00e9cemment, cible les jeunes \u00e2g\u00e9s de 15 \u00e0 27 ans, toutes cat\u00e9gories confondues, notamment les \u00e9l\u00e8ves scolaris\u00e9s et les \u00e9tudiants universitaires.<\/p>\n\n\n\n<p>Les jeunes ayant achev\u00e9 leur formation sont r\u00e9partis comme suit : 445 en plomberie, 410 en \u00e9lectricit\u00e9 du b\u00e2timent, 188 en froid et climatisation, 159 en installation de plafonds, plaques de pl\u00e2tre et aluminium (BA13), 109 en peinture et 51 en soudure.<\/p>\n\n\n\n<p>Par ailleurs, 777 jeunes suivent actuellement une formation dans le cadre du m\u00eame programme, r\u00e9partis entre 126 stagiaires en plomberie, 410 en \u00e9lectricit\u00e9 du b\u00e2timent, 189 en froid et climatisation, 185 en installation de plafonds, plaques de pl\u00e2tre et aluminium (BA13), 159 en peinture et 10 en soudure.<\/p>\n\n\n\n<p>Dans ce cadre, le secteur de la Formation et de l\u2019Enseignement professionnels dans la wilaya a mobilis\u00e9 l\u2019ensemble des moyens humains et mat\u00e9riels n\u00e9cessaires \u00e0 la r\u00e9ussite de ce programme, \u00e0 travers la mise \u00e0 disposition de 14 \u00e9tablissements de formation r\u00e9partis \u00e0 travers les diff\u00e9rentes da\u00efras de la wilaya, ainsi que la mobilisation d\u2019une \u00e9quipe d\u2019encadrement compos\u00e9e de plus de 30 enseignants dans les diff\u00e9rentes sp\u00e9cialit\u00e9s, selon le m\u00eame responsable.<\/p>\n\n\n\n<p>Ce projet national vise \u00e0 \u00a0\u00bbpermettre aux jeunes d\u2019acqu\u00e9rir des connaissances et des comp\u00e9tences pratiques \u00e0 valeur ajout\u00e9e et \u00e0 renforcer leurs chances d\u2019insertion professionnelle\u00a0\u00bb.<\/p>\n\n\n\n<p>Il traduit \u00e9galement une orientation strat\u00e9gique visant \u00e0 revaloriser les m\u00e9tiers techniques et manuels, qui connaissent une demande croissante sur les march\u00e9s local et national de l\u2019emploi, a soulign\u00e9 le m\u00eame responsable.<\/p>\n","protected":false},"excerpt":{"rendered":"<p>Quelque 1.362 jeunes, filles et gar\u00e7ons, ont achev\u00e9 leur formation \u00e0 Relizane dans le cadre du programme national de formation professionnelle \u00a0\u00bbSan\u00e2a\u00a0\u00bb, lanc\u00e9 par le minist\u00e8re de la Formation et de l\u2019Enseignement professionnels durant les vacances d\u2019\u00e9t\u00e9, a indiqu\u00e9, lundi, le directeur du secteur dans la wilaya, Kada Mekhloufia. Dans une d\u00e9claration \u00e0 l\u2019APS, M. &hellip;<\/p>\n","protected":false},"author":9,"featured_media":67909,"comment_status":"open","ping_status":"open","sticky":false,"template":"","format":"standard","meta":{"footnotes":""},"categories":[50],"tags":[728],"class_list":["post-67907","post","type-post","status-publish","format-standard","has-post-thumbnail","hentry","category-region","tag-formation-professionnelle"],"yoast_head":"<!-- This site is optimized with the Yoast SEO Premium plugin v22.6 (Yoast SEO v22.6) - https:\/\/yoast.com\/wordpress\/plugins\/seo\/ -->\n<title>Relizane : plus de 1.300 jeunes form\u00e9s dans le cadre du programme de formation professionnelle \u201cSan\u00e2a\u201c - El Mawkie<\/title>\n<meta name=\"robots\" content=\"index, follow, max-snippet:-1, max-image-preview:large, max-video-preview:-1\" \/>\n<link rel=\"canonical\" href=\"https:\/\/elmawkie.dz\/fr\/relizane-plus-de-1-300-jeunes-formes-dans-le-cadre-du-programme-de-formation-professionnelle-sanaa\/\" \/>\n<meta property=\"og:locale\" content=\"fr_FR\" \/>\n<meta property=\"og:type\" content=\"article\" \/>\n<meta property=\"og:title\" content=\"Relizane : plus de 1.300 jeunes form\u00e9s dans le cadre du programme de formation professionnelle \u201cSan\u00e2a\u201c\" \/>\n<meta property=\"og:description\" content=\"Quelque 1.362 jeunes, filles et gar\u00e7ons, ont achev\u00e9 leur formation \u00e0 Relizane dans le cadre du programme national de formation professionnelle \u00a0\u00bbSan\u00e2a\u00a0\u00bb, lanc\u00e9 par le minist\u00e8re de la Formation et de l\u2019Enseignement professionnels durant les vacances d\u2019\u00e9t\u00e9, a indiqu\u00e9, lundi, le directeur du secteur dans la wilaya, Kada Mekhloufia. Dans une d\u00e9claration \u00e0 l\u2019APS, M. &hellip;\" \/>\n<meta property=\"og:url\" content=\"https:\/\/elmawkie.dz\/fr\/relizane-plus-de-1-300-jeunes-formes-dans-le-cadre-du-programme-de-formation-professionnelle-sanaa\/\" \/>\n<meta property=\"og:site_name\" content=\"El Mawkie\" \/>\n<meta property=\"article:publisher\" content=\"https:\/\/www.facebook.com\/profile.php?id=100088407094989&amp;locale=fr_FR\" \/>\n<meta property=\"article:published_time\" content=\"2026-08-31T16:01:45+00:00\" \/>\n<meta property=\"article:modified_time\" content=\"2026-08-31T16:08:13+00:00\" \/>\n<meta property=\"og:image\" content=\"https:\/\/elmawkie.dz\/fr\/wp-content\/uploads\/2026\/08\/IMG_0047.jpeg\" \/>\n\t<meta property=\"og:image:width\" content=\"800\" \/>\n\t<meta property=\"og:image:height\" content=\"445\" \/>\n\t<meta property=\"og:image:type\" content=\"image\/jpeg\" \/>\n<meta name=\"author\" content=\"R\u00e9daction\" \/>\n<meta name=\"twitter:card\" content=\"summary_large_image\" \/>\n<meta name=\"twitter:label1\" content=\"Written by\" \/>\n\t<meta name=\"twitter:data1\" content=\"R\u00e9daction\" \/>\n\t<meta name=\"twitter:label2\" content=\"Est. reading time\" \/>\n\t<meta name=\"twitter:data2\" content=\"2 minutes\" \/>\n<script type=\"application\/ld+json\" class=\"yoast-schema-graph\">{\"@context\":\"https:\/\/schema.org\",\"@graph\":[{\"@type\":\"Article\",\"@id\":\"https:\/\/elmawkie.dz\/fr\/relizane-plus-de-1-300-jeunes-formes-dans-le-cadre-du-programme-de-formation-professionnelle-sanaa\/#article\",\"isPartOf\":{\"@id\":\"https:\/\/elmawkie.dz\/fr\/relizane-plus-de-1-300-jeunes-formes-dans-le-cadre-du-programme-de-formation-professionnelle-sanaa\/\"},\"author\":{\"name\":\"R\u00e9daction\",\"@id\":\"https:\/\/elmawkie.dz\/fr\/#\/schema\/person\/e7bd59d6467874ba5c4723d8a9f0a63c\"},\"headline\":\"Relizane : plus de 1.300 jeunes form\u00e9s dans le cadre du programme de formation professionnelle \u201cSan\u00e2a\u201c\",\"datePublished\":\"2026-08-31T16:01:45+00:00\",\"dateModified\":\"2026-08-31T16:08:13+00:00\",\"mainEntityOfPage\":{\"@id\":\"https:\/\/elmawkie.dz\/fr\/relizane-plus-de-1-300-jeunes-formes-dans-le-cadre-du-programme-de-formation-professionnelle-sanaa\/\"},\"wordCount\":334,\"commentCount\":0,\"publisher\":{\"@id\":\"https:\/\/elmawkie.dz\/fr\/#organization\"},\"image\":{\"@id\":\"https:\/\/elmawkie.dz\/fr\/relizane-plus-de-1-300-jeunes-formes-dans-le-cadre-du-programme-de-formation-professionnelle-sanaa\/#primaryimage\"},\"thumbnailUrl\":\"https:\/\/elmawkie.dz\/fr\/wp-content\/uploads\/2026\/08\/IMG_0047.jpeg\",\"keywords\":[\"Formation professionnelle\"],\"articleSection\":[\"R\u00e9gion\"],\"inLanguage\":\"fr-FR\",\"potentialAction\":[{\"@type\":\"CommentAction\",\"name\":\"Comment\",\"target\":[\"https:\/\/elmawkie.dz\/fr\/relizane-plus-de-1-300-jeunes-formes-dans-le-cadre-du-programme-de-formation-professionnelle-sanaa\/#respond\"]}]},{\"@type\":\"WebPage\",\"@id\":\"https:\/\/elmawkie.dz\/fr\/relizane-plus-de-1-300-jeunes-formes-dans-le-cadre-du-programme-de-formation-professionnelle-sanaa\/\",\"url\":\"https:\/\/elmawkie.dz\/fr\/relizane-plus-de-1-300-jeunes-formes-dans-le-cadre-du-programme-de-formation-professionnelle-sanaa\/\",\"name\":\"Relizane : plus de 1.300 jeunes form\u00e9s dans le cadre du programme de formation professionnelle \u201cSan\u00e2a\u201c - El Mawkie\",\"isPartOf\":{\"@id\":\"https:\/\/elmawkie.dz\/fr\/#website\"},\"primaryImageOfPage\":{\"@id\":\"https:\/\/elmawkie.dz\/fr\/relizane-plus-de-1-300-jeunes-formes-dans-le-cadre-du-programme-de-formation-professionnelle-sanaa\/#primaryimage\"},\"image\":{\"@id\":\"https:\/\/elmawkie.dz\/fr\/relizane-plus-de-1-300-jeunes-formes-dans-le-cadre-du-programme-de-formation-professionnelle-sanaa\/#primaryimage\"},\"thumbnailUrl\":\"https:\/\/elmawkie.dz\/fr\/wp-content\/uploads\/2026\/08\/IMG_0047.jpeg\",\"datePublished\":\"2026-08-31T16:01:45+00:00\",\"dateModified\":\"2026-08-31T16:08:13+00:00\",\"breadcrumb\":{\"@id\":\"https:\/\/elmawkie.dz\/fr\/relizane-plus-de-1-300-jeunes-formes-dans-le-cadre-du-programme-de-formation-professionnelle-sanaa\/#breadcrumb\"},\"inLanguage\":\"fr-FR\",\"potentialAction\":[{\"@type\":\"ReadAction\",\"target\":[\"https:\/\/elmawkie.dz\/fr\/relizane-plus-de-1-300-jeunes-formes-dans-le-cadre-du-programme-de-formation-professionnelle-sanaa\/\"]}]},{\"@type\":\"ImageObject\",\"inLanguage\":\"fr-FR\",\"@id\":\"https:\/\/elmawkie.dz\/fr\/relizane-plus-de-1-300-jeunes-formes-dans-le-cadre-du-programme-de-formation-professionnelle-sanaa\/#primaryimage\",\"url\":\"https:\/\/elmawkie.dz\/fr\/wp-content\/uploads\/2026\/08\/IMG_0047.jpeg\",\"contentUrl\":\"https:\/\/elmawkie.dz\/fr\/wp-content\/uploads\/2026\/08\/IMG_0047.jpeg\",\"width\":800,\"height\":445},{\"@type\":\"BreadcrumbList\",\"@id\":\"https:\/\/elmawkie.dz\/fr\/relizane-plus-de-1-300-jeunes-formes-dans-le-cadre-du-programme-de-formation-professionnelle-sanaa\/#breadcrumb\",\"itemListElement\":[{\"@type\":\"ListItem\",\"position\":1,\"name\":\"Home\",\"item\":\"https:\/\/elmawkie.dz\/fr\/\"},{\"@type\":\"ListItem\",\"position\":2,\"name\":\"Relizane : plus de 1.300 jeunes form\u00e9s dans le cadre du programme de formation professionnelle \u201cSan\u00e2a\u201c\"}]},{\"@type\":\"WebSite\",\"@id\":\"https:\/\/elmawkie.dz\/fr\/#website\",\"url\":\"https:\/\/elmawkie.dz\/fr\/\",\"name\":\"EL MAWKIE\",\"description\":\"Journal \u00c9lectronique Alg\u00e9rien\",\"publisher\":{\"@id\":\"https:\/\/elmawkie.dz\/fr\/#organization\"},\"potentialAction\":[{\"@type\":\"SearchAction\",\"target\":{\"@type\":\"EntryPoint\",\"urlTemplate\":\"https:\/\/elmawkie.dz\/fr\/?s={search_term_string}\"},\"query-input\":\"required name=search_term_string\"}],\"inLanguage\":\"fr-FR\"},{\"@type\":\"Organization\",\"@id\":\"https:\/\/elmawkie.dz\/fr\/#organization\",\"name\":\"EL MAWKIE\",\"url\":\"https:\/\/elmawkie.dz\/fr\/\",\"logo\":{\"@type\":\"ImageObject\",\"inLanguage\":\"fr-FR\",\"@id\":\"https:\/\/elmawkie.dz\/fr\/#\/schema\/logo\/image\/\",\"url\":\"https:\/\/elmawkie.dz\/fr\/wp-content\/uploads\/2024\/05\/logo1.png\",\"contentUrl\":\"https:\/\/elmawkie.dz\/fr\/wp-content\/uploads\/2024\/05\/logo1.png\",\"width\":1648,\"height\":652,\"caption\":\"EL MAWKIE\"},\"image\":{\"@id\":\"https:\/\/elmawkie.dz\/fr\/#\/schema\/logo\/image\/\"},\"sameAs\":[\"https:\/\/www.facebook.com\/profile.php?id=100088407094989&locale=fr_FR\"]},{\"@type\":\"Person\",\"@id\":\"https:\/\/elmawkie.dz\/fr\/#\/schema\/person\/e7bd59d6467874ba5c4723d8a9f0a63c\",\"name\":\"R\u00e9daction\",\"image\":{\"@type\":\"ImageObject\",\"inLanguage\":\"fr-FR\",\"@id\":\"https:\/\/elmawkie.dz\/fr\/#\/schema\/person\/image\/\",\"url\":\"https:\/\/secure.gravatar.com\/avatar\/f0f773456344da4d2788c054a3d30a0c?s=96&d=mm&r=g\",\"contentUrl\":\"https:\/\/secure.gravatar.com\/avatar\/f0f773456344da4d2788c054a3d30a0c?s=96&d=mm&r=g\",\"caption\":\"R\u00e9daction\"},\"url\":\"https:\/\/elmawkie.dz\/fr\/author\/redaction\/\"}]}<\/script>\n<!-- \/ Yoast SEO Premium plugin. -->","yoast_head_json":{"title":"Relizane : plus de 1.300 jeunes form\u00e9s dans le cadre du programme de formation professionnelle \u201cSan\u00e2a\u201c - El Mawkie","robots":{"index":"index","follow":"follow","max-snippet":"max-snippet:-1","max-image-preview":"max-image-preview:large","max-video-preview":"max-video-preview:-1"},"canonical":"https:\/\/elmawkie.dz\/fr\/relizane-plus-de-1-300-jeunes-formes-dans-le-cadre-du-programme-de-formation-professionnelle-sanaa\/","og_locale":"fr_FR","og_type":"article","og_title":"Relizane : plus de 1.300 jeunes form\u00e9s dans le cadre du programme de formation professionnelle \u201cSan\u00e2a\u201c","og_description":"Quelque 1.362 jeunes, filles et gar\u00e7ons, ont achev\u00e9 leur formation \u00e0 Relizane dans le cadre du programme national de formation professionnelle \u00a0\u00bbSan\u00e2a\u00a0\u00bb, lanc\u00e9 par le minist\u00e8re de la Formation et de l\u2019Enseignement professionnels durant les vacances d\u2019\u00e9t\u00e9, a indiqu\u00e9, lundi, le directeur du secteur dans la wilaya, Kada Mekhloufia. Dans une d\u00e9claration \u00e0 l\u2019APS, M. &hellip;","og_url":"https:\/\/elmawkie.dz\/fr\/relizane-plus-de-1-300-jeunes-formes-dans-le-cadre-du-programme-de-formation-professionnelle-sanaa\/","og_site_name":"El Mawkie","article_publisher":"https:\/\/www.facebook.com\/profile.php?id=100088407094989&locale=fr_FR","article_published_time":"2026-08-31T16:01:45+00:00","article_modified_time":"2026-08-31T16:08:13+00:00","og_image":[{"width":800,"height":445,"url":"https:\/\/elmawkie.dz\/fr\/wp-content\/uploads\/2026\/08\/IMG_0047.jpeg","type":"image\/jpeg"}],"author":"R\u00e9daction","twitter_card":"summary_large_image","twitter_misc":{"Written by":"R\u00e9daction","Est. reading time":"2 minutes"},"schema":{"@context":"https:\/\/schema.org","@graph":[{"@type":"Article","@id":"https:\/\/elmawkie.dz\/fr\/relizane-plus-de-1-300-jeunes-formes-dans-le-cadre-du-programme-de-formation-professionnelle-sanaa\/#article","isPartOf":{"@id":"https:\/\/elmawkie.dz\/fr\/relizane-plus-de-1-300-jeunes-formes-dans-le-cadre-du-programme-de-formation-professionnelle-sanaa\/"},"author":{"name":"R\u00e9daction","@id":"https:\/\/elmawkie.dz\/fr\/#\/schema\/person\/e7bd59d6467874ba5c4723d8a9f0a63c"},"headline":"Relizane : plus de 1.300 jeunes form\u00e9s dans le cadre du programme de formation professionnelle \u201cSan\u00e2a\u201c","datePublished":"2026-08-31T16:01:45+00:00","dateModified":"2026-08-31T16:08:13+00:00","mainEntityOfPage":{"@id":"https:\/\/elmawkie.dz\/fr\/relizane-plus-de-1-300-jeunes-formes-dans-le-cadre-du-programme-de-formation-professionnelle-sanaa\/"},"wordCount":334,"commentCount":0,"publisher":{"@id":"https:\/\/elmawkie.dz\/fr\/#organization"},"image":{"@id":"https:\/\/elmawkie.dz\/fr\/relizane-plus-de-1-300-jeunes-formes-dans-le-cadre-du-programme-de-formation-professionnelle-sanaa\/#primaryimage"},"thumbnailUrl":"https:\/\/elmawkie.dz\/fr\/wp-content\/uploads\/2026\/08\/IMG_0047.jpeg","keywords":["Formation professionnelle"],"articleSection":["R\u00e9gion"],"inLanguage":"fr-FR","potentialAction":[{"@type":"CommentAction","name":"Comment","target":["https:\/\/elmawkie.dz\/fr\/relizane-plus-de-1-300-jeunes-formes-dans-le-cadre-du-programme-de-formation-professionnelle-sanaa\/#respond"]}]},{"@type":"WebPage","@id":"https:\/\/elmawkie.dz\/fr\/relizane-plus-de-1-300-jeunes-formes-dans-le-cadre-du-programme-de-formation-professionnelle-sanaa\/","url":"https:\/\/elmawkie.dz\/fr\/relizane-plus-de-1-300-jeunes-formes-dans-le-cadre-du-programme-de-formation-professionnelle-sanaa\/","name":"Relizane : plus de 1.300 jeunes form\u00e9s dans le cadre du programme de formation professionnelle \u201cSan\u00e2a\u201c - El Mawkie","isPartOf":{"@id":"https:\/\/elmawkie.dz\/fr\/#website"},"primaryImageOfPage":{"@id":"https:\/\/elmawkie.dz\/fr\/relizane-plus-de-1-300-jeunes-formes-dans-le-cadre-du-programme-de-formation-professionnelle-sanaa\/#primaryimage"},"image":{"@id":"https:\/\/elmawkie.dz\/fr\/relizane-plus-de-1-300-jeunes-formes-dans-le-cadre-du-programme-de-formation-professionnelle-sanaa\/#primaryimage"},"thumbnailUrl":"https:\/\/elmawkie.dz\/fr\/wp-content\/uploads\/2026\/08\/IMG_0047.jpeg","datePublished":"2026-08-31T16:01:45+00:00","dateModified":"2026-08-31T16:08:13+00:00","breadcrumb":{"@id":"https:\/\/elmawkie.dz\/fr\/relizane-plus-de-1-300-jeunes-formes-dans-le-cadre-du-programme-de-formation-professionnelle-sanaa\/#breadcrumb"},"inLanguage":"fr-FR","potentialAction":[{"@type":"ReadAction","target":["https:\/\/elmawkie.dz\/fr\/relizane-plus-de-1-300-jeunes-formes-dans-le-cadre-du-programme-de-formation-professionnelle-sanaa\/"]}]},{"@type":"ImageObject","inLanguage":"fr-FR","@id":"https:\/\/elmawkie.dz\/fr\/relizane-plus-de-1-300-jeunes-formes-dans-le-cadre-du-programme-de-formation-professionnelle-sanaa\/#primaryimage","url":"https:\/\/elmawkie.dz\/fr\/wp-content\/uploads\/2026\/08\/IMG_0047.jpeg","contentUrl":"https:\/\/elmawkie.dz\/fr\/wp-content\/uploads\/2026\/08\/IMG_0047.jpeg","width":800,"height":445},{"@type":"BreadcrumbList","@id":"https:\/\/elmawkie.dz\/fr\/relizane-plus-de-1-300-jeunes-formes-dans-le-cadre-du-programme-de-formation-professionnelle-sanaa\/#breadcrumb","itemListElement":[{"@type":"ListItem","position":1,"name":"Home","item":"https:\/\/elmawkie.dz\/fr\/"},{"@type":"ListItem","position":2,"name":"Relizane : plus de 1.300 jeunes form\u00e9s dans le cadre du programme de formation professionnelle \u201cSan\u00e2a\u201c"}]},{"@type":"WebSite","@id":"https:\/\/elmawkie.dz\/fr\/#website","url":"https:\/\/elmawkie.dz\/fr\/","name":"EL MAWKIE","description":"Journal \u00c9lectronique Alg\u00e9rien","publisher":{"@id":"https:\/\/elmawkie.dz\/fr\/#organization"},"potentialAction":[{"@type":"SearchAction","target":{"@type":"EntryPoint","urlTemplate":"https:\/\/elmawkie.dz\/fr\/?s={search_term_string}"},"query-input":"required name=search_term_string"}],"inLanguage":"fr-FR"},{"@type":"Organization","@id":"https:\/\/elmawkie.dz\/fr\/#organization","name":"EL MAWKIE","url":"https:\/\/elmawkie.dz\/fr\/","logo":{"@type":"ImageObject","inLanguage":"fr-FR","@id":"https:\/\/elmawkie.dz\/fr\/#\/schema\/logo\/image\/","url":"https:\/\/elmawkie.dz\/fr\/wp-content\/uploads\/2024\/05\/logo1.png","contentUrl":"https:\/\/elmawkie.dz\/fr\/wp-content\/uploads\/2024\/05\/logo1.png","width":1648,"height":652,"caption":"EL MAWKIE"},"image":{"@id":"https:\/\/elmawkie.dz\/fr\/#\/schema\/logo\/image\/"},"sameAs":["https:\/\/www.facebook.com\/profile.php?id=100088407094989&locale=fr_FR"]},{"@type":"Person","@id":"https:\/\/elmawkie.dz\/fr\/#\/schema\/person\/e7bd59d6467874ba5c4723d8a9f0a63c","name":"R\u00e9daction","image":{"@type":"ImageObject","inLanguage":"fr-FR","@id":"https:\/\/elmawkie.dz\/fr\/#\/schema\/person\/image\/","url":"https:\/\/secure.gravatar.com\/avatar\/f0f773456344da4d2788c054a3d30a0c?s=96&d=mm&r=g","contentUrl":"https:\/\/secure.gravatar.com\/avatar\/f0f773456344da4d2788c054a3d30a0c?s=96&d=mm&r=g","caption":"R\u00e9daction"},"url":"https:\/\/elmawkie.dz\/fr\/author\/redaction\/"}]}},"_links":{"self":[{"href":"https:\/\/elmawkie.dz\/fr\/wp-json\/wp\/v2\/posts\/67907","targetHints":{"allow":["GET"]}}],"collection":[{"href":"https:\/\/elmawkie.dz\/fr\/wp-json\/wp\/v2\/posts"}],"about":[{"href":"https:\/\/elmawkie.dz\/fr\/wp-json\/wp\/v2\/types\/post"}],"author":[{"embeddable":true,"href":"https:\/\/elmawkie.dz\/fr\/wp-json\/wp\/v2\/users\/9"}],"replies":[{"embeddable":true,"href":"https:\/\/elmawkie.dz\/fr\/wp-json\/wp\/v2\/comments?post=67907"}],"version-history":[{"count":2,"href":"https:\/\/elmawkie.dz\/fr\/wp-json\/wp\/v2\/posts\/67907\/revisions"}],"predecessor-version":[{"id":67924,"href":"https:\/\/elmawkie.dz\/fr\/wp-json\/wp\/v2\/posts\/67907\/revisions\/67924"}],"wp:featuredmedia":[{"embeddable":true,"href":"https:\/\/elmawkie.dz\/fr\/wp-json\/wp\/v2\/media\/67909"}],"wp:attachment":[{"href":"https:\/\/elmawkie.dz\/fr\/wp-json\/wp\/v2\/media?parent=67907"}],"wp:term":[{"taxonomy":"category","embeddable":true,"href":"https:\/\/elmawkie.dz\/fr\/wp-json\/wp\/v2\/categories?post=67907"},{"taxonomy":"post_tag","embeddable":true,"href":"https:\/\/elmawkie.dz\/fr\/wp-json\/wp\/v2\/tags?post=67907"}],"curies":[{"name":"wp","href":"https:\/\/api.w.org\/{rel}","templated":true}]}}