{"id":67890,"date":"2026-08-31T16:42:00","date_gmt":"2026-08-31T15:42:00","guid":{"rendered":"https:\/\/elmawkie.dz\/fr\/?p=67890"},"modified":"2026-08-31T16:42:00","modified_gmt":"2026-08-31T15:42:00","slug":"oran-reception-de-lannexe-du-laboratoire-national-de-controle-et-danalyse-des-produits-de-la-mer-prevue-debut-2027","status":"publish","type":"post","link":"https:\/\/elmawkie.dz\/fr\/oran-reception-de-lannexe-du-laboratoire-national-de-controle-et-danalyse-des-produits-de-la-mer-prevue-debut-2027\/","title":{"rendered":"Oran : r\u00e9ception de l\u2019annexe du laboratoire national de contr\u00f4le et d\u2019analyse des produits de la mer pr\u00e9vue d\u00e9but 2027"},"content":{"rendered":"\n<p>L\u2019annexe du Laboratoire national de contr\u00f4le et d\u2019analyse des produits de la p\u00eache et de l\u2019aquaculture et de l\u2019hygi\u00e8ne des milieux dans la wilaya d\u2019Oran devrait \u00eatre r\u00e9ceptionn\u00e9e au d\u00e9but de l\u2019ann\u00e9e 2027, alors que le taux d\u2019avancement des travaux de r\u00e9alisation de cette infrastructure \u00e0 vocation r\u00e9gionale a atteint 55 %, a-t-on appris, lundi, aupr\u00e8s des services de la wilaya.<\/p>\n\n\n\n<p>Le wali d\u2019Oran, Brahim Ouch\u00e8ne, a effectu\u00e9, lundi, une visite d\u2019inspection au projet de r\u00e9alisation de cette infrastructure, supervis\u00e9 par la direction de la P\u00eache et de l\u2019Aquaculture. Il a re\u00e7u des explications sur l\u2019\u00e9tat d\u2019avancement des travaux et les diff\u00e9rentes \u00e9tapes de r\u00e9alisation du projet, insistant \u00e0 cette occasion sur la n\u00e9cessit\u00e9 d\u2019acc\u00e9l\u00e9rer le rythme des travaux, afin de garantir la r\u00e9ception de l\u2019infrastructure dans les d\u00e9lais impartis.<\/p>\n\n\n\n<p>Le directeur de la P\u00eache et de l\u2019Aquaculture de la wilaya, Menaouar Meghni Sendid, a indiqu\u00e9 que cette infrastructure \u00e0 vocation r\u00e9gionale constituera un important appui au dispositif de contr\u00f4le des produits de la p\u00eache et de l\u2019aquaculture, \u00e0 travers la mise \u00e0 disposition d\u2019un espace sp\u00e9cialis\u00e9 pour effectuer diff\u00e9rents types d\u2019analyses et v\u00e9rifier la conformit\u00e9 des produits aux normes en vigueur.<\/p>\n\n\n\n<p>Il a ajout\u00e9 que les services de cette annexe seront accessibles aux diff\u00e9rents \u00e9tablissements et organismes charg\u00e9s du contr\u00f4le, notamment les directions du commerce et les services d\u2019inspection v\u00e9t\u00e9rinaire, ce qui permettra de renforcer la coordination et l\u2019\u00e9change d\u2019expertises et d\u2019am\u00e9liorer l\u2019efficacit\u00e9 du dispositif de contr\u00f4le des produits de la mer \u00e0 l\u2019\u00e9chelle r\u00e9gionale.<\/p>\n\n\n\n<p>Cette infrastructure devrait contribuer \u00e0 renforcer les capacit\u00e9s d\u2019analyse et de contr\u00f4le sanitaire et scientifique des produits de la mer commercialis\u00e9s, ainsi qu\u2019\u00e0 appuyer les op\u00e9rations de suivi et de contr\u00f4le de l\u2019hygi\u00e8ne des milieux marins, contribuant ainsi \u00e0 la protection du consommateur et \u00e0 la garantie de la qualit\u00e9 des produits issus des activit\u00e9s de p\u00eache et d\u2019aquaculture.<\/p>\n\n\n\n<p>La r\u00e9alisation de cette annexe s\u2019inscrit dans le cadre du renforcement des infrastructures scientifiques et techniques accompagnant les activit\u00e9s de p\u00eache et d\u2019aquaculture, ainsi que du d\u00e9veloppement des moyens de contr\u00f4le des produits de la mer et des milieux qui leur sont li\u00e9s, de mani\u00e8re \u00e0 accompagner l\u2019\u00e9volution de ce secteur et \u00e0 r\u00e9pondre aux exigences sanitaires et scientifiques aux niveaux r\u00e9gional et national.&nbsp;<\/p>\n","protected":false},"excerpt":{"rendered":"<p>L\u2019annexe du Laboratoire national de contr\u00f4le et d\u2019analyse des produits de la p\u00eache et de l\u2019aquaculture et de l\u2019hygi\u00e8ne des milieux dans la wilaya d\u2019Oran devrait \u00eatre r\u00e9ceptionn\u00e9e au d\u00e9but de l\u2019ann\u00e9e 2027, alors que le taux d\u2019avancement des travaux de r\u00e9alisation de cette infrastructure \u00e0 vocation r\u00e9gionale a atteint 55 %, a-t-on appris, lundi, &hellip;<\/p>\n","protected":false},"author":9,"featured_media":67892,"comment_status":"open","ping_status":"open","sticky":false,"template":"","format":"standard","meta":{"footnotes":""},"categories":[50],"tags":[75],"class_list":["post-67890","post","type-post","status-publish","format-standard","has-post-thumbnail","hentry","category-region","tag-oran"],"yoast_head":"<!-- This site is optimized with the Yoast SEO Premium plugin v22.6 (Yoast SEO v22.6) - https:\/\/yoast.com\/wordpress\/plugins\/seo\/ -->\n<title>Oran : r\u00e9ception de l\u2019annexe du laboratoire national de contr\u00f4le et d\u2019analyse des produits de la mer pr\u00e9vue d\u00e9but 2027 - El Mawkie<\/title>\n<meta name=\"robots\" content=\"index, follow, max-snippet:-1, max-image-preview:large, max-video-preview:-1\" \/>\n<link rel=\"canonical\" href=\"https:\/\/elmawkie.dz\/fr\/oran-reception-de-lannexe-du-laboratoire-national-de-controle-et-danalyse-des-produits-de-la-mer-prevue-debut-2027\/\" \/>\n<meta property=\"og:locale\" content=\"fr_FR\" \/>\n<meta property=\"og:type\" content=\"article\" \/>\n<meta property=\"og:title\" content=\"Oran : r\u00e9ception de l\u2019annexe du laboratoire national de contr\u00f4le et d\u2019analyse des produits de la mer pr\u00e9vue d\u00e9but 2027\" \/>\n<meta property=\"og:description\" content=\"L\u2019annexe du Laboratoire national de contr\u00f4le et d\u2019analyse des produits de la p\u00eache et de l\u2019aquaculture et de l\u2019hygi\u00e8ne des milieux dans la wilaya d\u2019Oran devrait \u00eatre r\u00e9ceptionn\u00e9e au d\u00e9but de l\u2019ann\u00e9e 2027, alors que le taux d\u2019avancement des travaux de r\u00e9alisation de cette infrastructure \u00e0 vocation r\u00e9gionale a atteint 55 %, a-t-on appris, lundi, &hellip;\" \/>\n<meta property=\"og:url\" content=\"https:\/\/elmawkie.dz\/fr\/oran-reception-de-lannexe-du-laboratoire-national-de-controle-et-danalyse-des-produits-de-la-mer-prevue-debut-2027\/\" \/>\n<meta property=\"og:site_name\" content=\"El Mawkie\" \/>\n<meta property=\"article:publisher\" content=\"https:\/\/www.facebook.com\/profile.php?id=100088407094989&amp;locale=fr_FR\" \/>\n<meta property=\"article:published_time\" content=\"2026-08-31T15:42:00+00:00\" \/>\n<meta property=\"og:image\" content=\"https:\/\/elmawkie.dz\/fr\/wp-content\/uploads\/2026\/08\/IMG_0015.jpeg\" \/>\n\t<meta property=\"og:image:width\" content=\"1116\" \/>\n\t<meta property=\"og:image:height\" content=\"585\" \/>\n\t<meta property=\"og:image:type\" content=\"image\/jpeg\" \/>\n<meta name=\"author\" content=\"R\u00e9daction\" \/>\n<meta name=\"twitter:card\" content=\"summary_large_image\" \/>\n<meta name=\"twitter:label1\" content=\"Written by\" \/>\n\t<meta name=\"twitter:data1\" content=\"R\u00e9daction\" \/>\n\t<meta name=\"twitter:label2\" content=\"Est. reading time\" \/>\n\t<meta name=\"twitter:data2\" content=\"3 minutes\" \/>\n<script type=\"application\/ld+json\" class=\"yoast-schema-graph\">{\"@context\":\"https:\/\/schema.org\",\"@graph\":[{\"@type\":\"Article\",\"@id\":\"https:\/\/elmawkie.dz\/fr\/oran-reception-de-lannexe-du-laboratoire-national-de-controle-et-danalyse-des-produits-de-la-mer-prevue-debut-2027\/#article\",\"isPartOf\":{\"@id\":\"https:\/\/elmawkie.dz\/fr\/oran-reception-de-lannexe-du-laboratoire-national-de-controle-et-danalyse-des-produits-de-la-mer-prevue-debut-2027\/\"},\"author\":{\"name\":\"R\u00e9daction\",\"@id\":\"https:\/\/elmawkie.dz\/fr\/#\/schema\/person\/e7bd59d6467874ba5c4723d8a9f0a63c\"},\"headline\":\"Oran : r\u00e9ception de l\u2019annexe du laboratoire national de contr\u00f4le et d\u2019analyse des produits de la mer pr\u00e9vue d\u00e9but 2027\",\"datePublished\":\"2026-08-31T15:42:00+00:00\",\"dateModified\":\"2026-08-31T15:42:00+00:00\",\"mainEntityOfPage\":{\"@id\":\"https:\/\/elmawkie.dz\/fr\/oran-reception-de-lannexe-du-laboratoire-national-de-controle-et-danalyse-des-produits-de-la-mer-prevue-debut-2027\/\"},\"wordCount\":463,\"commentCount\":0,\"publisher\":{\"@id\":\"https:\/\/elmawkie.dz\/fr\/#organization\"},\"image\":{\"@id\":\"https:\/\/elmawkie.dz\/fr\/oran-reception-de-lannexe-du-laboratoire-national-de-controle-et-danalyse-des-produits-de-la-mer-prevue-debut-2027\/#primaryimage\"},\"thumbnailUrl\":\"https:\/\/elmawkie.dz\/fr\/wp-content\/uploads\/2026\/08\/IMG_0015.jpeg\",\"keywords\":[\"Oran\"],\"articleSection\":[\"R\u00e9gion\"],\"inLanguage\":\"fr-FR\",\"potentialAction\":[{\"@type\":\"CommentAction\",\"name\":\"Comment\",\"target\":[\"https:\/\/elmawkie.dz\/fr\/oran-reception-de-lannexe-du-laboratoire-national-de-controle-et-danalyse-des-produits-de-la-mer-prevue-debut-2027\/#respond\"]}]},{\"@type\":\"WebPage\",\"@id\":\"https:\/\/elmawkie.dz\/fr\/oran-reception-de-lannexe-du-laboratoire-national-de-controle-et-danalyse-des-produits-de-la-mer-prevue-debut-2027\/\",\"url\":\"https:\/\/elmawkie.dz\/fr\/oran-reception-de-lannexe-du-laboratoire-national-de-controle-et-danalyse-des-produits-de-la-mer-prevue-debut-2027\/\",\"name\":\"Oran : r\u00e9ception de l\u2019annexe du laboratoire national de contr\u00f4le et d\u2019analyse des produits de la mer pr\u00e9vue d\u00e9but 2027 - El Mawkie\",\"isPartOf\":{\"@id\":\"https:\/\/elmawkie.dz\/fr\/#website\"},\"primaryImageOfPage\":{\"@id\":\"https:\/\/elmawkie.dz\/fr\/oran-reception-de-lannexe-du-laboratoire-national-de-controle-et-danalyse-des-produits-de-la-mer-prevue-debut-2027\/#primaryimage\"},\"image\":{\"@id\":\"https:\/\/elmawkie.dz\/fr\/oran-reception-de-lannexe-du-laboratoire-national-de-controle-et-danalyse-des-produits-de-la-mer-prevue-debut-2027\/#primaryimage\"},\"thumbnailUrl\":\"https:\/\/elmawkie.dz\/fr\/wp-content\/uploads\/2026\/08\/IMG_0015.jpeg\",\"datePublished\":\"2026-08-31T15:42:00+00:00\",\"dateModified\":\"2026-08-31T15:42:00+00:00\",\"breadcrumb\":{\"@id\":\"https:\/\/elmawkie.dz\/fr\/oran-reception-de-lannexe-du-laboratoire-national-de-controle-et-danalyse-des-produits-de-la-mer-prevue-debut-2027\/#breadcrumb\"},\"inLanguage\":\"fr-FR\",\"potentialAction\":[{\"@type\":\"ReadAction\",\"target\":[\"https:\/\/elmawkie.dz\/fr\/oran-reception-de-lannexe-du-laboratoire-national-de-controle-et-danalyse-des-produits-de-la-mer-prevue-debut-2027\/\"]}]},{\"@type\":\"ImageObject\",\"inLanguage\":\"fr-FR\",\"@id\":\"https:\/\/elmawkie.dz\/fr\/oran-reception-de-lannexe-du-laboratoire-national-de-controle-et-danalyse-des-produits-de-la-mer-prevue-debut-2027\/#primaryimage\",\"url\":\"https:\/\/elmawkie.dz\/fr\/wp-content\/uploads\/2026\/08\/IMG_0015.jpeg\",\"contentUrl\":\"https:\/\/elmawkie.dz\/fr\/wp-content\/uploads\/2026\/08\/IMG_0015.jpeg\",\"width\":1116,\"height\":585},{\"@type\":\"BreadcrumbList\",\"@id\":\"https:\/\/elmawkie.dz\/fr\/oran-reception-de-lannexe-du-laboratoire-national-de-controle-et-danalyse-des-produits-de-la-mer-prevue-debut-2027\/#breadcrumb\",\"itemListElement\":[{\"@type\":\"ListItem\",\"position\":1,\"name\":\"Home\",\"item\":\"https:\/\/elmawkie.dz\/fr\/\"},{\"@type\":\"ListItem\",\"position\":2,\"name\":\"Oran : r\u00e9ception de l\u2019annexe du laboratoire national de contr\u00f4le et d\u2019analyse des produits de la mer pr\u00e9vue d\u00e9but 2027\"}]},{\"@type\":\"WebSite\",\"@id\":\"https:\/\/elmawkie.dz\/fr\/#website\",\"url\":\"https:\/\/elmawkie.dz\/fr\/\",\"name\":\"EL MAWKIE\",\"description\":\"Journal \u00c9lectronique Alg\u00e9rien\",\"publisher\":{\"@id\":\"https:\/\/elmawkie.dz\/fr\/#organization\"},\"potentialAction\":[{\"@type\":\"SearchAction\",\"target\":{\"@type\":\"EntryPoint\",\"urlTemplate\":\"https:\/\/elmawkie.dz\/fr\/?s={search_term_string}\"},\"query-input\":\"required name=search_term_string\"}],\"inLanguage\":\"fr-FR\"},{\"@type\":\"Organization\",\"@id\":\"https:\/\/elmawkie.dz\/fr\/#organization\",\"name\":\"EL MAWKIE\",\"url\":\"https:\/\/elmawkie.dz\/fr\/\",\"logo\":{\"@type\":\"ImageObject\",\"inLanguage\":\"fr-FR\",\"@id\":\"https:\/\/elmawkie.dz\/fr\/#\/schema\/logo\/image\/\",\"url\":\"https:\/\/elmawkie.dz\/fr\/wp-content\/uploads\/2024\/05\/logo1.png\",\"contentUrl\":\"https:\/\/elmawkie.dz\/fr\/wp-content\/uploads\/2024\/05\/logo1.png\",\"width\":1648,\"height\":652,\"caption\":\"EL MAWKIE\"},\"image\":{\"@id\":\"https:\/\/elmawkie.dz\/fr\/#\/schema\/logo\/image\/\"},\"sameAs\":[\"https:\/\/www.facebook.com\/profile.php?id=100088407094989&locale=fr_FR\"]},{\"@type\":\"Person\",\"@id\":\"https:\/\/elmawkie.dz\/fr\/#\/schema\/person\/e7bd59d6467874ba5c4723d8a9f0a63c\",\"name\":\"R\u00e9daction\",\"image\":{\"@type\":\"ImageObject\",\"inLanguage\":\"fr-FR\",\"@id\":\"https:\/\/elmawkie.dz\/fr\/#\/schema\/person\/image\/\",\"url\":\"https:\/\/secure.gravatar.com\/avatar\/f0f773456344da4d2788c054a3d30a0c?s=96&d=mm&r=g\",\"contentUrl\":\"https:\/\/secure.gravatar.com\/avatar\/f0f773456344da4d2788c054a3d30a0c?s=96&d=mm&r=g\",\"caption\":\"R\u00e9daction\"},\"url\":\"https:\/\/elmawkie.dz\/fr\/author\/redaction\/\"}]}<\/script>\n<!-- \/ Yoast SEO Premium plugin. -->","yoast_head_json":{"title":"Oran : r\u00e9ception de l\u2019annexe du laboratoire national de contr\u00f4le et d\u2019analyse des produits de la mer pr\u00e9vue d\u00e9but 2027 - El Mawkie","robots":{"index":"index","follow":"follow","max-snippet":"max-snippet:-1","max-image-preview":"max-image-preview:large","max-video-preview":"max-video-preview:-1"},"canonical":"https:\/\/elmawkie.dz\/fr\/oran-reception-de-lannexe-du-laboratoire-national-de-controle-et-danalyse-des-produits-de-la-mer-prevue-debut-2027\/","og_locale":"fr_FR","og_type":"article","og_title":"Oran : r\u00e9ception de l\u2019annexe du laboratoire national de contr\u00f4le et d\u2019analyse des produits de la mer pr\u00e9vue d\u00e9but 2027","og_description":"L\u2019annexe du Laboratoire national de contr\u00f4le et d\u2019analyse des produits de la p\u00eache et de l\u2019aquaculture et de l\u2019hygi\u00e8ne des milieux dans la wilaya d\u2019Oran devrait \u00eatre r\u00e9ceptionn\u00e9e au d\u00e9but de l\u2019ann\u00e9e 2027, alors que le taux d\u2019avancement des travaux de r\u00e9alisation de cette infrastructure \u00e0 vocation r\u00e9gionale a atteint 55 %, a-t-on appris, lundi, &hellip;","og_url":"https:\/\/elmawkie.dz\/fr\/oran-reception-de-lannexe-du-laboratoire-national-de-controle-et-danalyse-des-produits-de-la-mer-prevue-debut-2027\/","og_site_name":"El Mawkie","article_publisher":"https:\/\/www.facebook.com\/profile.php?id=100088407094989&locale=fr_FR","article_published_time":"2026-08-31T15:42:00+00:00","og_image":[{"width":1116,"height":585,"url":"https:\/\/elmawkie.dz\/fr\/wp-content\/uploads\/2026\/08\/IMG_0015.jpeg","type":"image\/jpeg"}],"author":"R\u00e9daction","twitter_card":"summary_large_image","twitter_misc":{"Written by":"R\u00e9daction","Est. reading time":"3 minutes"},"schema":{"@context":"https:\/\/schema.org","@graph":[{"@type":"Article","@id":"https:\/\/elmawkie.dz\/fr\/oran-reception-de-lannexe-du-laboratoire-national-de-controle-et-danalyse-des-produits-de-la-mer-prevue-debut-2027\/#article","isPartOf":{"@id":"https:\/\/elmawkie.dz\/fr\/oran-reception-de-lannexe-du-laboratoire-national-de-controle-et-danalyse-des-produits-de-la-mer-prevue-debut-2027\/"},"author":{"name":"R\u00e9daction","@id":"https:\/\/elmawkie.dz\/fr\/#\/schema\/person\/e7bd59d6467874ba5c4723d8a9f0a63c"},"headline":"Oran : r\u00e9ception de l\u2019annexe du laboratoire national de contr\u00f4le et d\u2019analyse des produits de la mer pr\u00e9vue d\u00e9but 2027","datePublished":"2026-08-31T15:42:00+00:00","dateModified":"2026-08-31T15:42:00+00:00","mainEntityOfPage":{"@id":"https:\/\/elmawkie.dz\/fr\/oran-reception-de-lannexe-du-laboratoire-national-de-controle-et-danalyse-des-produits-de-la-mer-prevue-debut-2027\/"},"wordCount":463,"commentCount":0,"publisher":{"@id":"https:\/\/elmawkie.dz\/fr\/#organization"},"image":{"@id":"https:\/\/elmawkie.dz\/fr\/oran-reception-de-lannexe-du-laboratoire-national-de-controle-et-danalyse-des-produits-de-la-mer-prevue-debut-2027\/#primaryimage"},"thumbnailUrl":"https:\/\/elmawkie.dz\/fr\/wp-content\/uploads\/2026\/08\/IMG_0015.jpeg","keywords":["Oran"],"articleSection":["R\u00e9gion"],"inLanguage":"fr-FR","potentialAction":[{"@type":"CommentAction","name":"Comment","target":["https:\/\/elmawkie.dz\/fr\/oran-reception-de-lannexe-du-laboratoire-national-de-controle-et-danalyse-des-produits-de-la-mer-prevue-debut-2027\/#respond"]}]},{"@type":"WebPage","@id":"https:\/\/elmawkie.dz\/fr\/oran-reception-de-lannexe-du-laboratoire-national-de-controle-et-danalyse-des-produits-de-la-mer-prevue-debut-2027\/","url":"https:\/\/elmawkie.dz\/fr\/oran-reception-de-lannexe-du-laboratoire-national-de-controle-et-danalyse-des-produits-de-la-mer-prevue-debut-2027\/","name":"Oran : r\u00e9ception de l\u2019annexe du laboratoire national de contr\u00f4le et d\u2019analyse des produits de la mer pr\u00e9vue d\u00e9but 2027 - El Mawkie","isPartOf":{"@id":"https:\/\/elmawkie.dz\/fr\/#website"},"primaryImageOfPage":{"@id":"https:\/\/elmawkie.dz\/fr\/oran-reception-de-lannexe-du-laboratoire-national-de-controle-et-danalyse-des-produits-de-la-mer-prevue-debut-2027\/#primaryimage"},"image":{"@id":"https:\/\/elmawkie.dz\/fr\/oran-reception-de-lannexe-du-laboratoire-national-de-controle-et-danalyse-des-produits-de-la-mer-prevue-debut-2027\/#primaryimage"},"thumbnailUrl":"https:\/\/elmawkie.dz\/fr\/wp-content\/uploads\/2026\/08\/IMG_0015.jpeg","datePublished":"2026-08-31T15:42:00+00:00","dateModified":"2026-08-31T15:42:00+00:00","breadcrumb":{"@id":"https:\/\/elmawkie.dz\/fr\/oran-reception-de-lannexe-du-laboratoire-national-de-controle-et-danalyse-des-produits-de-la-mer-prevue-debut-2027\/#breadcrumb"},"inLanguage":"fr-FR","potentialAction":[{"@type":"ReadAction","target":["https:\/\/elmawkie.dz\/fr\/oran-reception-de-lannexe-du-laboratoire-national-de-controle-et-danalyse-des-produits-de-la-mer-prevue-debut-2027\/"]}]},{"@type":"ImageObject","inLanguage":"fr-FR","@id":"https:\/\/elmawkie.dz\/fr\/oran-reception-de-lannexe-du-laboratoire-national-de-controle-et-danalyse-des-produits-de-la-mer-prevue-debut-2027\/#primaryimage","url":"https:\/\/elmawkie.dz\/fr\/wp-content\/uploads\/2026\/08\/IMG_0015.jpeg","contentUrl":"https:\/\/elmawkie.dz\/fr\/wp-content\/uploads\/2026\/08\/IMG_0015.jpeg","width":1116,"height":585},{"@type":"BreadcrumbList","@id":"https:\/\/elmawkie.dz\/fr\/oran-reception-de-lannexe-du-laboratoire-national-de-controle-et-danalyse-des-produits-de-la-mer-prevue-debut-2027\/#breadcrumb","itemListElement":[{"@type":"ListItem","position":1,"name":"Home","item":"https:\/\/elmawkie.dz\/fr\/"},{"@type":"ListItem","position":2,"name":"Oran : r\u00e9ception de l\u2019annexe du laboratoire national de contr\u00f4le et d\u2019analyse des produits de la mer pr\u00e9vue d\u00e9but 2027"}]},{"@type":"WebSite","@id":"https:\/\/elmawkie.dz\/fr\/#website","url":"https:\/\/elmawkie.dz\/fr\/","name":"EL MAWKIE","description":"Journal \u00c9lectronique Alg\u00e9rien","publisher":{"@id":"https:\/\/elmawkie.dz\/fr\/#organization"},"potentialAction":[{"@type":"SearchAction","target":{"@type":"EntryPoint","urlTemplate":"https:\/\/elmawkie.dz\/fr\/?s={search_term_string}"},"query-input":"required name=search_term_string"}],"inLanguage":"fr-FR"},{"@type":"Organization","@id":"https:\/\/elmawkie.dz\/fr\/#organization","name":"EL MAWKIE","url":"https:\/\/elmawkie.dz\/fr\/","logo":{"@type":"ImageObject","inLanguage":"fr-FR","@id":"https:\/\/elmawkie.dz\/fr\/#\/schema\/logo\/image\/","url":"https:\/\/elmawkie.dz\/fr\/wp-content\/uploads\/2024\/05\/logo1.png","contentUrl":"https:\/\/elmawkie.dz\/fr\/wp-content\/uploads\/2024\/05\/logo1.png","width":1648,"height":652,"caption":"EL MAWKIE"},"image":{"@id":"https:\/\/elmawkie.dz\/fr\/#\/schema\/logo\/image\/"},"sameAs":["https:\/\/www.facebook.com\/profile.php?id=100088407094989&locale=fr_FR"]},{"@type":"Person","@id":"https:\/\/elmawkie.dz\/fr\/#\/schema\/person\/e7bd59d6467874ba5c4723d8a9f0a63c","name":"R\u00e9daction","image":{"@type":"ImageObject","inLanguage":"fr-FR","@id":"https:\/\/elmawkie.dz\/fr\/#\/schema\/person\/image\/","url":"https:\/\/secure.gravatar.com\/avatar\/f0f773456344da4d2788c054a3d30a0c?s=96&d=mm&r=g","contentUrl":"https:\/\/secure.gravatar.com\/avatar\/f0f773456344da4d2788c054a3d30a0c?s=96&d=mm&r=g","caption":"R\u00e9daction"},"url":"https:\/\/elmawkie.dz\/fr\/author\/redaction\/"}]}},"_links":{"self":[{"href":"https:\/\/elmawkie.dz\/fr\/wp-json\/wp\/v2\/posts\/67890","targetHints":{"allow":["GET"]}}],"collection":[{"href":"https:\/\/elmawkie.dz\/fr\/wp-json\/wp\/v2\/posts"}],"about":[{"href":"https:\/\/elmawkie.dz\/fr\/wp-json\/wp\/v2\/types\/post"}],"author":[{"embeddable":true,"href":"https:\/\/elmawkie.dz\/fr\/wp-json\/wp\/v2\/users\/9"}],"replies":[{"embeddable":true,"href":"https:\/\/elmawkie.dz\/fr\/wp-json\/wp\/v2\/comments?post=67890"}],"version-history":[{"count":1,"href":"https:\/\/elmawkie.dz\/fr\/wp-json\/wp\/v2\/posts\/67890\/revisions"}],"predecessor-version":[{"id":67893,"href":"https:\/\/elmawkie.dz\/fr\/wp-json\/wp\/v2\/posts\/67890\/revisions\/67893"}],"wp:featuredmedia":[{"embeddable":true,"href":"https:\/\/elmawkie.dz\/fr\/wp-json\/wp\/v2\/media\/67892"}],"wp:attachment":[{"href":"https:\/\/elmawkie.dz\/fr\/wp-json\/wp\/v2\/media?parent=67890"}],"wp:term":[{"taxonomy":"category","embeddable":true,"href":"https:\/\/elmawkie.dz\/fr\/wp-json\/wp\/v2\/categories?post=67890"},{"taxonomy":"post_tag","embeddable":true,"href":"https:\/\/elmawkie.dz\/fr\/wp-json\/wp\/v2\/tags?post=67890"}],"curies":[{"name":"wp","href":"https:\/\/api.w.org\/{rel}","templated":true}]}}