{"id":67882,"date":"2026-08-30T22:58:06","date_gmt":"2026-08-30T21:58:06","guid":{"rendered":"https:\/\/elmawkie.dz\/fr\/?p=67882"},"modified":"2026-08-30T22:58:07","modified_gmt":"2026-08-30T21:58:07","slug":"le-president-sahraoui-appelle-lua-a-assumer-ses-responsabilites-en-matiere-de-decolonisation-du-sahara-occidental","status":"publish","type":"post","link":"https:\/\/elmawkie.dz\/fr\/le-president-sahraoui-appelle-lua-a-assumer-ses-responsabilites-en-matiere-de-decolonisation-du-sahara-occidental\/","title":{"rendered":"Le Pr\u00e9sident Sahraoui appelle l&rsquo;UA \u00e0 assumer ses responsabilit\u00e9s en mati\u00e8re de d\u00e9colonisation du Sahara occidental"},"content":{"rendered":"\n<p>Le pr\u00e9sident de la R\u00e9publique arabe sahraouie d\u00e9mocratique (RASD), Brahim Ghali, a appel\u00e9, dimanche, l&rsquo;Union africaine (UA) \u00e0 assumer ses responsabilit\u00e9s en mati\u00e8re de parach\u00e8vement du processus de d\u00e9colonisation du Sahara occidental, derni\u00e8re colonie en Afrique. Dans son allocution lors des travaux de la 21e session extraordinaire de la Conf\u00e9rence des chefs d&rsquo;Etat et de Gouvernement de l&rsquo;UA sur le renforcement des m\u00e9canismes de pr\u00e9vention et de r\u00e8glement des conflits en Afrique, qui se tient \u00e0 Luanda (Angola), le pr\u00e9sident sahraoui a indiqu\u00e9 que le Sahara occidental est \u00ab\u00a0une question purement africaine\u00a0\u00bb, relevant que \u00ab\u00a0la responsabilit\u00e9 de l&rsquo;UA exige qu&rsquo;elle contribue, aux c\u00f4t\u00e9s des Nations unies, au parach\u00e8vement du processus de d\u00e9colonisation du territoire occup\u00e9\u00a0\u00bb.<\/p>\n\n\n\n<p>Dans ce sillage, M. Ghali a insist\u00e9 sur \u00ab\u00a0l&rsquo;importance pour l&rsquo;UA d&rsquo;assumer ses responsabilit\u00e9s \u00e0 l&rsquo;\u00e9gard de la question sahraouie, \u00e9tant une question de d\u00e9colonisation inscrite \u00e0 l&rsquo;agenda de l&rsquo;organisation continentale, et de poursuivre sa contribution, aux c\u00f4t\u00e9s des Nations unies, afin de permettre au peuple sahraoui de parachever le processus de d\u00e9colonisation\u00a0\u00bb.<\/p>\n\n\n\n<p>Le pr\u00e9sident sahraoui a, par ailleurs, salu\u00e9 le r\u00f4le que joue l&rsquo;Alg\u00e9rie dans le soutien aux causes de lib\u00e9ration et le r\u00e8glement des conflits africains ainsi que son appui aux efforts de paix et de stabilit\u00e9, rappelant que l&rsquo;Alg\u00e9rie \u00ab\u00a0dispose d&rsquo;une exp\u00e9rience riche en mati\u00e8re de r\u00e8glement des conflits ayant permis d&rsquo;en r\u00e9soudre plusieurs en Afrique\u00a0\u00bb.<\/p>\n\n\n\n<p>Le pr\u00e9sident de la RASD a r\u00e9affirm\u00e9 son attachement au r\u00f4le de l&rsquo;UA visant \u00e0 parvenir \u00e0 une solution juste et durable au conflit au Sahara occidental, dans le strict respect des principes et objectifs de son Acte constitutif et des dispositions du droit international, permettant au peuple sahraoui d&rsquo;exercer son droit inali\u00e9nable \u00e0 la libert\u00e9 et \u00e0 l&rsquo;ind\u00e9pendance.<\/p>\n\n\n\n<p>Le pr\u00e9sident Ghali a soulign\u00e9 que le parach\u00e8vement de la mise en \u0153uvre des d\u00e9cisions et recommandations du sommet extraordinaire sur \u00ab\u00a0Faire taire les armes\u00a0\u00bb, tenu \u00e0 Johannesburg en 2020, du sommet de Nairobi du Conseil de paix et de s\u00e9curit\u00e9 (CPS), ainsi que la mise en place d&rsquo;un syst\u00e8me africain r\u00e9ellement capable de pr\u00e9venir les causes du d\u00e9clenchement des conflits, \u00ab\u00a0passe n\u00e9cessairement par le parach\u00e8vement de la d\u00e9colonisation de notre continent, le respect du droit des peuples \u00e0 l&rsquo;autod\u00e9termination et le rejet de l&rsquo;occupation, de l&rsquo;expansionnisme et de la modification des fronti\u00e8res par la force\u00a0\u00bb.<\/p>\n\n\n\n<p>\u00ab\u00a0Alors que nous saluons les \u00e9tapes importantes franchies par l&rsquo;UA dans la construction d&rsquo;un syst\u00e8me continental de paix et de s\u00e9curit\u00e9, nous estimons que le v\u00e9ritable d\u00e9fi ne r\u00e9side plus dans la cr\u00e9ation de nouveaux m\u00e9canismes, mais plut\u00f4t dans le fait de doter les m\u00e9canismes existants des moyens n\u00e9cessaires \u00e0 leur efficacit\u00e9 et \u00e0 leur r\u00e9ussite, ainsi que dans le suivi de la mise en \u0153uvre des d\u00e9cisions de l&rsquo;UA relatives aux conflits, y compris les d\u00e9cisions concernant les questions de d\u00e9colonisation et d&rsquo;autod\u00e9termination\u00a0\u00bb, a-t-il conclu.&nbsp;<\/p>\n","protected":false},"excerpt":{"rendered":"<p>Le pr\u00e9sident de la R\u00e9publique arabe sahraouie d\u00e9mocratique (RASD), Brahim Ghali, a appel\u00e9, dimanche, l&rsquo;Union africaine (UA) \u00e0 assumer ses responsabilit\u00e9s en mati\u00e8re de parach\u00e8vement du processus de d\u00e9colonisation du Sahara occidental, derni\u00e8re colonie en Afrique. Dans son allocution lors des travaux de la 21e session extraordinaire de la Conf\u00e9rence des chefs d&rsquo;Etat et de &hellip;<\/p>\n","protected":false},"author":9,"featured_media":67884,"comment_status":"open","ping_status":"open","sticky":false,"template":"","format":"standard","meta":{"footnotes":""},"categories":[44],"tags":[2604],"class_list":["post-67882","post","type-post","status-publish","format-standard","has-post-thumbnail","hentry","category-international","tag-lua-2"],"yoast_head":"<!-- This site is optimized with the Yoast SEO Premium plugin v22.6 (Yoast SEO v22.6) - https:\/\/yoast.com\/wordpress\/plugins\/seo\/ -->\n<title>Le Pr\u00e9sident Sahraoui appelle l&#039;UA \u00e0 assumer ses responsabilit\u00e9s en mati\u00e8re de d\u00e9colonisation du Sahara occidental - El Mawkie<\/title>\n<meta name=\"robots\" content=\"index, follow, max-snippet:-1, max-image-preview:large, max-video-preview:-1\" \/>\n<link rel=\"canonical\" href=\"https:\/\/elmawkie.dz\/fr\/le-president-sahraoui-appelle-lua-a-assumer-ses-responsabilites-en-matiere-de-decolonisation-du-sahara-occidental\/\" \/>\n<meta property=\"og:locale\" content=\"fr_FR\" \/>\n<meta property=\"og:type\" content=\"article\" \/>\n<meta property=\"og:title\" content=\"Le Pr\u00e9sident Sahraoui appelle l&#039;UA \u00e0 assumer ses responsabilit\u00e9s en mati\u00e8re de d\u00e9colonisation du Sahara occidental\" \/>\n<meta property=\"og:description\" content=\"Le pr\u00e9sident de la R\u00e9publique arabe sahraouie d\u00e9mocratique (RASD), Brahim Ghali, a appel\u00e9, dimanche, l&rsquo;Union africaine (UA) \u00e0 assumer ses responsabilit\u00e9s en mati\u00e8re de parach\u00e8vement du processus de d\u00e9colonisation du Sahara occidental, derni\u00e8re colonie en Afrique. Dans son allocution lors des travaux de la 21e session extraordinaire de la Conf\u00e9rence des chefs d&rsquo;Etat et de &hellip;\" \/>\n<meta property=\"og:url\" content=\"https:\/\/elmawkie.dz\/fr\/le-president-sahraoui-appelle-lua-a-assumer-ses-responsabilites-en-matiere-de-decolonisation-du-sahara-occidental\/\" \/>\n<meta property=\"og:site_name\" content=\"El Mawkie\" \/>\n<meta property=\"article:publisher\" content=\"https:\/\/www.facebook.com\/profile.php?id=100088407094989&amp;locale=fr_FR\" \/>\n<meta property=\"article:published_time\" content=\"2026-08-30T21:58:06+00:00\" \/>\n<meta property=\"article:modified_time\" content=\"2026-08-30T21:58:07+00:00\" \/>\n<meta property=\"og:image\" content=\"https:\/\/elmawkie.dz\/fr\/wp-content\/uploads\/2026\/08\/IMG_0011.webp\" \/>\n\t<meta property=\"og:image:width\" content=\"800\" \/>\n\t<meta property=\"og:image:height\" content=\"600\" \/>\n\t<meta property=\"og:image:type\" content=\"image\/webp\" \/>\n<meta name=\"author\" content=\"R\u00e9daction\" \/>\n<meta name=\"twitter:card\" content=\"summary_large_image\" \/>\n<meta name=\"twitter:label1\" content=\"Written by\" \/>\n\t<meta name=\"twitter:data1\" content=\"R\u00e9daction\" \/>\n\t<meta name=\"twitter:label2\" content=\"Est. reading time\" \/>\n\t<meta name=\"twitter:data2\" content=\"3 minutes\" \/>\n<script type=\"application\/ld+json\" class=\"yoast-schema-graph\">{\"@context\":\"https:\/\/schema.org\",\"@graph\":[{\"@type\":\"Article\",\"@id\":\"https:\/\/elmawkie.dz\/fr\/le-president-sahraoui-appelle-lua-a-assumer-ses-responsabilites-en-matiere-de-decolonisation-du-sahara-occidental\/#article\",\"isPartOf\":{\"@id\":\"https:\/\/elmawkie.dz\/fr\/le-president-sahraoui-appelle-lua-a-assumer-ses-responsabilites-en-matiere-de-decolonisation-du-sahara-occidental\/\"},\"author\":{\"name\":\"R\u00e9daction\",\"@id\":\"https:\/\/elmawkie.dz\/fr\/#\/schema\/person\/e7bd59d6467874ba5c4723d8a9f0a63c\"},\"headline\":\"Le Pr\u00e9sident Sahraoui appelle l&rsquo;UA \u00e0 assumer ses responsabilit\u00e9s en mati\u00e8re de d\u00e9colonisation du Sahara occidental\",\"datePublished\":\"2026-08-30T21:58:06+00:00\",\"dateModified\":\"2026-08-30T21:58:07+00:00\",\"mainEntityOfPage\":{\"@id\":\"https:\/\/elmawkie.dz\/fr\/le-president-sahraoui-appelle-lua-a-assumer-ses-responsabilites-en-matiere-de-decolonisation-du-sahara-occidental\/\"},\"wordCount\":564,\"commentCount\":0,\"publisher\":{\"@id\":\"https:\/\/elmawkie.dz\/fr\/#organization\"},\"image\":{\"@id\":\"https:\/\/elmawkie.dz\/fr\/le-president-sahraoui-appelle-lua-a-assumer-ses-responsabilites-en-matiere-de-decolonisation-du-sahara-occidental\/#primaryimage\"},\"thumbnailUrl\":\"https:\/\/elmawkie.dz\/fr\/wp-content\/uploads\/2026\/08\/IMG_0011.webp\",\"keywords\":[\"l\u2019UA\"],\"articleSection\":[\"International\"],\"inLanguage\":\"fr-FR\",\"potentialAction\":[{\"@type\":\"CommentAction\",\"name\":\"Comment\",\"target\":[\"https:\/\/elmawkie.dz\/fr\/le-president-sahraoui-appelle-lua-a-assumer-ses-responsabilites-en-matiere-de-decolonisation-du-sahara-occidental\/#respond\"]}]},{\"@type\":\"WebPage\",\"@id\":\"https:\/\/elmawkie.dz\/fr\/le-president-sahraoui-appelle-lua-a-assumer-ses-responsabilites-en-matiere-de-decolonisation-du-sahara-occidental\/\",\"url\":\"https:\/\/elmawkie.dz\/fr\/le-president-sahraoui-appelle-lua-a-assumer-ses-responsabilites-en-matiere-de-decolonisation-du-sahara-occidental\/\",\"name\":\"Le Pr\u00e9sident Sahraoui appelle l'UA \u00e0 assumer ses responsabilit\u00e9s en mati\u00e8re de d\u00e9colonisation du Sahara occidental - El Mawkie\",\"isPartOf\":{\"@id\":\"https:\/\/elmawkie.dz\/fr\/#website\"},\"primaryImageOfPage\":{\"@id\":\"https:\/\/elmawkie.dz\/fr\/le-president-sahraoui-appelle-lua-a-assumer-ses-responsabilites-en-matiere-de-decolonisation-du-sahara-occidental\/#primaryimage\"},\"image\":{\"@id\":\"https:\/\/elmawkie.dz\/fr\/le-president-sahraoui-appelle-lua-a-assumer-ses-responsabilites-en-matiere-de-decolonisation-du-sahara-occidental\/#primaryimage\"},\"thumbnailUrl\":\"https:\/\/elmawkie.dz\/fr\/wp-content\/uploads\/2026\/08\/IMG_0011.webp\",\"datePublished\":\"2026-08-30T21:58:06+00:00\",\"dateModified\":\"2026-08-30T21:58:07+00:00\",\"breadcrumb\":{\"@id\":\"https:\/\/elmawkie.dz\/fr\/le-president-sahraoui-appelle-lua-a-assumer-ses-responsabilites-en-matiere-de-decolonisation-du-sahara-occidental\/#breadcrumb\"},\"inLanguage\":\"fr-FR\",\"potentialAction\":[{\"@type\":\"ReadAction\",\"target\":[\"https:\/\/elmawkie.dz\/fr\/le-president-sahraoui-appelle-lua-a-assumer-ses-responsabilites-en-matiere-de-decolonisation-du-sahara-occidental\/\"]}]},{\"@type\":\"ImageObject\",\"inLanguage\":\"fr-FR\",\"@id\":\"https:\/\/elmawkie.dz\/fr\/le-president-sahraoui-appelle-lua-a-assumer-ses-responsabilites-en-matiere-de-decolonisation-du-sahara-occidental\/#primaryimage\",\"url\":\"https:\/\/elmawkie.dz\/fr\/wp-content\/uploads\/2026\/08\/IMG_0011.webp\",\"contentUrl\":\"https:\/\/elmawkie.dz\/fr\/wp-content\/uploads\/2026\/08\/IMG_0011.webp\",\"width\":800,\"height\":600},{\"@type\":\"BreadcrumbList\",\"@id\":\"https:\/\/elmawkie.dz\/fr\/le-president-sahraoui-appelle-lua-a-assumer-ses-responsabilites-en-matiere-de-decolonisation-du-sahara-occidental\/#breadcrumb\",\"itemListElement\":[{\"@type\":\"ListItem\",\"position\":1,\"name\":\"Home\",\"item\":\"https:\/\/elmawkie.dz\/fr\/\"},{\"@type\":\"ListItem\",\"position\":2,\"name\":\"Le Pr\u00e9sident Sahraoui appelle l&rsquo;UA \u00e0 assumer ses responsabilit\u00e9s en mati\u00e8re de d\u00e9colonisation du Sahara occidental\"}]},{\"@type\":\"WebSite\",\"@id\":\"https:\/\/elmawkie.dz\/fr\/#website\",\"url\":\"https:\/\/elmawkie.dz\/fr\/\",\"name\":\"EL MAWKIE\",\"description\":\"Journal \u00c9lectronique Alg\u00e9rien\",\"publisher\":{\"@id\":\"https:\/\/elmawkie.dz\/fr\/#organization\"},\"potentialAction\":[{\"@type\":\"SearchAction\",\"target\":{\"@type\":\"EntryPoint\",\"urlTemplate\":\"https:\/\/elmawkie.dz\/fr\/?s={search_term_string}\"},\"query-input\":\"required name=search_term_string\"}],\"inLanguage\":\"fr-FR\"},{\"@type\":\"Organization\",\"@id\":\"https:\/\/elmawkie.dz\/fr\/#organization\",\"name\":\"EL MAWKIE\",\"url\":\"https:\/\/elmawkie.dz\/fr\/\",\"logo\":{\"@type\":\"ImageObject\",\"inLanguage\":\"fr-FR\",\"@id\":\"https:\/\/elmawkie.dz\/fr\/#\/schema\/logo\/image\/\",\"url\":\"https:\/\/elmawkie.dz\/fr\/wp-content\/uploads\/2024\/05\/logo1.png\",\"contentUrl\":\"https:\/\/elmawkie.dz\/fr\/wp-content\/uploads\/2024\/05\/logo1.png\",\"width\":1648,\"height\":652,\"caption\":\"EL MAWKIE\"},\"image\":{\"@id\":\"https:\/\/elmawkie.dz\/fr\/#\/schema\/logo\/image\/\"},\"sameAs\":[\"https:\/\/www.facebook.com\/profile.php?id=100088407094989&locale=fr_FR\"]},{\"@type\":\"Person\",\"@id\":\"https:\/\/elmawkie.dz\/fr\/#\/schema\/person\/e7bd59d6467874ba5c4723d8a9f0a63c\",\"name\":\"R\u00e9daction\",\"image\":{\"@type\":\"ImageObject\",\"inLanguage\":\"fr-FR\",\"@id\":\"https:\/\/elmawkie.dz\/fr\/#\/schema\/person\/image\/\",\"url\":\"https:\/\/secure.gravatar.com\/avatar\/f0f773456344da4d2788c054a3d30a0c?s=96&d=mm&r=g\",\"contentUrl\":\"https:\/\/secure.gravatar.com\/avatar\/f0f773456344da4d2788c054a3d30a0c?s=96&d=mm&r=g\",\"caption\":\"R\u00e9daction\"},\"url\":\"https:\/\/elmawkie.dz\/fr\/author\/redaction\/\"}]}<\/script>\n<!-- \/ Yoast SEO Premium plugin. -->","yoast_head_json":{"title":"Le Pr\u00e9sident Sahraoui appelle l'UA \u00e0 assumer ses responsabilit\u00e9s en mati\u00e8re de d\u00e9colonisation du Sahara occidental - El Mawkie","robots":{"index":"index","follow":"follow","max-snippet":"max-snippet:-1","max-image-preview":"max-image-preview:large","max-video-preview":"max-video-preview:-1"},"canonical":"https:\/\/elmawkie.dz\/fr\/le-president-sahraoui-appelle-lua-a-assumer-ses-responsabilites-en-matiere-de-decolonisation-du-sahara-occidental\/","og_locale":"fr_FR","og_type":"article","og_title":"Le Pr\u00e9sident Sahraoui appelle l'UA \u00e0 assumer ses responsabilit\u00e9s en mati\u00e8re de d\u00e9colonisation du Sahara occidental","og_description":"Le pr\u00e9sident de la R\u00e9publique arabe sahraouie d\u00e9mocratique (RASD), Brahim Ghali, a appel\u00e9, dimanche, l&rsquo;Union africaine (UA) \u00e0 assumer ses responsabilit\u00e9s en mati\u00e8re de parach\u00e8vement du processus de d\u00e9colonisation du Sahara occidental, derni\u00e8re colonie en Afrique. Dans son allocution lors des travaux de la 21e session extraordinaire de la Conf\u00e9rence des chefs d&rsquo;Etat et de &hellip;","og_url":"https:\/\/elmawkie.dz\/fr\/le-president-sahraoui-appelle-lua-a-assumer-ses-responsabilites-en-matiere-de-decolonisation-du-sahara-occidental\/","og_site_name":"El Mawkie","article_publisher":"https:\/\/www.facebook.com\/profile.php?id=100088407094989&locale=fr_FR","article_published_time":"2026-08-30T21:58:06+00:00","article_modified_time":"2026-08-30T21:58:07+00:00","og_image":[{"width":800,"height":600,"url":"https:\/\/elmawkie.dz\/fr\/wp-content\/uploads\/2026\/08\/IMG_0011.webp","type":"image\/webp"}],"author":"R\u00e9daction","twitter_card":"summary_large_image","twitter_misc":{"Written by":"R\u00e9daction","Est. reading time":"3 minutes"},"schema":{"@context":"https:\/\/schema.org","@graph":[{"@type":"Article","@id":"https:\/\/elmawkie.dz\/fr\/le-president-sahraoui-appelle-lua-a-assumer-ses-responsabilites-en-matiere-de-decolonisation-du-sahara-occidental\/#article","isPartOf":{"@id":"https:\/\/elmawkie.dz\/fr\/le-president-sahraoui-appelle-lua-a-assumer-ses-responsabilites-en-matiere-de-decolonisation-du-sahara-occidental\/"},"author":{"name":"R\u00e9daction","@id":"https:\/\/elmawkie.dz\/fr\/#\/schema\/person\/e7bd59d6467874ba5c4723d8a9f0a63c"},"headline":"Le Pr\u00e9sident Sahraoui appelle l&rsquo;UA \u00e0 assumer ses responsabilit\u00e9s en mati\u00e8re de d\u00e9colonisation du Sahara occidental","datePublished":"2026-08-30T21:58:06+00:00","dateModified":"2026-08-30T21:58:07+00:00","mainEntityOfPage":{"@id":"https:\/\/elmawkie.dz\/fr\/le-president-sahraoui-appelle-lua-a-assumer-ses-responsabilites-en-matiere-de-decolonisation-du-sahara-occidental\/"},"wordCount":564,"commentCount":0,"publisher":{"@id":"https:\/\/elmawkie.dz\/fr\/#organization"},"image":{"@id":"https:\/\/elmawkie.dz\/fr\/le-president-sahraoui-appelle-lua-a-assumer-ses-responsabilites-en-matiere-de-decolonisation-du-sahara-occidental\/#primaryimage"},"thumbnailUrl":"https:\/\/elmawkie.dz\/fr\/wp-content\/uploads\/2026\/08\/IMG_0011.webp","keywords":["l\u2019UA"],"articleSection":["International"],"inLanguage":"fr-FR","potentialAction":[{"@type":"CommentAction","name":"Comment","target":["https:\/\/elmawkie.dz\/fr\/le-president-sahraoui-appelle-lua-a-assumer-ses-responsabilites-en-matiere-de-decolonisation-du-sahara-occidental\/#respond"]}]},{"@type":"WebPage","@id":"https:\/\/elmawkie.dz\/fr\/le-president-sahraoui-appelle-lua-a-assumer-ses-responsabilites-en-matiere-de-decolonisation-du-sahara-occidental\/","url":"https:\/\/elmawkie.dz\/fr\/le-president-sahraoui-appelle-lua-a-assumer-ses-responsabilites-en-matiere-de-decolonisation-du-sahara-occidental\/","name":"Le Pr\u00e9sident Sahraoui appelle l'UA \u00e0 assumer ses responsabilit\u00e9s en mati\u00e8re de d\u00e9colonisation du Sahara occidental - El Mawkie","isPartOf":{"@id":"https:\/\/elmawkie.dz\/fr\/#website"},"primaryImageOfPage":{"@id":"https:\/\/elmawkie.dz\/fr\/le-president-sahraoui-appelle-lua-a-assumer-ses-responsabilites-en-matiere-de-decolonisation-du-sahara-occidental\/#primaryimage"},"image":{"@id":"https:\/\/elmawkie.dz\/fr\/le-president-sahraoui-appelle-lua-a-assumer-ses-responsabilites-en-matiere-de-decolonisation-du-sahara-occidental\/#primaryimage"},"thumbnailUrl":"https:\/\/elmawkie.dz\/fr\/wp-content\/uploads\/2026\/08\/IMG_0011.webp","datePublished":"2026-08-30T21:58:06+00:00","dateModified":"2026-08-30T21:58:07+00:00","breadcrumb":{"@id":"https:\/\/elmawkie.dz\/fr\/le-president-sahraoui-appelle-lua-a-assumer-ses-responsabilites-en-matiere-de-decolonisation-du-sahara-occidental\/#breadcrumb"},"inLanguage":"fr-FR","potentialAction":[{"@type":"ReadAction","target":["https:\/\/elmawkie.dz\/fr\/le-president-sahraoui-appelle-lua-a-assumer-ses-responsabilites-en-matiere-de-decolonisation-du-sahara-occidental\/"]}]},{"@type":"ImageObject","inLanguage":"fr-FR","@id":"https:\/\/elmawkie.dz\/fr\/le-president-sahraoui-appelle-lua-a-assumer-ses-responsabilites-en-matiere-de-decolonisation-du-sahara-occidental\/#primaryimage","url":"https:\/\/elmawkie.dz\/fr\/wp-content\/uploads\/2026\/08\/IMG_0011.webp","contentUrl":"https:\/\/elmawkie.dz\/fr\/wp-content\/uploads\/2026\/08\/IMG_0011.webp","width":800,"height":600},{"@type":"BreadcrumbList","@id":"https:\/\/elmawkie.dz\/fr\/le-president-sahraoui-appelle-lua-a-assumer-ses-responsabilites-en-matiere-de-decolonisation-du-sahara-occidental\/#breadcrumb","itemListElement":[{"@type":"ListItem","position":1,"name":"Home","item":"https:\/\/elmawkie.dz\/fr\/"},{"@type":"ListItem","position":2,"name":"Le Pr\u00e9sident Sahraoui appelle l&rsquo;UA \u00e0 assumer ses responsabilit\u00e9s en mati\u00e8re de d\u00e9colonisation du Sahara occidental"}]},{"@type":"WebSite","@id":"https:\/\/elmawkie.dz\/fr\/#website","url":"https:\/\/elmawkie.dz\/fr\/","name":"EL MAWKIE","description":"Journal \u00c9lectronique Alg\u00e9rien","publisher":{"@id":"https:\/\/elmawkie.dz\/fr\/#organization"},"potentialAction":[{"@type":"SearchAction","target":{"@type":"EntryPoint","urlTemplate":"https:\/\/elmawkie.dz\/fr\/?s={search_term_string}"},"query-input":"required name=search_term_string"}],"inLanguage":"fr-FR"},{"@type":"Organization","@id":"https:\/\/elmawkie.dz\/fr\/#organization","name":"EL MAWKIE","url":"https:\/\/elmawkie.dz\/fr\/","logo":{"@type":"ImageObject","inLanguage":"fr-FR","@id":"https:\/\/elmawkie.dz\/fr\/#\/schema\/logo\/image\/","url":"https:\/\/elmawkie.dz\/fr\/wp-content\/uploads\/2024\/05\/logo1.png","contentUrl":"https:\/\/elmawkie.dz\/fr\/wp-content\/uploads\/2024\/05\/logo1.png","width":1648,"height":652,"caption":"EL MAWKIE"},"image":{"@id":"https:\/\/elmawkie.dz\/fr\/#\/schema\/logo\/image\/"},"sameAs":["https:\/\/www.facebook.com\/profile.php?id=100088407094989&locale=fr_FR"]},{"@type":"Person","@id":"https:\/\/elmawkie.dz\/fr\/#\/schema\/person\/e7bd59d6467874ba5c4723d8a9f0a63c","name":"R\u00e9daction","image":{"@type":"ImageObject","inLanguage":"fr-FR","@id":"https:\/\/elmawkie.dz\/fr\/#\/schema\/person\/image\/","url":"https:\/\/secure.gravatar.com\/avatar\/f0f773456344da4d2788c054a3d30a0c?s=96&d=mm&r=g","contentUrl":"https:\/\/secure.gravatar.com\/avatar\/f0f773456344da4d2788c054a3d30a0c?s=96&d=mm&r=g","caption":"R\u00e9daction"},"url":"https:\/\/elmawkie.dz\/fr\/author\/redaction\/"}]}},"_links":{"self":[{"href":"https:\/\/elmawkie.dz\/fr\/wp-json\/wp\/v2\/posts\/67882","targetHints":{"allow":["GET"]}}],"collection":[{"href":"https:\/\/elmawkie.dz\/fr\/wp-json\/wp\/v2\/posts"}],"about":[{"href":"https:\/\/elmawkie.dz\/fr\/wp-json\/wp\/v2\/types\/post"}],"author":[{"embeddable":true,"href":"https:\/\/elmawkie.dz\/fr\/wp-json\/wp\/v2\/users\/9"}],"replies":[{"embeddable":true,"href":"https:\/\/elmawkie.dz\/fr\/wp-json\/wp\/v2\/comments?post=67882"}],"version-history":[{"count":1,"href":"https:\/\/elmawkie.dz\/fr\/wp-json\/wp\/v2\/posts\/67882\/revisions"}],"predecessor-version":[{"id":67885,"href":"https:\/\/elmawkie.dz\/fr\/wp-json\/wp\/v2\/posts\/67882\/revisions\/67885"}],"wp:featuredmedia":[{"embeddable":true,"href":"https:\/\/elmawkie.dz\/fr\/wp-json\/wp\/v2\/media\/67884"}],"wp:attachment":[{"href":"https:\/\/elmawkie.dz\/fr\/wp-json\/wp\/v2\/media?parent=67882"}],"wp:term":[{"taxonomy":"category","embeddable":true,"href":"https:\/\/elmawkie.dz\/fr\/wp-json\/wp\/v2\/categories?post=67882"},{"taxonomy":"post_tag","embeddable":true,"href":"https:\/\/elmawkie.dz\/fr\/wp-json\/wp\/v2\/tags?post=67882"}],"curies":[{"name":"wp","href":"https:\/\/api.w.org\/{rel}","templated":true}]}}