{"id":67878,"date":"2026-08-30T22:55:26","date_gmt":"2026-08-30T21:55:26","guid":{"rendered":"https:\/\/elmawkie.dz\/fr\/?p=67878"},"modified":"2026-08-30T22:55:27","modified_gmt":"2026-08-30T21:55:27","slug":"incendies-volontaires-le-president-de-la-republique-ordonne-dintroduire-la-peine-de-mort-avec-execution-dans-le-code-penal","status":"publish","type":"post","link":"https:\/\/elmawkie.dz\/fr\/incendies-volontaires-le-president-de-la-republique-ordonne-dintroduire-la-peine-de-mort-avec-execution-dans-le-code-penal\/","title":{"rendered":"Incendies volontaires : le pr\u00e9sident de la R\u00e9publique ordonne d\u2019introduire la peine de mort avec ex\u00e9cution dans le Code p\u00e9nal"},"content":{"rendered":"\n<p>Le pr\u00e9sident de la R\u00e9publique, Chef supr\u00eame des Forces arm\u00e9es, ministre de la D\u00e9fense nationale, M. Abdelmadjid Tebboune, a ordonn\u00e9, dimanche, de modifier, avant le 15 septembre, le Code p\u00e9nal afin de r\u00e9instaurer la peine de mort, avec ex\u00e9cution, \u00e0 l&rsquo;encontre des individus impliqu\u00e9s dans les incendies volontaires.<\/p>\n\n\n\n<p>Pr\u00e9sidant au si\u00e8ge de la Pr\u00e9sidence de la R\u00e9publique, une r\u00e9union consacr\u00e9e \u00e0 la prise des mesures n\u00e9cessaires \u00e0 la prise en charge des cons\u00e9quences et des effets des r\u00e9cents incendies ayant touch\u00e9 plusieurs wilayas de l&rsquo;est et du centre du pays, en pr\u00e9sence de hauts responsables militaires et civils, le pr\u00e9sident de la R\u00e9publique a ordonn\u00e9 au ministre de la Justice, garde des Sceaux, de modifier le Code p\u00e9nal avant le 15 septembre afin de r\u00e9instaurer la peine de mort, avec ex\u00e9cution, contre les individus impliqu\u00e9s dans des incendies volontaires. Le pr\u00e9sident de la R\u00e9publique a \u00e9galement mis l&rsquo;accent sur l&rsquo;imp\u00e9ratif de soumettre, cette semaine, la modification du Code p\u00e9nal concernant les individus impliqu\u00e9s dans des incendies volontaires au Gouvernement, avant d&rsquo;\u00eatre pr\u00e9sent\u00e9e \u00e0 l&rsquo;Assembl\u00e9e populaire nationale (APN). \u00ab\u00a0Celui qui pense que la loi ne sera pas appliqu\u00e9e doit savoir que la soci\u00e9t\u00e9 et la justice lui demanderont des comptes\u00a0\u00bb, a averti le pr\u00e9sident de la R\u00e9publique.<\/p>\n","protected":false},"excerpt":{"rendered":"<p>Le pr\u00e9sident de la R\u00e9publique, Chef supr\u00eame des Forces arm\u00e9es, ministre de la D\u00e9fense nationale, M. Abdelmadjid Tebboune, a ordonn\u00e9, dimanche, de modifier, avant le 15 septembre, le Code p\u00e9nal afin de r\u00e9instaurer la peine de mort, avec ex\u00e9cution, \u00e0 l&rsquo;encontre des individus impliqu\u00e9s dans les incendies volontaires. Pr\u00e9sidant au si\u00e8ge de la Pr\u00e9sidence de &hellip;<\/p>\n","protected":false},"author":9,"featured_media":67880,"comment_status":"open","ping_status":"open","sticky":false,"template":"","format":"standard","meta":{"footnotes":""},"categories":[47],"tags":[213,596],"class_list":["post-67878","post","type-post","status-publish","format-standard","has-post-thumbnail","hentry","category-national","tag-abdelmadjid-tebboune","tag-le-president-de-la-republique"],"yoast_head":"<!-- This site is optimized with the Yoast SEO Premium plugin v22.6 (Yoast SEO v22.6) - https:\/\/yoast.com\/wordpress\/plugins\/seo\/ -->\n<title>Incendies volontaires : le pr\u00e9sident de la R\u00e9publique ordonne d\u2019introduire la peine de mort avec ex\u00e9cution dans le Code p\u00e9nal - El Mawkie<\/title>\n<meta name=\"robots\" content=\"index, follow, max-snippet:-1, max-image-preview:large, max-video-preview:-1\" \/>\n<link rel=\"canonical\" href=\"https:\/\/elmawkie.dz\/fr\/incendies-volontaires-le-president-de-la-republique-ordonne-dintroduire-la-peine-de-mort-avec-execution-dans-le-code-penal\/\" \/>\n<meta property=\"og:locale\" content=\"fr_FR\" \/>\n<meta property=\"og:type\" content=\"article\" \/>\n<meta property=\"og:title\" content=\"Incendies volontaires : le pr\u00e9sident de la R\u00e9publique ordonne d\u2019introduire la peine de mort avec ex\u00e9cution dans le Code p\u00e9nal\" \/>\n<meta property=\"og:description\" content=\"Le pr\u00e9sident de la R\u00e9publique, Chef supr\u00eame des Forces arm\u00e9es, ministre de la D\u00e9fense nationale, M. Abdelmadjid Tebboune, a ordonn\u00e9, dimanche, de modifier, avant le 15 septembre, le Code p\u00e9nal afin de r\u00e9instaurer la peine de mort, avec ex\u00e9cution, \u00e0 l&rsquo;encontre des individus impliqu\u00e9s dans les incendies volontaires. Pr\u00e9sidant au si\u00e8ge de la Pr\u00e9sidence de &hellip;\" \/>\n<meta property=\"og:url\" content=\"https:\/\/elmawkie.dz\/fr\/incendies-volontaires-le-president-de-la-republique-ordonne-dintroduire-la-peine-de-mort-avec-execution-dans-le-code-penal\/\" \/>\n<meta property=\"og:site_name\" content=\"El Mawkie\" \/>\n<meta property=\"article:publisher\" content=\"https:\/\/www.facebook.com\/profile.php?id=100088407094989&amp;locale=fr_FR\" \/>\n<meta property=\"article:published_time\" content=\"2026-08-30T21:55:26+00:00\" \/>\n<meta property=\"article:modified_time\" content=\"2026-08-30T21:55:27+00:00\" \/>\n<meta property=\"og:image\" content=\"https:\/\/elmawkie.dz\/fr\/wp-content\/uploads\/2026\/08\/IMG_9974.png\" \/>\n\t<meta property=\"og:image:width\" content=\"810\" \/>\n\t<meta property=\"og:image:height\" content=\"517\" \/>\n\t<meta property=\"og:image:type\" content=\"image\/png\" \/>\n<meta name=\"author\" content=\"R\u00e9daction\" \/>\n<meta name=\"twitter:card\" content=\"summary_large_image\" \/>\n<meta name=\"twitter:label1\" content=\"Written by\" \/>\n\t<meta name=\"twitter:data1\" content=\"R\u00e9daction\" \/>\n\t<meta name=\"twitter:label2\" content=\"Est. reading time\" \/>\n\t<meta name=\"twitter:data2\" content=\"2 minutes\" \/>\n<script type=\"application\/ld+json\" class=\"yoast-schema-graph\">{\"@context\":\"https:\/\/schema.org\",\"@graph\":[{\"@type\":\"Article\",\"@id\":\"https:\/\/elmawkie.dz\/fr\/incendies-volontaires-le-president-de-la-republique-ordonne-dintroduire-la-peine-de-mort-avec-execution-dans-le-code-penal\/#article\",\"isPartOf\":{\"@id\":\"https:\/\/elmawkie.dz\/fr\/incendies-volontaires-le-president-de-la-republique-ordonne-dintroduire-la-peine-de-mort-avec-execution-dans-le-code-penal\/\"},\"author\":{\"name\":\"R\u00e9daction\",\"@id\":\"https:\/\/elmawkie.dz\/fr\/#\/schema\/person\/e7bd59d6467874ba5c4723d8a9f0a63c\"},\"headline\":\"Incendies volontaires : le pr\u00e9sident de la R\u00e9publique ordonne d\u2019introduire la peine de mort avec ex\u00e9cution dans le Code p\u00e9nal\",\"datePublished\":\"2026-08-30T21:55:26+00:00\",\"dateModified\":\"2026-08-30T21:55:27+00:00\",\"mainEntityOfPage\":{\"@id\":\"https:\/\/elmawkie.dz\/fr\/incendies-volontaires-le-president-de-la-republique-ordonne-dintroduire-la-peine-de-mort-avec-execution-dans-le-code-penal\/\"},\"wordCount\":267,\"commentCount\":0,\"publisher\":{\"@id\":\"https:\/\/elmawkie.dz\/fr\/#organization\"},\"image\":{\"@id\":\"https:\/\/elmawkie.dz\/fr\/incendies-volontaires-le-president-de-la-republique-ordonne-dintroduire-la-peine-de-mort-avec-execution-dans-le-code-penal\/#primaryimage\"},\"thumbnailUrl\":\"https:\/\/elmawkie.dz\/fr\/wp-content\/uploads\/2026\/08\/IMG_9974.png\",\"keywords\":[\"Abdelmadjid Tebboune\",\"le pr\u00e9sident de la R\u00e9publique\"],\"articleSection\":[\"National\"],\"inLanguage\":\"fr-FR\",\"potentialAction\":[{\"@type\":\"CommentAction\",\"name\":\"Comment\",\"target\":[\"https:\/\/elmawkie.dz\/fr\/incendies-volontaires-le-president-de-la-republique-ordonne-dintroduire-la-peine-de-mort-avec-execution-dans-le-code-penal\/#respond\"]}]},{\"@type\":\"WebPage\",\"@id\":\"https:\/\/elmawkie.dz\/fr\/incendies-volontaires-le-president-de-la-republique-ordonne-dintroduire-la-peine-de-mort-avec-execution-dans-le-code-penal\/\",\"url\":\"https:\/\/elmawkie.dz\/fr\/incendies-volontaires-le-president-de-la-republique-ordonne-dintroduire-la-peine-de-mort-avec-execution-dans-le-code-penal\/\",\"name\":\"Incendies volontaires : le pr\u00e9sident de la R\u00e9publique ordonne d\u2019introduire la peine de mort avec ex\u00e9cution dans le Code p\u00e9nal - El Mawkie\",\"isPartOf\":{\"@id\":\"https:\/\/elmawkie.dz\/fr\/#website\"},\"primaryImageOfPage\":{\"@id\":\"https:\/\/elmawkie.dz\/fr\/incendies-volontaires-le-president-de-la-republique-ordonne-dintroduire-la-peine-de-mort-avec-execution-dans-le-code-penal\/#primaryimage\"},\"image\":{\"@id\":\"https:\/\/elmawkie.dz\/fr\/incendies-volontaires-le-president-de-la-republique-ordonne-dintroduire-la-peine-de-mort-avec-execution-dans-le-code-penal\/#primaryimage\"},\"thumbnailUrl\":\"https:\/\/elmawkie.dz\/fr\/wp-content\/uploads\/2026\/08\/IMG_9974.png\",\"datePublished\":\"2026-08-30T21:55:26+00:00\",\"dateModified\":\"2026-08-30T21:55:27+00:00\",\"breadcrumb\":{\"@id\":\"https:\/\/elmawkie.dz\/fr\/incendies-volontaires-le-president-de-la-republique-ordonne-dintroduire-la-peine-de-mort-avec-execution-dans-le-code-penal\/#breadcrumb\"},\"inLanguage\":\"fr-FR\",\"potentialAction\":[{\"@type\":\"ReadAction\",\"target\":[\"https:\/\/elmawkie.dz\/fr\/incendies-volontaires-le-president-de-la-republique-ordonne-dintroduire-la-peine-de-mort-avec-execution-dans-le-code-penal\/\"]}]},{\"@type\":\"ImageObject\",\"inLanguage\":\"fr-FR\",\"@id\":\"https:\/\/elmawkie.dz\/fr\/incendies-volontaires-le-president-de-la-republique-ordonne-dintroduire-la-peine-de-mort-avec-execution-dans-le-code-penal\/#primaryimage\",\"url\":\"https:\/\/elmawkie.dz\/fr\/wp-content\/uploads\/2026\/08\/IMG_9974.png\",\"contentUrl\":\"https:\/\/elmawkie.dz\/fr\/wp-content\/uploads\/2026\/08\/IMG_9974.png\",\"width\":810,\"height\":517},{\"@type\":\"BreadcrumbList\",\"@id\":\"https:\/\/elmawkie.dz\/fr\/incendies-volontaires-le-president-de-la-republique-ordonne-dintroduire-la-peine-de-mort-avec-execution-dans-le-code-penal\/#breadcrumb\",\"itemListElement\":[{\"@type\":\"ListItem\",\"position\":1,\"name\":\"Home\",\"item\":\"https:\/\/elmawkie.dz\/fr\/\"},{\"@type\":\"ListItem\",\"position\":2,\"name\":\"Incendies volontaires : le pr\u00e9sident de la R\u00e9publique ordonne d\u2019introduire la peine de mort avec ex\u00e9cution dans le Code p\u00e9nal\"}]},{\"@type\":\"WebSite\",\"@id\":\"https:\/\/elmawkie.dz\/fr\/#website\",\"url\":\"https:\/\/elmawkie.dz\/fr\/\",\"name\":\"EL MAWKIE\",\"description\":\"Journal \u00c9lectronique Alg\u00e9rien\",\"publisher\":{\"@id\":\"https:\/\/elmawkie.dz\/fr\/#organization\"},\"potentialAction\":[{\"@type\":\"SearchAction\",\"target\":{\"@type\":\"EntryPoint\",\"urlTemplate\":\"https:\/\/elmawkie.dz\/fr\/?s={search_term_string}\"},\"query-input\":\"required name=search_term_string\"}],\"inLanguage\":\"fr-FR\"},{\"@type\":\"Organization\",\"@id\":\"https:\/\/elmawkie.dz\/fr\/#organization\",\"name\":\"EL MAWKIE\",\"url\":\"https:\/\/elmawkie.dz\/fr\/\",\"logo\":{\"@type\":\"ImageObject\",\"inLanguage\":\"fr-FR\",\"@id\":\"https:\/\/elmawkie.dz\/fr\/#\/schema\/logo\/image\/\",\"url\":\"https:\/\/elmawkie.dz\/fr\/wp-content\/uploads\/2024\/05\/logo1.png\",\"contentUrl\":\"https:\/\/elmawkie.dz\/fr\/wp-content\/uploads\/2024\/05\/logo1.png\",\"width\":1648,\"height\":652,\"caption\":\"EL MAWKIE\"},\"image\":{\"@id\":\"https:\/\/elmawkie.dz\/fr\/#\/schema\/logo\/image\/\"},\"sameAs\":[\"https:\/\/www.facebook.com\/profile.php?id=100088407094989&locale=fr_FR\"]},{\"@type\":\"Person\",\"@id\":\"https:\/\/elmawkie.dz\/fr\/#\/schema\/person\/e7bd59d6467874ba5c4723d8a9f0a63c\",\"name\":\"R\u00e9daction\",\"image\":{\"@type\":\"ImageObject\",\"inLanguage\":\"fr-FR\",\"@id\":\"https:\/\/elmawkie.dz\/fr\/#\/schema\/person\/image\/\",\"url\":\"https:\/\/secure.gravatar.com\/avatar\/f0f773456344da4d2788c054a3d30a0c?s=96&d=mm&r=g\",\"contentUrl\":\"https:\/\/secure.gravatar.com\/avatar\/f0f773456344da4d2788c054a3d30a0c?s=96&d=mm&r=g\",\"caption\":\"R\u00e9daction\"},\"url\":\"https:\/\/elmawkie.dz\/fr\/author\/redaction\/\"}]}<\/script>\n<!-- \/ Yoast SEO Premium plugin. -->","yoast_head_json":{"title":"Incendies volontaires : le pr\u00e9sident de la R\u00e9publique ordonne d\u2019introduire la peine de mort avec ex\u00e9cution dans le Code p\u00e9nal - El Mawkie","robots":{"index":"index","follow":"follow","max-snippet":"max-snippet:-1","max-image-preview":"max-image-preview:large","max-video-preview":"max-video-preview:-1"},"canonical":"https:\/\/elmawkie.dz\/fr\/incendies-volontaires-le-president-de-la-republique-ordonne-dintroduire-la-peine-de-mort-avec-execution-dans-le-code-penal\/","og_locale":"fr_FR","og_type":"article","og_title":"Incendies volontaires : le pr\u00e9sident de la R\u00e9publique ordonne d\u2019introduire la peine de mort avec ex\u00e9cution dans le Code p\u00e9nal","og_description":"Le pr\u00e9sident de la R\u00e9publique, Chef supr\u00eame des Forces arm\u00e9es, ministre de la D\u00e9fense nationale, M. Abdelmadjid Tebboune, a ordonn\u00e9, dimanche, de modifier, avant le 15 septembre, le Code p\u00e9nal afin de r\u00e9instaurer la peine de mort, avec ex\u00e9cution, \u00e0 l&rsquo;encontre des individus impliqu\u00e9s dans les incendies volontaires. Pr\u00e9sidant au si\u00e8ge de la Pr\u00e9sidence de &hellip;","og_url":"https:\/\/elmawkie.dz\/fr\/incendies-volontaires-le-president-de-la-republique-ordonne-dintroduire-la-peine-de-mort-avec-execution-dans-le-code-penal\/","og_site_name":"El Mawkie","article_publisher":"https:\/\/www.facebook.com\/profile.php?id=100088407094989&locale=fr_FR","article_published_time":"2026-08-30T21:55:26+00:00","article_modified_time":"2026-08-30T21:55:27+00:00","og_image":[{"width":810,"height":517,"url":"https:\/\/elmawkie.dz\/fr\/wp-content\/uploads\/2026\/08\/IMG_9974.png","type":"image\/png"}],"author":"R\u00e9daction","twitter_card":"summary_large_image","twitter_misc":{"Written by":"R\u00e9daction","Est. reading time":"2 minutes"},"schema":{"@context":"https:\/\/schema.org","@graph":[{"@type":"Article","@id":"https:\/\/elmawkie.dz\/fr\/incendies-volontaires-le-president-de-la-republique-ordonne-dintroduire-la-peine-de-mort-avec-execution-dans-le-code-penal\/#article","isPartOf":{"@id":"https:\/\/elmawkie.dz\/fr\/incendies-volontaires-le-president-de-la-republique-ordonne-dintroduire-la-peine-de-mort-avec-execution-dans-le-code-penal\/"},"author":{"name":"R\u00e9daction","@id":"https:\/\/elmawkie.dz\/fr\/#\/schema\/person\/e7bd59d6467874ba5c4723d8a9f0a63c"},"headline":"Incendies volontaires : le pr\u00e9sident de la R\u00e9publique ordonne d\u2019introduire la peine de mort avec ex\u00e9cution dans le Code p\u00e9nal","datePublished":"2026-08-30T21:55:26+00:00","dateModified":"2026-08-30T21:55:27+00:00","mainEntityOfPage":{"@id":"https:\/\/elmawkie.dz\/fr\/incendies-volontaires-le-president-de-la-republique-ordonne-dintroduire-la-peine-de-mort-avec-execution-dans-le-code-penal\/"},"wordCount":267,"commentCount":0,"publisher":{"@id":"https:\/\/elmawkie.dz\/fr\/#organization"},"image":{"@id":"https:\/\/elmawkie.dz\/fr\/incendies-volontaires-le-president-de-la-republique-ordonne-dintroduire-la-peine-de-mort-avec-execution-dans-le-code-penal\/#primaryimage"},"thumbnailUrl":"https:\/\/elmawkie.dz\/fr\/wp-content\/uploads\/2026\/08\/IMG_9974.png","keywords":["Abdelmadjid Tebboune","le pr\u00e9sident de la R\u00e9publique"],"articleSection":["National"],"inLanguage":"fr-FR","potentialAction":[{"@type":"CommentAction","name":"Comment","target":["https:\/\/elmawkie.dz\/fr\/incendies-volontaires-le-president-de-la-republique-ordonne-dintroduire-la-peine-de-mort-avec-execution-dans-le-code-penal\/#respond"]}]},{"@type":"WebPage","@id":"https:\/\/elmawkie.dz\/fr\/incendies-volontaires-le-president-de-la-republique-ordonne-dintroduire-la-peine-de-mort-avec-execution-dans-le-code-penal\/","url":"https:\/\/elmawkie.dz\/fr\/incendies-volontaires-le-president-de-la-republique-ordonne-dintroduire-la-peine-de-mort-avec-execution-dans-le-code-penal\/","name":"Incendies volontaires : le pr\u00e9sident de la R\u00e9publique ordonne d\u2019introduire la peine de mort avec ex\u00e9cution dans le Code p\u00e9nal - El Mawkie","isPartOf":{"@id":"https:\/\/elmawkie.dz\/fr\/#website"},"primaryImageOfPage":{"@id":"https:\/\/elmawkie.dz\/fr\/incendies-volontaires-le-president-de-la-republique-ordonne-dintroduire-la-peine-de-mort-avec-execution-dans-le-code-penal\/#primaryimage"},"image":{"@id":"https:\/\/elmawkie.dz\/fr\/incendies-volontaires-le-president-de-la-republique-ordonne-dintroduire-la-peine-de-mort-avec-execution-dans-le-code-penal\/#primaryimage"},"thumbnailUrl":"https:\/\/elmawkie.dz\/fr\/wp-content\/uploads\/2026\/08\/IMG_9974.png","datePublished":"2026-08-30T21:55:26+00:00","dateModified":"2026-08-30T21:55:27+00:00","breadcrumb":{"@id":"https:\/\/elmawkie.dz\/fr\/incendies-volontaires-le-president-de-la-republique-ordonne-dintroduire-la-peine-de-mort-avec-execution-dans-le-code-penal\/#breadcrumb"},"inLanguage":"fr-FR","potentialAction":[{"@type":"ReadAction","target":["https:\/\/elmawkie.dz\/fr\/incendies-volontaires-le-president-de-la-republique-ordonne-dintroduire-la-peine-de-mort-avec-execution-dans-le-code-penal\/"]}]},{"@type":"ImageObject","inLanguage":"fr-FR","@id":"https:\/\/elmawkie.dz\/fr\/incendies-volontaires-le-president-de-la-republique-ordonne-dintroduire-la-peine-de-mort-avec-execution-dans-le-code-penal\/#primaryimage","url":"https:\/\/elmawkie.dz\/fr\/wp-content\/uploads\/2026\/08\/IMG_9974.png","contentUrl":"https:\/\/elmawkie.dz\/fr\/wp-content\/uploads\/2026\/08\/IMG_9974.png","width":810,"height":517},{"@type":"BreadcrumbList","@id":"https:\/\/elmawkie.dz\/fr\/incendies-volontaires-le-president-de-la-republique-ordonne-dintroduire-la-peine-de-mort-avec-execution-dans-le-code-penal\/#breadcrumb","itemListElement":[{"@type":"ListItem","position":1,"name":"Home","item":"https:\/\/elmawkie.dz\/fr\/"},{"@type":"ListItem","position":2,"name":"Incendies volontaires : le pr\u00e9sident de la R\u00e9publique ordonne d\u2019introduire la peine de mort avec ex\u00e9cution dans le Code p\u00e9nal"}]},{"@type":"WebSite","@id":"https:\/\/elmawkie.dz\/fr\/#website","url":"https:\/\/elmawkie.dz\/fr\/","name":"EL MAWKIE","description":"Journal \u00c9lectronique Alg\u00e9rien","publisher":{"@id":"https:\/\/elmawkie.dz\/fr\/#organization"},"potentialAction":[{"@type":"SearchAction","target":{"@type":"EntryPoint","urlTemplate":"https:\/\/elmawkie.dz\/fr\/?s={search_term_string}"},"query-input":"required name=search_term_string"}],"inLanguage":"fr-FR"},{"@type":"Organization","@id":"https:\/\/elmawkie.dz\/fr\/#organization","name":"EL MAWKIE","url":"https:\/\/elmawkie.dz\/fr\/","logo":{"@type":"ImageObject","inLanguage":"fr-FR","@id":"https:\/\/elmawkie.dz\/fr\/#\/schema\/logo\/image\/","url":"https:\/\/elmawkie.dz\/fr\/wp-content\/uploads\/2024\/05\/logo1.png","contentUrl":"https:\/\/elmawkie.dz\/fr\/wp-content\/uploads\/2024\/05\/logo1.png","width":1648,"height":652,"caption":"EL MAWKIE"},"image":{"@id":"https:\/\/elmawkie.dz\/fr\/#\/schema\/logo\/image\/"},"sameAs":["https:\/\/www.facebook.com\/profile.php?id=100088407094989&locale=fr_FR"]},{"@type":"Person","@id":"https:\/\/elmawkie.dz\/fr\/#\/schema\/person\/e7bd59d6467874ba5c4723d8a9f0a63c","name":"R\u00e9daction","image":{"@type":"ImageObject","inLanguage":"fr-FR","@id":"https:\/\/elmawkie.dz\/fr\/#\/schema\/person\/image\/","url":"https:\/\/secure.gravatar.com\/avatar\/f0f773456344da4d2788c054a3d30a0c?s=96&d=mm&r=g","contentUrl":"https:\/\/secure.gravatar.com\/avatar\/f0f773456344da4d2788c054a3d30a0c?s=96&d=mm&r=g","caption":"R\u00e9daction"},"url":"https:\/\/elmawkie.dz\/fr\/author\/redaction\/"}]}},"_links":{"self":[{"href":"https:\/\/elmawkie.dz\/fr\/wp-json\/wp\/v2\/posts\/67878","targetHints":{"allow":["GET"]}}],"collection":[{"href":"https:\/\/elmawkie.dz\/fr\/wp-json\/wp\/v2\/posts"}],"about":[{"href":"https:\/\/elmawkie.dz\/fr\/wp-json\/wp\/v2\/types\/post"}],"author":[{"embeddable":true,"href":"https:\/\/elmawkie.dz\/fr\/wp-json\/wp\/v2\/users\/9"}],"replies":[{"embeddable":true,"href":"https:\/\/elmawkie.dz\/fr\/wp-json\/wp\/v2\/comments?post=67878"}],"version-history":[{"count":1,"href":"https:\/\/elmawkie.dz\/fr\/wp-json\/wp\/v2\/posts\/67878\/revisions"}],"predecessor-version":[{"id":67881,"href":"https:\/\/elmawkie.dz\/fr\/wp-json\/wp\/v2\/posts\/67878\/revisions\/67881"}],"wp:featuredmedia":[{"embeddable":true,"href":"https:\/\/elmawkie.dz\/fr\/wp-json\/wp\/v2\/media\/67880"}],"wp:attachment":[{"href":"https:\/\/elmawkie.dz\/fr\/wp-json\/wp\/v2\/media?parent=67878"}],"wp:term":[{"taxonomy":"category","embeddable":true,"href":"https:\/\/elmawkie.dz\/fr\/wp-json\/wp\/v2\/categories?post=67878"},{"taxonomy":"post_tag","embeddable":true,"href":"https:\/\/elmawkie.dz\/fr\/wp-json\/wp\/v2\/tags?post=67878"}],"curies":[{"name":"wp","href":"https:\/\/api.w.org\/{rel}","templated":true}]}}