{"id":67874,"date":"2026-08-30T22:53:21","date_gmt":"2026-08-30T21:53:21","guid":{"rendered":"https:\/\/elmawkie.dz\/fr\/?p=67874"},"modified":"2026-08-30T22:53:21","modified_gmt":"2026-08-30T21:53:21","slug":"revision-des-listes-electorales-lanie-appelle-les-citoyens-concernes-a-sinscrire","status":"publish","type":"post","link":"https:\/\/elmawkie.dz\/fr\/revision-des-listes-electorales-lanie-appelle-les-citoyens-concernes-a-sinscrire\/","title":{"rendered":"R\u00e9vision des listes \u00e9lectorales : l\u2019ANIE appelle les citoyens concern\u00e9s \u00e0 s\u2019inscrire\u00a0"},"content":{"rendered":"\n<p>L&rsquo;Autorit\u00e9 nationale ind\u00e9pendante des \u00e9lections (ANIE) a appel\u00e9, dimanche dans un communiqu\u00e9, les citoyens non inscrits sur les listes \u00e9lectorales et remplissant les conditions l\u00e9gales requises, \u00e0 proc\u00e9der \u00e0 leur inscription, dans le cadre de la r\u00e9vision exceptionnelle qui d\u00e9butera le 6 septembre en pr\u00e9vision de l&rsquo;\u00e9lection des membres des Assembl\u00e9es populaires communales et de wilaya, pr\u00e9vue le 28 novembre prochain.<\/p>\n\n\n\n<p>\u00ab\u00a0Conform\u00e9ment aux dispositions des articles 62 (alin\u00e9a 2) et 65 de l&rsquo;ordonnance n 21-01 portant loi organique relative au r\u00e9gime \u00e9lectoral, modifi\u00e9e et compl\u00e9t\u00e9e, et en application de l\u2019article 2 du d\u00e9cret pr\u00e9sidentiel n 26-284, portant convocation du corps \u00e9lectoral pour l&rsquo;\u00e9lection des membres des Assembl\u00e9es populaires communales et de wilayas, pr\u00e9vue le 28 novembre prochain, l\u2019ANIE informe l\u2019ensemble des citoyennes et citoyens que l\u2019ouverture de la p\u00e9riode de r\u00e9vision exceptionnelle des listes \u00e9lectorales aura lieu du dimanche 6 septembre 2026 au jeudi 17 septembre 2026, soit une dur\u00e9e de 12 jours\u00a0\u00bb, lit-on dans le communiqu\u00e9.<\/p>\n\n\n\n<p>Dans ce cadre, l&rsquo;ANIE a invit\u00e9 les citoyennes et citoyens non inscrits sur les listes \u00e9lectorales, ou ceux qui auront atteint l&rsquo;\u00e2ge de 18 ans r\u00e9volus le jour du scrutin (le samedi 28 novembre 2026) et remplissant les conditions l\u00e9gales requises, \u00e0 \u00ab\u00a0se pr\u00e9senter \u00e0 leur commune de r\u00e9sidence afin de s&rsquo;inscrire sur la liste \u00e9lectorale au niveau de la Commission communale de r\u00e9vision des listes \u00e9lectorales, munis d&rsquo;un document d&rsquo;identit\u00e9 et d&rsquo;un justificatif de domicile\u00a0\u00bb.<\/p>\n\n\n\n<p>Quant aux \u00e9lectrices et \u00e9lecteurs ayant chang\u00e9 de lieu de r\u00e9sidence, il \u00ab\u00a0leur appartient de se rapprocher de la Commission de r\u00e9vision des listes \u00e9lectorales de leur nouveau lieu de r\u00e9sidence afin de proc\u00e9der \u00e0 leur inscription\u00a0\u00bb, ajoute la m\u00eame source.<\/p>\n\n\n\n<p>De plus, \u00ab\u00a0les citoyennes et citoyens peuvent s&rsquo;inscrire ou v\u00e9rifier leur inscription sur les listes \u00e9lectorales via le site internet de l&rsquo;Autorit\u00e9 nationale ind\u00e9pendante des \u00e9lections mis \u00e0 leur disposition via le lien: https:\/\/services.ina-elections.dz\/register\u00a0\u00bb, selon le communiqu\u00e9.<\/p>\n\n\n\n<p>L&rsquo;ANIE a \u00e9galement soulign\u00e9 que les bureaux de la Commission communale de r\u00e9vision des listes \u00e9lectorales \u00ab\u00a0restent ouverts tous les jours de la semaine, de 9h00 \u00e0 16h30\u00a0\u00bb.&nbsp;<\/p>\n","protected":false},"excerpt":{"rendered":"<p>L&rsquo;Autorit\u00e9 nationale ind\u00e9pendante des \u00e9lections (ANIE) a appel\u00e9, dimanche dans un communiqu\u00e9, les citoyens non inscrits sur les listes \u00e9lectorales et remplissant les conditions l\u00e9gales requises, \u00e0 proc\u00e9der \u00e0 leur inscription, dans le cadre de la r\u00e9vision exceptionnelle qui d\u00e9butera le 6 septembre en pr\u00e9vision de l&rsquo;\u00e9lection des membres des Assembl\u00e9es populaires communales et de &hellip;<\/p>\n","protected":false},"author":9,"featured_media":67876,"comment_status":"open","ping_status":"open","sticky":false,"template":"","format":"standard","meta":{"footnotes":""},"categories":[47],"tags":[301],"class_list":["post-67874","post","type-post","status-publish","format-standard","has-post-thumbnail","hentry","category-national","tag-lanie"],"yoast_head":"<!-- This site is optimized with the Yoast SEO Premium plugin v22.6 (Yoast SEO v22.6) - https:\/\/yoast.com\/wordpress\/plugins\/seo\/ -->\n<title>R\u00e9vision des listes \u00e9lectorales : l\u2019ANIE appelle les citoyens concern\u00e9s \u00e0 s\u2019inscrire\u00a0 - El Mawkie<\/title>\n<meta name=\"robots\" content=\"index, follow, max-snippet:-1, max-image-preview:large, max-video-preview:-1\" \/>\n<link rel=\"canonical\" href=\"https:\/\/elmawkie.dz\/fr\/revision-des-listes-electorales-lanie-appelle-les-citoyens-concernes-a-sinscrire\/\" \/>\n<meta property=\"og:locale\" content=\"fr_FR\" \/>\n<meta property=\"og:type\" content=\"article\" \/>\n<meta property=\"og:title\" content=\"R\u00e9vision des listes \u00e9lectorales : l\u2019ANIE appelle les citoyens concern\u00e9s \u00e0 s\u2019inscrire\u00a0\" \/>\n<meta property=\"og:description\" content=\"L&rsquo;Autorit\u00e9 nationale ind\u00e9pendante des \u00e9lections (ANIE) a appel\u00e9, dimanche dans un communiqu\u00e9, les citoyens non inscrits sur les listes \u00e9lectorales et remplissant les conditions l\u00e9gales requises, \u00e0 proc\u00e9der \u00e0 leur inscription, dans le cadre de la r\u00e9vision exceptionnelle qui d\u00e9butera le 6 septembre en pr\u00e9vision de l&rsquo;\u00e9lection des membres des Assembl\u00e9es populaires communales et de &hellip;\" \/>\n<meta property=\"og:url\" content=\"https:\/\/elmawkie.dz\/fr\/revision-des-listes-electorales-lanie-appelle-les-citoyens-concernes-a-sinscrire\/\" \/>\n<meta property=\"og:site_name\" content=\"El Mawkie\" \/>\n<meta property=\"article:publisher\" content=\"https:\/\/www.facebook.com\/profile.php?id=100088407094989&amp;locale=fr_FR\" \/>\n<meta property=\"article:published_time\" content=\"2026-08-30T21:53:21+00:00\" \/>\n<meta property=\"og:image\" content=\"https:\/\/elmawkie.dz\/fr\/wp-content\/uploads\/2026\/08\/IMG_9886.jpeg\" \/>\n\t<meta property=\"og:image:width\" content=\"376\" \/>\n\t<meta property=\"og:image:height\" content=\"216\" \/>\n\t<meta property=\"og:image:type\" content=\"image\/jpeg\" \/>\n<meta name=\"author\" content=\"R\u00e9daction\" \/>\n<meta name=\"twitter:card\" content=\"summary_large_image\" \/>\n<meta name=\"twitter:label1\" content=\"Written by\" \/>\n\t<meta name=\"twitter:data1\" content=\"R\u00e9daction\" \/>\n\t<meta name=\"twitter:label2\" content=\"Est. reading time\" \/>\n\t<meta name=\"twitter:data2\" content=\"2 minutes\" \/>\n<script type=\"application\/ld+json\" class=\"yoast-schema-graph\">{\"@context\":\"https:\/\/schema.org\",\"@graph\":[{\"@type\":\"Article\",\"@id\":\"https:\/\/elmawkie.dz\/fr\/revision-des-listes-electorales-lanie-appelle-les-citoyens-concernes-a-sinscrire\/#article\",\"isPartOf\":{\"@id\":\"https:\/\/elmawkie.dz\/fr\/revision-des-listes-electorales-lanie-appelle-les-citoyens-concernes-a-sinscrire\/\"},\"author\":{\"name\":\"R\u00e9daction\",\"@id\":\"https:\/\/elmawkie.dz\/fr\/#\/schema\/person\/e7bd59d6467874ba5c4723d8a9f0a63c\"},\"headline\":\"R\u00e9vision des listes \u00e9lectorales : l\u2019ANIE appelle les citoyens concern\u00e9s \u00e0 s\u2019inscrire\u00a0\",\"datePublished\":\"2026-08-30T21:53:21+00:00\",\"dateModified\":\"2026-08-30T21:53:21+00:00\",\"mainEntityOfPage\":{\"@id\":\"https:\/\/elmawkie.dz\/fr\/revision-des-listes-electorales-lanie-appelle-les-citoyens-concernes-a-sinscrire\/\"},\"wordCount\":387,\"commentCount\":0,\"publisher\":{\"@id\":\"https:\/\/elmawkie.dz\/fr\/#organization\"},\"image\":{\"@id\":\"https:\/\/elmawkie.dz\/fr\/revision-des-listes-electorales-lanie-appelle-les-citoyens-concernes-a-sinscrire\/#primaryimage\"},\"thumbnailUrl\":\"https:\/\/elmawkie.dz\/fr\/wp-content\/uploads\/2026\/08\/IMG_9886.jpeg\",\"keywords\":[\"L\u2019ANIE\"],\"articleSection\":[\"National\"],\"inLanguage\":\"fr-FR\",\"potentialAction\":[{\"@type\":\"CommentAction\",\"name\":\"Comment\",\"target\":[\"https:\/\/elmawkie.dz\/fr\/revision-des-listes-electorales-lanie-appelle-les-citoyens-concernes-a-sinscrire\/#respond\"]}]},{\"@type\":\"WebPage\",\"@id\":\"https:\/\/elmawkie.dz\/fr\/revision-des-listes-electorales-lanie-appelle-les-citoyens-concernes-a-sinscrire\/\",\"url\":\"https:\/\/elmawkie.dz\/fr\/revision-des-listes-electorales-lanie-appelle-les-citoyens-concernes-a-sinscrire\/\",\"name\":\"R\u00e9vision des listes \u00e9lectorales : l\u2019ANIE appelle les citoyens concern\u00e9s \u00e0 s\u2019inscrire\u00a0 - El Mawkie\",\"isPartOf\":{\"@id\":\"https:\/\/elmawkie.dz\/fr\/#website\"},\"primaryImageOfPage\":{\"@id\":\"https:\/\/elmawkie.dz\/fr\/revision-des-listes-electorales-lanie-appelle-les-citoyens-concernes-a-sinscrire\/#primaryimage\"},\"image\":{\"@id\":\"https:\/\/elmawkie.dz\/fr\/revision-des-listes-electorales-lanie-appelle-les-citoyens-concernes-a-sinscrire\/#primaryimage\"},\"thumbnailUrl\":\"https:\/\/elmawkie.dz\/fr\/wp-content\/uploads\/2026\/08\/IMG_9886.jpeg\",\"datePublished\":\"2026-08-30T21:53:21+00:00\",\"dateModified\":\"2026-08-30T21:53:21+00:00\",\"breadcrumb\":{\"@id\":\"https:\/\/elmawkie.dz\/fr\/revision-des-listes-electorales-lanie-appelle-les-citoyens-concernes-a-sinscrire\/#breadcrumb\"},\"inLanguage\":\"fr-FR\",\"potentialAction\":[{\"@type\":\"ReadAction\",\"target\":[\"https:\/\/elmawkie.dz\/fr\/revision-des-listes-electorales-lanie-appelle-les-citoyens-concernes-a-sinscrire\/\"]}]},{\"@type\":\"ImageObject\",\"inLanguage\":\"fr-FR\",\"@id\":\"https:\/\/elmawkie.dz\/fr\/revision-des-listes-electorales-lanie-appelle-les-citoyens-concernes-a-sinscrire\/#primaryimage\",\"url\":\"https:\/\/elmawkie.dz\/fr\/wp-content\/uploads\/2026\/08\/IMG_9886.jpeg\",\"contentUrl\":\"https:\/\/elmawkie.dz\/fr\/wp-content\/uploads\/2026\/08\/IMG_9886.jpeg\",\"width\":376,\"height\":216},{\"@type\":\"BreadcrumbList\",\"@id\":\"https:\/\/elmawkie.dz\/fr\/revision-des-listes-electorales-lanie-appelle-les-citoyens-concernes-a-sinscrire\/#breadcrumb\",\"itemListElement\":[{\"@type\":\"ListItem\",\"position\":1,\"name\":\"Home\",\"item\":\"https:\/\/elmawkie.dz\/fr\/\"},{\"@type\":\"ListItem\",\"position\":2,\"name\":\"R\u00e9vision des listes \u00e9lectorales : l\u2019ANIE appelle les citoyens concern\u00e9s \u00e0 s\u2019inscrire\u00a0\"}]},{\"@type\":\"WebSite\",\"@id\":\"https:\/\/elmawkie.dz\/fr\/#website\",\"url\":\"https:\/\/elmawkie.dz\/fr\/\",\"name\":\"EL MAWKIE\",\"description\":\"Journal \u00c9lectronique Alg\u00e9rien\",\"publisher\":{\"@id\":\"https:\/\/elmawkie.dz\/fr\/#organization\"},\"potentialAction\":[{\"@type\":\"SearchAction\",\"target\":{\"@type\":\"EntryPoint\",\"urlTemplate\":\"https:\/\/elmawkie.dz\/fr\/?s={search_term_string}\"},\"query-input\":\"required name=search_term_string\"}],\"inLanguage\":\"fr-FR\"},{\"@type\":\"Organization\",\"@id\":\"https:\/\/elmawkie.dz\/fr\/#organization\",\"name\":\"EL MAWKIE\",\"url\":\"https:\/\/elmawkie.dz\/fr\/\",\"logo\":{\"@type\":\"ImageObject\",\"inLanguage\":\"fr-FR\",\"@id\":\"https:\/\/elmawkie.dz\/fr\/#\/schema\/logo\/image\/\",\"url\":\"https:\/\/elmawkie.dz\/fr\/wp-content\/uploads\/2024\/05\/logo1.png\",\"contentUrl\":\"https:\/\/elmawkie.dz\/fr\/wp-content\/uploads\/2024\/05\/logo1.png\",\"width\":1648,\"height\":652,\"caption\":\"EL MAWKIE\"},\"image\":{\"@id\":\"https:\/\/elmawkie.dz\/fr\/#\/schema\/logo\/image\/\"},\"sameAs\":[\"https:\/\/www.facebook.com\/profile.php?id=100088407094989&locale=fr_FR\"]},{\"@type\":\"Person\",\"@id\":\"https:\/\/elmawkie.dz\/fr\/#\/schema\/person\/e7bd59d6467874ba5c4723d8a9f0a63c\",\"name\":\"R\u00e9daction\",\"image\":{\"@type\":\"ImageObject\",\"inLanguage\":\"fr-FR\",\"@id\":\"https:\/\/elmawkie.dz\/fr\/#\/schema\/person\/image\/\",\"url\":\"https:\/\/secure.gravatar.com\/avatar\/f0f773456344da4d2788c054a3d30a0c?s=96&d=mm&r=g\",\"contentUrl\":\"https:\/\/secure.gravatar.com\/avatar\/f0f773456344da4d2788c054a3d30a0c?s=96&d=mm&r=g\",\"caption\":\"R\u00e9daction\"},\"url\":\"https:\/\/elmawkie.dz\/fr\/author\/redaction\/\"}]}<\/script>\n<!-- \/ Yoast SEO Premium plugin. -->","yoast_head_json":{"title":"R\u00e9vision des listes \u00e9lectorales : l\u2019ANIE appelle les citoyens concern\u00e9s \u00e0 s\u2019inscrire\u00a0 - El Mawkie","robots":{"index":"index","follow":"follow","max-snippet":"max-snippet:-1","max-image-preview":"max-image-preview:large","max-video-preview":"max-video-preview:-1"},"canonical":"https:\/\/elmawkie.dz\/fr\/revision-des-listes-electorales-lanie-appelle-les-citoyens-concernes-a-sinscrire\/","og_locale":"fr_FR","og_type":"article","og_title":"R\u00e9vision des listes \u00e9lectorales : l\u2019ANIE appelle les citoyens concern\u00e9s \u00e0 s\u2019inscrire\u00a0","og_description":"L&rsquo;Autorit\u00e9 nationale ind\u00e9pendante des \u00e9lections (ANIE) a appel\u00e9, dimanche dans un communiqu\u00e9, les citoyens non inscrits sur les listes \u00e9lectorales et remplissant les conditions l\u00e9gales requises, \u00e0 proc\u00e9der \u00e0 leur inscription, dans le cadre de la r\u00e9vision exceptionnelle qui d\u00e9butera le 6 septembre en pr\u00e9vision de l&rsquo;\u00e9lection des membres des Assembl\u00e9es populaires communales et de &hellip;","og_url":"https:\/\/elmawkie.dz\/fr\/revision-des-listes-electorales-lanie-appelle-les-citoyens-concernes-a-sinscrire\/","og_site_name":"El Mawkie","article_publisher":"https:\/\/www.facebook.com\/profile.php?id=100088407094989&locale=fr_FR","article_published_time":"2026-08-30T21:53:21+00:00","og_image":[{"width":376,"height":216,"url":"https:\/\/elmawkie.dz\/fr\/wp-content\/uploads\/2026\/08\/IMG_9886.jpeg","type":"image\/jpeg"}],"author":"R\u00e9daction","twitter_card":"summary_large_image","twitter_misc":{"Written by":"R\u00e9daction","Est. reading time":"2 minutes"},"schema":{"@context":"https:\/\/schema.org","@graph":[{"@type":"Article","@id":"https:\/\/elmawkie.dz\/fr\/revision-des-listes-electorales-lanie-appelle-les-citoyens-concernes-a-sinscrire\/#article","isPartOf":{"@id":"https:\/\/elmawkie.dz\/fr\/revision-des-listes-electorales-lanie-appelle-les-citoyens-concernes-a-sinscrire\/"},"author":{"name":"R\u00e9daction","@id":"https:\/\/elmawkie.dz\/fr\/#\/schema\/person\/e7bd59d6467874ba5c4723d8a9f0a63c"},"headline":"R\u00e9vision des listes \u00e9lectorales : l\u2019ANIE appelle les citoyens concern\u00e9s \u00e0 s\u2019inscrire\u00a0","datePublished":"2026-08-30T21:53:21+00:00","dateModified":"2026-08-30T21:53:21+00:00","mainEntityOfPage":{"@id":"https:\/\/elmawkie.dz\/fr\/revision-des-listes-electorales-lanie-appelle-les-citoyens-concernes-a-sinscrire\/"},"wordCount":387,"commentCount":0,"publisher":{"@id":"https:\/\/elmawkie.dz\/fr\/#organization"},"image":{"@id":"https:\/\/elmawkie.dz\/fr\/revision-des-listes-electorales-lanie-appelle-les-citoyens-concernes-a-sinscrire\/#primaryimage"},"thumbnailUrl":"https:\/\/elmawkie.dz\/fr\/wp-content\/uploads\/2026\/08\/IMG_9886.jpeg","keywords":["L\u2019ANIE"],"articleSection":["National"],"inLanguage":"fr-FR","potentialAction":[{"@type":"CommentAction","name":"Comment","target":["https:\/\/elmawkie.dz\/fr\/revision-des-listes-electorales-lanie-appelle-les-citoyens-concernes-a-sinscrire\/#respond"]}]},{"@type":"WebPage","@id":"https:\/\/elmawkie.dz\/fr\/revision-des-listes-electorales-lanie-appelle-les-citoyens-concernes-a-sinscrire\/","url":"https:\/\/elmawkie.dz\/fr\/revision-des-listes-electorales-lanie-appelle-les-citoyens-concernes-a-sinscrire\/","name":"R\u00e9vision des listes \u00e9lectorales : l\u2019ANIE appelle les citoyens concern\u00e9s \u00e0 s\u2019inscrire\u00a0 - El Mawkie","isPartOf":{"@id":"https:\/\/elmawkie.dz\/fr\/#website"},"primaryImageOfPage":{"@id":"https:\/\/elmawkie.dz\/fr\/revision-des-listes-electorales-lanie-appelle-les-citoyens-concernes-a-sinscrire\/#primaryimage"},"image":{"@id":"https:\/\/elmawkie.dz\/fr\/revision-des-listes-electorales-lanie-appelle-les-citoyens-concernes-a-sinscrire\/#primaryimage"},"thumbnailUrl":"https:\/\/elmawkie.dz\/fr\/wp-content\/uploads\/2026\/08\/IMG_9886.jpeg","datePublished":"2026-08-30T21:53:21+00:00","dateModified":"2026-08-30T21:53:21+00:00","breadcrumb":{"@id":"https:\/\/elmawkie.dz\/fr\/revision-des-listes-electorales-lanie-appelle-les-citoyens-concernes-a-sinscrire\/#breadcrumb"},"inLanguage":"fr-FR","potentialAction":[{"@type":"ReadAction","target":["https:\/\/elmawkie.dz\/fr\/revision-des-listes-electorales-lanie-appelle-les-citoyens-concernes-a-sinscrire\/"]}]},{"@type":"ImageObject","inLanguage":"fr-FR","@id":"https:\/\/elmawkie.dz\/fr\/revision-des-listes-electorales-lanie-appelle-les-citoyens-concernes-a-sinscrire\/#primaryimage","url":"https:\/\/elmawkie.dz\/fr\/wp-content\/uploads\/2026\/08\/IMG_9886.jpeg","contentUrl":"https:\/\/elmawkie.dz\/fr\/wp-content\/uploads\/2026\/08\/IMG_9886.jpeg","width":376,"height":216},{"@type":"BreadcrumbList","@id":"https:\/\/elmawkie.dz\/fr\/revision-des-listes-electorales-lanie-appelle-les-citoyens-concernes-a-sinscrire\/#breadcrumb","itemListElement":[{"@type":"ListItem","position":1,"name":"Home","item":"https:\/\/elmawkie.dz\/fr\/"},{"@type":"ListItem","position":2,"name":"R\u00e9vision des listes \u00e9lectorales : l\u2019ANIE appelle les citoyens concern\u00e9s \u00e0 s\u2019inscrire\u00a0"}]},{"@type":"WebSite","@id":"https:\/\/elmawkie.dz\/fr\/#website","url":"https:\/\/elmawkie.dz\/fr\/","name":"EL MAWKIE","description":"Journal \u00c9lectronique Alg\u00e9rien","publisher":{"@id":"https:\/\/elmawkie.dz\/fr\/#organization"},"potentialAction":[{"@type":"SearchAction","target":{"@type":"EntryPoint","urlTemplate":"https:\/\/elmawkie.dz\/fr\/?s={search_term_string}"},"query-input":"required name=search_term_string"}],"inLanguage":"fr-FR"},{"@type":"Organization","@id":"https:\/\/elmawkie.dz\/fr\/#organization","name":"EL MAWKIE","url":"https:\/\/elmawkie.dz\/fr\/","logo":{"@type":"ImageObject","inLanguage":"fr-FR","@id":"https:\/\/elmawkie.dz\/fr\/#\/schema\/logo\/image\/","url":"https:\/\/elmawkie.dz\/fr\/wp-content\/uploads\/2024\/05\/logo1.png","contentUrl":"https:\/\/elmawkie.dz\/fr\/wp-content\/uploads\/2024\/05\/logo1.png","width":1648,"height":652,"caption":"EL MAWKIE"},"image":{"@id":"https:\/\/elmawkie.dz\/fr\/#\/schema\/logo\/image\/"},"sameAs":["https:\/\/www.facebook.com\/profile.php?id=100088407094989&locale=fr_FR"]},{"@type":"Person","@id":"https:\/\/elmawkie.dz\/fr\/#\/schema\/person\/e7bd59d6467874ba5c4723d8a9f0a63c","name":"R\u00e9daction","image":{"@type":"ImageObject","inLanguage":"fr-FR","@id":"https:\/\/elmawkie.dz\/fr\/#\/schema\/person\/image\/","url":"https:\/\/secure.gravatar.com\/avatar\/f0f773456344da4d2788c054a3d30a0c?s=96&d=mm&r=g","contentUrl":"https:\/\/secure.gravatar.com\/avatar\/f0f773456344da4d2788c054a3d30a0c?s=96&d=mm&r=g","caption":"R\u00e9daction"},"url":"https:\/\/elmawkie.dz\/fr\/author\/redaction\/"}]}},"_links":{"self":[{"href":"https:\/\/elmawkie.dz\/fr\/wp-json\/wp\/v2\/posts\/67874","targetHints":{"allow":["GET"]}}],"collection":[{"href":"https:\/\/elmawkie.dz\/fr\/wp-json\/wp\/v2\/posts"}],"about":[{"href":"https:\/\/elmawkie.dz\/fr\/wp-json\/wp\/v2\/types\/post"}],"author":[{"embeddable":true,"href":"https:\/\/elmawkie.dz\/fr\/wp-json\/wp\/v2\/users\/9"}],"replies":[{"embeddable":true,"href":"https:\/\/elmawkie.dz\/fr\/wp-json\/wp\/v2\/comments?post=67874"}],"version-history":[{"count":1,"href":"https:\/\/elmawkie.dz\/fr\/wp-json\/wp\/v2\/posts\/67874\/revisions"}],"predecessor-version":[{"id":67877,"href":"https:\/\/elmawkie.dz\/fr\/wp-json\/wp\/v2\/posts\/67874\/revisions\/67877"}],"wp:featuredmedia":[{"embeddable":true,"href":"https:\/\/elmawkie.dz\/fr\/wp-json\/wp\/v2\/media\/67876"}],"wp:attachment":[{"href":"https:\/\/elmawkie.dz\/fr\/wp-json\/wp\/v2\/media?parent=67874"}],"wp:term":[{"taxonomy":"category","embeddable":true,"href":"https:\/\/elmawkie.dz\/fr\/wp-json\/wp\/v2\/categories?post=67874"},{"taxonomy":"post_tag","embeddable":true,"href":"https:\/\/elmawkie.dz\/fr\/wp-json\/wp\/v2\/tags?post=67874"}],"curies":[{"name":"wp","href":"https:\/\/api.w.org\/{rel}","templated":true}]}}