{"id":67870,"date":"2026-08-30T21:41:04","date_gmt":"2026-08-30T20:41:04","guid":{"rendered":"https:\/\/elmawkie.dz\/fr\/?p=67870"},"modified":"2026-08-30T21:41:04","modified_gmt":"2026-08-30T20:41:04","slug":"niger-le-premier-ministre-exprime-sa-profonde-gratitude-a-lalgerie-pour-son-soutien-a-larmee-nigerienne","status":"publish","type":"post","link":"https:\/\/elmawkie.dz\/fr\/niger-le-premier-ministre-exprime-sa-profonde-gratitude-a-lalgerie-pour-son-soutien-a-larmee-nigerienne\/","title":{"rendered":"Niger : le Premier ministre exprime sa profonde gratitude \u00e0 l\u2019Alg\u00e9rie pour son soutien \u00e0 l&rsquo;arm\u00e9e nig\u00e9rienne"},"content":{"rendered":"\n<p>Le Premier ministre de la R\u00e9publique du Niger, M. Ali Mahaman Lamine Zeine, a exprim\u00e9 dimanche \u00e0 Niamey, la profonde reconnaissance et appr\u00e9ciation de son pays envers le geste de l&rsquo;Alg\u00e9rie qui, en ex\u00e9cution des instructions du pr\u00e9sident de la R\u00e9publique, M. Abdelmadjid Tebboune, a envoy\u00e9 deux patrouilles d&rsquo;avions de chasse en mission de soutien \u00e0 l&rsquo;arm\u00e9e nig\u00e9rienne pour faire face \u00e0 une tentative de d\u00e9stabilisation du Niger. \u00ab\u00a0Je voudrais exprimer au nom du pr\u00e9sident de la R\u00e9publique, chef de l&rsquo;Etat du Niger, M. Abdourahmane Tiani, l&rsquo;expression de notre profonde reconnaissance et notre plus grande appr\u00e9ciation du geste d&rsquo;un pays voisin et fr\u00e8re, l&rsquo;Alg\u00e9rie\u00a0\u00bb, a-t-il d\u00e9clar\u00e9.<\/p>\n\n\n\n<p>\u00ab\u00a0L&rsquo;Alg\u00e9rie consid\u00e8re que tout ce qui doit \u00eatre fait pour aider \u00e0 assurer notre s\u00e9curit\u00e9 et promouvoir notre souverainet\u00e9 est une priorit\u00e9 absolue\u00a0\u00bb, a-t-il ajout\u00e9, saluant \u00ab\u00a0ce geste d&rsquo;approfondissement de la coop\u00e9ration entre les deux pays\u00a0\u00bb.<\/p>\n\n\n\n<p>Le Premier ministre nig\u00e9rien a pr\u00e9cis\u00e9 que \u00ab\u00a0le chef de l&rsquo;Etat, le Pr\u00e9sident nig\u00e9rien Tiani l&rsquo;a charg\u00e9 de faire le d\u00e9placement ce matin pour accueillir ces appareils d\u00e9p\u00each\u00e9s par l&rsquo;Alg\u00e9rie\u00a0\u00bb.<\/p>\n\n\n\n<p>Pour rappel, en ex\u00e9cution des instructions du pr\u00e9sident de la R\u00e9publique, M. Abdelmadjid Tebboune, Chef supr\u00eame des Forces arm\u00e9es, ministre de la D\u00e9fense nationale, et en r\u00e9ponse \u00e0 la demande des autorit\u00e9s nig\u00e9riennes, deux patrouilles d&rsquo;avions de chasse ont \u00e9t\u00e9 envoy\u00e9es en mission de soutien \u00e0 l&rsquo;arm\u00e9e nig\u00e9rienne, pour faire face \u00e0 la tentative de d\u00e9stabilisation du pays fr\u00e8re, le Niger.<\/p>\n\n\n\n<p>Le Premier ministre nig\u00e9rien a rappel\u00e9 qu&rsquo;il \u00e9tait \u00e0 Alger, il y a trois jours dans le cadre d&rsquo;une visite de travail au cours de laquelle, \u00ab\u00a0nous avons fait le point sur la coop\u00e9ration bilat\u00e9rale, les projets en cours et leur progression\u00a0\u00bb, soulignant que \u00ab\u00a0le Niger, qui est dot\u00e9 d\u2019importantes ressources naturelles, va profiter de l\u2019expertise et l\u2019exp\u00e9rience de l\u2019Alg\u00e9rie pour aller de l&rsquo;avant\u00a0\u00bb. \u00ab\u00a0C&rsquo;est vraiment un sentiment de soulagement qui nous conduit \u00e0 dire que nous avons eu raison d&rsquo;\u00eatre avec ce pays fr\u00e8re, ami et voisin pour aller de l&rsquo;avant pour l&rsquo;exploitation d&rsquo;une richesse qui est l\u00e0, pour le d\u00e9veloppement de notre pays\u00a0\u00bb, a-t-il ajout\u00e9, affirmant \u00ab\u00a0continuer sur cette voie pour la prosp\u00e9rit\u00e9 de nos populations respectives\u00a0\u00bb.&nbsp;<\/p>\n","protected":false},"excerpt":{"rendered":"<p>Le Premier ministre de la R\u00e9publique du Niger, M. Ali Mahaman Lamine Zeine, a exprim\u00e9 dimanche \u00e0 Niamey, la profonde reconnaissance et appr\u00e9ciation de son pays envers le geste de l&rsquo;Alg\u00e9rie qui, en ex\u00e9cution des instructions du pr\u00e9sident de la R\u00e9publique, M. Abdelmadjid Tebboune, a envoy\u00e9 deux patrouilles d&rsquo;avions de chasse en mission de soutien &hellip;<\/p>\n","protected":false},"author":9,"featured_media":67872,"comment_status":"open","ping_status":"open","sticky":false,"template":"","format":"standard","meta":{"footnotes":""},"categories":[47],"tags":[88,320],"class_list":["post-67870","post","type-post","status-publish","format-standard","has-post-thumbnail","hentry","category-national","tag-algerie","tag-niger"],"yoast_head":"<!-- This site is optimized with the Yoast SEO Premium plugin v22.6 (Yoast SEO v22.6) - https:\/\/yoast.com\/wordpress\/plugins\/seo\/ -->\n<title>Niger : le Premier ministre exprime sa profonde gratitude \u00e0 l\u2019Alg\u00e9rie pour son soutien \u00e0 l&#039;arm\u00e9e nig\u00e9rienne - El Mawkie<\/title>\n<meta name=\"robots\" content=\"index, follow, max-snippet:-1, max-image-preview:large, max-video-preview:-1\" \/>\n<link rel=\"canonical\" href=\"https:\/\/elmawkie.dz\/fr\/niger-le-premier-ministre-exprime-sa-profonde-gratitude-a-lalgerie-pour-son-soutien-a-larmee-nigerienne\/\" \/>\n<meta property=\"og:locale\" content=\"fr_FR\" \/>\n<meta property=\"og:type\" content=\"article\" \/>\n<meta property=\"og:title\" content=\"Niger : le Premier ministre exprime sa profonde gratitude \u00e0 l\u2019Alg\u00e9rie pour son soutien \u00e0 l&#039;arm\u00e9e nig\u00e9rienne\" \/>\n<meta property=\"og:description\" content=\"Le Premier ministre de la R\u00e9publique du Niger, M. Ali Mahaman Lamine Zeine, a exprim\u00e9 dimanche \u00e0 Niamey, la profonde reconnaissance et appr\u00e9ciation de son pays envers le geste de l&rsquo;Alg\u00e9rie qui, en ex\u00e9cution des instructions du pr\u00e9sident de la R\u00e9publique, M. Abdelmadjid Tebboune, a envoy\u00e9 deux patrouilles d&rsquo;avions de chasse en mission de soutien &hellip;\" \/>\n<meta property=\"og:url\" content=\"https:\/\/elmawkie.dz\/fr\/niger-le-premier-ministre-exprime-sa-profonde-gratitude-a-lalgerie-pour-son-soutien-a-larmee-nigerienne\/\" \/>\n<meta property=\"og:site_name\" content=\"El Mawkie\" \/>\n<meta property=\"article:publisher\" content=\"https:\/\/www.facebook.com\/profile.php?id=100088407094989&amp;locale=fr_FR\" \/>\n<meta property=\"article:published_time\" content=\"2026-08-30T20:41:04+00:00\" \/>\n<meta property=\"og:image\" content=\"https:\/\/elmawkie.dz\/fr\/wp-content\/uploads\/2026\/08\/IMG_0009.webp\" \/>\n\t<meta property=\"og:image:width\" content=\"1920\" \/>\n\t<meta property=\"og:image:height\" content=\"1283\" \/>\n\t<meta property=\"og:image:type\" content=\"image\/webp\" \/>\n<meta name=\"author\" content=\"R\u00e9daction\" \/>\n<meta name=\"twitter:card\" content=\"summary_large_image\" \/>\n<meta name=\"twitter:label1\" content=\"Written by\" \/>\n\t<meta name=\"twitter:data1\" content=\"R\u00e9daction\" \/>\n\t<meta name=\"twitter:label2\" content=\"Est. reading time\" \/>\n\t<meta name=\"twitter:data2\" content=\"3 minutes\" \/>\n<script type=\"application\/ld+json\" class=\"yoast-schema-graph\">{\"@context\":\"https:\/\/schema.org\",\"@graph\":[{\"@type\":\"Article\",\"@id\":\"https:\/\/elmawkie.dz\/fr\/niger-le-premier-ministre-exprime-sa-profonde-gratitude-a-lalgerie-pour-son-soutien-a-larmee-nigerienne\/#article\",\"isPartOf\":{\"@id\":\"https:\/\/elmawkie.dz\/fr\/niger-le-premier-ministre-exprime-sa-profonde-gratitude-a-lalgerie-pour-son-soutien-a-larmee-nigerienne\/\"},\"author\":{\"name\":\"R\u00e9daction\",\"@id\":\"https:\/\/elmawkie.dz\/fr\/#\/schema\/person\/e7bd59d6467874ba5c4723d8a9f0a63c\"},\"headline\":\"Niger : le Premier ministre exprime sa profonde gratitude \u00e0 l\u2019Alg\u00e9rie pour son soutien \u00e0 l&rsquo;arm\u00e9e nig\u00e9rienne\",\"datePublished\":\"2026-08-30T20:41:04+00:00\",\"dateModified\":\"2026-08-30T20:41:04+00:00\",\"mainEntityOfPage\":{\"@id\":\"https:\/\/elmawkie.dz\/fr\/niger-le-premier-ministre-exprime-sa-profonde-gratitude-a-lalgerie-pour-son-soutien-a-larmee-nigerienne\/\"},\"wordCount\":439,\"commentCount\":0,\"publisher\":{\"@id\":\"https:\/\/elmawkie.dz\/fr\/#organization\"},\"image\":{\"@id\":\"https:\/\/elmawkie.dz\/fr\/niger-le-premier-ministre-exprime-sa-profonde-gratitude-a-lalgerie-pour-son-soutien-a-larmee-nigerienne\/#primaryimage\"},\"thumbnailUrl\":\"https:\/\/elmawkie.dz\/fr\/wp-content\/uploads\/2026\/08\/IMG_0009.webp\",\"keywords\":[\"Alg\u00e9rie\",\"Niger\"],\"articleSection\":[\"National\"],\"inLanguage\":\"fr-FR\",\"potentialAction\":[{\"@type\":\"CommentAction\",\"name\":\"Comment\",\"target\":[\"https:\/\/elmawkie.dz\/fr\/niger-le-premier-ministre-exprime-sa-profonde-gratitude-a-lalgerie-pour-son-soutien-a-larmee-nigerienne\/#respond\"]}]},{\"@type\":\"WebPage\",\"@id\":\"https:\/\/elmawkie.dz\/fr\/niger-le-premier-ministre-exprime-sa-profonde-gratitude-a-lalgerie-pour-son-soutien-a-larmee-nigerienne\/\",\"url\":\"https:\/\/elmawkie.dz\/fr\/niger-le-premier-ministre-exprime-sa-profonde-gratitude-a-lalgerie-pour-son-soutien-a-larmee-nigerienne\/\",\"name\":\"Niger : le Premier ministre exprime sa profonde gratitude \u00e0 l\u2019Alg\u00e9rie pour son soutien \u00e0 l'arm\u00e9e nig\u00e9rienne - El Mawkie\",\"isPartOf\":{\"@id\":\"https:\/\/elmawkie.dz\/fr\/#website\"},\"primaryImageOfPage\":{\"@id\":\"https:\/\/elmawkie.dz\/fr\/niger-le-premier-ministre-exprime-sa-profonde-gratitude-a-lalgerie-pour-son-soutien-a-larmee-nigerienne\/#primaryimage\"},\"image\":{\"@id\":\"https:\/\/elmawkie.dz\/fr\/niger-le-premier-ministre-exprime-sa-profonde-gratitude-a-lalgerie-pour-son-soutien-a-larmee-nigerienne\/#primaryimage\"},\"thumbnailUrl\":\"https:\/\/elmawkie.dz\/fr\/wp-content\/uploads\/2026\/08\/IMG_0009.webp\",\"datePublished\":\"2026-08-30T20:41:04+00:00\",\"dateModified\":\"2026-08-30T20:41:04+00:00\",\"breadcrumb\":{\"@id\":\"https:\/\/elmawkie.dz\/fr\/niger-le-premier-ministre-exprime-sa-profonde-gratitude-a-lalgerie-pour-son-soutien-a-larmee-nigerienne\/#breadcrumb\"},\"inLanguage\":\"fr-FR\",\"potentialAction\":[{\"@type\":\"ReadAction\",\"target\":[\"https:\/\/elmawkie.dz\/fr\/niger-le-premier-ministre-exprime-sa-profonde-gratitude-a-lalgerie-pour-son-soutien-a-larmee-nigerienne\/\"]}]},{\"@type\":\"ImageObject\",\"inLanguage\":\"fr-FR\",\"@id\":\"https:\/\/elmawkie.dz\/fr\/niger-le-premier-ministre-exprime-sa-profonde-gratitude-a-lalgerie-pour-son-soutien-a-larmee-nigerienne\/#primaryimage\",\"url\":\"https:\/\/elmawkie.dz\/fr\/wp-content\/uploads\/2026\/08\/IMG_0009.webp\",\"contentUrl\":\"https:\/\/elmawkie.dz\/fr\/wp-content\/uploads\/2026\/08\/IMG_0009.webp\",\"width\":1920,\"height\":1283},{\"@type\":\"BreadcrumbList\",\"@id\":\"https:\/\/elmawkie.dz\/fr\/niger-le-premier-ministre-exprime-sa-profonde-gratitude-a-lalgerie-pour-son-soutien-a-larmee-nigerienne\/#breadcrumb\",\"itemListElement\":[{\"@type\":\"ListItem\",\"position\":1,\"name\":\"Home\",\"item\":\"https:\/\/elmawkie.dz\/fr\/\"},{\"@type\":\"ListItem\",\"position\":2,\"name\":\"Niger : le Premier ministre exprime sa profonde gratitude \u00e0 l\u2019Alg\u00e9rie pour son soutien \u00e0 l&rsquo;arm\u00e9e nig\u00e9rienne\"}]},{\"@type\":\"WebSite\",\"@id\":\"https:\/\/elmawkie.dz\/fr\/#website\",\"url\":\"https:\/\/elmawkie.dz\/fr\/\",\"name\":\"EL MAWKIE\",\"description\":\"Journal \u00c9lectronique Alg\u00e9rien\",\"publisher\":{\"@id\":\"https:\/\/elmawkie.dz\/fr\/#organization\"},\"potentialAction\":[{\"@type\":\"SearchAction\",\"target\":{\"@type\":\"EntryPoint\",\"urlTemplate\":\"https:\/\/elmawkie.dz\/fr\/?s={search_term_string}\"},\"query-input\":\"required name=search_term_string\"}],\"inLanguage\":\"fr-FR\"},{\"@type\":\"Organization\",\"@id\":\"https:\/\/elmawkie.dz\/fr\/#organization\",\"name\":\"EL MAWKIE\",\"url\":\"https:\/\/elmawkie.dz\/fr\/\",\"logo\":{\"@type\":\"ImageObject\",\"inLanguage\":\"fr-FR\",\"@id\":\"https:\/\/elmawkie.dz\/fr\/#\/schema\/logo\/image\/\",\"url\":\"https:\/\/elmawkie.dz\/fr\/wp-content\/uploads\/2024\/05\/logo1.png\",\"contentUrl\":\"https:\/\/elmawkie.dz\/fr\/wp-content\/uploads\/2024\/05\/logo1.png\",\"width\":1648,\"height\":652,\"caption\":\"EL MAWKIE\"},\"image\":{\"@id\":\"https:\/\/elmawkie.dz\/fr\/#\/schema\/logo\/image\/\"},\"sameAs\":[\"https:\/\/www.facebook.com\/profile.php?id=100088407094989&locale=fr_FR\"]},{\"@type\":\"Person\",\"@id\":\"https:\/\/elmawkie.dz\/fr\/#\/schema\/person\/e7bd59d6467874ba5c4723d8a9f0a63c\",\"name\":\"R\u00e9daction\",\"image\":{\"@type\":\"ImageObject\",\"inLanguage\":\"fr-FR\",\"@id\":\"https:\/\/elmawkie.dz\/fr\/#\/schema\/person\/image\/\",\"url\":\"https:\/\/secure.gravatar.com\/avatar\/f0f773456344da4d2788c054a3d30a0c?s=96&d=mm&r=g\",\"contentUrl\":\"https:\/\/secure.gravatar.com\/avatar\/f0f773456344da4d2788c054a3d30a0c?s=96&d=mm&r=g\",\"caption\":\"R\u00e9daction\"},\"url\":\"https:\/\/elmawkie.dz\/fr\/author\/redaction\/\"}]}<\/script>\n<!-- \/ Yoast SEO Premium plugin. -->","yoast_head_json":{"title":"Niger : le Premier ministre exprime sa profonde gratitude \u00e0 l\u2019Alg\u00e9rie pour son soutien \u00e0 l'arm\u00e9e nig\u00e9rienne - El Mawkie","robots":{"index":"index","follow":"follow","max-snippet":"max-snippet:-1","max-image-preview":"max-image-preview:large","max-video-preview":"max-video-preview:-1"},"canonical":"https:\/\/elmawkie.dz\/fr\/niger-le-premier-ministre-exprime-sa-profonde-gratitude-a-lalgerie-pour-son-soutien-a-larmee-nigerienne\/","og_locale":"fr_FR","og_type":"article","og_title":"Niger : le Premier ministre exprime sa profonde gratitude \u00e0 l\u2019Alg\u00e9rie pour son soutien \u00e0 l'arm\u00e9e nig\u00e9rienne","og_description":"Le Premier ministre de la R\u00e9publique du Niger, M. Ali Mahaman Lamine Zeine, a exprim\u00e9 dimanche \u00e0 Niamey, la profonde reconnaissance et appr\u00e9ciation de son pays envers le geste de l&rsquo;Alg\u00e9rie qui, en ex\u00e9cution des instructions du pr\u00e9sident de la R\u00e9publique, M. Abdelmadjid Tebboune, a envoy\u00e9 deux patrouilles d&rsquo;avions de chasse en mission de soutien &hellip;","og_url":"https:\/\/elmawkie.dz\/fr\/niger-le-premier-ministre-exprime-sa-profonde-gratitude-a-lalgerie-pour-son-soutien-a-larmee-nigerienne\/","og_site_name":"El Mawkie","article_publisher":"https:\/\/www.facebook.com\/profile.php?id=100088407094989&locale=fr_FR","article_published_time":"2026-08-30T20:41:04+00:00","og_image":[{"width":1920,"height":1283,"url":"https:\/\/elmawkie.dz\/fr\/wp-content\/uploads\/2026\/08\/IMG_0009.webp","type":"image\/webp"}],"author":"R\u00e9daction","twitter_card":"summary_large_image","twitter_misc":{"Written by":"R\u00e9daction","Est. reading time":"3 minutes"},"schema":{"@context":"https:\/\/schema.org","@graph":[{"@type":"Article","@id":"https:\/\/elmawkie.dz\/fr\/niger-le-premier-ministre-exprime-sa-profonde-gratitude-a-lalgerie-pour-son-soutien-a-larmee-nigerienne\/#article","isPartOf":{"@id":"https:\/\/elmawkie.dz\/fr\/niger-le-premier-ministre-exprime-sa-profonde-gratitude-a-lalgerie-pour-son-soutien-a-larmee-nigerienne\/"},"author":{"name":"R\u00e9daction","@id":"https:\/\/elmawkie.dz\/fr\/#\/schema\/person\/e7bd59d6467874ba5c4723d8a9f0a63c"},"headline":"Niger : le Premier ministre exprime sa profonde gratitude \u00e0 l\u2019Alg\u00e9rie pour son soutien \u00e0 l&rsquo;arm\u00e9e nig\u00e9rienne","datePublished":"2026-08-30T20:41:04+00:00","dateModified":"2026-08-30T20:41:04+00:00","mainEntityOfPage":{"@id":"https:\/\/elmawkie.dz\/fr\/niger-le-premier-ministre-exprime-sa-profonde-gratitude-a-lalgerie-pour-son-soutien-a-larmee-nigerienne\/"},"wordCount":439,"commentCount":0,"publisher":{"@id":"https:\/\/elmawkie.dz\/fr\/#organization"},"image":{"@id":"https:\/\/elmawkie.dz\/fr\/niger-le-premier-ministre-exprime-sa-profonde-gratitude-a-lalgerie-pour-son-soutien-a-larmee-nigerienne\/#primaryimage"},"thumbnailUrl":"https:\/\/elmawkie.dz\/fr\/wp-content\/uploads\/2026\/08\/IMG_0009.webp","keywords":["Alg\u00e9rie","Niger"],"articleSection":["National"],"inLanguage":"fr-FR","potentialAction":[{"@type":"CommentAction","name":"Comment","target":["https:\/\/elmawkie.dz\/fr\/niger-le-premier-ministre-exprime-sa-profonde-gratitude-a-lalgerie-pour-son-soutien-a-larmee-nigerienne\/#respond"]}]},{"@type":"WebPage","@id":"https:\/\/elmawkie.dz\/fr\/niger-le-premier-ministre-exprime-sa-profonde-gratitude-a-lalgerie-pour-son-soutien-a-larmee-nigerienne\/","url":"https:\/\/elmawkie.dz\/fr\/niger-le-premier-ministre-exprime-sa-profonde-gratitude-a-lalgerie-pour-son-soutien-a-larmee-nigerienne\/","name":"Niger : le Premier ministre exprime sa profonde gratitude \u00e0 l\u2019Alg\u00e9rie pour son soutien \u00e0 l'arm\u00e9e nig\u00e9rienne - El Mawkie","isPartOf":{"@id":"https:\/\/elmawkie.dz\/fr\/#website"},"primaryImageOfPage":{"@id":"https:\/\/elmawkie.dz\/fr\/niger-le-premier-ministre-exprime-sa-profonde-gratitude-a-lalgerie-pour-son-soutien-a-larmee-nigerienne\/#primaryimage"},"image":{"@id":"https:\/\/elmawkie.dz\/fr\/niger-le-premier-ministre-exprime-sa-profonde-gratitude-a-lalgerie-pour-son-soutien-a-larmee-nigerienne\/#primaryimage"},"thumbnailUrl":"https:\/\/elmawkie.dz\/fr\/wp-content\/uploads\/2026\/08\/IMG_0009.webp","datePublished":"2026-08-30T20:41:04+00:00","dateModified":"2026-08-30T20:41:04+00:00","breadcrumb":{"@id":"https:\/\/elmawkie.dz\/fr\/niger-le-premier-ministre-exprime-sa-profonde-gratitude-a-lalgerie-pour-son-soutien-a-larmee-nigerienne\/#breadcrumb"},"inLanguage":"fr-FR","potentialAction":[{"@type":"ReadAction","target":["https:\/\/elmawkie.dz\/fr\/niger-le-premier-ministre-exprime-sa-profonde-gratitude-a-lalgerie-pour-son-soutien-a-larmee-nigerienne\/"]}]},{"@type":"ImageObject","inLanguage":"fr-FR","@id":"https:\/\/elmawkie.dz\/fr\/niger-le-premier-ministre-exprime-sa-profonde-gratitude-a-lalgerie-pour-son-soutien-a-larmee-nigerienne\/#primaryimage","url":"https:\/\/elmawkie.dz\/fr\/wp-content\/uploads\/2026\/08\/IMG_0009.webp","contentUrl":"https:\/\/elmawkie.dz\/fr\/wp-content\/uploads\/2026\/08\/IMG_0009.webp","width":1920,"height":1283},{"@type":"BreadcrumbList","@id":"https:\/\/elmawkie.dz\/fr\/niger-le-premier-ministre-exprime-sa-profonde-gratitude-a-lalgerie-pour-son-soutien-a-larmee-nigerienne\/#breadcrumb","itemListElement":[{"@type":"ListItem","position":1,"name":"Home","item":"https:\/\/elmawkie.dz\/fr\/"},{"@type":"ListItem","position":2,"name":"Niger : le Premier ministre exprime sa profonde gratitude \u00e0 l\u2019Alg\u00e9rie pour son soutien \u00e0 l&rsquo;arm\u00e9e nig\u00e9rienne"}]},{"@type":"WebSite","@id":"https:\/\/elmawkie.dz\/fr\/#website","url":"https:\/\/elmawkie.dz\/fr\/","name":"EL MAWKIE","description":"Journal \u00c9lectronique Alg\u00e9rien","publisher":{"@id":"https:\/\/elmawkie.dz\/fr\/#organization"},"potentialAction":[{"@type":"SearchAction","target":{"@type":"EntryPoint","urlTemplate":"https:\/\/elmawkie.dz\/fr\/?s={search_term_string}"},"query-input":"required name=search_term_string"}],"inLanguage":"fr-FR"},{"@type":"Organization","@id":"https:\/\/elmawkie.dz\/fr\/#organization","name":"EL MAWKIE","url":"https:\/\/elmawkie.dz\/fr\/","logo":{"@type":"ImageObject","inLanguage":"fr-FR","@id":"https:\/\/elmawkie.dz\/fr\/#\/schema\/logo\/image\/","url":"https:\/\/elmawkie.dz\/fr\/wp-content\/uploads\/2024\/05\/logo1.png","contentUrl":"https:\/\/elmawkie.dz\/fr\/wp-content\/uploads\/2024\/05\/logo1.png","width":1648,"height":652,"caption":"EL MAWKIE"},"image":{"@id":"https:\/\/elmawkie.dz\/fr\/#\/schema\/logo\/image\/"},"sameAs":["https:\/\/www.facebook.com\/profile.php?id=100088407094989&locale=fr_FR"]},{"@type":"Person","@id":"https:\/\/elmawkie.dz\/fr\/#\/schema\/person\/e7bd59d6467874ba5c4723d8a9f0a63c","name":"R\u00e9daction","image":{"@type":"ImageObject","inLanguage":"fr-FR","@id":"https:\/\/elmawkie.dz\/fr\/#\/schema\/person\/image\/","url":"https:\/\/secure.gravatar.com\/avatar\/f0f773456344da4d2788c054a3d30a0c?s=96&d=mm&r=g","contentUrl":"https:\/\/secure.gravatar.com\/avatar\/f0f773456344da4d2788c054a3d30a0c?s=96&d=mm&r=g","caption":"R\u00e9daction"},"url":"https:\/\/elmawkie.dz\/fr\/author\/redaction\/"}]}},"_links":{"self":[{"href":"https:\/\/elmawkie.dz\/fr\/wp-json\/wp\/v2\/posts\/67870","targetHints":{"allow":["GET"]}}],"collection":[{"href":"https:\/\/elmawkie.dz\/fr\/wp-json\/wp\/v2\/posts"}],"about":[{"href":"https:\/\/elmawkie.dz\/fr\/wp-json\/wp\/v2\/types\/post"}],"author":[{"embeddable":true,"href":"https:\/\/elmawkie.dz\/fr\/wp-json\/wp\/v2\/users\/9"}],"replies":[{"embeddable":true,"href":"https:\/\/elmawkie.dz\/fr\/wp-json\/wp\/v2\/comments?post=67870"}],"version-history":[{"count":1,"href":"https:\/\/elmawkie.dz\/fr\/wp-json\/wp\/v2\/posts\/67870\/revisions"}],"predecessor-version":[{"id":67873,"href":"https:\/\/elmawkie.dz\/fr\/wp-json\/wp\/v2\/posts\/67870\/revisions\/67873"}],"wp:featuredmedia":[{"embeddable":true,"href":"https:\/\/elmawkie.dz\/fr\/wp-json\/wp\/v2\/media\/67872"}],"wp:attachment":[{"href":"https:\/\/elmawkie.dz\/fr\/wp-json\/wp\/v2\/media?parent=67870"}],"wp:term":[{"taxonomy":"category","embeddable":true,"href":"https:\/\/elmawkie.dz\/fr\/wp-json\/wp\/v2\/categories?post=67870"},{"taxonomy":"post_tag","embeddable":true,"href":"https:\/\/elmawkie.dz\/fr\/wp-json\/wp\/v2\/tags?post=67870"}],"curies":[{"name":"wp","href":"https:\/\/api.w.org\/{rel}","templated":true}]}}