{"id":67862,"date":"2026-08-30T20:18:55","date_gmt":"2026-08-30T19:18:55","guid":{"rendered":"https:\/\/elmawkie.dz\/fr\/?p=67862"},"modified":"2026-08-30T20:18:55","modified_gmt":"2026-08-30T19:18:55","slug":"allocution-du-president-de-la-republique-a-la-21e-session-extraordinaire-de-la-conference-des-chefs-detat-et-de-gouvernement-de-lua-sur-les-mecanismes-de-prevention-et-de-reglement-des-conflits-en","status":"publish","type":"post","link":"https:\/\/elmawkie.dz\/fr\/allocution-du-president-de-la-republique-a-la-21e-session-extraordinaire-de-la-conference-des-chefs-detat-et-de-gouvernement-de-lua-sur-les-mecanismes-de-prevention-et-de-reglement-des-conflits-en\/","title":{"rendered":"Allocution du pr\u00e9sident de la R\u00e9publique \u00e0 la 21e session extraordinaire de la Conf\u00e9rence des chefs d&rsquo;Etat et de Gouvernement de l&rsquo;UA sur les m\u00e9canismes de pr\u00e9vention et de r\u00e8glement des conflits en Afrique"},"content":{"rendered":"\n<p>Le pr\u00e9sident de la R\u00e9publique, M. Abdelmadjid Tebboune, a adress\u00e9, dimanche, une allocution \u00e0 la 21e session extraordinaire de la Conf\u00e9rence des chefs d&rsquo;Etat et de Gouvernement de l&rsquo;Union africaine (UA) sur le renforcement des m\u00e9canismes de pr\u00e9vention et de r\u00e8glement des conflits en Afrique, qui se tient \u00e0 Luanda (Angola), lue par le pr\u00e9sident du Conseil de la nation, M. Azouz Nasri. En voici la traduction APS : \u00ab\u00a0Au nom d&rsquo;Allah, Cl\u00e9ment et Mis\u00e9ricordieux, Pri\u00e8re et paix sur le plus noble des Messagers, Monsieur le pr\u00e9sident, Excellence, Monsieur le pr\u00e9sident de la R\u00e9publique d&rsquo;Angola, pays fr\u00e8re, Excellences, Messieurs les chefs d&rsquo;Etat et de Gouvernement, Monsieur le pr\u00e9sident de la Commission de l&rsquo;Union africaine, Mesdames et Messieurs, Permettez-moi, tout d&rsquo;abord, d&rsquo;adresser mes vifs remerciements et ma profonde gratitude \u00e0 la R\u00e9publique d&rsquo;Angola, pays fr\u00e8re, direction et peuple, pour son hospitalit\u00e9, son accueil chaleureux et son excellente coordination pour la tenue de cet important sommet extraordinaire.<\/p>\n\n\n\n<p>Cette r\u00e9union de haut niveau offre \u00e0 notre Organisation une opportunit\u00e9 strat\u00e9gique renouvel\u00e9e pour op\u00e9rer une transformation radicale dans la mani\u00e8re d&rsquo;aborder les questions de paix et de s\u00e9curit\u00e9 sur notre continent et passer de mani\u00e8re effective des m\u00e9thodes traditionnelles \u00e0 un mode d&rsquo;action plus efficace et plus r\u00e9solu dans le traitement de ces questions, dans leurs deux volets interd\u00e9pendants : la pr\u00e9vention et le r\u00e8glement des conflits.<\/p>\n\n\n\n<p>Excellences, Mesdames et Messieurs, Nous nous r\u00e9unissons aujourd&rsquo;hui dans un contexte r\u00e9gional et international extr\u00eamement pr\u00e9occupant et complexe. Notre continent conna\u00eet en effet une multiplication des foyers de tension, une aggravation des conflits prolong\u00e9s et une intensification des guerres par procuration et des ing\u00e9rences \u00e9trang\u00e8res \u00e9hont\u00e9es, sans compter la persistance du gel du processus de d\u00e9colonisation, dont l&rsquo;aboutissement demeure une question cruciale pour la stabilit\u00e9 du continent.<\/p>\n\n\n\n<p>Les indicateurs s\u00e9curitaires alarmants sur le terrain r\u00e9v\u00e8lent la gravit\u00e9 de la situation. Au cours de la derni\u00e8re d\u00e9cennie, le continent a enregistr\u00e9 une hausse vertigineuse de 400% des attaques terroristes et une augmentation de 237% du nombre de d\u00e9c\u00e8s qui en d\u00e9coulent.<\/p>\n\n\n\n<p>De plus, l&rsquo;Afrique compte d\u00e9sormais \u00e0 elle seule pr\u00e8s de 63% de l&rsquo;ensemble des victimes du terrorisme dans le monde, tandis que la r\u00e9gion sah\u00e9lo-saharienne supporte \u00e0 elle seule plus de 51% de ces pertes, auxquelles s&rsquo;ajoute la mort de plus de 17.000 Africains chaque ann\u00e9e, soit une moyenne de 46 morts par jour.<\/p>\n\n\n\n<p>Face \u00e0 ces d\u00e9fis grandissants, et convaincus que la paix et la s\u00e9curit\u00e9 en Afrique forment un tout indivisible, nous constatons qu&rsquo;en d\u00e9pit des efforts d\u00e9ploy\u00e9s, l&rsquo;UA demeure marginalis\u00e9e et rel\u00e9gu\u00e9e aux r\u00f4les secondaires dans les initiatives et processus de paix sur son propre territoire. Le probl\u00e8me fondamental ne tient pas \u00e0 l&rsquo;absence de textes ou de cadres institutionnels, mais aux d\u00e9faillances dans leur mise en \u0153uvre et au manque de volont\u00e9 politique face aux engagements continentaux.<\/p>\n\n\n\n<p>Excellences, Mesdames et Messieurs, R\u00e9affirmant l&rsquo;engagement constant de l&rsquo;Alg\u00e9rie envers les causes africaines, nous soumettons \u00e0 votre auguste assembl\u00e9e les recommandations pratiques suivantes : Premi\u00e8rement : renforcer le syst\u00e8me de pr\u00e9vention sans surcharger le continent de nouvelles structures La sagesse exige de coordonner la cr\u00e9ation de nouveaux m\u00e9canismes et structures susceptibles d&rsquo;alourdir inutilement notre organisation. Il convient plut\u00f4t de renforcer l&rsquo;int\u00e9gration et le partenariat entre les m\u00e9canismes existants, \u00e0 commencer par la Commission de consolidation de la paix des Nations unies (CCP). Cela passe par l&rsquo;activation du syst\u00e8me d&rsquo;alerte pr\u00e9coce, la pleine exploitation de l&rsquo;Outil continental d&rsquo;\u00e9valuation des risques et le renforcement du r\u00f4le consultatif et diplomatique du Groupe des Sages. Nous soulignons \u00e9galement la n\u00e9cessit\u00e9 d&rsquo;acc\u00e9l\u00e9rer l&rsquo;op\u00e9rationnalisation compl\u00e8te du Fonds pour la paix de l&rsquo;Union africaine et de fournir des ressources suffisantes et durables pour financer les initiatives pr\u00e9ventives et la diplomatie proactive.<\/p>\n\n\n\n<p>Deuxi\u00e8mement : ancrer la pr\u00e9sence et l&rsquo;intervention sur le terrain de l&rsquo;UA Que ce soit dans le domaine de la pr\u00e9vention ou du r\u00e8glement des conflits, l&rsquo;Union africaine doit imposer sa pr\u00e9sence sur le terrain pour lutter contre les groupes terroristes et les r\u00e9seaux du crime organis\u00e9, tout en fournissant une aide humanitaire d&rsquo;urgence. Cela passe par le d\u00e9ploiement effectif et op\u00e9rationnel des organes de l&rsquo;Union, notamment les Repr\u00e9sentants sp\u00e9ciaux du pr\u00e9sident de la Commission, l&rsquo;activation de la Force africaine en attente avec ses composantes r\u00e9gionales, et l&rsquo;intensification des actions sur le terrain du Groupe des Sages.<\/p>\n\n\n\n<p>Troisi\u00e8mement : revenir aux fondamentaux et aux bons offices Les m\u00e9canismes fondateurs de notre Organisation continentale nous rappellent que les bons offices des chefs d&rsquo;Etat et de Gouvernement constituent l&rsquo;instrument le plus efficace. Aussi, nous estimons qu&rsquo;il est indispensable que la Conf\u00e9rence des chefs d&rsquo;Etat et de Gouvernement de l&rsquo;UA inscrive l&rsquo;examen du traitement des crises \u00e0 l&rsquo;ordre du jour de ses sessions et r\u00e9unions p\u00e9riodiques, et que leurs Excellences m\u00e8nent personnellement les efforts de m\u00e9diation directe avec leurs homologues, dans un esprit de fraternit\u00e9 et de solidarit\u00e9 africaine.<\/p>\n\n\n\n<p>Quatri\u00e8mement : \u00e9tablir un lien entre la paix, le d\u00e9veloppement et l&rsquo;action humanitaire Convaincus qu&rsquo;il ne saurait y avoir de paix et de s\u00e9curit\u00e9 sans d\u00e9veloppement, ni de s\u00e9curit\u00e9 stable sans une r\u00e9ponse aux catastrophes humanitaires, nous appelons \u00e0 la conjugaison des efforts et \u00e0 la valorisation des atouts comp\u00e9titifs de notre continent. La situation humanitaire tragique v\u00e9cue par des millions de nos concitoyens africains interpelle notre conscience collective et exige une action urgente et unifi\u00e9e de l&rsquo;Union africaine, en coordination avec les partenaires internationaux. Ce faisant, les ressources de l&rsquo;Union doivent \u00eatre orient\u00e9es vers des projets concrets ayant un impact direct sur la vie des citoyens africains, tout en autonomisant les jeunes et les femmes, qui constituent le socle de notre pr\u00e9sent et la cl\u00e9 de notre avenir\u00a0\u00bb.&nbsp;<\/p>\n","protected":false},"excerpt":{"rendered":"<p>Le pr\u00e9sident de la R\u00e9publique, M. Abdelmadjid Tebboune, a adress\u00e9, dimanche, une allocution \u00e0 la 21e session extraordinaire de la Conf\u00e9rence des chefs d&rsquo;Etat et de Gouvernement de l&rsquo;Union africaine (UA) sur le renforcement des m\u00e9canismes de pr\u00e9vention et de r\u00e8glement des conflits en Afrique, qui se tient \u00e0 Luanda (Angola), lue par le pr\u00e9sident &hellip;<\/p>\n","protected":false},"author":9,"featured_media":67864,"comment_status":"open","ping_status":"open","sticky":false,"template":"","format":"standard","meta":{"footnotes":""},"categories":[47],"tags":[596],"class_list":["post-67862","post","type-post","status-publish","format-standard","has-post-thumbnail","hentry","category-national","tag-le-president-de-la-republique"],"yoast_head":"<!-- This site is optimized with the Yoast SEO Premium plugin v22.6 (Yoast SEO v22.6) - https:\/\/yoast.com\/wordpress\/plugins\/seo\/ -->\n<title>Allocution du pr\u00e9sident de la R\u00e9publique \u00e0 la 21e session extraordinaire de la Conf\u00e9rence des chefs d&#039;Etat et de Gouvernement de l&#039;UA sur les m\u00e9canismes de pr\u00e9vention et de r\u00e8glement des conflits en Afrique - El Mawkie<\/title>\n<meta name=\"robots\" content=\"index, follow, max-snippet:-1, max-image-preview:large, max-video-preview:-1\" \/>\n<link rel=\"canonical\" href=\"https:\/\/elmawkie.dz\/fr\/allocution-du-president-de-la-republique-a-la-21e-session-extraordinaire-de-la-conference-des-chefs-detat-et-de-gouvernement-de-lua-sur-les-mecanismes-de-prevention-et-de-reglement-des-conflits-en\/\" \/>\n<meta property=\"og:locale\" content=\"fr_FR\" \/>\n<meta property=\"og:type\" content=\"article\" \/>\n<meta property=\"og:title\" content=\"Allocution du pr\u00e9sident de la R\u00e9publique \u00e0 la 21e session extraordinaire de la Conf\u00e9rence des chefs d&#039;Etat et de Gouvernement de l&#039;UA sur les m\u00e9canismes de pr\u00e9vention et de r\u00e8glement des conflits en Afrique\" \/>\n<meta property=\"og:description\" content=\"Le pr\u00e9sident de la R\u00e9publique, M. Abdelmadjid Tebboune, a adress\u00e9, dimanche, une allocution \u00e0 la 21e session extraordinaire de la Conf\u00e9rence des chefs d&rsquo;Etat et de Gouvernement de l&rsquo;Union africaine (UA) sur le renforcement des m\u00e9canismes de pr\u00e9vention et de r\u00e8glement des conflits en Afrique, qui se tient \u00e0 Luanda (Angola), lue par le pr\u00e9sident &hellip;\" \/>\n<meta property=\"og:url\" content=\"https:\/\/elmawkie.dz\/fr\/allocution-du-president-de-la-republique-a-la-21e-session-extraordinaire-de-la-conference-des-chefs-detat-et-de-gouvernement-de-lua-sur-les-mecanismes-de-prevention-et-de-reglement-des-conflits-en\/\" \/>\n<meta property=\"og:site_name\" content=\"El Mawkie\" \/>\n<meta property=\"article:publisher\" content=\"https:\/\/www.facebook.com\/profile.php?id=100088407094989&amp;locale=fr_FR\" \/>\n<meta property=\"article:published_time\" content=\"2026-08-30T19:18:55+00:00\" \/>\n<meta property=\"og:image\" content=\"https:\/\/elmawkie.dz\/fr\/wp-content\/uploads\/2026\/08\/IMG_9939.jpeg\" \/>\n\t<meta property=\"og:image:width\" content=\"650\" \/>\n\t<meta property=\"og:image:height\" content=\"449\" \/>\n\t<meta property=\"og:image:type\" content=\"image\/jpeg\" \/>\n<meta name=\"author\" content=\"R\u00e9daction\" \/>\n<meta name=\"twitter:card\" content=\"summary_large_image\" \/>\n<meta name=\"twitter:label1\" content=\"Written by\" \/>\n\t<meta name=\"twitter:data1\" content=\"R\u00e9daction\" \/>\n\t<meta name=\"twitter:label2\" content=\"Est. reading time\" \/>\n\t<meta name=\"twitter:data2\" content=\"5 minutes\" \/>\n<script type=\"application\/ld+json\" class=\"yoast-schema-graph\">{\"@context\":\"https:\/\/schema.org\",\"@graph\":[{\"@type\":\"Article\",\"@id\":\"https:\/\/elmawkie.dz\/fr\/allocution-du-president-de-la-republique-a-la-21e-session-extraordinaire-de-la-conference-des-chefs-detat-et-de-gouvernement-de-lua-sur-les-mecanismes-de-prevention-et-de-reglement-des-conflits-en\/#article\",\"isPartOf\":{\"@id\":\"https:\/\/elmawkie.dz\/fr\/allocution-du-president-de-la-republique-a-la-21e-session-extraordinaire-de-la-conference-des-chefs-detat-et-de-gouvernement-de-lua-sur-les-mecanismes-de-prevention-et-de-reglement-des-conflits-en\/\"},\"author\":{\"name\":\"R\u00e9daction\",\"@id\":\"https:\/\/elmawkie.dz\/fr\/#\/schema\/person\/e7bd59d6467874ba5c4723d8a9f0a63c\"},\"headline\":\"Allocution du pr\u00e9sident de la R\u00e9publique \u00e0 la 21e session extraordinaire de la Conf\u00e9rence des chefs d&rsquo;Etat et de Gouvernement de l&rsquo;UA sur les m\u00e9canismes de pr\u00e9vention et de r\u00e8glement des conflits en Afrique\",\"datePublished\":\"2026-08-30T19:18:55+00:00\",\"dateModified\":\"2026-08-30T19:18:55+00:00\",\"mainEntityOfPage\":{\"@id\":\"https:\/\/elmawkie.dz\/fr\/allocution-du-president-de-la-republique-a-la-21e-session-extraordinaire-de-la-conference-des-chefs-detat-et-de-gouvernement-de-lua-sur-les-mecanismes-de-prevention-et-de-reglement-des-conflits-en\/\"},\"wordCount\":1099,\"commentCount\":0,\"publisher\":{\"@id\":\"https:\/\/elmawkie.dz\/fr\/#organization\"},\"image\":{\"@id\":\"https:\/\/elmawkie.dz\/fr\/allocution-du-president-de-la-republique-a-la-21e-session-extraordinaire-de-la-conference-des-chefs-detat-et-de-gouvernement-de-lua-sur-les-mecanismes-de-prevention-et-de-reglement-des-conflits-en\/#primaryimage\"},\"thumbnailUrl\":\"https:\/\/elmawkie.dz\/fr\/wp-content\/uploads\/2026\/08\/IMG_9939.jpeg\",\"keywords\":[\"le pr\u00e9sident de la R\u00e9publique\"],\"articleSection\":[\"National\"],\"inLanguage\":\"fr-FR\",\"potentialAction\":[{\"@type\":\"CommentAction\",\"name\":\"Comment\",\"target\":[\"https:\/\/elmawkie.dz\/fr\/allocution-du-president-de-la-republique-a-la-21e-session-extraordinaire-de-la-conference-des-chefs-detat-et-de-gouvernement-de-lua-sur-les-mecanismes-de-prevention-et-de-reglement-des-conflits-en\/#respond\"]}]},{\"@type\":\"WebPage\",\"@id\":\"https:\/\/elmawkie.dz\/fr\/allocution-du-president-de-la-republique-a-la-21e-session-extraordinaire-de-la-conference-des-chefs-detat-et-de-gouvernement-de-lua-sur-les-mecanismes-de-prevention-et-de-reglement-des-conflits-en\/\",\"url\":\"https:\/\/elmawkie.dz\/fr\/allocution-du-president-de-la-republique-a-la-21e-session-extraordinaire-de-la-conference-des-chefs-detat-et-de-gouvernement-de-lua-sur-les-mecanismes-de-prevention-et-de-reglement-des-conflits-en\/\",\"name\":\"Allocution du pr\u00e9sident de la R\u00e9publique \u00e0 la 21e session extraordinaire de la Conf\u00e9rence des chefs d'Etat et de Gouvernement de l'UA sur les m\u00e9canismes de pr\u00e9vention et de r\u00e8glement des conflits en Afrique - El Mawkie\",\"isPartOf\":{\"@id\":\"https:\/\/elmawkie.dz\/fr\/#website\"},\"primaryImageOfPage\":{\"@id\":\"https:\/\/elmawkie.dz\/fr\/allocution-du-president-de-la-republique-a-la-21e-session-extraordinaire-de-la-conference-des-chefs-detat-et-de-gouvernement-de-lua-sur-les-mecanismes-de-prevention-et-de-reglement-des-conflits-en\/#primaryimage\"},\"image\":{\"@id\":\"https:\/\/elmawkie.dz\/fr\/allocution-du-president-de-la-republique-a-la-21e-session-extraordinaire-de-la-conference-des-chefs-detat-et-de-gouvernement-de-lua-sur-les-mecanismes-de-prevention-et-de-reglement-des-conflits-en\/#primaryimage\"},\"thumbnailUrl\":\"https:\/\/elmawkie.dz\/fr\/wp-content\/uploads\/2026\/08\/IMG_9939.jpeg\",\"datePublished\":\"2026-08-30T19:18:55+00:00\",\"dateModified\":\"2026-08-30T19:18:55+00:00\",\"breadcrumb\":{\"@id\":\"https:\/\/elmawkie.dz\/fr\/allocution-du-president-de-la-republique-a-la-21e-session-extraordinaire-de-la-conference-des-chefs-detat-et-de-gouvernement-de-lua-sur-les-mecanismes-de-prevention-et-de-reglement-des-conflits-en\/#breadcrumb\"},\"inLanguage\":\"fr-FR\",\"potentialAction\":[{\"@type\":\"ReadAction\",\"target\":[\"https:\/\/elmawkie.dz\/fr\/allocution-du-president-de-la-republique-a-la-21e-session-extraordinaire-de-la-conference-des-chefs-detat-et-de-gouvernement-de-lua-sur-les-mecanismes-de-prevention-et-de-reglement-des-conflits-en\/\"]}]},{\"@type\":\"ImageObject\",\"inLanguage\":\"fr-FR\",\"@id\":\"https:\/\/elmawkie.dz\/fr\/allocution-du-president-de-la-republique-a-la-21e-session-extraordinaire-de-la-conference-des-chefs-detat-et-de-gouvernement-de-lua-sur-les-mecanismes-de-prevention-et-de-reglement-des-conflits-en\/#primaryimage\",\"url\":\"https:\/\/elmawkie.dz\/fr\/wp-content\/uploads\/2026\/08\/IMG_9939.jpeg\",\"contentUrl\":\"https:\/\/elmawkie.dz\/fr\/wp-content\/uploads\/2026\/08\/IMG_9939.jpeg\",\"width\":650,\"height\":449},{\"@type\":\"BreadcrumbList\",\"@id\":\"https:\/\/elmawkie.dz\/fr\/allocution-du-president-de-la-republique-a-la-21e-session-extraordinaire-de-la-conference-des-chefs-detat-et-de-gouvernement-de-lua-sur-les-mecanismes-de-prevention-et-de-reglement-des-conflits-en\/#breadcrumb\",\"itemListElement\":[{\"@type\":\"ListItem\",\"position\":1,\"name\":\"Home\",\"item\":\"https:\/\/elmawkie.dz\/fr\/\"},{\"@type\":\"ListItem\",\"position\":2,\"name\":\"Allocution du pr\u00e9sident de la R\u00e9publique \u00e0 la 21e session extraordinaire de la Conf\u00e9rence des chefs d&rsquo;Etat et de Gouvernement de l&rsquo;UA sur les m\u00e9canismes de pr\u00e9vention et de r\u00e8glement des conflits en Afrique\"}]},{\"@type\":\"WebSite\",\"@id\":\"https:\/\/elmawkie.dz\/fr\/#website\",\"url\":\"https:\/\/elmawkie.dz\/fr\/\",\"name\":\"EL MAWKIE\",\"description\":\"Journal \u00c9lectronique Alg\u00e9rien\",\"publisher\":{\"@id\":\"https:\/\/elmawkie.dz\/fr\/#organization\"},\"potentialAction\":[{\"@type\":\"SearchAction\",\"target\":{\"@type\":\"EntryPoint\",\"urlTemplate\":\"https:\/\/elmawkie.dz\/fr\/?s={search_term_string}\"},\"query-input\":\"required name=search_term_string\"}],\"inLanguage\":\"fr-FR\"},{\"@type\":\"Organization\",\"@id\":\"https:\/\/elmawkie.dz\/fr\/#organization\",\"name\":\"EL MAWKIE\",\"url\":\"https:\/\/elmawkie.dz\/fr\/\",\"logo\":{\"@type\":\"ImageObject\",\"inLanguage\":\"fr-FR\",\"@id\":\"https:\/\/elmawkie.dz\/fr\/#\/schema\/logo\/image\/\",\"url\":\"https:\/\/elmawkie.dz\/fr\/wp-content\/uploads\/2024\/05\/logo1.png\",\"contentUrl\":\"https:\/\/elmawkie.dz\/fr\/wp-content\/uploads\/2024\/05\/logo1.png\",\"width\":1648,\"height\":652,\"caption\":\"EL MAWKIE\"},\"image\":{\"@id\":\"https:\/\/elmawkie.dz\/fr\/#\/schema\/logo\/image\/\"},\"sameAs\":[\"https:\/\/www.facebook.com\/profile.php?id=100088407094989&locale=fr_FR\"]},{\"@type\":\"Person\",\"@id\":\"https:\/\/elmawkie.dz\/fr\/#\/schema\/person\/e7bd59d6467874ba5c4723d8a9f0a63c\",\"name\":\"R\u00e9daction\",\"image\":{\"@type\":\"ImageObject\",\"inLanguage\":\"fr-FR\",\"@id\":\"https:\/\/elmawkie.dz\/fr\/#\/schema\/person\/image\/\",\"url\":\"https:\/\/secure.gravatar.com\/avatar\/f0f773456344da4d2788c054a3d30a0c?s=96&d=mm&r=g\",\"contentUrl\":\"https:\/\/secure.gravatar.com\/avatar\/f0f773456344da4d2788c054a3d30a0c?s=96&d=mm&r=g\",\"caption\":\"R\u00e9daction\"},\"url\":\"https:\/\/elmawkie.dz\/fr\/author\/redaction\/\"}]}<\/script>\n<!-- \/ Yoast SEO Premium plugin. -->","yoast_head_json":{"title":"Allocution du pr\u00e9sident de la R\u00e9publique \u00e0 la 21e session extraordinaire de la Conf\u00e9rence des chefs d'Etat et de Gouvernement de l'UA sur les m\u00e9canismes de pr\u00e9vention et de r\u00e8glement des conflits en Afrique - El Mawkie","robots":{"index":"index","follow":"follow","max-snippet":"max-snippet:-1","max-image-preview":"max-image-preview:large","max-video-preview":"max-video-preview:-1"},"canonical":"https:\/\/elmawkie.dz\/fr\/allocution-du-president-de-la-republique-a-la-21e-session-extraordinaire-de-la-conference-des-chefs-detat-et-de-gouvernement-de-lua-sur-les-mecanismes-de-prevention-et-de-reglement-des-conflits-en\/","og_locale":"fr_FR","og_type":"article","og_title":"Allocution du pr\u00e9sident de la R\u00e9publique \u00e0 la 21e session extraordinaire de la Conf\u00e9rence des chefs d'Etat et de Gouvernement de l'UA sur les m\u00e9canismes de pr\u00e9vention et de r\u00e8glement des conflits en Afrique","og_description":"Le pr\u00e9sident de la R\u00e9publique, M. Abdelmadjid Tebboune, a adress\u00e9, dimanche, une allocution \u00e0 la 21e session extraordinaire de la Conf\u00e9rence des chefs d&rsquo;Etat et de Gouvernement de l&rsquo;Union africaine (UA) sur le renforcement des m\u00e9canismes de pr\u00e9vention et de r\u00e8glement des conflits en Afrique, qui se tient \u00e0 Luanda (Angola), lue par le pr\u00e9sident &hellip;","og_url":"https:\/\/elmawkie.dz\/fr\/allocution-du-president-de-la-republique-a-la-21e-session-extraordinaire-de-la-conference-des-chefs-detat-et-de-gouvernement-de-lua-sur-les-mecanismes-de-prevention-et-de-reglement-des-conflits-en\/","og_site_name":"El Mawkie","article_publisher":"https:\/\/www.facebook.com\/profile.php?id=100088407094989&locale=fr_FR","article_published_time":"2026-08-30T19:18:55+00:00","og_image":[{"width":650,"height":449,"url":"https:\/\/elmawkie.dz\/fr\/wp-content\/uploads\/2026\/08\/IMG_9939.jpeg","type":"image\/jpeg"}],"author":"R\u00e9daction","twitter_card":"summary_large_image","twitter_misc":{"Written by":"R\u00e9daction","Est. reading time":"5 minutes"},"schema":{"@context":"https:\/\/schema.org","@graph":[{"@type":"Article","@id":"https:\/\/elmawkie.dz\/fr\/allocution-du-president-de-la-republique-a-la-21e-session-extraordinaire-de-la-conference-des-chefs-detat-et-de-gouvernement-de-lua-sur-les-mecanismes-de-prevention-et-de-reglement-des-conflits-en\/#article","isPartOf":{"@id":"https:\/\/elmawkie.dz\/fr\/allocution-du-president-de-la-republique-a-la-21e-session-extraordinaire-de-la-conference-des-chefs-detat-et-de-gouvernement-de-lua-sur-les-mecanismes-de-prevention-et-de-reglement-des-conflits-en\/"},"author":{"name":"R\u00e9daction","@id":"https:\/\/elmawkie.dz\/fr\/#\/schema\/person\/e7bd59d6467874ba5c4723d8a9f0a63c"},"headline":"Allocution du pr\u00e9sident de la R\u00e9publique \u00e0 la 21e session extraordinaire de la Conf\u00e9rence des chefs d&rsquo;Etat et de Gouvernement de l&rsquo;UA sur les m\u00e9canismes de pr\u00e9vention et de r\u00e8glement des conflits en Afrique","datePublished":"2026-08-30T19:18:55+00:00","dateModified":"2026-08-30T19:18:55+00:00","mainEntityOfPage":{"@id":"https:\/\/elmawkie.dz\/fr\/allocution-du-president-de-la-republique-a-la-21e-session-extraordinaire-de-la-conference-des-chefs-detat-et-de-gouvernement-de-lua-sur-les-mecanismes-de-prevention-et-de-reglement-des-conflits-en\/"},"wordCount":1099,"commentCount":0,"publisher":{"@id":"https:\/\/elmawkie.dz\/fr\/#organization"},"image":{"@id":"https:\/\/elmawkie.dz\/fr\/allocution-du-president-de-la-republique-a-la-21e-session-extraordinaire-de-la-conference-des-chefs-detat-et-de-gouvernement-de-lua-sur-les-mecanismes-de-prevention-et-de-reglement-des-conflits-en\/#primaryimage"},"thumbnailUrl":"https:\/\/elmawkie.dz\/fr\/wp-content\/uploads\/2026\/08\/IMG_9939.jpeg","keywords":["le pr\u00e9sident de la R\u00e9publique"],"articleSection":["National"],"inLanguage":"fr-FR","potentialAction":[{"@type":"CommentAction","name":"Comment","target":["https:\/\/elmawkie.dz\/fr\/allocution-du-president-de-la-republique-a-la-21e-session-extraordinaire-de-la-conference-des-chefs-detat-et-de-gouvernement-de-lua-sur-les-mecanismes-de-prevention-et-de-reglement-des-conflits-en\/#respond"]}]},{"@type":"WebPage","@id":"https:\/\/elmawkie.dz\/fr\/allocution-du-president-de-la-republique-a-la-21e-session-extraordinaire-de-la-conference-des-chefs-detat-et-de-gouvernement-de-lua-sur-les-mecanismes-de-prevention-et-de-reglement-des-conflits-en\/","url":"https:\/\/elmawkie.dz\/fr\/allocution-du-president-de-la-republique-a-la-21e-session-extraordinaire-de-la-conference-des-chefs-detat-et-de-gouvernement-de-lua-sur-les-mecanismes-de-prevention-et-de-reglement-des-conflits-en\/","name":"Allocution du pr\u00e9sident de la R\u00e9publique \u00e0 la 21e session extraordinaire de la Conf\u00e9rence des chefs d'Etat et de Gouvernement de l'UA sur les m\u00e9canismes de pr\u00e9vention et de r\u00e8glement des conflits en Afrique - El Mawkie","isPartOf":{"@id":"https:\/\/elmawkie.dz\/fr\/#website"},"primaryImageOfPage":{"@id":"https:\/\/elmawkie.dz\/fr\/allocution-du-president-de-la-republique-a-la-21e-session-extraordinaire-de-la-conference-des-chefs-detat-et-de-gouvernement-de-lua-sur-les-mecanismes-de-prevention-et-de-reglement-des-conflits-en\/#primaryimage"},"image":{"@id":"https:\/\/elmawkie.dz\/fr\/allocution-du-president-de-la-republique-a-la-21e-session-extraordinaire-de-la-conference-des-chefs-detat-et-de-gouvernement-de-lua-sur-les-mecanismes-de-prevention-et-de-reglement-des-conflits-en\/#primaryimage"},"thumbnailUrl":"https:\/\/elmawkie.dz\/fr\/wp-content\/uploads\/2026\/08\/IMG_9939.jpeg","datePublished":"2026-08-30T19:18:55+00:00","dateModified":"2026-08-30T19:18:55+00:00","breadcrumb":{"@id":"https:\/\/elmawkie.dz\/fr\/allocution-du-president-de-la-republique-a-la-21e-session-extraordinaire-de-la-conference-des-chefs-detat-et-de-gouvernement-de-lua-sur-les-mecanismes-de-prevention-et-de-reglement-des-conflits-en\/#breadcrumb"},"inLanguage":"fr-FR","potentialAction":[{"@type":"ReadAction","target":["https:\/\/elmawkie.dz\/fr\/allocution-du-president-de-la-republique-a-la-21e-session-extraordinaire-de-la-conference-des-chefs-detat-et-de-gouvernement-de-lua-sur-les-mecanismes-de-prevention-et-de-reglement-des-conflits-en\/"]}]},{"@type":"ImageObject","inLanguage":"fr-FR","@id":"https:\/\/elmawkie.dz\/fr\/allocution-du-president-de-la-republique-a-la-21e-session-extraordinaire-de-la-conference-des-chefs-detat-et-de-gouvernement-de-lua-sur-les-mecanismes-de-prevention-et-de-reglement-des-conflits-en\/#primaryimage","url":"https:\/\/elmawkie.dz\/fr\/wp-content\/uploads\/2026\/08\/IMG_9939.jpeg","contentUrl":"https:\/\/elmawkie.dz\/fr\/wp-content\/uploads\/2026\/08\/IMG_9939.jpeg","width":650,"height":449},{"@type":"BreadcrumbList","@id":"https:\/\/elmawkie.dz\/fr\/allocution-du-president-de-la-republique-a-la-21e-session-extraordinaire-de-la-conference-des-chefs-detat-et-de-gouvernement-de-lua-sur-les-mecanismes-de-prevention-et-de-reglement-des-conflits-en\/#breadcrumb","itemListElement":[{"@type":"ListItem","position":1,"name":"Home","item":"https:\/\/elmawkie.dz\/fr\/"},{"@type":"ListItem","position":2,"name":"Allocution du pr\u00e9sident de la R\u00e9publique \u00e0 la 21e session extraordinaire de la Conf\u00e9rence des chefs d&rsquo;Etat et de Gouvernement de l&rsquo;UA sur les m\u00e9canismes de pr\u00e9vention et de r\u00e8glement des conflits en Afrique"}]},{"@type":"WebSite","@id":"https:\/\/elmawkie.dz\/fr\/#website","url":"https:\/\/elmawkie.dz\/fr\/","name":"EL MAWKIE","description":"Journal \u00c9lectronique Alg\u00e9rien","publisher":{"@id":"https:\/\/elmawkie.dz\/fr\/#organization"},"potentialAction":[{"@type":"SearchAction","target":{"@type":"EntryPoint","urlTemplate":"https:\/\/elmawkie.dz\/fr\/?s={search_term_string}"},"query-input":"required name=search_term_string"}],"inLanguage":"fr-FR"},{"@type":"Organization","@id":"https:\/\/elmawkie.dz\/fr\/#organization","name":"EL MAWKIE","url":"https:\/\/elmawkie.dz\/fr\/","logo":{"@type":"ImageObject","inLanguage":"fr-FR","@id":"https:\/\/elmawkie.dz\/fr\/#\/schema\/logo\/image\/","url":"https:\/\/elmawkie.dz\/fr\/wp-content\/uploads\/2024\/05\/logo1.png","contentUrl":"https:\/\/elmawkie.dz\/fr\/wp-content\/uploads\/2024\/05\/logo1.png","width":1648,"height":652,"caption":"EL MAWKIE"},"image":{"@id":"https:\/\/elmawkie.dz\/fr\/#\/schema\/logo\/image\/"},"sameAs":["https:\/\/www.facebook.com\/profile.php?id=100088407094989&locale=fr_FR"]},{"@type":"Person","@id":"https:\/\/elmawkie.dz\/fr\/#\/schema\/person\/e7bd59d6467874ba5c4723d8a9f0a63c","name":"R\u00e9daction","image":{"@type":"ImageObject","inLanguage":"fr-FR","@id":"https:\/\/elmawkie.dz\/fr\/#\/schema\/person\/image\/","url":"https:\/\/secure.gravatar.com\/avatar\/f0f773456344da4d2788c054a3d30a0c?s=96&d=mm&r=g","contentUrl":"https:\/\/secure.gravatar.com\/avatar\/f0f773456344da4d2788c054a3d30a0c?s=96&d=mm&r=g","caption":"R\u00e9daction"},"url":"https:\/\/elmawkie.dz\/fr\/author\/redaction\/"}]}},"_links":{"self":[{"href":"https:\/\/elmawkie.dz\/fr\/wp-json\/wp\/v2\/posts\/67862","targetHints":{"allow":["GET"]}}],"collection":[{"href":"https:\/\/elmawkie.dz\/fr\/wp-json\/wp\/v2\/posts"}],"about":[{"href":"https:\/\/elmawkie.dz\/fr\/wp-json\/wp\/v2\/types\/post"}],"author":[{"embeddable":true,"href":"https:\/\/elmawkie.dz\/fr\/wp-json\/wp\/v2\/users\/9"}],"replies":[{"embeddable":true,"href":"https:\/\/elmawkie.dz\/fr\/wp-json\/wp\/v2\/comments?post=67862"}],"version-history":[{"count":1,"href":"https:\/\/elmawkie.dz\/fr\/wp-json\/wp\/v2\/posts\/67862\/revisions"}],"predecessor-version":[{"id":67865,"href":"https:\/\/elmawkie.dz\/fr\/wp-json\/wp\/v2\/posts\/67862\/revisions\/67865"}],"wp:featuredmedia":[{"embeddable":true,"href":"https:\/\/elmawkie.dz\/fr\/wp-json\/wp\/v2\/media\/67864"}],"wp:attachment":[{"href":"https:\/\/elmawkie.dz\/fr\/wp-json\/wp\/v2\/media?parent=67862"}],"wp:term":[{"taxonomy":"category","embeddable":true,"href":"https:\/\/elmawkie.dz\/fr\/wp-json\/wp\/v2\/categories?post=67862"},{"taxonomy":"post_tag","embeddable":true,"href":"https:\/\/elmawkie.dz\/fr\/wp-json\/wp\/v2\/tags?post=67862"}],"curies":[{"name":"wp","href":"https:\/\/api.w.org\/{rel}","templated":true}]}}