{"id":67850,"date":"2026-08-30T20:14:40","date_gmt":"2026-08-30T19:14:40","guid":{"rendered":"https:\/\/elmawkie.dz\/fr\/?p=67850"},"modified":"2026-08-30T20:14:41","modified_gmt":"2026-08-30T19:14:41","slug":"jijel-forte-mobilisation-des-equipes-de-solidarite-au-profit-des-sinistres-des-incendies","status":"publish","type":"post","link":"https:\/\/elmawkie.dz\/fr\/jijel-forte-mobilisation-des-equipes-de-solidarite-au-profit-des-sinistres-des-incendies\/","title":{"rendered":"Jijel : forte mobilisation des \u00e9quipes de solidarit\u00e9 au profit des sinistr\u00e9s des incendies"},"content":{"rendered":"\n<p><strong>Le minist\u00e8re de la Solidarit\u00e9 nationale, de la Famille et de la Condition de la femme a indiqu\u00e9, dimanche dans un communiqu\u00e9, que 78 cellules de proximit\u00e9 de solidarit\u00e9 ont \u00e9t\u00e9 mobilis\u00e9es \u00e0 travers les diff\u00e9rentes zones touch\u00e9es par les incendies dans la wilaya de Jijel, dans le cadre d\u2019une mobilisation exceptionnelle visant \u00e0 assurer une r\u00e9ponse efficace aux besoins des populations.<\/strong><\/p>\n\n\n\n<p>\u00ab\u00a0En ex\u00e9cution des instructions de la ministre de la Solidarit\u00e9 nationale, de la Famille et de la Condition de la femme, Soraya Mouloudji, visant \u00e0 renforcer les \u00e9quipes des cellules de proximit\u00e9 de solidarit\u00e9 dans la wilaya de Jijel, 78 cellules de proximit\u00e9 ont \u00e9t\u00e9 mobilis\u00e9es \u00e0 travers les diff\u00e9rentes zones sinistr\u00e9es de la wilaya, dans le cadre d\u2019une mobilisation exceptionnelle destin\u00e9e \u00e0 assurer une r\u00e9ponse efficace aux besoins des populations, tout en veillant \u00e0 se rendre au domicile des familles, notamment celles \u00e9tablies dans les zones \u00e9loign\u00e9es, montagneuses et enclav\u00e9es, et \u00e0 les accompagner dans le cadre d\u2019un processus int\u00e9gr\u00e9 de r\u00e9tablissement psychosocial et sanitaire\u00a0\u00bb, pr\u00e9cise la m\u00eame source.<\/p>\n\n\n\n<p>Dans ce cadre, \u00ab\u00a0la wilaya de Jijel a \u00e9t\u00e9 renforc\u00e9e par 73 cellules de proximit\u00e9 de solidarit\u00e9 en provenance de 26 wilayas, qui ont rejoint les \u00e9quipes sp\u00e9cialis\u00e9es activant localement, portant ainsi \u00e0 78 le nombre de cellules de proximit\u00e9 de solidarit\u00e9 mobilis\u00e9es dans la wilaya\u00a0\u00bb. Ces cellules ont \u00e9t\u00e9 r\u00e9parties selon un plan d\u2019action \u00e9tudi\u00e9, tenant compte de la nature des zones touch\u00e9es, de leurs sp\u00e9cificit\u00e9s g\u00e9ographiques et d\u00e9mographiques, ainsi que du degr\u00e9 des besoins recens\u00e9s.<\/p>\n\n\n\n<p>Le communiqu\u00e9 fait \u00e9galement \u00e9tat de plus de 1.500 interventions et accompagnements psychologiques au profit des familles sinistr\u00e9es. Ces interventions ont port\u00e9 sur le soutien psychologique et l\u2019\u00e9valuation pr\u00e9liminaire des cas, outre l\u2019organisation de s\u00e9ances psycho-\u00e9ducatives sp\u00e9cialis\u00e9es distinctes au profit des enfants, tenant compte des sp\u00e9cificit\u00e9s de cette tranche d\u2019\u00e2ge et de ses besoins psychologiques et \u00e9motionnels.<\/p>\n","protected":false},"excerpt":{"rendered":"<p>Le minist\u00e8re de la Solidarit\u00e9 nationale, de la Famille et de la Condition de la femme a indiqu\u00e9, dimanche dans un communiqu\u00e9, que 78 cellules de proximit\u00e9 de solidarit\u00e9 ont \u00e9t\u00e9 mobilis\u00e9es \u00e0 travers les diff\u00e9rentes zones touch\u00e9es par les incendies dans la wilaya de Jijel, dans le cadre d\u2019une mobilisation exceptionnelle visant \u00e0 assurer &hellip;<\/p>\n","protected":false},"author":9,"featured_media":67852,"comment_status":"open","ping_status":"open","sticky":false,"template":"","format":"standard","meta":{"footnotes":""},"categories":[50],"tags":[144,2034],"class_list":["post-67850","post","type-post","status-publish","format-standard","has-post-thumbnail","hentry","category-region","tag-jijel","tag-solidarite"],"yoast_head":"<!-- This site is optimized with the Yoast SEO Premium plugin v22.6 (Yoast SEO v22.6) - https:\/\/yoast.com\/wordpress\/plugins\/seo\/ -->\n<title>Jijel : forte mobilisation des \u00e9quipes de solidarit\u00e9 au profit des sinistr\u00e9s des incendies - El Mawkie<\/title>\n<meta name=\"robots\" content=\"index, follow, max-snippet:-1, max-image-preview:large, max-video-preview:-1\" \/>\n<link rel=\"canonical\" href=\"https:\/\/elmawkie.dz\/fr\/jijel-forte-mobilisation-des-equipes-de-solidarite-au-profit-des-sinistres-des-incendies\/\" \/>\n<meta property=\"og:locale\" content=\"fr_FR\" \/>\n<meta property=\"og:type\" content=\"article\" \/>\n<meta property=\"og:title\" content=\"Jijel : forte mobilisation des \u00e9quipes de solidarit\u00e9 au profit des sinistr\u00e9s des incendies\" \/>\n<meta property=\"og:description\" content=\"Le minist\u00e8re de la Solidarit\u00e9 nationale, de la Famille et de la Condition de la femme a indiqu\u00e9, dimanche dans un communiqu\u00e9, que 78 cellules de proximit\u00e9 de solidarit\u00e9 ont \u00e9t\u00e9 mobilis\u00e9es \u00e0 travers les diff\u00e9rentes zones touch\u00e9es par les incendies dans la wilaya de Jijel, dans le cadre d\u2019une mobilisation exceptionnelle visant \u00e0 assurer &hellip;\" \/>\n<meta property=\"og:url\" content=\"https:\/\/elmawkie.dz\/fr\/jijel-forte-mobilisation-des-equipes-de-solidarite-au-profit-des-sinistres-des-incendies\/\" \/>\n<meta property=\"og:site_name\" content=\"El Mawkie\" \/>\n<meta property=\"article:publisher\" content=\"https:\/\/www.facebook.com\/profile.php?id=100088407094989&amp;locale=fr_FR\" \/>\n<meta property=\"article:published_time\" content=\"2026-08-30T19:14:40+00:00\" \/>\n<meta property=\"article:modified_time\" content=\"2026-08-30T19:14:41+00:00\" \/>\n<meta property=\"og:image\" content=\"https:\/\/elmawkie.dz\/fr\/wp-content\/uploads\/2026\/08\/IMG_9925.jpeg\" \/>\n\t<meta property=\"og:image:width\" content=\"1080\" \/>\n\t<meta property=\"og:image:height\" content=\"605\" \/>\n\t<meta property=\"og:image:type\" content=\"image\/jpeg\" \/>\n<meta name=\"author\" content=\"R\u00e9daction\" \/>\n<meta name=\"twitter:card\" content=\"summary_large_image\" \/>\n<meta name=\"twitter:label1\" content=\"Written by\" \/>\n\t<meta name=\"twitter:data1\" content=\"R\u00e9daction\" \/>\n\t<meta name=\"twitter:label2\" content=\"Est. reading time\" \/>\n\t<meta name=\"twitter:data2\" content=\"2 minutes\" \/>\n<script type=\"application\/ld+json\" class=\"yoast-schema-graph\">{\"@context\":\"https:\/\/schema.org\",\"@graph\":[{\"@type\":\"Article\",\"@id\":\"https:\/\/elmawkie.dz\/fr\/jijel-forte-mobilisation-des-equipes-de-solidarite-au-profit-des-sinistres-des-incendies\/#article\",\"isPartOf\":{\"@id\":\"https:\/\/elmawkie.dz\/fr\/jijel-forte-mobilisation-des-equipes-de-solidarite-au-profit-des-sinistres-des-incendies\/\"},\"author\":{\"name\":\"R\u00e9daction\",\"@id\":\"https:\/\/elmawkie.dz\/fr\/#\/schema\/person\/e7bd59d6467874ba5c4723d8a9f0a63c\"},\"headline\":\"Jijel : forte mobilisation des \u00e9quipes de solidarit\u00e9 au profit des sinistr\u00e9s des incendies\",\"datePublished\":\"2026-08-30T19:14:40+00:00\",\"dateModified\":\"2026-08-30T19:14:41+00:00\",\"mainEntityOfPage\":{\"@id\":\"https:\/\/elmawkie.dz\/fr\/jijel-forte-mobilisation-des-equipes-de-solidarite-au-profit-des-sinistres-des-incendies\/\"},\"wordCount\":349,\"commentCount\":0,\"publisher\":{\"@id\":\"https:\/\/elmawkie.dz\/fr\/#organization\"},\"image\":{\"@id\":\"https:\/\/elmawkie.dz\/fr\/jijel-forte-mobilisation-des-equipes-de-solidarite-au-profit-des-sinistres-des-incendies\/#primaryimage\"},\"thumbnailUrl\":\"https:\/\/elmawkie.dz\/fr\/wp-content\/uploads\/2026\/08\/IMG_9925.jpeg\",\"keywords\":[\"Jijel\",\"Solidarit\u00e9\"],\"articleSection\":[\"R\u00e9gion\"],\"inLanguage\":\"fr-FR\",\"potentialAction\":[{\"@type\":\"CommentAction\",\"name\":\"Comment\",\"target\":[\"https:\/\/elmawkie.dz\/fr\/jijel-forte-mobilisation-des-equipes-de-solidarite-au-profit-des-sinistres-des-incendies\/#respond\"]}]},{\"@type\":\"WebPage\",\"@id\":\"https:\/\/elmawkie.dz\/fr\/jijel-forte-mobilisation-des-equipes-de-solidarite-au-profit-des-sinistres-des-incendies\/\",\"url\":\"https:\/\/elmawkie.dz\/fr\/jijel-forte-mobilisation-des-equipes-de-solidarite-au-profit-des-sinistres-des-incendies\/\",\"name\":\"Jijel : forte mobilisation des \u00e9quipes de solidarit\u00e9 au profit des sinistr\u00e9s des incendies - El Mawkie\",\"isPartOf\":{\"@id\":\"https:\/\/elmawkie.dz\/fr\/#website\"},\"primaryImageOfPage\":{\"@id\":\"https:\/\/elmawkie.dz\/fr\/jijel-forte-mobilisation-des-equipes-de-solidarite-au-profit-des-sinistres-des-incendies\/#primaryimage\"},\"image\":{\"@id\":\"https:\/\/elmawkie.dz\/fr\/jijel-forte-mobilisation-des-equipes-de-solidarite-au-profit-des-sinistres-des-incendies\/#primaryimage\"},\"thumbnailUrl\":\"https:\/\/elmawkie.dz\/fr\/wp-content\/uploads\/2026\/08\/IMG_9925.jpeg\",\"datePublished\":\"2026-08-30T19:14:40+00:00\",\"dateModified\":\"2026-08-30T19:14:41+00:00\",\"breadcrumb\":{\"@id\":\"https:\/\/elmawkie.dz\/fr\/jijel-forte-mobilisation-des-equipes-de-solidarite-au-profit-des-sinistres-des-incendies\/#breadcrumb\"},\"inLanguage\":\"fr-FR\",\"potentialAction\":[{\"@type\":\"ReadAction\",\"target\":[\"https:\/\/elmawkie.dz\/fr\/jijel-forte-mobilisation-des-equipes-de-solidarite-au-profit-des-sinistres-des-incendies\/\"]}]},{\"@type\":\"ImageObject\",\"inLanguage\":\"fr-FR\",\"@id\":\"https:\/\/elmawkie.dz\/fr\/jijel-forte-mobilisation-des-equipes-de-solidarite-au-profit-des-sinistres-des-incendies\/#primaryimage\",\"url\":\"https:\/\/elmawkie.dz\/fr\/wp-content\/uploads\/2026\/08\/IMG_9925.jpeg\",\"contentUrl\":\"https:\/\/elmawkie.dz\/fr\/wp-content\/uploads\/2026\/08\/IMG_9925.jpeg\",\"width\":1080,\"height\":605},{\"@type\":\"BreadcrumbList\",\"@id\":\"https:\/\/elmawkie.dz\/fr\/jijel-forte-mobilisation-des-equipes-de-solidarite-au-profit-des-sinistres-des-incendies\/#breadcrumb\",\"itemListElement\":[{\"@type\":\"ListItem\",\"position\":1,\"name\":\"Home\",\"item\":\"https:\/\/elmawkie.dz\/fr\/\"},{\"@type\":\"ListItem\",\"position\":2,\"name\":\"Jijel : forte mobilisation des \u00e9quipes de solidarit\u00e9 au profit des sinistr\u00e9s des incendies\"}]},{\"@type\":\"WebSite\",\"@id\":\"https:\/\/elmawkie.dz\/fr\/#website\",\"url\":\"https:\/\/elmawkie.dz\/fr\/\",\"name\":\"EL MAWKIE\",\"description\":\"Journal \u00c9lectronique Alg\u00e9rien\",\"publisher\":{\"@id\":\"https:\/\/elmawkie.dz\/fr\/#organization\"},\"potentialAction\":[{\"@type\":\"SearchAction\",\"target\":{\"@type\":\"EntryPoint\",\"urlTemplate\":\"https:\/\/elmawkie.dz\/fr\/?s={search_term_string}\"},\"query-input\":\"required name=search_term_string\"}],\"inLanguage\":\"fr-FR\"},{\"@type\":\"Organization\",\"@id\":\"https:\/\/elmawkie.dz\/fr\/#organization\",\"name\":\"EL MAWKIE\",\"url\":\"https:\/\/elmawkie.dz\/fr\/\",\"logo\":{\"@type\":\"ImageObject\",\"inLanguage\":\"fr-FR\",\"@id\":\"https:\/\/elmawkie.dz\/fr\/#\/schema\/logo\/image\/\",\"url\":\"https:\/\/elmawkie.dz\/fr\/wp-content\/uploads\/2024\/05\/logo1.png\",\"contentUrl\":\"https:\/\/elmawkie.dz\/fr\/wp-content\/uploads\/2024\/05\/logo1.png\",\"width\":1648,\"height\":652,\"caption\":\"EL MAWKIE\"},\"image\":{\"@id\":\"https:\/\/elmawkie.dz\/fr\/#\/schema\/logo\/image\/\"},\"sameAs\":[\"https:\/\/www.facebook.com\/profile.php?id=100088407094989&locale=fr_FR\"]},{\"@type\":\"Person\",\"@id\":\"https:\/\/elmawkie.dz\/fr\/#\/schema\/person\/e7bd59d6467874ba5c4723d8a9f0a63c\",\"name\":\"R\u00e9daction\",\"image\":{\"@type\":\"ImageObject\",\"inLanguage\":\"fr-FR\",\"@id\":\"https:\/\/elmawkie.dz\/fr\/#\/schema\/person\/image\/\",\"url\":\"https:\/\/secure.gravatar.com\/avatar\/f0f773456344da4d2788c054a3d30a0c?s=96&d=mm&r=g\",\"contentUrl\":\"https:\/\/secure.gravatar.com\/avatar\/f0f773456344da4d2788c054a3d30a0c?s=96&d=mm&r=g\",\"caption\":\"R\u00e9daction\"},\"url\":\"https:\/\/elmawkie.dz\/fr\/author\/redaction\/\"}]}<\/script>\n<!-- \/ Yoast SEO Premium plugin. -->","yoast_head_json":{"title":"Jijel : forte mobilisation des \u00e9quipes de solidarit\u00e9 au profit des sinistr\u00e9s des incendies - El Mawkie","robots":{"index":"index","follow":"follow","max-snippet":"max-snippet:-1","max-image-preview":"max-image-preview:large","max-video-preview":"max-video-preview:-1"},"canonical":"https:\/\/elmawkie.dz\/fr\/jijel-forte-mobilisation-des-equipes-de-solidarite-au-profit-des-sinistres-des-incendies\/","og_locale":"fr_FR","og_type":"article","og_title":"Jijel : forte mobilisation des \u00e9quipes de solidarit\u00e9 au profit des sinistr\u00e9s des incendies","og_description":"Le minist\u00e8re de la Solidarit\u00e9 nationale, de la Famille et de la Condition de la femme a indiqu\u00e9, dimanche dans un communiqu\u00e9, que 78 cellules de proximit\u00e9 de solidarit\u00e9 ont \u00e9t\u00e9 mobilis\u00e9es \u00e0 travers les diff\u00e9rentes zones touch\u00e9es par les incendies dans la wilaya de Jijel, dans le cadre d\u2019une mobilisation exceptionnelle visant \u00e0 assurer &hellip;","og_url":"https:\/\/elmawkie.dz\/fr\/jijel-forte-mobilisation-des-equipes-de-solidarite-au-profit-des-sinistres-des-incendies\/","og_site_name":"El Mawkie","article_publisher":"https:\/\/www.facebook.com\/profile.php?id=100088407094989&locale=fr_FR","article_published_time":"2026-08-30T19:14:40+00:00","article_modified_time":"2026-08-30T19:14:41+00:00","og_image":[{"width":1080,"height":605,"url":"https:\/\/elmawkie.dz\/fr\/wp-content\/uploads\/2026\/08\/IMG_9925.jpeg","type":"image\/jpeg"}],"author":"R\u00e9daction","twitter_card":"summary_large_image","twitter_misc":{"Written by":"R\u00e9daction","Est. reading time":"2 minutes"},"schema":{"@context":"https:\/\/schema.org","@graph":[{"@type":"Article","@id":"https:\/\/elmawkie.dz\/fr\/jijel-forte-mobilisation-des-equipes-de-solidarite-au-profit-des-sinistres-des-incendies\/#article","isPartOf":{"@id":"https:\/\/elmawkie.dz\/fr\/jijel-forte-mobilisation-des-equipes-de-solidarite-au-profit-des-sinistres-des-incendies\/"},"author":{"name":"R\u00e9daction","@id":"https:\/\/elmawkie.dz\/fr\/#\/schema\/person\/e7bd59d6467874ba5c4723d8a9f0a63c"},"headline":"Jijel : forte mobilisation des \u00e9quipes de solidarit\u00e9 au profit des sinistr\u00e9s des incendies","datePublished":"2026-08-30T19:14:40+00:00","dateModified":"2026-08-30T19:14:41+00:00","mainEntityOfPage":{"@id":"https:\/\/elmawkie.dz\/fr\/jijel-forte-mobilisation-des-equipes-de-solidarite-au-profit-des-sinistres-des-incendies\/"},"wordCount":349,"commentCount":0,"publisher":{"@id":"https:\/\/elmawkie.dz\/fr\/#organization"},"image":{"@id":"https:\/\/elmawkie.dz\/fr\/jijel-forte-mobilisation-des-equipes-de-solidarite-au-profit-des-sinistres-des-incendies\/#primaryimage"},"thumbnailUrl":"https:\/\/elmawkie.dz\/fr\/wp-content\/uploads\/2026\/08\/IMG_9925.jpeg","keywords":["Jijel","Solidarit\u00e9"],"articleSection":["R\u00e9gion"],"inLanguage":"fr-FR","potentialAction":[{"@type":"CommentAction","name":"Comment","target":["https:\/\/elmawkie.dz\/fr\/jijel-forte-mobilisation-des-equipes-de-solidarite-au-profit-des-sinistres-des-incendies\/#respond"]}]},{"@type":"WebPage","@id":"https:\/\/elmawkie.dz\/fr\/jijel-forte-mobilisation-des-equipes-de-solidarite-au-profit-des-sinistres-des-incendies\/","url":"https:\/\/elmawkie.dz\/fr\/jijel-forte-mobilisation-des-equipes-de-solidarite-au-profit-des-sinistres-des-incendies\/","name":"Jijel : forte mobilisation des \u00e9quipes de solidarit\u00e9 au profit des sinistr\u00e9s des incendies - El Mawkie","isPartOf":{"@id":"https:\/\/elmawkie.dz\/fr\/#website"},"primaryImageOfPage":{"@id":"https:\/\/elmawkie.dz\/fr\/jijel-forte-mobilisation-des-equipes-de-solidarite-au-profit-des-sinistres-des-incendies\/#primaryimage"},"image":{"@id":"https:\/\/elmawkie.dz\/fr\/jijel-forte-mobilisation-des-equipes-de-solidarite-au-profit-des-sinistres-des-incendies\/#primaryimage"},"thumbnailUrl":"https:\/\/elmawkie.dz\/fr\/wp-content\/uploads\/2026\/08\/IMG_9925.jpeg","datePublished":"2026-08-30T19:14:40+00:00","dateModified":"2026-08-30T19:14:41+00:00","breadcrumb":{"@id":"https:\/\/elmawkie.dz\/fr\/jijel-forte-mobilisation-des-equipes-de-solidarite-au-profit-des-sinistres-des-incendies\/#breadcrumb"},"inLanguage":"fr-FR","potentialAction":[{"@type":"ReadAction","target":["https:\/\/elmawkie.dz\/fr\/jijel-forte-mobilisation-des-equipes-de-solidarite-au-profit-des-sinistres-des-incendies\/"]}]},{"@type":"ImageObject","inLanguage":"fr-FR","@id":"https:\/\/elmawkie.dz\/fr\/jijel-forte-mobilisation-des-equipes-de-solidarite-au-profit-des-sinistres-des-incendies\/#primaryimage","url":"https:\/\/elmawkie.dz\/fr\/wp-content\/uploads\/2026\/08\/IMG_9925.jpeg","contentUrl":"https:\/\/elmawkie.dz\/fr\/wp-content\/uploads\/2026\/08\/IMG_9925.jpeg","width":1080,"height":605},{"@type":"BreadcrumbList","@id":"https:\/\/elmawkie.dz\/fr\/jijel-forte-mobilisation-des-equipes-de-solidarite-au-profit-des-sinistres-des-incendies\/#breadcrumb","itemListElement":[{"@type":"ListItem","position":1,"name":"Home","item":"https:\/\/elmawkie.dz\/fr\/"},{"@type":"ListItem","position":2,"name":"Jijel : forte mobilisation des \u00e9quipes de solidarit\u00e9 au profit des sinistr\u00e9s des incendies"}]},{"@type":"WebSite","@id":"https:\/\/elmawkie.dz\/fr\/#website","url":"https:\/\/elmawkie.dz\/fr\/","name":"EL MAWKIE","description":"Journal \u00c9lectronique Alg\u00e9rien","publisher":{"@id":"https:\/\/elmawkie.dz\/fr\/#organization"},"potentialAction":[{"@type":"SearchAction","target":{"@type":"EntryPoint","urlTemplate":"https:\/\/elmawkie.dz\/fr\/?s={search_term_string}"},"query-input":"required name=search_term_string"}],"inLanguage":"fr-FR"},{"@type":"Organization","@id":"https:\/\/elmawkie.dz\/fr\/#organization","name":"EL MAWKIE","url":"https:\/\/elmawkie.dz\/fr\/","logo":{"@type":"ImageObject","inLanguage":"fr-FR","@id":"https:\/\/elmawkie.dz\/fr\/#\/schema\/logo\/image\/","url":"https:\/\/elmawkie.dz\/fr\/wp-content\/uploads\/2024\/05\/logo1.png","contentUrl":"https:\/\/elmawkie.dz\/fr\/wp-content\/uploads\/2024\/05\/logo1.png","width":1648,"height":652,"caption":"EL MAWKIE"},"image":{"@id":"https:\/\/elmawkie.dz\/fr\/#\/schema\/logo\/image\/"},"sameAs":["https:\/\/www.facebook.com\/profile.php?id=100088407094989&locale=fr_FR"]},{"@type":"Person","@id":"https:\/\/elmawkie.dz\/fr\/#\/schema\/person\/e7bd59d6467874ba5c4723d8a9f0a63c","name":"R\u00e9daction","image":{"@type":"ImageObject","inLanguage":"fr-FR","@id":"https:\/\/elmawkie.dz\/fr\/#\/schema\/person\/image\/","url":"https:\/\/secure.gravatar.com\/avatar\/f0f773456344da4d2788c054a3d30a0c?s=96&d=mm&r=g","contentUrl":"https:\/\/secure.gravatar.com\/avatar\/f0f773456344da4d2788c054a3d30a0c?s=96&d=mm&r=g","caption":"R\u00e9daction"},"url":"https:\/\/elmawkie.dz\/fr\/author\/redaction\/"}]}},"_links":{"self":[{"href":"https:\/\/elmawkie.dz\/fr\/wp-json\/wp\/v2\/posts\/67850","targetHints":{"allow":["GET"]}}],"collection":[{"href":"https:\/\/elmawkie.dz\/fr\/wp-json\/wp\/v2\/posts"}],"about":[{"href":"https:\/\/elmawkie.dz\/fr\/wp-json\/wp\/v2\/types\/post"}],"author":[{"embeddable":true,"href":"https:\/\/elmawkie.dz\/fr\/wp-json\/wp\/v2\/users\/9"}],"replies":[{"embeddable":true,"href":"https:\/\/elmawkie.dz\/fr\/wp-json\/wp\/v2\/comments?post=67850"}],"version-history":[{"count":1,"href":"https:\/\/elmawkie.dz\/fr\/wp-json\/wp\/v2\/posts\/67850\/revisions"}],"predecessor-version":[{"id":67853,"href":"https:\/\/elmawkie.dz\/fr\/wp-json\/wp\/v2\/posts\/67850\/revisions\/67853"}],"wp:featuredmedia":[{"embeddable":true,"href":"https:\/\/elmawkie.dz\/fr\/wp-json\/wp\/v2\/media\/67852"}],"wp:attachment":[{"href":"https:\/\/elmawkie.dz\/fr\/wp-json\/wp\/v2\/media?parent=67850"}],"wp:term":[{"taxonomy":"category","embeddable":true,"href":"https:\/\/elmawkie.dz\/fr\/wp-json\/wp\/v2\/categories?post=67850"},{"taxonomy":"post_tag","embeddable":true,"href":"https:\/\/elmawkie.dz\/fr\/wp-json\/wp\/v2\/tags?post=67850"}],"curies":[{"name":"wp","href":"https:\/\/api.w.org\/{rel}","templated":true}]}}