{"id":67846,"date":"2026-08-30T20:12:33","date_gmt":"2026-08-30T19:12:33","guid":{"rendered":"https:\/\/elmawkie.dz\/fr\/?p=67846"},"modified":"2026-08-30T20:12:33","modified_gmt":"2026-08-30T19:12:33","slug":"jm-tarente-2026-athletisme-saut-en-longueur-lalgerien-tarek-hocine-en-bronze","status":"publish","type":"post","link":"https:\/\/elmawkie.dz\/fr\/jm-tarente-2026-athletisme-saut-en-longueur-lalgerien-tarek-hocine-en-bronze\/","title":{"rendered":"JM Tarente-2026 \/ Athl\u00e9tisme &#8211; Saut en longueur : l&rsquo;Alg\u00e9rien Tarek Hocine en bronze"},"content":{"rendered":"\n<p><strong>L&rsquo;athl\u00e8te alg\u00e9rien Tarek Hocine a d\u00e9croch\u00e9 une m\u00e9daille de bronze aux Jeux m\u00e9diterran\u00e9ens-2026 (JM-2026) actuellement en cours \u00e0 Tarente (Italie), apr\u00e8s sa troisi\u00e8me place au concours du saut en longueur, obtenue dimanche soir avec un bond mesur\u00e9 \u00e0 8,03 m\u00e8tres, r\u00e9alis\u00e9 d\u00e8s son premier essai et consid\u00e9r\u00e9 comme un nouveau record personnel pour lui.<\/strong><\/p>\n\n\n\n<p>C&rsquo;est l&rsquo;Italien Francesco Ettore Inzoli qui l&rsquo;a emport\u00e9, avec un bond \u00e0 8,19 m\u00e8tres, qui l&rsquo;a plac\u00e9 devant le Croate Filip Pravdica, deuxi\u00e8me, avec un bond \u00e0 8,14 m\u00e8tres.<\/p>\n\n\n\n<p>Un peu plus t\u00f4t, les Alg\u00e9riens Djamel Sedjati et Slimane Moula s&rsquo;\u00e9taient qualifi\u00e9s pour la finale du 800 m\u00e8tres, en r\u00e9ussissant de bons chronos dans leurs s\u00e9ries respectives.<\/p>\n\n\n\n<p>Sedjati a \u00e9t\u00e9 le premier \u00e0 faire son entr\u00e9e en lice dans la comp\u00e9tition et a termin\u00e9 en t\u00eate de sa s\u00e9rie, avec un chrono de 1:46.25, devan\u00e7ant le Croate Marino Bloudek, deuxi\u00e8me en 1:46.33.<\/p>\n\n\n\n<p>Dix minutes plus tard, c&rsquo;\u00e9tait au tour de Slimane Moula de concourir. Il a pris la deuxi\u00e8me place de sa s\u00e9rie, avec un chrono de 1:46.78, terminant ainsi derri\u00e8re l&rsquo;Espagnol David Barroso Bravo, vainqueur en 1:46.59.<\/p>\n","protected":false},"excerpt":{"rendered":"<p>L&rsquo;athl\u00e8te alg\u00e9rien Tarek Hocine a d\u00e9croch\u00e9 une m\u00e9daille de bronze aux Jeux m\u00e9diterran\u00e9ens-2026 (JM-2026) actuellement en cours \u00e0 Tarente (Italie), apr\u00e8s sa troisi\u00e8me place au concours du saut en longueur, obtenue dimanche soir avec un bond mesur\u00e9 \u00e0 8,03 m\u00e8tres, r\u00e9alis\u00e9 d\u00e8s son premier essai et consid\u00e9r\u00e9 comme un nouveau record personnel pour lui. C&rsquo;est &hellip;<\/p>\n","protected":false},"author":9,"featured_media":67848,"comment_status":"open","ping_status":"open","sticky":false,"template":"","format":"standard","meta":{"footnotes":""},"categories":[57],"tags":[],"class_list":["post-67846","post","type-post","status-publish","format-standard","has-post-thumbnail","hentry","category-sport"],"yoast_head":"<!-- This site is optimized with the Yoast SEO Premium plugin v22.6 (Yoast SEO v22.6) - https:\/\/yoast.com\/wordpress\/plugins\/seo\/ -->\n<title>JM Tarente-2026 \/ Athl\u00e9tisme - Saut en longueur : l&#039;Alg\u00e9rien Tarek Hocine en bronze - El Mawkie<\/title>\n<meta name=\"robots\" content=\"index, follow, max-snippet:-1, max-image-preview:large, max-video-preview:-1\" \/>\n<link rel=\"canonical\" href=\"https:\/\/elmawkie.dz\/fr\/jm-tarente-2026-athletisme-saut-en-longueur-lalgerien-tarek-hocine-en-bronze\/\" \/>\n<meta property=\"og:locale\" content=\"fr_FR\" \/>\n<meta property=\"og:type\" content=\"article\" \/>\n<meta property=\"og:title\" content=\"JM Tarente-2026 \/ Athl\u00e9tisme - Saut en longueur : l&#039;Alg\u00e9rien Tarek Hocine en bronze\" \/>\n<meta property=\"og:description\" content=\"L&rsquo;athl\u00e8te alg\u00e9rien Tarek Hocine a d\u00e9croch\u00e9 une m\u00e9daille de bronze aux Jeux m\u00e9diterran\u00e9ens-2026 (JM-2026) actuellement en cours \u00e0 Tarente (Italie), apr\u00e8s sa troisi\u00e8me place au concours du saut en longueur, obtenue dimanche soir avec un bond mesur\u00e9 \u00e0 8,03 m\u00e8tres, r\u00e9alis\u00e9 d\u00e8s son premier essai et consid\u00e9r\u00e9 comme un nouveau record personnel pour lui. C&rsquo;est &hellip;\" \/>\n<meta property=\"og:url\" content=\"https:\/\/elmawkie.dz\/fr\/jm-tarente-2026-athletisme-saut-en-longueur-lalgerien-tarek-hocine-en-bronze\/\" \/>\n<meta property=\"og:site_name\" content=\"El Mawkie\" \/>\n<meta property=\"article:publisher\" content=\"https:\/\/www.facebook.com\/profile.php?id=100088407094989&amp;locale=fr_FR\" \/>\n<meta property=\"article:published_time\" content=\"2026-08-30T19:12:33+00:00\" \/>\n<meta property=\"og:image\" content=\"https:\/\/elmawkie.dz\/fr\/wp-content\/uploads\/2026\/08\/IMG_9972.jpeg\" \/>\n\t<meta property=\"og:image:width\" content=\"296\" \/>\n\t<meta property=\"og:image:height\" content=\"198\" \/>\n\t<meta property=\"og:image:type\" content=\"image\/jpeg\" \/>\n<meta name=\"author\" content=\"R\u00e9daction\" \/>\n<meta name=\"twitter:card\" content=\"summary_large_image\" \/>\n<meta name=\"twitter:label1\" content=\"Written by\" \/>\n\t<meta name=\"twitter:data1\" content=\"R\u00e9daction\" \/>\n\t<meta name=\"twitter:label2\" content=\"Est. reading time\" \/>\n\t<meta name=\"twitter:data2\" content=\"2 minutes\" \/>\n<script type=\"application\/ld+json\" class=\"yoast-schema-graph\">{\"@context\":\"https:\/\/schema.org\",\"@graph\":[{\"@type\":\"Article\",\"@id\":\"https:\/\/elmawkie.dz\/fr\/jm-tarente-2026-athletisme-saut-en-longueur-lalgerien-tarek-hocine-en-bronze\/#article\",\"isPartOf\":{\"@id\":\"https:\/\/elmawkie.dz\/fr\/jm-tarente-2026-athletisme-saut-en-longueur-lalgerien-tarek-hocine-en-bronze\/\"},\"author\":{\"name\":\"R\u00e9daction\",\"@id\":\"https:\/\/elmawkie.dz\/fr\/#\/schema\/person\/e7bd59d6467874ba5c4723d8a9f0a63c\"},\"headline\":\"JM Tarente-2026 \/ Athl\u00e9tisme &#8211; Saut en longueur : l&rsquo;Alg\u00e9rien Tarek Hocine en bronze\",\"datePublished\":\"2026-08-30T19:12:33+00:00\",\"dateModified\":\"2026-08-30T19:12:33+00:00\",\"mainEntityOfPage\":{\"@id\":\"https:\/\/elmawkie.dz\/fr\/jm-tarente-2026-athletisme-saut-en-longueur-lalgerien-tarek-hocine-en-bronze\/\"},\"wordCount\":222,\"commentCount\":0,\"publisher\":{\"@id\":\"https:\/\/elmawkie.dz\/fr\/#organization\"},\"image\":{\"@id\":\"https:\/\/elmawkie.dz\/fr\/jm-tarente-2026-athletisme-saut-en-longueur-lalgerien-tarek-hocine-en-bronze\/#primaryimage\"},\"thumbnailUrl\":\"https:\/\/elmawkie.dz\/fr\/wp-content\/uploads\/2026\/08\/IMG_9972.jpeg\",\"articleSection\":[\"Sport\"],\"inLanguage\":\"fr-FR\",\"potentialAction\":[{\"@type\":\"CommentAction\",\"name\":\"Comment\",\"target\":[\"https:\/\/elmawkie.dz\/fr\/jm-tarente-2026-athletisme-saut-en-longueur-lalgerien-tarek-hocine-en-bronze\/#respond\"]}]},{\"@type\":\"WebPage\",\"@id\":\"https:\/\/elmawkie.dz\/fr\/jm-tarente-2026-athletisme-saut-en-longueur-lalgerien-tarek-hocine-en-bronze\/\",\"url\":\"https:\/\/elmawkie.dz\/fr\/jm-tarente-2026-athletisme-saut-en-longueur-lalgerien-tarek-hocine-en-bronze\/\",\"name\":\"JM Tarente-2026 \/ Athl\u00e9tisme - Saut en longueur : l'Alg\u00e9rien Tarek Hocine en bronze - El Mawkie\",\"isPartOf\":{\"@id\":\"https:\/\/elmawkie.dz\/fr\/#website\"},\"primaryImageOfPage\":{\"@id\":\"https:\/\/elmawkie.dz\/fr\/jm-tarente-2026-athletisme-saut-en-longueur-lalgerien-tarek-hocine-en-bronze\/#primaryimage\"},\"image\":{\"@id\":\"https:\/\/elmawkie.dz\/fr\/jm-tarente-2026-athletisme-saut-en-longueur-lalgerien-tarek-hocine-en-bronze\/#primaryimage\"},\"thumbnailUrl\":\"https:\/\/elmawkie.dz\/fr\/wp-content\/uploads\/2026\/08\/IMG_9972.jpeg\",\"datePublished\":\"2026-08-30T19:12:33+00:00\",\"dateModified\":\"2026-08-30T19:12:33+00:00\",\"breadcrumb\":{\"@id\":\"https:\/\/elmawkie.dz\/fr\/jm-tarente-2026-athletisme-saut-en-longueur-lalgerien-tarek-hocine-en-bronze\/#breadcrumb\"},\"inLanguage\":\"fr-FR\",\"potentialAction\":[{\"@type\":\"ReadAction\",\"target\":[\"https:\/\/elmawkie.dz\/fr\/jm-tarente-2026-athletisme-saut-en-longueur-lalgerien-tarek-hocine-en-bronze\/\"]}]},{\"@type\":\"ImageObject\",\"inLanguage\":\"fr-FR\",\"@id\":\"https:\/\/elmawkie.dz\/fr\/jm-tarente-2026-athletisme-saut-en-longueur-lalgerien-tarek-hocine-en-bronze\/#primaryimage\",\"url\":\"https:\/\/elmawkie.dz\/fr\/wp-content\/uploads\/2026\/08\/IMG_9972.jpeg\",\"contentUrl\":\"https:\/\/elmawkie.dz\/fr\/wp-content\/uploads\/2026\/08\/IMG_9972.jpeg\",\"width\":296,\"height\":198},{\"@type\":\"BreadcrumbList\",\"@id\":\"https:\/\/elmawkie.dz\/fr\/jm-tarente-2026-athletisme-saut-en-longueur-lalgerien-tarek-hocine-en-bronze\/#breadcrumb\",\"itemListElement\":[{\"@type\":\"ListItem\",\"position\":1,\"name\":\"Home\",\"item\":\"https:\/\/elmawkie.dz\/fr\/\"},{\"@type\":\"ListItem\",\"position\":2,\"name\":\"JM Tarente-2026 \/ Athl\u00e9tisme &#8211; Saut en longueur : l&rsquo;Alg\u00e9rien Tarek Hocine en bronze\"}]},{\"@type\":\"WebSite\",\"@id\":\"https:\/\/elmawkie.dz\/fr\/#website\",\"url\":\"https:\/\/elmawkie.dz\/fr\/\",\"name\":\"EL MAWKIE\",\"description\":\"Journal \u00c9lectronique Alg\u00e9rien\",\"publisher\":{\"@id\":\"https:\/\/elmawkie.dz\/fr\/#organization\"},\"potentialAction\":[{\"@type\":\"SearchAction\",\"target\":{\"@type\":\"EntryPoint\",\"urlTemplate\":\"https:\/\/elmawkie.dz\/fr\/?s={search_term_string}\"},\"query-input\":\"required name=search_term_string\"}],\"inLanguage\":\"fr-FR\"},{\"@type\":\"Organization\",\"@id\":\"https:\/\/elmawkie.dz\/fr\/#organization\",\"name\":\"EL MAWKIE\",\"url\":\"https:\/\/elmawkie.dz\/fr\/\",\"logo\":{\"@type\":\"ImageObject\",\"inLanguage\":\"fr-FR\",\"@id\":\"https:\/\/elmawkie.dz\/fr\/#\/schema\/logo\/image\/\",\"url\":\"https:\/\/elmawkie.dz\/fr\/wp-content\/uploads\/2024\/05\/logo1.png\",\"contentUrl\":\"https:\/\/elmawkie.dz\/fr\/wp-content\/uploads\/2024\/05\/logo1.png\",\"width\":1648,\"height\":652,\"caption\":\"EL MAWKIE\"},\"image\":{\"@id\":\"https:\/\/elmawkie.dz\/fr\/#\/schema\/logo\/image\/\"},\"sameAs\":[\"https:\/\/www.facebook.com\/profile.php?id=100088407094989&locale=fr_FR\"]},{\"@type\":\"Person\",\"@id\":\"https:\/\/elmawkie.dz\/fr\/#\/schema\/person\/e7bd59d6467874ba5c4723d8a9f0a63c\",\"name\":\"R\u00e9daction\",\"image\":{\"@type\":\"ImageObject\",\"inLanguage\":\"fr-FR\",\"@id\":\"https:\/\/elmawkie.dz\/fr\/#\/schema\/person\/image\/\",\"url\":\"https:\/\/secure.gravatar.com\/avatar\/f0f773456344da4d2788c054a3d30a0c?s=96&d=mm&r=g\",\"contentUrl\":\"https:\/\/secure.gravatar.com\/avatar\/f0f773456344da4d2788c054a3d30a0c?s=96&d=mm&r=g\",\"caption\":\"R\u00e9daction\"},\"url\":\"https:\/\/elmawkie.dz\/fr\/author\/redaction\/\"}]}<\/script>\n<!-- \/ Yoast SEO Premium plugin. -->","yoast_head_json":{"title":"JM Tarente-2026 \/ Athl\u00e9tisme - Saut en longueur : l'Alg\u00e9rien Tarek Hocine en bronze - El Mawkie","robots":{"index":"index","follow":"follow","max-snippet":"max-snippet:-1","max-image-preview":"max-image-preview:large","max-video-preview":"max-video-preview:-1"},"canonical":"https:\/\/elmawkie.dz\/fr\/jm-tarente-2026-athletisme-saut-en-longueur-lalgerien-tarek-hocine-en-bronze\/","og_locale":"fr_FR","og_type":"article","og_title":"JM Tarente-2026 \/ Athl\u00e9tisme - Saut en longueur : l'Alg\u00e9rien Tarek Hocine en bronze","og_description":"L&rsquo;athl\u00e8te alg\u00e9rien Tarek Hocine a d\u00e9croch\u00e9 une m\u00e9daille de bronze aux Jeux m\u00e9diterran\u00e9ens-2026 (JM-2026) actuellement en cours \u00e0 Tarente (Italie), apr\u00e8s sa troisi\u00e8me place au concours du saut en longueur, obtenue dimanche soir avec un bond mesur\u00e9 \u00e0 8,03 m\u00e8tres, r\u00e9alis\u00e9 d\u00e8s son premier essai et consid\u00e9r\u00e9 comme un nouveau record personnel pour lui. C&rsquo;est &hellip;","og_url":"https:\/\/elmawkie.dz\/fr\/jm-tarente-2026-athletisme-saut-en-longueur-lalgerien-tarek-hocine-en-bronze\/","og_site_name":"El Mawkie","article_publisher":"https:\/\/www.facebook.com\/profile.php?id=100088407094989&locale=fr_FR","article_published_time":"2026-08-30T19:12:33+00:00","og_image":[{"width":296,"height":198,"url":"https:\/\/elmawkie.dz\/fr\/wp-content\/uploads\/2026\/08\/IMG_9972.jpeg","type":"image\/jpeg"}],"author":"R\u00e9daction","twitter_card":"summary_large_image","twitter_misc":{"Written by":"R\u00e9daction","Est. reading time":"2 minutes"},"schema":{"@context":"https:\/\/schema.org","@graph":[{"@type":"Article","@id":"https:\/\/elmawkie.dz\/fr\/jm-tarente-2026-athletisme-saut-en-longueur-lalgerien-tarek-hocine-en-bronze\/#article","isPartOf":{"@id":"https:\/\/elmawkie.dz\/fr\/jm-tarente-2026-athletisme-saut-en-longueur-lalgerien-tarek-hocine-en-bronze\/"},"author":{"name":"R\u00e9daction","@id":"https:\/\/elmawkie.dz\/fr\/#\/schema\/person\/e7bd59d6467874ba5c4723d8a9f0a63c"},"headline":"JM Tarente-2026 \/ Athl\u00e9tisme &#8211; Saut en longueur : l&rsquo;Alg\u00e9rien Tarek Hocine en bronze","datePublished":"2026-08-30T19:12:33+00:00","dateModified":"2026-08-30T19:12:33+00:00","mainEntityOfPage":{"@id":"https:\/\/elmawkie.dz\/fr\/jm-tarente-2026-athletisme-saut-en-longueur-lalgerien-tarek-hocine-en-bronze\/"},"wordCount":222,"commentCount":0,"publisher":{"@id":"https:\/\/elmawkie.dz\/fr\/#organization"},"image":{"@id":"https:\/\/elmawkie.dz\/fr\/jm-tarente-2026-athletisme-saut-en-longueur-lalgerien-tarek-hocine-en-bronze\/#primaryimage"},"thumbnailUrl":"https:\/\/elmawkie.dz\/fr\/wp-content\/uploads\/2026\/08\/IMG_9972.jpeg","articleSection":["Sport"],"inLanguage":"fr-FR","potentialAction":[{"@type":"CommentAction","name":"Comment","target":["https:\/\/elmawkie.dz\/fr\/jm-tarente-2026-athletisme-saut-en-longueur-lalgerien-tarek-hocine-en-bronze\/#respond"]}]},{"@type":"WebPage","@id":"https:\/\/elmawkie.dz\/fr\/jm-tarente-2026-athletisme-saut-en-longueur-lalgerien-tarek-hocine-en-bronze\/","url":"https:\/\/elmawkie.dz\/fr\/jm-tarente-2026-athletisme-saut-en-longueur-lalgerien-tarek-hocine-en-bronze\/","name":"JM Tarente-2026 \/ Athl\u00e9tisme - Saut en longueur : l'Alg\u00e9rien Tarek Hocine en bronze - El Mawkie","isPartOf":{"@id":"https:\/\/elmawkie.dz\/fr\/#website"},"primaryImageOfPage":{"@id":"https:\/\/elmawkie.dz\/fr\/jm-tarente-2026-athletisme-saut-en-longueur-lalgerien-tarek-hocine-en-bronze\/#primaryimage"},"image":{"@id":"https:\/\/elmawkie.dz\/fr\/jm-tarente-2026-athletisme-saut-en-longueur-lalgerien-tarek-hocine-en-bronze\/#primaryimage"},"thumbnailUrl":"https:\/\/elmawkie.dz\/fr\/wp-content\/uploads\/2026\/08\/IMG_9972.jpeg","datePublished":"2026-08-30T19:12:33+00:00","dateModified":"2026-08-30T19:12:33+00:00","breadcrumb":{"@id":"https:\/\/elmawkie.dz\/fr\/jm-tarente-2026-athletisme-saut-en-longueur-lalgerien-tarek-hocine-en-bronze\/#breadcrumb"},"inLanguage":"fr-FR","potentialAction":[{"@type":"ReadAction","target":["https:\/\/elmawkie.dz\/fr\/jm-tarente-2026-athletisme-saut-en-longueur-lalgerien-tarek-hocine-en-bronze\/"]}]},{"@type":"ImageObject","inLanguage":"fr-FR","@id":"https:\/\/elmawkie.dz\/fr\/jm-tarente-2026-athletisme-saut-en-longueur-lalgerien-tarek-hocine-en-bronze\/#primaryimage","url":"https:\/\/elmawkie.dz\/fr\/wp-content\/uploads\/2026\/08\/IMG_9972.jpeg","contentUrl":"https:\/\/elmawkie.dz\/fr\/wp-content\/uploads\/2026\/08\/IMG_9972.jpeg","width":296,"height":198},{"@type":"BreadcrumbList","@id":"https:\/\/elmawkie.dz\/fr\/jm-tarente-2026-athletisme-saut-en-longueur-lalgerien-tarek-hocine-en-bronze\/#breadcrumb","itemListElement":[{"@type":"ListItem","position":1,"name":"Home","item":"https:\/\/elmawkie.dz\/fr\/"},{"@type":"ListItem","position":2,"name":"JM Tarente-2026 \/ Athl\u00e9tisme &#8211; Saut en longueur : l&rsquo;Alg\u00e9rien Tarek Hocine en bronze"}]},{"@type":"WebSite","@id":"https:\/\/elmawkie.dz\/fr\/#website","url":"https:\/\/elmawkie.dz\/fr\/","name":"EL MAWKIE","description":"Journal \u00c9lectronique Alg\u00e9rien","publisher":{"@id":"https:\/\/elmawkie.dz\/fr\/#organization"},"potentialAction":[{"@type":"SearchAction","target":{"@type":"EntryPoint","urlTemplate":"https:\/\/elmawkie.dz\/fr\/?s={search_term_string}"},"query-input":"required name=search_term_string"}],"inLanguage":"fr-FR"},{"@type":"Organization","@id":"https:\/\/elmawkie.dz\/fr\/#organization","name":"EL MAWKIE","url":"https:\/\/elmawkie.dz\/fr\/","logo":{"@type":"ImageObject","inLanguage":"fr-FR","@id":"https:\/\/elmawkie.dz\/fr\/#\/schema\/logo\/image\/","url":"https:\/\/elmawkie.dz\/fr\/wp-content\/uploads\/2024\/05\/logo1.png","contentUrl":"https:\/\/elmawkie.dz\/fr\/wp-content\/uploads\/2024\/05\/logo1.png","width":1648,"height":652,"caption":"EL MAWKIE"},"image":{"@id":"https:\/\/elmawkie.dz\/fr\/#\/schema\/logo\/image\/"},"sameAs":["https:\/\/www.facebook.com\/profile.php?id=100088407094989&locale=fr_FR"]},{"@type":"Person","@id":"https:\/\/elmawkie.dz\/fr\/#\/schema\/person\/e7bd59d6467874ba5c4723d8a9f0a63c","name":"R\u00e9daction","image":{"@type":"ImageObject","inLanguage":"fr-FR","@id":"https:\/\/elmawkie.dz\/fr\/#\/schema\/person\/image\/","url":"https:\/\/secure.gravatar.com\/avatar\/f0f773456344da4d2788c054a3d30a0c?s=96&d=mm&r=g","contentUrl":"https:\/\/secure.gravatar.com\/avatar\/f0f773456344da4d2788c054a3d30a0c?s=96&d=mm&r=g","caption":"R\u00e9daction"},"url":"https:\/\/elmawkie.dz\/fr\/author\/redaction\/"}]}},"_links":{"self":[{"href":"https:\/\/elmawkie.dz\/fr\/wp-json\/wp\/v2\/posts\/67846","targetHints":{"allow":["GET"]}}],"collection":[{"href":"https:\/\/elmawkie.dz\/fr\/wp-json\/wp\/v2\/posts"}],"about":[{"href":"https:\/\/elmawkie.dz\/fr\/wp-json\/wp\/v2\/types\/post"}],"author":[{"embeddable":true,"href":"https:\/\/elmawkie.dz\/fr\/wp-json\/wp\/v2\/users\/9"}],"replies":[{"embeddable":true,"href":"https:\/\/elmawkie.dz\/fr\/wp-json\/wp\/v2\/comments?post=67846"}],"version-history":[{"count":1,"href":"https:\/\/elmawkie.dz\/fr\/wp-json\/wp\/v2\/posts\/67846\/revisions"}],"predecessor-version":[{"id":67849,"href":"https:\/\/elmawkie.dz\/fr\/wp-json\/wp\/v2\/posts\/67846\/revisions\/67849"}],"wp:featuredmedia":[{"embeddable":true,"href":"https:\/\/elmawkie.dz\/fr\/wp-json\/wp\/v2\/media\/67848"}],"wp:attachment":[{"href":"https:\/\/elmawkie.dz\/fr\/wp-json\/wp\/v2\/media?parent=67846"}],"wp:term":[{"taxonomy":"category","embeddable":true,"href":"https:\/\/elmawkie.dz\/fr\/wp-json\/wp\/v2\/categories?post=67846"},{"taxonomy":"post_tag","embeddable":true,"href":"https:\/\/elmawkie.dz\/fr\/wp-json\/wp\/v2\/tags?post=67846"}],"curies":[{"name":"wp","href":"https:\/\/api.w.org\/{rel}","templated":true}]}}