{"id":67842,"date":"2026-08-30T17:54:08","date_gmt":"2026-08-30T16:54:08","guid":{"rendered":"https:\/\/elmawkie.dz\/fr\/?p=67842"},"modified":"2026-08-30T17:54:09","modified_gmt":"2026-08-30T16:54:09","slug":"blida-plus-de-70-kg-de-kif-traite-saisis-et-un-reseau-criminel-demantele","status":"publish","type":"post","link":"https:\/\/elmawkie.dz\/fr\/blida-plus-de-70-kg-de-kif-traite-saisis-et-un-reseau-criminel-demantele\/","title":{"rendered":"Blida : plus de 70 kg de kif trait\u00e9 saisis et un r\u00e9seau criminel d\u00e9mantel\u00e9"},"content":{"rendered":"\n<p><strong>La Brigade de recherche et d\u2019intervention (BRI) de la S\u00fbret\u00e9 de wilaya de Blida a d\u00e9mantel\u00e9 un r\u00e9seau criminel organis\u00e9 transnational et saisi plus de 70 kilogrammes de kif trait\u00e9 en provenance du Maroc, dans le cadre de la poursuite des efforts op\u00e9rationnels de lutte contre le trafic illicite de stup\u00e9fiants, a indiqu\u00e9 dimanche un communiqu\u00e9 de la Direction g\u00e9n\u00e9rale de la S\u00fbret\u00e9 nationale (DGSN).<\/strong><\/p>\n\n\n\n<p>Les investigations men\u00e9es par les enqu\u00eateurs de la brigade ont permis de \u00ab\u00a0mettre au jour l\u2019activit\u00e9 criminelle de ce r\u00e9seau organis\u00e9, qui s\u2019\u00e9tend des fronti\u00e8res ouest du pays vers les wilayas du Centre\u00a0\u00bb, selon la m\u00eame source, ajoutant que \u00ab\u00a0des interventions men\u00e9es \u00e0 Blida et Tlemcen, en coordination avec le parquet comp\u00e9tent, ont abouti \u00e0 l\u2019arrestation de 5 membres du r\u00e9seau et \u00e0 la r\u00e9cup\u00e9ration de 2 v\u00e9hicules de tourisme utilis\u00e9s dans cette activit\u00e9 criminelle\u00a0\u00bb.<\/p>\n\n\n\n<p>Les mis en cause ont \u00e9t\u00e9 pr\u00e9sent\u00e9s devant le procureur de la R\u00e9publique pr\u00e8s le tribunal de Blida, conclut le communiqu\u00e9.<\/p>\n","protected":false},"excerpt":{"rendered":"<p>La Brigade de recherche et d\u2019intervention (BRI) de la S\u00fbret\u00e9 de wilaya de Blida a d\u00e9mantel\u00e9 un r\u00e9seau criminel organis\u00e9 transnational et saisi plus de 70 kilogrammes de kif trait\u00e9 en provenance du Maroc, dans le cadre de la poursuite des efforts op\u00e9rationnels de lutte contre le trafic illicite de stup\u00e9fiants, a indiqu\u00e9 dimanche un &hellip;<\/p>\n","protected":false},"author":9,"featured_media":67844,"comment_status":"open","ping_status":"open","sticky":false,"template":"","format":"standard","meta":{"footnotes":""},"categories":[51],"tags":[6761,397,979],"class_list":["post-67842","post","type-post","status-publish","format-standard","has-post-thumbnail","hentry","category-societe","tag-70-kg","tag-blida","tag-kif-traite"],"yoast_head":"<!-- This site is optimized with the Yoast SEO Premium plugin v22.6 (Yoast SEO v22.6) - https:\/\/yoast.com\/wordpress\/plugins\/seo\/ -->\n<title>Blida : plus de 70 kg de kif trait\u00e9 saisis et un r\u00e9seau criminel d\u00e9mantel\u00e9 - El Mawkie<\/title>\n<meta name=\"robots\" content=\"index, follow, max-snippet:-1, max-image-preview:large, max-video-preview:-1\" \/>\n<link rel=\"canonical\" href=\"https:\/\/elmawkie.dz\/fr\/blida-plus-de-70-kg-de-kif-traite-saisis-et-un-reseau-criminel-demantele\/\" \/>\n<meta property=\"og:locale\" content=\"fr_FR\" \/>\n<meta property=\"og:type\" content=\"article\" \/>\n<meta property=\"og:title\" content=\"Blida : plus de 70 kg de kif trait\u00e9 saisis et un r\u00e9seau criminel d\u00e9mantel\u00e9\" \/>\n<meta property=\"og:description\" content=\"La Brigade de recherche et d\u2019intervention (BRI) de la S\u00fbret\u00e9 de wilaya de Blida a d\u00e9mantel\u00e9 un r\u00e9seau criminel organis\u00e9 transnational et saisi plus de 70 kilogrammes de kif trait\u00e9 en provenance du Maroc, dans le cadre de la poursuite des efforts op\u00e9rationnels de lutte contre le trafic illicite de stup\u00e9fiants, a indiqu\u00e9 dimanche un &hellip;\" \/>\n<meta property=\"og:url\" content=\"https:\/\/elmawkie.dz\/fr\/blida-plus-de-70-kg-de-kif-traite-saisis-et-un-reseau-criminel-demantele\/\" \/>\n<meta property=\"og:site_name\" content=\"El Mawkie\" \/>\n<meta property=\"article:publisher\" content=\"https:\/\/www.facebook.com\/profile.php?id=100088407094989&amp;locale=fr_FR\" \/>\n<meta property=\"article:published_time\" content=\"2026-08-30T16:54:08+00:00\" \/>\n<meta property=\"article:modified_time\" content=\"2026-08-30T16:54:09+00:00\" \/>\n<meta property=\"og:image\" content=\"https:\/\/elmawkie.dz\/fr\/wp-content\/uploads\/2026\/08\/IMG_9948.jpeg\" \/>\n\t<meta property=\"og:image:width\" content=\"2048\" \/>\n\t<meta property=\"og:image:height\" content=\"1365\" \/>\n\t<meta property=\"og:image:type\" content=\"image\/jpeg\" \/>\n<meta name=\"author\" content=\"R\u00e9daction\" \/>\n<meta name=\"twitter:card\" content=\"summary_large_image\" \/>\n<meta name=\"twitter:label1\" content=\"Written by\" \/>\n\t<meta name=\"twitter:data1\" content=\"R\u00e9daction\" \/>\n\t<meta name=\"twitter:label2\" content=\"Est. reading time\" \/>\n\t<meta name=\"twitter:data2\" content=\"2 minutes\" \/>\n<script type=\"application\/ld+json\" class=\"yoast-schema-graph\">{\"@context\":\"https:\/\/schema.org\",\"@graph\":[{\"@type\":\"Article\",\"@id\":\"https:\/\/elmawkie.dz\/fr\/blida-plus-de-70-kg-de-kif-traite-saisis-et-un-reseau-criminel-demantele\/#article\",\"isPartOf\":{\"@id\":\"https:\/\/elmawkie.dz\/fr\/blida-plus-de-70-kg-de-kif-traite-saisis-et-un-reseau-criminel-demantele\/\"},\"author\":{\"name\":\"R\u00e9daction\",\"@id\":\"https:\/\/elmawkie.dz\/fr\/#\/schema\/person\/e7bd59d6467874ba5c4723d8a9f0a63c\"},\"headline\":\"Blida : plus de 70 kg de kif trait\u00e9 saisis et un r\u00e9seau criminel d\u00e9mantel\u00e9\",\"datePublished\":\"2026-08-30T16:54:08+00:00\",\"dateModified\":\"2026-08-30T16:54:09+00:00\",\"mainEntityOfPage\":{\"@id\":\"https:\/\/elmawkie.dz\/fr\/blida-plus-de-70-kg-de-kif-traite-saisis-et-un-reseau-criminel-demantele\/\"},\"wordCount\":198,\"commentCount\":0,\"publisher\":{\"@id\":\"https:\/\/elmawkie.dz\/fr\/#organization\"},\"image\":{\"@id\":\"https:\/\/elmawkie.dz\/fr\/blida-plus-de-70-kg-de-kif-traite-saisis-et-un-reseau-criminel-demantele\/#primaryimage\"},\"thumbnailUrl\":\"https:\/\/elmawkie.dz\/fr\/wp-content\/uploads\/2026\/08\/IMG_9948.jpeg\",\"keywords\":[\"70 kg\",\"Blida\",\"kif trait\u00e9\"],\"articleSection\":[\"Soci\u00e9t\u00e9\"],\"inLanguage\":\"fr-FR\",\"potentialAction\":[{\"@type\":\"CommentAction\",\"name\":\"Comment\",\"target\":[\"https:\/\/elmawkie.dz\/fr\/blida-plus-de-70-kg-de-kif-traite-saisis-et-un-reseau-criminel-demantele\/#respond\"]}]},{\"@type\":\"WebPage\",\"@id\":\"https:\/\/elmawkie.dz\/fr\/blida-plus-de-70-kg-de-kif-traite-saisis-et-un-reseau-criminel-demantele\/\",\"url\":\"https:\/\/elmawkie.dz\/fr\/blida-plus-de-70-kg-de-kif-traite-saisis-et-un-reseau-criminel-demantele\/\",\"name\":\"Blida : plus de 70 kg de kif trait\u00e9 saisis et un r\u00e9seau criminel d\u00e9mantel\u00e9 - El Mawkie\",\"isPartOf\":{\"@id\":\"https:\/\/elmawkie.dz\/fr\/#website\"},\"primaryImageOfPage\":{\"@id\":\"https:\/\/elmawkie.dz\/fr\/blida-plus-de-70-kg-de-kif-traite-saisis-et-un-reseau-criminel-demantele\/#primaryimage\"},\"image\":{\"@id\":\"https:\/\/elmawkie.dz\/fr\/blida-plus-de-70-kg-de-kif-traite-saisis-et-un-reseau-criminel-demantele\/#primaryimage\"},\"thumbnailUrl\":\"https:\/\/elmawkie.dz\/fr\/wp-content\/uploads\/2026\/08\/IMG_9948.jpeg\",\"datePublished\":\"2026-08-30T16:54:08+00:00\",\"dateModified\":\"2026-08-30T16:54:09+00:00\",\"breadcrumb\":{\"@id\":\"https:\/\/elmawkie.dz\/fr\/blida-plus-de-70-kg-de-kif-traite-saisis-et-un-reseau-criminel-demantele\/#breadcrumb\"},\"inLanguage\":\"fr-FR\",\"potentialAction\":[{\"@type\":\"ReadAction\",\"target\":[\"https:\/\/elmawkie.dz\/fr\/blida-plus-de-70-kg-de-kif-traite-saisis-et-un-reseau-criminel-demantele\/\"]}]},{\"@type\":\"ImageObject\",\"inLanguage\":\"fr-FR\",\"@id\":\"https:\/\/elmawkie.dz\/fr\/blida-plus-de-70-kg-de-kif-traite-saisis-et-un-reseau-criminel-demantele\/#primaryimage\",\"url\":\"https:\/\/elmawkie.dz\/fr\/wp-content\/uploads\/2026\/08\/IMG_9948.jpeg\",\"contentUrl\":\"https:\/\/elmawkie.dz\/fr\/wp-content\/uploads\/2026\/08\/IMG_9948.jpeg\",\"width\":2048,\"height\":1365},{\"@type\":\"BreadcrumbList\",\"@id\":\"https:\/\/elmawkie.dz\/fr\/blida-plus-de-70-kg-de-kif-traite-saisis-et-un-reseau-criminel-demantele\/#breadcrumb\",\"itemListElement\":[{\"@type\":\"ListItem\",\"position\":1,\"name\":\"Home\",\"item\":\"https:\/\/elmawkie.dz\/fr\/\"},{\"@type\":\"ListItem\",\"position\":2,\"name\":\"Blida : plus de 70 kg de kif trait\u00e9 saisis et un r\u00e9seau criminel d\u00e9mantel\u00e9\"}]},{\"@type\":\"WebSite\",\"@id\":\"https:\/\/elmawkie.dz\/fr\/#website\",\"url\":\"https:\/\/elmawkie.dz\/fr\/\",\"name\":\"EL MAWKIE\",\"description\":\"Journal \u00c9lectronique Alg\u00e9rien\",\"publisher\":{\"@id\":\"https:\/\/elmawkie.dz\/fr\/#organization\"},\"potentialAction\":[{\"@type\":\"SearchAction\",\"target\":{\"@type\":\"EntryPoint\",\"urlTemplate\":\"https:\/\/elmawkie.dz\/fr\/?s={search_term_string}\"},\"query-input\":\"required name=search_term_string\"}],\"inLanguage\":\"fr-FR\"},{\"@type\":\"Organization\",\"@id\":\"https:\/\/elmawkie.dz\/fr\/#organization\",\"name\":\"EL MAWKIE\",\"url\":\"https:\/\/elmawkie.dz\/fr\/\",\"logo\":{\"@type\":\"ImageObject\",\"inLanguage\":\"fr-FR\",\"@id\":\"https:\/\/elmawkie.dz\/fr\/#\/schema\/logo\/image\/\",\"url\":\"https:\/\/elmawkie.dz\/fr\/wp-content\/uploads\/2024\/05\/logo1.png\",\"contentUrl\":\"https:\/\/elmawkie.dz\/fr\/wp-content\/uploads\/2024\/05\/logo1.png\",\"width\":1648,\"height\":652,\"caption\":\"EL MAWKIE\"},\"image\":{\"@id\":\"https:\/\/elmawkie.dz\/fr\/#\/schema\/logo\/image\/\"},\"sameAs\":[\"https:\/\/www.facebook.com\/profile.php?id=100088407094989&locale=fr_FR\"]},{\"@type\":\"Person\",\"@id\":\"https:\/\/elmawkie.dz\/fr\/#\/schema\/person\/e7bd59d6467874ba5c4723d8a9f0a63c\",\"name\":\"R\u00e9daction\",\"image\":{\"@type\":\"ImageObject\",\"inLanguage\":\"fr-FR\",\"@id\":\"https:\/\/elmawkie.dz\/fr\/#\/schema\/person\/image\/\",\"url\":\"https:\/\/secure.gravatar.com\/avatar\/f0f773456344da4d2788c054a3d30a0c?s=96&d=mm&r=g\",\"contentUrl\":\"https:\/\/secure.gravatar.com\/avatar\/f0f773456344da4d2788c054a3d30a0c?s=96&d=mm&r=g\",\"caption\":\"R\u00e9daction\"},\"url\":\"https:\/\/elmawkie.dz\/fr\/author\/redaction\/\"}]}<\/script>\n<!-- \/ Yoast SEO Premium plugin. -->","yoast_head_json":{"title":"Blida : plus de 70 kg de kif trait\u00e9 saisis et un r\u00e9seau criminel d\u00e9mantel\u00e9 - El Mawkie","robots":{"index":"index","follow":"follow","max-snippet":"max-snippet:-1","max-image-preview":"max-image-preview:large","max-video-preview":"max-video-preview:-1"},"canonical":"https:\/\/elmawkie.dz\/fr\/blida-plus-de-70-kg-de-kif-traite-saisis-et-un-reseau-criminel-demantele\/","og_locale":"fr_FR","og_type":"article","og_title":"Blida : plus de 70 kg de kif trait\u00e9 saisis et un r\u00e9seau criminel d\u00e9mantel\u00e9","og_description":"La Brigade de recherche et d\u2019intervention (BRI) de la S\u00fbret\u00e9 de wilaya de Blida a d\u00e9mantel\u00e9 un r\u00e9seau criminel organis\u00e9 transnational et saisi plus de 70 kilogrammes de kif trait\u00e9 en provenance du Maroc, dans le cadre de la poursuite des efforts op\u00e9rationnels de lutte contre le trafic illicite de stup\u00e9fiants, a indiqu\u00e9 dimanche un &hellip;","og_url":"https:\/\/elmawkie.dz\/fr\/blida-plus-de-70-kg-de-kif-traite-saisis-et-un-reseau-criminel-demantele\/","og_site_name":"El Mawkie","article_publisher":"https:\/\/www.facebook.com\/profile.php?id=100088407094989&locale=fr_FR","article_published_time":"2026-08-30T16:54:08+00:00","article_modified_time":"2026-08-30T16:54:09+00:00","og_image":[{"width":2048,"height":1365,"url":"https:\/\/elmawkie.dz\/fr\/wp-content\/uploads\/2026\/08\/IMG_9948.jpeg","type":"image\/jpeg"}],"author":"R\u00e9daction","twitter_card":"summary_large_image","twitter_misc":{"Written by":"R\u00e9daction","Est. reading time":"2 minutes"},"schema":{"@context":"https:\/\/schema.org","@graph":[{"@type":"Article","@id":"https:\/\/elmawkie.dz\/fr\/blida-plus-de-70-kg-de-kif-traite-saisis-et-un-reseau-criminel-demantele\/#article","isPartOf":{"@id":"https:\/\/elmawkie.dz\/fr\/blida-plus-de-70-kg-de-kif-traite-saisis-et-un-reseau-criminel-demantele\/"},"author":{"name":"R\u00e9daction","@id":"https:\/\/elmawkie.dz\/fr\/#\/schema\/person\/e7bd59d6467874ba5c4723d8a9f0a63c"},"headline":"Blida : plus de 70 kg de kif trait\u00e9 saisis et un r\u00e9seau criminel d\u00e9mantel\u00e9","datePublished":"2026-08-30T16:54:08+00:00","dateModified":"2026-08-30T16:54:09+00:00","mainEntityOfPage":{"@id":"https:\/\/elmawkie.dz\/fr\/blida-plus-de-70-kg-de-kif-traite-saisis-et-un-reseau-criminel-demantele\/"},"wordCount":198,"commentCount":0,"publisher":{"@id":"https:\/\/elmawkie.dz\/fr\/#organization"},"image":{"@id":"https:\/\/elmawkie.dz\/fr\/blida-plus-de-70-kg-de-kif-traite-saisis-et-un-reseau-criminel-demantele\/#primaryimage"},"thumbnailUrl":"https:\/\/elmawkie.dz\/fr\/wp-content\/uploads\/2026\/08\/IMG_9948.jpeg","keywords":["70 kg","Blida","kif trait\u00e9"],"articleSection":["Soci\u00e9t\u00e9"],"inLanguage":"fr-FR","potentialAction":[{"@type":"CommentAction","name":"Comment","target":["https:\/\/elmawkie.dz\/fr\/blida-plus-de-70-kg-de-kif-traite-saisis-et-un-reseau-criminel-demantele\/#respond"]}]},{"@type":"WebPage","@id":"https:\/\/elmawkie.dz\/fr\/blida-plus-de-70-kg-de-kif-traite-saisis-et-un-reseau-criminel-demantele\/","url":"https:\/\/elmawkie.dz\/fr\/blida-plus-de-70-kg-de-kif-traite-saisis-et-un-reseau-criminel-demantele\/","name":"Blida : plus de 70 kg de kif trait\u00e9 saisis et un r\u00e9seau criminel d\u00e9mantel\u00e9 - El Mawkie","isPartOf":{"@id":"https:\/\/elmawkie.dz\/fr\/#website"},"primaryImageOfPage":{"@id":"https:\/\/elmawkie.dz\/fr\/blida-plus-de-70-kg-de-kif-traite-saisis-et-un-reseau-criminel-demantele\/#primaryimage"},"image":{"@id":"https:\/\/elmawkie.dz\/fr\/blida-plus-de-70-kg-de-kif-traite-saisis-et-un-reseau-criminel-demantele\/#primaryimage"},"thumbnailUrl":"https:\/\/elmawkie.dz\/fr\/wp-content\/uploads\/2026\/08\/IMG_9948.jpeg","datePublished":"2026-08-30T16:54:08+00:00","dateModified":"2026-08-30T16:54:09+00:00","breadcrumb":{"@id":"https:\/\/elmawkie.dz\/fr\/blida-plus-de-70-kg-de-kif-traite-saisis-et-un-reseau-criminel-demantele\/#breadcrumb"},"inLanguage":"fr-FR","potentialAction":[{"@type":"ReadAction","target":["https:\/\/elmawkie.dz\/fr\/blida-plus-de-70-kg-de-kif-traite-saisis-et-un-reseau-criminel-demantele\/"]}]},{"@type":"ImageObject","inLanguage":"fr-FR","@id":"https:\/\/elmawkie.dz\/fr\/blida-plus-de-70-kg-de-kif-traite-saisis-et-un-reseau-criminel-demantele\/#primaryimage","url":"https:\/\/elmawkie.dz\/fr\/wp-content\/uploads\/2026\/08\/IMG_9948.jpeg","contentUrl":"https:\/\/elmawkie.dz\/fr\/wp-content\/uploads\/2026\/08\/IMG_9948.jpeg","width":2048,"height":1365},{"@type":"BreadcrumbList","@id":"https:\/\/elmawkie.dz\/fr\/blida-plus-de-70-kg-de-kif-traite-saisis-et-un-reseau-criminel-demantele\/#breadcrumb","itemListElement":[{"@type":"ListItem","position":1,"name":"Home","item":"https:\/\/elmawkie.dz\/fr\/"},{"@type":"ListItem","position":2,"name":"Blida : plus de 70 kg de kif trait\u00e9 saisis et un r\u00e9seau criminel d\u00e9mantel\u00e9"}]},{"@type":"WebSite","@id":"https:\/\/elmawkie.dz\/fr\/#website","url":"https:\/\/elmawkie.dz\/fr\/","name":"EL MAWKIE","description":"Journal \u00c9lectronique Alg\u00e9rien","publisher":{"@id":"https:\/\/elmawkie.dz\/fr\/#organization"},"potentialAction":[{"@type":"SearchAction","target":{"@type":"EntryPoint","urlTemplate":"https:\/\/elmawkie.dz\/fr\/?s={search_term_string}"},"query-input":"required name=search_term_string"}],"inLanguage":"fr-FR"},{"@type":"Organization","@id":"https:\/\/elmawkie.dz\/fr\/#organization","name":"EL MAWKIE","url":"https:\/\/elmawkie.dz\/fr\/","logo":{"@type":"ImageObject","inLanguage":"fr-FR","@id":"https:\/\/elmawkie.dz\/fr\/#\/schema\/logo\/image\/","url":"https:\/\/elmawkie.dz\/fr\/wp-content\/uploads\/2024\/05\/logo1.png","contentUrl":"https:\/\/elmawkie.dz\/fr\/wp-content\/uploads\/2024\/05\/logo1.png","width":1648,"height":652,"caption":"EL MAWKIE"},"image":{"@id":"https:\/\/elmawkie.dz\/fr\/#\/schema\/logo\/image\/"},"sameAs":["https:\/\/www.facebook.com\/profile.php?id=100088407094989&locale=fr_FR"]},{"@type":"Person","@id":"https:\/\/elmawkie.dz\/fr\/#\/schema\/person\/e7bd59d6467874ba5c4723d8a9f0a63c","name":"R\u00e9daction","image":{"@type":"ImageObject","inLanguage":"fr-FR","@id":"https:\/\/elmawkie.dz\/fr\/#\/schema\/person\/image\/","url":"https:\/\/secure.gravatar.com\/avatar\/f0f773456344da4d2788c054a3d30a0c?s=96&d=mm&r=g","contentUrl":"https:\/\/secure.gravatar.com\/avatar\/f0f773456344da4d2788c054a3d30a0c?s=96&d=mm&r=g","caption":"R\u00e9daction"},"url":"https:\/\/elmawkie.dz\/fr\/author\/redaction\/"}]}},"_links":{"self":[{"href":"https:\/\/elmawkie.dz\/fr\/wp-json\/wp\/v2\/posts\/67842","targetHints":{"allow":["GET"]}}],"collection":[{"href":"https:\/\/elmawkie.dz\/fr\/wp-json\/wp\/v2\/posts"}],"about":[{"href":"https:\/\/elmawkie.dz\/fr\/wp-json\/wp\/v2\/types\/post"}],"author":[{"embeddable":true,"href":"https:\/\/elmawkie.dz\/fr\/wp-json\/wp\/v2\/users\/9"}],"replies":[{"embeddable":true,"href":"https:\/\/elmawkie.dz\/fr\/wp-json\/wp\/v2\/comments?post=67842"}],"version-history":[{"count":1,"href":"https:\/\/elmawkie.dz\/fr\/wp-json\/wp\/v2\/posts\/67842\/revisions"}],"predecessor-version":[{"id":67845,"href":"https:\/\/elmawkie.dz\/fr\/wp-json\/wp\/v2\/posts\/67842\/revisions\/67845"}],"wp:featuredmedia":[{"embeddable":true,"href":"https:\/\/elmawkie.dz\/fr\/wp-json\/wp\/v2\/media\/67844"}],"wp:attachment":[{"href":"https:\/\/elmawkie.dz\/fr\/wp-json\/wp\/v2\/media?parent=67842"}],"wp:term":[{"taxonomy":"category","embeddable":true,"href":"https:\/\/elmawkie.dz\/fr\/wp-json\/wp\/v2\/categories?post=67842"},{"taxonomy":"post_tag","embeddable":true,"href":"https:\/\/elmawkie.dz\/fr\/wp-json\/wp\/v2\/tags?post=67842"}],"curies":[{"name":"wp","href":"https:\/\/api.w.org\/{rel}","templated":true}]}}