{"id":67838,"date":"2026-08-30T17:51:28","date_gmt":"2026-08-30T16:51:28","guid":{"rendered":"https:\/\/elmawkie.dz\/fr\/?p=67838"},"modified":"2026-08-30T17:51:28","modified_gmt":"2026-08-30T16:51:28","slug":"reprise-des-negociations-dadhesion-de-lislande-a-lue-528-des-islandais-disent-non","status":"publish","type":"post","link":"https:\/\/elmawkie.dz\/fr\/reprise-des-negociations-dadhesion-de-lislande-a-lue-528-des-islandais-disent-non\/","title":{"rendered":"Reprise des n\u00e9gociations d&rsquo;adh\u00e9sion de l&rsquo;Islande \u00e0 l&rsquo;UE: 52,8% des Islandais disent non"},"content":{"rendered":"\n<p><strong>Les Islandais ont rejet\u00e9 une reprise des n\u00e9gociations d&rsquo;adh\u00e9sion \u00e0 l&rsquo;Union europ\u00e9enne, selon les r\u00e9sultats d\u00e9finitifs d&rsquo;un r\u00e9f\u00e9rendum, publi\u00e9s dimanche.<\/strong><\/p>\n\n\n\n<p>A la question \u00ab\u00a0L&rsquo;Islande doit-elle rouvrir les n\u00e9gociations d&rsquo;adh\u00e9sion avec l&rsquo;Union europ\u00e9enne?\u00a0\u00bb, 52,8% des Islandais ont r\u00e9pondu \u00ab\u00a0non\u00a0\u00bb et 47,2% \u00ab\u00a0oui\u00a0\u00bb lors d&rsquo;une consultation qui s&rsquo;est tenue samedi, d&rsquo;apr\u00e8s le comptage officiel publi\u00e9 par la cha\u00eene publique RUV apr\u00e8s d\u00e9pouillement de tous les bulletins.<\/p>\n\n\n\n<p>Ce r\u00e9sultat devrait geler toute discussion sur une adh\u00e9sion islandaise au moins jusqu&rsquo;en 2028 .<\/p>\n\n\n\n<p>En 2009, dans le sillage de la crise financi\u00e8re qui avait terrass\u00e9 son \u00e9conomie, le pays de pr\u00e8s de 400.000 habitants avait d\u00e9pos\u00e9 sa candidature, mais les discussions avaient \u00e9t\u00e9 gel\u00e9es en 2013 avec l&rsquo;arriv\u00e9e au pouvoir d&rsquo;un gouvernement eurosceptique.<\/p>\n\n\n\n<p>L&rsquo;Islande est aujourd&rsquo;hui \u00e9troitement associ\u00e9e \u00e0 l&rsquo;UE via son appartenance \u00e0 l&rsquo;Espace \u00e9conomique europ\u00e9en (EEE) et \u00e0 l&rsquo;espace Schengen notamment, des liens qui devraient rester inchang\u00e9s.<\/p>\n","protected":false},"excerpt":{"rendered":"<p>Les Islandais ont rejet\u00e9 une reprise des n\u00e9gociations d&rsquo;adh\u00e9sion \u00e0 l&rsquo;Union europ\u00e9enne, selon les r\u00e9sultats d\u00e9finitifs d&rsquo;un r\u00e9f\u00e9rendum, publi\u00e9s dimanche. A la question \u00ab\u00a0L&rsquo;Islande doit-elle rouvrir les n\u00e9gociations d&rsquo;adh\u00e9sion avec l&rsquo;Union europ\u00e9enne?\u00a0\u00bb, 52,8% des Islandais ont r\u00e9pondu \u00ab\u00a0non\u00a0\u00bb et 47,2% \u00ab\u00a0oui\u00a0\u00bb lors d&rsquo;une consultation qui s&rsquo;est tenue samedi, d&rsquo;apr\u00e8s le comptage officiel publi\u00e9 par la &hellip;<\/p>\n","protected":false},"author":9,"featured_media":67840,"comment_status":"open","ping_status":"open","sticky":false,"template":"","format":"standard","meta":{"footnotes":""},"categories":[44],"tags":[6760,4314],"class_list":["post-67838","post","type-post","status-publish","format-standard","has-post-thumbnail","hentry","category-international","tag-islande","tag-lue-2"],"yoast_head":"<!-- This site is optimized with the Yoast SEO Premium plugin v22.6 (Yoast SEO v22.6) - https:\/\/yoast.com\/wordpress\/plugins\/seo\/ -->\n<title>Reprise des n\u00e9gociations d&#039;adh\u00e9sion de l&#039;Islande \u00e0 l&#039;UE: 52,8% des Islandais disent non - El Mawkie<\/title>\n<meta name=\"robots\" content=\"index, follow, max-snippet:-1, max-image-preview:large, max-video-preview:-1\" \/>\n<link rel=\"canonical\" href=\"https:\/\/elmawkie.dz\/fr\/reprise-des-negociations-dadhesion-de-lislande-a-lue-528-des-islandais-disent-non\/\" \/>\n<meta property=\"og:locale\" content=\"fr_FR\" \/>\n<meta property=\"og:type\" content=\"article\" \/>\n<meta property=\"og:title\" content=\"Reprise des n\u00e9gociations d&#039;adh\u00e9sion de l&#039;Islande \u00e0 l&#039;UE: 52,8% des Islandais disent non\" \/>\n<meta property=\"og:description\" content=\"Les Islandais ont rejet\u00e9 une reprise des n\u00e9gociations d&rsquo;adh\u00e9sion \u00e0 l&rsquo;Union europ\u00e9enne, selon les r\u00e9sultats d\u00e9finitifs d&rsquo;un r\u00e9f\u00e9rendum, publi\u00e9s dimanche. A la question \u00ab\u00a0L&rsquo;Islande doit-elle rouvrir les n\u00e9gociations d&rsquo;adh\u00e9sion avec l&rsquo;Union europ\u00e9enne?\u00a0\u00bb, 52,8% des Islandais ont r\u00e9pondu \u00ab\u00a0non\u00a0\u00bb et 47,2% \u00ab\u00a0oui\u00a0\u00bb lors d&rsquo;une consultation qui s&rsquo;est tenue samedi, d&rsquo;apr\u00e8s le comptage officiel publi\u00e9 par la &hellip;\" \/>\n<meta property=\"og:url\" content=\"https:\/\/elmawkie.dz\/fr\/reprise-des-negociations-dadhesion-de-lislande-a-lue-528-des-islandais-disent-non\/\" \/>\n<meta property=\"og:site_name\" content=\"El Mawkie\" \/>\n<meta property=\"article:publisher\" content=\"https:\/\/www.facebook.com\/profile.php?id=100088407094989&amp;locale=fr_FR\" \/>\n<meta property=\"article:published_time\" content=\"2026-08-30T16:51:28+00:00\" \/>\n<meta property=\"og:image\" content=\"https:\/\/elmawkie.dz\/fr\/wp-content\/uploads\/2026\/08\/IMG_9947.jpeg\" \/>\n\t<meta property=\"og:image:width\" content=\"1200\" \/>\n\t<meta property=\"og:image:height\" content=\"900\" \/>\n\t<meta property=\"og:image:type\" content=\"image\/jpeg\" \/>\n<meta name=\"author\" content=\"R\u00e9daction\" \/>\n<meta name=\"twitter:card\" content=\"summary_large_image\" \/>\n<meta name=\"twitter:label1\" content=\"Written by\" \/>\n\t<meta name=\"twitter:data1\" content=\"R\u00e9daction\" \/>\n\t<meta name=\"twitter:label2\" content=\"Est. reading time\" \/>\n\t<meta name=\"twitter:data2\" content=\"1 minute\" \/>\n<script type=\"application\/ld+json\" class=\"yoast-schema-graph\">{\"@context\":\"https:\/\/schema.org\",\"@graph\":[{\"@type\":\"Article\",\"@id\":\"https:\/\/elmawkie.dz\/fr\/reprise-des-negociations-dadhesion-de-lislande-a-lue-528-des-islandais-disent-non\/#article\",\"isPartOf\":{\"@id\":\"https:\/\/elmawkie.dz\/fr\/reprise-des-negociations-dadhesion-de-lislande-a-lue-528-des-islandais-disent-non\/\"},\"author\":{\"name\":\"R\u00e9daction\",\"@id\":\"https:\/\/elmawkie.dz\/fr\/#\/schema\/person\/e7bd59d6467874ba5c4723d8a9f0a63c\"},\"headline\":\"Reprise des n\u00e9gociations d&rsquo;adh\u00e9sion de l&rsquo;Islande \u00e0 l&rsquo;UE: 52,8% des Islandais disent non\",\"datePublished\":\"2026-08-30T16:51:28+00:00\",\"dateModified\":\"2026-08-30T16:51:28+00:00\",\"mainEntityOfPage\":{\"@id\":\"https:\/\/elmawkie.dz\/fr\/reprise-des-negociations-dadhesion-de-lislande-a-lue-528-des-islandais-disent-non\/\"},\"wordCount\":193,\"commentCount\":0,\"publisher\":{\"@id\":\"https:\/\/elmawkie.dz\/fr\/#organization\"},\"image\":{\"@id\":\"https:\/\/elmawkie.dz\/fr\/reprise-des-negociations-dadhesion-de-lislande-a-lue-528-des-islandais-disent-non\/#primaryimage\"},\"thumbnailUrl\":\"https:\/\/elmawkie.dz\/fr\/wp-content\/uploads\/2026\/08\/IMG_9947.jpeg\",\"keywords\":[\"Islande\",\"L\u2019UE\"],\"articleSection\":[\"International\"],\"inLanguage\":\"fr-FR\",\"potentialAction\":[{\"@type\":\"CommentAction\",\"name\":\"Comment\",\"target\":[\"https:\/\/elmawkie.dz\/fr\/reprise-des-negociations-dadhesion-de-lislande-a-lue-528-des-islandais-disent-non\/#respond\"]}]},{\"@type\":\"WebPage\",\"@id\":\"https:\/\/elmawkie.dz\/fr\/reprise-des-negociations-dadhesion-de-lislande-a-lue-528-des-islandais-disent-non\/\",\"url\":\"https:\/\/elmawkie.dz\/fr\/reprise-des-negociations-dadhesion-de-lislande-a-lue-528-des-islandais-disent-non\/\",\"name\":\"Reprise des n\u00e9gociations d'adh\u00e9sion de l'Islande \u00e0 l'UE: 52,8% des Islandais disent non - El Mawkie\",\"isPartOf\":{\"@id\":\"https:\/\/elmawkie.dz\/fr\/#website\"},\"primaryImageOfPage\":{\"@id\":\"https:\/\/elmawkie.dz\/fr\/reprise-des-negociations-dadhesion-de-lislande-a-lue-528-des-islandais-disent-non\/#primaryimage\"},\"image\":{\"@id\":\"https:\/\/elmawkie.dz\/fr\/reprise-des-negociations-dadhesion-de-lislande-a-lue-528-des-islandais-disent-non\/#primaryimage\"},\"thumbnailUrl\":\"https:\/\/elmawkie.dz\/fr\/wp-content\/uploads\/2026\/08\/IMG_9947.jpeg\",\"datePublished\":\"2026-08-30T16:51:28+00:00\",\"dateModified\":\"2026-08-30T16:51:28+00:00\",\"breadcrumb\":{\"@id\":\"https:\/\/elmawkie.dz\/fr\/reprise-des-negociations-dadhesion-de-lislande-a-lue-528-des-islandais-disent-non\/#breadcrumb\"},\"inLanguage\":\"fr-FR\",\"potentialAction\":[{\"@type\":\"ReadAction\",\"target\":[\"https:\/\/elmawkie.dz\/fr\/reprise-des-negociations-dadhesion-de-lislande-a-lue-528-des-islandais-disent-non\/\"]}]},{\"@type\":\"ImageObject\",\"inLanguage\":\"fr-FR\",\"@id\":\"https:\/\/elmawkie.dz\/fr\/reprise-des-negociations-dadhesion-de-lislande-a-lue-528-des-islandais-disent-non\/#primaryimage\",\"url\":\"https:\/\/elmawkie.dz\/fr\/wp-content\/uploads\/2026\/08\/IMG_9947.jpeg\",\"contentUrl\":\"https:\/\/elmawkie.dz\/fr\/wp-content\/uploads\/2026\/08\/IMG_9947.jpeg\",\"width\":1200,\"height\":900},{\"@type\":\"BreadcrumbList\",\"@id\":\"https:\/\/elmawkie.dz\/fr\/reprise-des-negociations-dadhesion-de-lislande-a-lue-528-des-islandais-disent-non\/#breadcrumb\",\"itemListElement\":[{\"@type\":\"ListItem\",\"position\":1,\"name\":\"Home\",\"item\":\"https:\/\/elmawkie.dz\/fr\/\"},{\"@type\":\"ListItem\",\"position\":2,\"name\":\"Reprise des n\u00e9gociations d&rsquo;adh\u00e9sion de l&rsquo;Islande \u00e0 l&rsquo;UE: 52,8% des Islandais disent non\"}]},{\"@type\":\"WebSite\",\"@id\":\"https:\/\/elmawkie.dz\/fr\/#website\",\"url\":\"https:\/\/elmawkie.dz\/fr\/\",\"name\":\"EL MAWKIE\",\"description\":\"Journal \u00c9lectronique Alg\u00e9rien\",\"publisher\":{\"@id\":\"https:\/\/elmawkie.dz\/fr\/#organization\"},\"potentialAction\":[{\"@type\":\"SearchAction\",\"target\":{\"@type\":\"EntryPoint\",\"urlTemplate\":\"https:\/\/elmawkie.dz\/fr\/?s={search_term_string}\"},\"query-input\":\"required name=search_term_string\"}],\"inLanguage\":\"fr-FR\"},{\"@type\":\"Organization\",\"@id\":\"https:\/\/elmawkie.dz\/fr\/#organization\",\"name\":\"EL MAWKIE\",\"url\":\"https:\/\/elmawkie.dz\/fr\/\",\"logo\":{\"@type\":\"ImageObject\",\"inLanguage\":\"fr-FR\",\"@id\":\"https:\/\/elmawkie.dz\/fr\/#\/schema\/logo\/image\/\",\"url\":\"https:\/\/elmawkie.dz\/fr\/wp-content\/uploads\/2024\/05\/logo1.png\",\"contentUrl\":\"https:\/\/elmawkie.dz\/fr\/wp-content\/uploads\/2024\/05\/logo1.png\",\"width\":1648,\"height\":652,\"caption\":\"EL MAWKIE\"},\"image\":{\"@id\":\"https:\/\/elmawkie.dz\/fr\/#\/schema\/logo\/image\/\"},\"sameAs\":[\"https:\/\/www.facebook.com\/profile.php?id=100088407094989&locale=fr_FR\"]},{\"@type\":\"Person\",\"@id\":\"https:\/\/elmawkie.dz\/fr\/#\/schema\/person\/e7bd59d6467874ba5c4723d8a9f0a63c\",\"name\":\"R\u00e9daction\",\"image\":{\"@type\":\"ImageObject\",\"inLanguage\":\"fr-FR\",\"@id\":\"https:\/\/elmawkie.dz\/fr\/#\/schema\/person\/image\/\",\"url\":\"https:\/\/secure.gravatar.com\/avatar\/f0f773456344da4d2788c054a3d30a0c?s=96&d=mm&r=g\",\"contentUrl\":\"https:\/\/secure.gravatar.com\/avatar\/f0f773456344da4d2788c054a3d30a0c?s=96&d=mm&r=g\",\"caption\":\"R\u00e9daction\"},\"url\":\"https:\/\/elmawkie.dz\/fr\/author\/redaction\/\"}]}<\/script>\n<!-- \/ Yoast SEO Premium plugin. -->","yoast_head_json":{"title":"Reprise des n\u00e9gociations d'adh\u00e9sion de l'Islande \u00e0 l'UE: 52,8% des Islandais disent non - El Mawkie","robots":{"index":"index","follow":"follow","max-snippet":"max-snippet:-1","max-image-preview":"max-image-preview:large","max-video-preview":"max-video-preview:-1"},"canonical":"https:\/\/elmawkie.dz\/fr\/reprise-des-negociations-dadhesion-de-lislande-a-lue-528-des-islandais-disent-non\/","og_locale":"fr_FR","og_type":"article","og_title":"Reprise des n\u00e9gociations d'adh\u00e9sion de l'Islande \u00e0 l'UE: 52,8% des Islandais disent non","og_description":"Les Islandais ont rejet\u00e9 une reprise des n\u00e9gociations d&rsquo;adh\u00e9sion \u00e0 l&rsquo;Union europ\u00e9enne, selon les r\u00e9sultats d\u00e9finitifs d&rsquo;un r\u00e9f\u00e9rendum, publi\u00e9s dimanche. A la question \u00ab\u00a0L&rsquo;Islande doit-elle rouvrir les n\u00e9gociations d&rsquo;adh\u00e9sion avec l&rsquo;Union europ\u00e9enne?\u00a0\u00bb, 52,8% des Islandais ont r\u00e9pondu \u00ab\u00a0non\u00a0\u00bb et 47,2% \u00ab\u00a0oui\u00a0\u00bb lors d&rsquo;une consultation qui s&rsquo;est tenue samedi, d&rsquo;apr\u00e8s le comptage officiel publi\u00e9 par la &hellip;","og_url":"https:\/\/elmawkie.dz\/fr\/reprise-des-negociations-dadhesion-de-lislande-a-lue-528-des-islandais-disent-non\/","og_site_name":"El Mawkie","article_publisher":"https:\/\/www.facebook.com\/profile.php?id=100088407094989&locale=fr_FR","article_published_time":"2026-08-30T16:51:28+00:00","og_image":[{"width":1200,"height":900,"url":"https:\/\/elmawkie.dz\/fr\/wp-content\/uploads\/2026\/08\/IMG_9947.jpeg","type":"image\/jpeg"}],"author":"R\u00e9daction","twitter_card":"summary_large_image","twitter_misc":{"Written by":"R\u00e9daction","Est. reading time":"1 minute"},"schema":{"@context":"https:\/\/schema.org","@graph":[{"@type":"Article","@id":"https:\/\/elmawkie.dz\/fr\/reprise-des-negociations-dadhesion-de-lislande-a-lue-528-des-islandais-disent-non\/#article","isPartOf":{"@id":"https:\/\/elmawkie.dz\/fr\/reprise-des-negociations-dadhesion-de-lislande-a-lue-528-des-islandais-disent-non\/"},"author":{"name":"R\u00e9daction","@id":"https:\/\/elmawkie.dz\/fr\/#\/schema\/person\/e7bd59d6467874ba5c4723d8a9f0a63c"},"headline":"Reprise des n\u00e9gociations d&rsquo;adh\u00e9sion de l&rsquo;Islande \u00e0 l&rsquo;UE: 52,8% des Islandais disent non","datePublished":"2026-08-30T16:51:28+00:00","dateModified":"2026-08-30T16:51:28+00:00","mainEntityOfPage":{"@id":"https:\/\/elmawkie.dz\/fr\/reprise-des-negociations-dadhesion-de-lislande-a-lue-528-des-islandais-disent-non\/"},"wordCount":193,"commentCount":0,"publisher":{"@id":"https:\/\/elmawkie.dz\/fr\/#organization"},"image":{"@id":"https:\/\/elmawkie.dz\/fr\/reprise-des-negociations-dadhesion-de-lislande-a-lue-528-des-islandais-disent-non\/#primaryimage"},"thumbnailUrl":"https:\/\/elmawkie.dz\/fr\/wp-content\/uploads\/2026\/08\/IMG_9947.jpeg","keywords":["Islande","L\u2019UE"],"articleSection":["International"],"inLanguage":"fr-FR","potentialAction":[{"@type":"CommentAction","name":"Comment","target":["https:\/\/elmawkie.dz\/fr\/reprise-des-negociations-dadhesion-de-lislande-a-lue-528-des-islandais-disent-non\/#respond"]}]},{"@type":"WebPage","@id":"https:\/\/elmawkie.dz\/fr\/reprise-des-negociations-dadhesion-de-lislande-a-lue-528-des-islandais-disent-non\/","url":"https:\/\/elmawkie.dz\/fr\/reprise-des-negociations-dadhesion-de-lislande-a-lue-528-des-islandais-disent-non\/","name":"Reprise des n\u00e9gociations d'adh\u00e9sion de l'Islande \u00e0 l'UE: 52,8% des Islandais disent non - El Mawkie","isPartOf":{"@id":"https:\/\/elmawkie.dz\/fr\/#website"},"primaryImageOfPage":{"@id":"https:\/\/elmawkie.dz\/fr\/reprise-des-negociations-dadhesion-de-lislande-a-lue-528-des-islandais-disent-non\/#primaryimage"},"image":{"@id":"https:\/\/elmawkie.dz\/fr\/reprise-des-negociations-dadhesion-de-lislande-a-lue-528-des-islandais-disent-non\/#primaryimage"},"thumbnailUrl":"https:\/\/elmawkie.dz\/fr\/wp-content\/uploads\/2026\/08\/IMG_9947.jpeg","datePublished":"2026-08-30T16:51:28+00:00","dateModified":"2026-08-30T16:51:28+00:00","breadcrumb":{"@id":"https:\/\/elmawkie.dz\/fr\/reprise-des-negociations-dadhesion-de-lislande-a-lue-528-des-islandais-disent-non\/#breadcrumb"},"inLanguage":"fr-FR","potentialAction":[{"@type":"ReadAction","target":["https:\/\/elmawkie.dz\/fr\/reprise-des-negociations-dadhesion-de-lislande-a-lue-528-des-islandais-disent-non\/"]}]},{"@type":"ImageObject","inLanguage":"fr-FR","@id":"https:\/\/elmawkie.dz\/fr\/reprise-des-negociations-dadhesion-de-lislande-a-lue-528-des-islandais-disent-non\/#primaryimage","url":"https:\/\/elmawkie.dz\/fr\/wp-content\/uploads\/2026\/08\/IMG_9947.jpeg","contentUrl":"https:\/\/elmawkie.dz\/fr\/wp-content\/uploads\/2026\/08\/IMG_9947.jpeg","width":1200,"height":900},{"@type":"BreadcrumbList","@id":"https:\/\/elmawkie.dz\/fr\/reprise-des-negociations-dadhesion-de-lislande-a-lue-528-des-islandais-disent-non\/#breadcrumb","itemListElement":[{"@type":"ListItem","position":1,"name":"Home","item":"https:\/\/elmawkie.dz\/fr\/"},{"@type":"ListItem","position":2,"name":"Reprise des n\u00e9gociations d&rsquo;adh\u00e9sion de l&rsquo;Islande \u00e0 l&rsquo;UE: 52,8% des Islandais disent non"}]},{"@type":"WebSite","@id":"https:\/\/elmawkie.dz\/fr\/#website","url":"https:\/\/elmawkie.dz\/fr\/","name":"EL MAWKIE","description":"Journal \u00c9lectronique Alg\u00e9rien","publisher":{"@id":"https:\/\/elmawkie.dz\/fr\/#organization"},"potentialAction":[{"@type":"SearchAction","target":{"@type":"EntryPoint","urlTemplate":"https:\/\/elmawkie.dz\/fr\/?s={search_term_string}"},"query-input":"required name=search_term_string"}],"inLanguage":"fr-FR"},{"@type":"Organization","@id":"https:\/\/elmawkie.dz\/fr\/#organization","name":"EL MAWKIE","url":"https:\/\/elmawkie.dz\/fr\/","logo":{"@type":"ImageObject","inLanguage":"fr-FR","@id":"https:\/\/elmawkie.dz\/fr\/#\/schema\/logo\/image\/","url":"https:\/\/elmawkie.dz\/fr\/wp-content\/uploads\/2024\/05\/logo1.png","contentUrl":"https:\/\/elmawkie.dz\/fr\/wp-content\/uploads\/2024\/05\/logo1.png","width":1648,"height":652,"caption":"EL MAWKIE"},"image":{"@id":"https:\/\/elmawkie.dz\/fr\/#\/schema\/logo\/image\/"},"sameAs":["https:\/\/www.facebook.com\/profile.php?id=100088407094989&locale=fr_FR"]},{"@type":"Person","@id":"https:\/\/elmawkie.dz\/fr\/#\/schema\/person\/e7bd59d6467874ba5c4723d8a9f0a63c","name":"R\u00e9daction","image":{"@type":"ImageObject","inLanguage":"fr-FR","@id":"https:\/\/elmawkie.dz\/fr\/#\/schema\/person\/image\/","url":"https:\/\/secure.gravatar.com\/avatar\/f0f773456344da4d2788c054a3d30a0c?s=96&d=mm&r=g","contentUrl":"https:\/\/secure.gravatar.com\/avatar\/f0f773456344da4d2788c054a3d30a0c?s=96&d=mm&r=g","caption":"R\u00e9daction"},"url":"https:\/\/elmawkie.dz\/fr\/author\/redaction\/"}]}},"_links":{"self":[{"href":"https:\/\/elmawkie.dz\/fr\/wp-json\/wp\/v2\/posts\/67838","targetHints":{"allow":["GET"]}}],"collection":[{"href":"https:\/\/elmawkie.dz\/fr\/wp-json\/wp\/v2\/posts"}],"about":[{"href":"https:\/\/elmawkie.dz\/fr\/wp-json\/wp\/v2\/types\/post"}],"author":[{"embeddable":true,"href":"https:\/\/elmawkie.dz\/fr\/wp-json\/wp\/v2\/users\/9"}],"replies":[{"embeddable":true,"href":"https:\/\/elmawkie.dz\/fr\/wp-json\/wp\/v2\/comments?post=67838"}],"version-history":[{"count":1,"href":"https:\/\/elmawkie.dz\/fr\/wp-json\/wp\/v2\/posts\/67838\/revisions"}],"predecessor-version":[{"id":67841,"href":"https:\/\/elmawkie.dz\/fr\/wp-json\/wp\/v2\/posts\/67838\/revisions\/67841"}],"wp:featuredmedia":[{"embeddable":true,"href":"https:\/\/elmawkie.dz\/fr\/wp-json\/wp\/v2\/media\/67840"}],"wp:attachment":[{"href":"https:\/\/elmawkie.dz\/fr\/wp-json\/wp\/v2\/media?parent=67838"}],"wp:term":[{"taxonomy":"category","embeddable":true,"href":"https:\/\/elmawkie.dz\/fr\/wp-json\/wp\/v2\/categories?post=67838"},{"taxonomy":"post_tag","embeddable":true,"href":"https:\/\/elmawkie.dz\/fr\/wp-json\/wp\/v2\/tags?post=67838"}],"curies":[{"name":"wp","href":"https:\/\/api.w.org\/{rel}","templated":true}]}}