{"id":67834,"date":"2026-08-30T17:49:31","date_gmt":"2026-08-30T16:49:31","guid":{"rendered":"https:\/\/elmawkie.dz\/fr\/?p=67834"},"modified":"2026-08-30T17:49:32","modified_gmt":"2026-08-30T16:49:32","slug":"annaba-deux-blesses-dans-les-incendies-evacues-par-voie-aerienne-vers-zeralda","status":"publish","type":"post","link":"https:\/\/elmawkie.dz\/fr\/annaba-deux-blesses-dans-les-incendies-evacues-par-voie-aerienne-vers-zeralda\/","title":{"rendered":"Annaba : deux bless\u00e9s dans les incendies \u00e9vacu\u00e9s par voie a\u00e9rienne vers Z\u00e9ralda"},"content":{"rendered":"\n<p><strong>Deux (2) personnes souffrant de br\u00fblures ont \u00e9t\u00e9 \u00e9vacu\u00e9es par avion, depuis Annaba, dans la nuit de samedi \u00e0 dimanche, vers Alger pour une prise en charge sp\u00e9cialis\u00e9e \u00e0 l&rsquo;h\u00f4pital des grands br\u00fbl\u00e9s Dr Sa\u00efd-Chibane de Z\u00e9ralda , a-t-on appris, dimanche, aupr\u00e8s de la direction de la sant\u00e9 et de la population (DSP).<\/strong><\/p>\n\n\n\n<p>Le secr\u00e9taire g\u00e9n\u00e9ral de cette direction, Brahim Aouissi a pr\u00e9cis\u00e9 \u00e0 l\u2019APS qu\u2019il s\u2019agit un homme \u00e2g\u00e9 de 81 ans, r\u00e9sidant dans la commune d\u2019El Eulma (Annaba), victimes de br\u00fblures au deuxi\u00e8me degr\u00e9 et qui avait re\u00e7u des premiers soins au service des grands br\u00fbl\u00e9s de l\u2019h\u00f4pital \u00ab\u00a0Ibn Sina\u00a0\u00bb, rattach\u00e9 au Centre hospitalo-universitaire \u00ab\u00a0Ibn Rochd\u00a0\u00bb d&rsquo;Annaba.<\/p>\n\n\n\n<p>La seconde personne \u00e9vacu\u00e9e par les m\u00eames moyens est un jeune homme de 25 ans, originaire de la commune d\u2019Azzaba (Skikda), victime de br\u00fblures au troisi\u00e8me degr\u00e9 qui ont touch\u00e9 plusieurs parties de son corps.<\/p>\n\n\n\n<p>Soign\u00e9 durant deux jours au sein du m\u00eame service, il a d\u00fb \u00eatre \u00e9vacu\u00e9 \u00e0 Z\u00e9ralda sur d\u00e9cision du corps m\u00e9dical, a-t-on pr\u00e9cis\u00e9 de m\u00eame source.<\/p>\n\n\n\n<p>Les services de sant\u00e9 d\u2019Annaba continuent de suivre l\u2019\u00e9tat de sant\u00e9 des personnes bless\u00e9es lors des incendies, dont la plupart ont subi des blessures l\u00e9g\u00e8res et aujourd\u2019hui hospitalis\u00e9es dans des \u00e9tablissements de la wilaya o\u00f9 tous les moyens humains et m\u00e9dicaux ont \u00e9t\u00e9 mobilis\u00e9s pour une bonne prise en charge de ces patients.<\/p>\n","protected":false},"excerpt":{"rendered":"<p>Deux (2) personnes souffrant de br\u00fblures ont \u00e9t\u00e9 \u00e9vacu\u00e9es par avion, depuis Annaba, dans la nuit de samedi \u00e0 dimanche, vers Alger pour une prise en charge sp\u00e9cialis\u00e9e \u00e0 l&rsquo;h\u00f4pital des grands br\u00fbl\u00e9s Dr Sa\u00efd-Chibane de Z\u00e9ralda , a-t-on appris, dimanche, aupr\u00e8s de la direction de la sant\u00e9 et de la population (DSP). Le secr\u00e9taire &hellip;<\/p>\n","protected":false},"author":9,"featured_media":67836,"comment_status":"open","ping_status":"open","sticky":false,"template":"","format":"standard","meta":{"footnotes":""},"categories":[50],"tags":[1216],"class_list":["post-67834","post","type-post","status-publish","format-standard","has-post-thumbnail","hentry","category-region","tag-annaba"],"yoast_head":"<!-- This site is optimized with the Yoast SEO Premium plugin v22.6 (Yoast SEO v22.6) - https:\/\/yoast.com\/wordpress\/plugins\/seo\/ -->\n<title>Annaba : deux bless\u00e9s dans les incendies \u00e9vacu\u00e9s par voie a\u00e9rienne vers Z\u00e9ralda - El Mawkie<\/title>\n<meta name=\"robots\" content=\"index, follow, max-snippet:-1, max-image-preview:large, max-video-preview:-1\" \/>\n<link rel=\"canonical\" href=\"https:\/\/elmawkie.dz\/fr\/annaba-deux-blesses-dans-les-incendies-evacues-par-voie-aerienne-vers-zeralda\/\" \/>\n<meta property=\"og:locale\" content=\"fr_FR\" \/>\n<meta property=\"og:type\" content=\"article\" \/>\n<meta property=\"og:title\" content=\"Annaba : deux bless\u00e9s dans les incendies \u00e9vacu\u00e9s par voie a\u00e9rienne vers Z\u00e9ralda\" \/>\n<meta property=\"og:description\" content=\"Deux (2) personnes souffrant de br\u00fblures ont \u00e9t\u00e9 \u00e9vacu\u00e9es par avion, depuis Annaba, dans la nuit de samedi \u00e0 dimanche, vers Alger pour une prise en charge sp\u00e9cialis\u00e9e \u00e0 l&rsquo;h\u00f4pital des grands br\u00fbl\u00e9s Dr Sa\u00efd-Chibane de Z\u00e9ralda , a-t-on appris, dimanche, aupr\u00e8s de la direction de la sant\u00e9 et de la population (DSP). Le secr\u00e9taire &hellip;\" \/>\n<meta property=\"og:url\" content=\"https:\/\/elmawkie.dz\/fr\/annaba-deux-blesses-dans-les-incendies-evacues-par-voie-aerienne-vers-zeralda\/\" \/>\n<meta property=\"og:site_name\" content=\"El Mawkie\" \/>\n<meta property=\"article:publisher\" content=\"https:\/\/www.facebook.com\/profile.php?id=100088407094989&amp;locale=fr_FR\" \/>\n<meta property=\"article:published_time\" content=\"2026-08-30T16:49:31+00:00\" \/>\n<meta property=\"article:modified_time\" content=\"2026-08-30T16:49:32+00:00\" \/>\n<meta property=\"og:image\" content=\"https:\/\/elmawkie.dz\/fr\/wp-content\/uploads\/2026\/08\/IMG_9855.jpeg\" \/>\n\t<meta property=\"og:image:width\" content=\"851\" \/>\n\t<meta property=\"og:image:height\" content=\"534\" \/>\n\t<meta property=\"og:image:type\" content=\"image\/jpeg\" \/>\n<meta name=\"author\" content=\"R\u00e9daction\" \/>\n<meta name=\"twitter:card\" content=\"summary_large_image\" \/>\n<meta name=\"twitter:label1\" content=\"Written by\" \/>\n\t<meta name=\"twitter:data1\" content=\"R\u00e9daction\" \/>\n\t<meta name=\"twitter:label2\" content=\"Est. reading time\" \/>\n\t<meta name=\"twitter:data2\" content=\"2 minutes\" \/>\n<script type=\"application\/ld+json\" class=\"yoast-schema-graph\">{\"@context\":\"https:\/\/schema.org\",\"@graph\":[{\"@type\":\"Article\",\"@id\":\"https:\/\/elmawkie.dz\/fr\/annaba-deux-blesses-dans-les-incendies-evacues-par-voie-aerienne-vers-zeralda\/#article\",\"isPartOf\":{\"@id\":\"https:\/\/elmawkie.dz\/fr\/annaba-deux-blesses-dans-les-incendies-evacues-par-voie-aerienne-vers-zeralda\/\"},\"author\":{\"name\":\"R\u00e9daction\",\"@id\":\"https:\/\/elmawkie.dz\/fr\/#\/schema\/person\/e7bd59d6467874ba5c4723d8a9f0a63c\"},\"headline\":\"Annaba : deux bless\u00e9s dans les incendies \u00e9vacu\u00e9s par voie a\u00e9rienne vers Z\u00e9ralda\",\"datePublished\":\"2026-08-30T16:49:31+00:00\",\"dateModified\":\"2026-08-30T16:49:32+00:00\",\"mainEntityOfPage\":{\"@id\":\"https:\/\/elmawkie.dz\/fr\/annaba-deux-blesses-dans-les-incendies-evacues-par-voie-aerienne-vers-zeralda\/\"},\"wordCount\":279,\"commentCount\":0,\"publisher\":{\"@id\":\"https:\/\/elmawkie.dz\/fr\/#organization\"},\"image\":{\"@id\":\"https:\/\/elmawkie.dz\/fr\/annaba-deux-blesses-dans-les-incendies-evacues-par-voie-aerienne-vers-zeralda\/#primaryimage\"},\"thumbnailUrl\":\"https:\/\/elmawkie.dz\/fr\/wp-content\/uploads\/2026\/08\/IMG_9855.jpeg\",\"keywords\":[\"Annaba\"],\"articleSection\":[\"R\u00e9gion\"],\"inLanguage\":\"fr-FR\",\"potentialAction\":[{\"@type\":\"CommentAction\",\"name\":\"Comment\",\"target\":[\"https:\/\/elmawkie.dz\/fr\/annaba-deux-blesses-dans-les-incendies-evacues-par-voie-aerienne-vers-zeralda\/#respond\"]}]},{\"@type\":\"WebPage\",\"@id\":\"https:\/\/elmawkie.dz\/fr\/annaba-deux-blesses-dans-les-incendies-evacues-par-voie-aerienne-vers-zeralda\/\",\"url\":\"https:\/\/elmawkie.dz\/fr\/annaba-deux-blesses-dans-les-incendies-evacues-par-voie-aerienne-vers-zeralda\/\",\"name\":\"Annaba : deux bless\u00e9s dans les incendies \u00e9vacu\u00e9s par voie a\u00e9rienne vers Z\u00e9ralda - El Mawkie\",\"isPartOf\":{\"@id\":\"https:\/\/elmawkie.dz\/fr\/#website\"},\"primaryImageOfPage\":{\"@id\":\"https:\/\/elmawkie.dz\/fr\/annaba-deux-blesses-dans-les-incendies-evacues-par-voie-aerienne-vers-zeralda\/#primaryimage\"},\"image\":{\"@id\":\"https:\/\/elmawkie.dz\/fr\/annaba-deux-blesses-dans-les-incendies-evacues-par-voie-aerienne-vers-zeralda\/#primaryimage\"},\"thumbnailUrl\":\"https:\/\/elmawkie.dz\/fr\/wp-content\/uploads\/2026\/08\/IMG_9855.jpeg\",\"datePublished\":\"2026-08-30T16:49:31+00:00\",\"dateModified\":\"2026-08-30T16:49:32+00:00\",\"breadcrumb\":{\"@id\":\"https:\/\/elmawkie.dz\/fr\/annaba-deux-blesses-dans-les-incendies-evacues-par-voie-aerienne-vers-zeralda\/#breadcrumb\"},\"inLanguage\":\"fr-FR\",\"potentialAction\":[{\"@type\":\"ReadAction\",\"target\":[\"https:\/\/elmawkie.dz\/fr\/annaba-deux-blesses-dans-les-incendies-evacues-par-voie-aerienne-vers-zeralda\/\"]}]},{\"@type\":\"ImageObject\",\"inLanguage\":\"fr-FR\",\"@id\":\"https:\/\/elmawkie.dz\/fr\/annaba-deux-blesses-dans-les-incendies-evacues-par-voie-aerienne-vers-zeralda\/#primaryimage\",\"url\":\"https:\/\/elmawkie.dz\/fr\/wp-content\/uploads\/2026\/08\/IMG_9855.jpeg\",\"contentUrl\":\"https:\/\/elmawkie.dz\/fr\/wp-content\/uploads\/2026\/08\/IMG_9855.jpeg\",\"width\":851,\"height\":534},{\"@type\":\"BreadcrumbList\",\"@id\":\"https:\/\/elmawkie.dz\/fr\/annaba-deux-blesses-dans-les-incendies-evacues-par-voie-aerienne-vers-zeralda\/#breadcrumb\",\"itemListElement\":[{\"@type\":\"ListItem\",\"position\":1,\"name\":\"Home\",\"item\":\"https:\/\/elmawkie.dz\/fr\/\"},{\"@type\":\"ListItem\",\"position\":2,\"name\":\"Annaba : deux bless\u00e9s dans les incendies \u00e9vacu\u00e9s par voie a\u00e9rienne vers Z\u00e9ralda\"}]},{\"@type\":\"WebSite\",\"@id\":\"https:\/\/elmawkie.dz\/fr\/#website\",\"url\":\"https:\/\/elmawkie.dz\/fr\/\",\"name\":\"EL MAWKIE\",\"description\":\"Journal \u00c9lectronique Alg\u00e9rien\",\"publisher\":{\"@id\":\"https:\/\/elmawkie.dz\/fr\/#organization\"},\"potentialAction\":[{\"@type\":\"SearchAction\",\"target\":{\"@type\":\"EntryPoint\",\"urlTemplate\":\"https:\/\/elmawkie.dz\/fr\/?s={search_term_string}\"},\"query-input\":\"required name=search_term_string\"}],\"inLanguage\":\"fr-FR\"},{\"@type\":\"Organization\",\"@id\":\"https:\/\/elmawkie.dz\/fr\/#organization\",\"name\":\"EL MAWKIE\",\"url\":\"https:\/\/elmawkie.dz\/fr\/\",\"logo\":{\"@type\":\"ImageObject\",\"inLanguage\":\"fr-FR\",\"@id\":\"https:\/\/elmawkie.dz\/fr\/#\/schema\/logo\/image\/\",\"url\":\"https:\/\/elmawkie.dz\/fr\/wp-content\/uploads\/2024\/05\/logo1.png\",\"contentUrl\":\"https:\/\/elmawkie.dz\/fr\/wp-content\/uploads\/2024\/05\/logo1.png\",\"width\":1648,\"height\":652,\"caption\":\"EL MAWKIE\"},\"image\":{\"@id\":\"https:\/\/elmawkie.dz\/fr\/#\/schema\/logo\/image\/\"},\"sameAs\":[\"https:\/\/www.facebook.com\/profile.php?id=100088407094989&locale=fr_FR\"]},{\"@type\":\"Person\",\"@id\":\"https:\/\/elmawkie.dz\/fr\/#\/schema\/person\/e7bd59d6467874ba5c4723d8a9f0a63c\",\"name\":\"R\u00e9daction\",\"image\":{\"@type\":\"ImageObject\",\"inLanguage\":\"fr-FR\",\"@id\":\"https:\/\/elmawkie.dz\/fr\/#\/schema\/person\/image\/\",\"url\":\"https:\/\/secure.gravatar.com\/avatar\/f0f773456344da4d2788c054a3d30a0c?s=96&d=mm&r=g\",\"contentUrl\":\"https:\/\/secure.gravatar.com\/avatar\/f0f773456344da4d2788c054a3d30a0c?s=96&d=mm&r=g\",\"caption\":\"R\u00e9daction\"},\"url\":\"https:\/\/elmawkie.dz\/fr\/author\/redaction\/\"}]}<\/script>\n<!-- \/ Yoast SEO Premium plugin. -->","yoast_head_json":{"title":"Annaba : deux bless\u00e9s dans les incendies \u00e9vacu\u00e9s par voie a\u00e9rienne vers Z\u00e9ralda - El Mawkie","robots":{"index":"index","follow":"follow","max-snippet":"max-snippet:-1","max-image-preview":"max-image-preview:large","max-video-preview":"max-video-preview:-1"},"canonical":"https:\/\/elmawkie.dz\/fr\/annaba-deux-blesses-dans-les-incendies-evacues-par-voie-aerienne-vers-zeralda\/","og_locale":"fr_FR","og_type":"article","og_title":"Annaba : deux bless\u00e9s dans les incendies \u00e9vacu\u00e9s par voie a\u00e9rienne vers Z\u00e9ralda","og_description":"Deux (2) personnes souffrant de br\u00fblures ont \u00e9t\u00e9 \u00e9vacu\u00e9es par avion, depuis Annaba, dans la nuit de samedi \u00e0 dimanche, vers Alger pour une prise en charge sp\u00e9cialis\u00e9e \u00e0 l&rsquo;h\u00f4pital des grands br\u00fbl\u00e9s Dr Sa\u00efd-Chibane de Z\u00e9ralda , a-t-on appris, dimanche, aupr\u00e8s de la direction de la sant\u00e9 et de la population (DSP). Le secr\u00e9taire &hellip;","og_url":"https:\/\/elmawkie.dz\/fr\/annaba-deux-blesses-dans-les-incendies-evacues-par-voie-aerienne-vers-zeralda\/","og_site_name":"El Mawkie","article_publisher":"https:\/\/www.facebook.com\/profile.php?id=100088407094989&locale=fr_FR","article_published_time":"2026-08-30T16:49:31+00:00","article_modified_time":"2026-08-30T16:49:32+00:00","og_image":[{"width":851,"height":534,"url":"https:\/\/elmawkie.dz\/fr\/wp-content\/uploads\/2026\/08\/IMG_9855.jpeg","type":"image\/jpeg"}],"author":"R\u00e9daction","twitter_card":"summary_large_image","twitter_misc":{"Written by":"R\u00e9daction","Est. reading time":"2 minutes"},"schema":{"@context":"https:\/\/schema.org","@graph":[{"@type":"Article","@id":"https:\/\/elmawkie.dz\/fr\/annaba-deux-blesses-dans-les-incendies-evacues-par-voie-aerienne-vers-zeralda\/#article","isPartOf":{"@id":"https:\/\/elmawkie.dz\/fr\/annaba-deux-blesses-dans-les-incendies-evacues-par-voie-aerienne-vers-zeralda\/"},"author":{"name":"R\u00e9daction","@id":"https:\/\/elmawkie.dz\/fr\/#\/schema\/person\/e7bd59d6467874ba5c4723d8a9f0a63c"},"headline":"Annaba : deux bless\u00e9s dans les incendies \u00e9vacu\u00e9s par voie a\u00e9rienne vers Z\u00e9ralda","datePublished":"2026-08-30T16:49:31+00:00","dateModified":"2026-08-30T16:49:32+00:00","mainEntityOfPage":{"@id":"https:\/\/elmawkie.dz\/fr\/annaba-deux-blesses-dans-les-incendies-evacues-par-voie-aerienne-vers-zeralda\/"},"wordCount":279,"commentCount":0,"publisher":{"@id":"https:\/\/elmawkie.dz\/fr\/#organization"},"image":{"@id":"https:\/\/elmawkie.dz\/fr\/annaba-deux-blesses-dans-les-incendies-evacues-par-voie-aerienne-vers-zeralda\/#primaryimage"},"thumbnailUrl":"https:\/\/elmawkie.dz\/fr\/wp-content\/uploads\/2026\/08\/IMG_9855.jpeg","keywords":["Annaba"],"articleSection":["R\u00e9gion"],"inLanguage":"fr-FR","potentialAction":[{"@type":"CommentAction","name":"Comment","target":["https:\/\/elmawkie.dz\/fr\/annaba-deux-blesses-dans-les-incendies-evacues-par-voie-aerienne-vers-zeralda\/#respond"]}]},{"@type":"WebPage","@id":"https:\/\/elmawkie.dz\/fr\/annaba-deux-blesses-dans-les-incendies-evacues-par-voie-aerienne-vers-zeralda\/","url":"https:\/\/elmawkie.dz\/fr\/annaba-deux-blesses-dans-les-incendies-evacues-par-voie-aerienne-vers-zeralda\/","name":"Annaba : deux bless\u00e9s dans les incendies \u00e9vacu\u00e9s par voie a\u00e9rienne vers Z\u00e9ralda - El Mawkie","isPartOf":{"@id":"https:\/\/elmawkie.dz\/fr\/#website"},"primaryImageOfPage":{"@id":"https:\/\/elmawkie.dz\/fr\/annaba-deux-blesses-dans-les-incendies-evacues-par-voie-aerienne-vers-zeralda\/#primaryimage"},"image":{"@id":"https:\/\/elmawkie.dz\/fr\/annaba-deux-blesses-dans-les-incendies-evacues-par-voie-aerienne-vers-zeralda\/#primaryimage"},"thumbnailUrl":"https:\/\/elmawkie.dz\/fr\/wp-content\/uploads\/2026\/08\/IMG_9855.jpeg","datePublished":"2026-08-30T16:49:31+00:00","dateModified":"2026-08-30T16:49:32+00:00","breadcrumb":{"@id":"https:\/\/elmawkie.dz\/fr\/annaba-deux-blesses-dans-les-incendies-evacues-par-voie-aerienne-vers-zeralda\/#breadcrumb"},"inLanguage":"fr-FR","potentialAction":[{"@type":"ReadAction","target":["https:\/\/elmawkie.dz\/fr\/annaba-deux-blesses-dans-les-incendies-evacues-par-voie-aerienne-vers-zeralda\/"]}]},{"@type":"ImageObject","inLanguage":"fr-FR","@id":"https:\/\/elmawkie.dz\/fr\/annaba-deux-blesses-dans-les-incendies-evacues-par-voie-aerienne-vers-zeralda\/#primaryimage","url":"https:\/\/elmawkie.dz\/fr\/wp-content\/uploads\/2026\/08\/IMG_9855.jpeg","contentUrl":"https:\/\/elmawkie.dz\/fr\/wp-content\/uploads\/2026\/08\/IMG_9855.jpeg","width":851,"height":534},{"@type":"BreadcrumbList","@id":"https:\/\/elmawkie.dz\/fr\/annaba-deux-blesses-dans-les-incendies-evacues-par-voie-aerienne-vers-zeralda\/#breadcrumb","itemListElement":[{"@type":"ListItem","position":1,"name":"Home","item":"https:\/\/elmawkie.dz\/fr\/"},{"@type":"ListItem","position":2,"name":"Annaba : deux bless\u00e9s dans les incendies \u00e9vacu\u00e9s par voie a\u00e9rienne vers Z\u00e9ralda"}]},{"@type":"WebSite","@id":"https:\/\/elmawkie.dz\/fr\/#website","url":"https:\/\/elmawkie.dz\/fr\/","name":"EL MAWKIE","description":"Journal \u00c9lectronique Alg\u00e9rien","publisher":{"@id":"https:\/\/elmawkie.dz\/fr\/#organization"},"potentialAction":[{"@type":"SearchAction","target":{"@type":"EntryPoint","urlTemplate":"https:\/\/elmawkie.dz\/fr\/?s={search_term_string}"},"query-input":"required name=search_term_string"}],"inLanguage":"fr-FR"},{"@type":"Organization","@id":"https:\/\/elmawkie.dz\/fr\/#organization","name":"EL MAWKIE","url":"https:\/\/elmawkie.dz\/fr\/","logo":{"@type":"ImageObject","inLanguage":"fr-FR","@id":"https:\/\/elmawkie.dz\/fr\/#\/schema\/logo\/image\/","url":"https:\/\/elmawkie.dz\/fr\/wp-content\/uploads\/2024\/05\/logo1.png","contentUrl":"https:\/\/elmawkie.dz\/fr\/wp-content\/uploads\/2024\/05\/logo1.png","width":1648,"height":652,"caption":"EL MAWKIE"},"image":{"@id":"https:\/\/elmawkie.dz\/fr\/#\/schema\/logo\/image\/"},"sameAs":["https:\/\/www.facebook.com\/profile.php?id=100088407094989&locale=fr_FR"]},{"@type":"Person","@id":"https:\/\/elmawkie.dz\/fr\/#\/schema\/person\/e7bd59d6467874ba5c4723d8a9f0a63c","name":"R\u00e9daction","image":{"@type":"ImageObject","inLanguage":"fr-FR","@id":"https:\/\/elmawkie.dz\/fr\/#\/schema\/person\/image\/","url":"https:\/\/secure.gravatar.com\/avatar\/f0f773456344da4d2788c054a3d30a0c?s=96&d=mm&r=g","contentUrl":"https:\/\/secure.gravatar.com\/avatar\/f0f773456344da4d2788c054a3d30a0c?s=96&d=mm&r=g","caption":"R\u00e9daction"},"url":"https:\/\/elmawkie.dz\/fr\/author\/redaction\/"}]}},"_links":{"self":[{"href":"https:\/\/elmawkie.dz\/fr\/wp-json\/wp\/v2\/posts\/67834","targetHints":{"allow":["GET"]}}],"collection":[{"href":"https:\/\/elmawkie.dz\/fr\/wp-json\/wp\/v2\/posts"}],"about":[{"href":"https:\/\/elmawkie.dz\/fr\/wp-json\/wp\/v2\/types\/post"}],"author":[{"embeddable":true,"href":"https:\/\/elmawkie.dz\/fr\/wp-json\/wp\/v2\/users\/9"}],"replies":[{"embeddable":true,"href":"https:\/\/elmawkie.dz\/fr\/wp-json\/wp\/v2\/comments?post=67834"}],"version-history":[{"count":1,"href":"https:\/\/elmawkie.dz\/fr\/wp-json\/wp\/v2\/posts\/67834\/revisions"}],"predecessor-version":[{"id":67837,"href":"https:\/\/elmawkie.dz\/fr\/wp-json\/wp\/v2\/posts\/67834\/revisions\/67837"}],"wp:featuredmedia":[{"embeddable":true,"href":"https:\/\/elmawkie.dz\/fr\/wp-json\/wp\/v2\/media\/67836"}],"wp:attachment":[{"href":"https:\/\/elmawkie.dz\/fr\/wp-json\/wp\/v2\/media?parent=67834"}],"wp:term":[{"taxonomy":"category","embeddable":true,"href":"https:\/\/elmawkie.dz\/fr\/wp-json\/wp\/v2\/categories?post=67834"},{"taxonomy":"post_tag","embeddable":true,"href":"https:\/\/elmawkie.dz\/fr\/wp-json\/wp\/v2\/tags?post=67834"}],"curies":[{"name":"wp","href":"https:\/\/api.w.org\/{rel}","templated":true}]}}