{"id":67830,"date":"2026-08-30T17:42:55","date_gmt":"2026-08-30T16:42:55","guid":{"rendered":"https:\/\/elmawkie.dz\/fr\/?p=67830"},"modified":"2026-08-30T17:42:56","modified_gmt":"2026-08-30T16:42:56","slug":"protection-civile-18-incendies-eteints-sur-19-en-24-heures","status":"publish","type":"post","link":"https:\/\/elmawkie.dz\/fr\/protection-civile-18-incendies-eteints-sur-19-en-24-heures\/","title":{"rendered":"Protection civile : 18 incendies \u00e9teints sur 19 en 24 heures"},"content":{"rendered":"\n<p><strong>Les unit\u00e9s de la Protection civile ont r\u00e9ussi \u00e0 \u00e9teindre, au cours des derni\u00e8res 24 heures, jusqu&rsquo;\u00e0 dimanche 13h00, 18 incendies sur les 19 enregistr\u00e9s \u00e0 travers plusieurs wilayas du pays, selon un nouveau bilan de la Direction g\u00e9n\u00e9rale de la Protection civile.<\/strong><\/p>\n\n\n\n<p>Concernant la situation g\u00e9n\u00e9rale des incendies touchant le couvert v\u00e9g\u00e9tal et les r\u00e9coltes agricoles jusqu&rsquo;\u00e0 13h00, \u00ab\u00a0les services de la Protection civile ont enregistr\u00e9 19 incendies, dont 18 ont \u00e9t\u00e9 \u00e9teints\u00a0\u00bb, pr\u00e9cise la m\u00eame source.<\/p>\n\n\n\n<p>Par ailleurs, \u00ab\u00a0les efforts se poursuivent pour l&rsquo;extinction d&rsquo;un incendie dans une zone difficile d&rsquo;acc\u00e8s, dans la commune d&rsquo;Ouldja Boulballout, dans la wilaya de Skikda, avec la mobilisation de deux avions bombardiers d&rsquo;eau.<\/p>\n","protected":false},"excerpt":{"rendered":"<p>Les unit\u00e9s de la Protection civile ont r\u00e9ussi \u00e0 \u00e9teindre, au cours des derni\u00e8res 24 heures, jusqu&rsquo;\u00e0 dimanche 13h00, 18 incendies sur les 19 enregistr\u00e9s \u00e0 travers plusieurs wilayas du pays, selon un nouveau bilan de la Direction g\u00e9n\u00e9rale de la Protection civile. Concernant la situation g\u00e9n\u00e9rale des incendies touchant le couvert v\u00e9g\u00e9tal et les &hellip;<\/p>\n","protected":false},"author":9,"featured_media":67832,"comment_status":"open","ping_status":"open","sticky":false,"template":"","format":"standard","meta":{"footnotes":""},"categories":[47],"tags":[149],"class_list":["post-67830","post","type-post","status-publish","format-standard","has-post-thumbnail","hentry","category-national","tag-protection-civile"],"yoast_head":"<!-- This site is optimized with the Yoast SEO Premium plugin v22.6 (Yoast SEO v22.6) - https:\/\/yoast.com\/wordpress\/plugins\/seo\/ -->\n<title>Protection civile : 18 incendies \u00e9teints sur 19 en 24 heures - El Mawkie<\/title>\n<meta name=\"robots\" content=\"index, follow, max-snippet:-1, max-image-preview:large, max-video-preview:-1\" \/>\n<link rel=\"canonical\" href=\"https:\/\/elmawkie.dz\/fr\/protection-civile-18-incendies-eteints-sur-19-en-24-heures\/\" \/>\n<meta property=\"og:locale\" content=\"fr_FR\" \/>\n<meta property=\"og:type\" content=\"article\" \/>\n<meta property=\"og:title\" content=\"Protection civile : 18 incendies \u00e9teints sur 19 en 24 heures\" \/>\n<meta property=\"og:description\" content=\"Les unit\u00e9s de la Protection civile ont r\u00e9ussi \u00e0 \u00e9teindre, au cours des derni\u00e8res 24 heures, jusqu&rsquo;\u00e0 dimanche 13h00, 18 incendies sur les 19 enregistr\u00e9s \u00e0 travers plusieurs wilayas du pays, selon un nouveau bilan de la Direction g\u00e9n\u00e9rale de la Protection civile. Concernant la situation g\u00e9n\u00e9rale des incendies touchant le couvert v\u00e9g\u00e9tal et les &hellip;\" \/>\n<meta property=\"og:url\" content=\"https:\/\/elmawkie.dz\/fr\/protection-civile-18-incendies-eteints-sur-19-en-24-heures\/\" \/>\n<meta property=\"og:site_name\" content=\"El Mawkie\" \/>\n<meta property=\"article:publisher\" content=\"https:\/\/www.facebook.com\/profile.php?id=100088407094989&amp;locale=fr_FR\" \/>\n<meta property=\"article:published_time\" content=\"2026-08-30T16:42:55+00:00\" \/>\n<meta property=\"article:modified_time\" content=\"2026-08-30T16:42:56+00:00\" \/>\n<meta property=\"og:image\" content=\"https:\/\/elmawkie.dz\/fr\/wp-content\/uploads\/2026\/08\/IMG_9946.jpeg\" \/>\n\t<meta property=\"og:image:width\" content=\"2048\" \/>\n\t<meta property=\"og:image:height\" content=\"1536\" \/>\n\t<meta property=\"og:image:type\" content=\"image\/jpeg\" \/>\n<meta name=\"author\" content=\"R\u00e9daction\" \/>\n<meta name=\"twitter:card\" content=\"summary_large_image\" \/>\n<meta name=\"twitter:label1\" content=\"Written by\" \/>\n\t<meta name=\"twitter:data1\" content=\"R\u00e9daction\" \/>\n\t<meta name=\"twitter:label2\" content=\"Est. reading time\" \/>\n\t<meta name=\"twitter:data2\" content=\"1 minute\" \/>\n<script type=\"application\/ld+json\" class=\"yoast-schema-graph\">{\"@context\":\"https:\/\/schema.org\",\"@graph\":[{\"@type\":\"Article\",\"@id\":\"https:\/\/elmawkie.dz\/fr\/protection-civile-18-incendies-eteints-sur-19-en-24-heures\/#article\",\"isPartOf\":{\"@id\":\"https:\/\/elmawkie.dz\/fr\/protection-civile-18-incendies-eteints-sur-19-en-24-heures\/\"},\"author\":{\"name\":\"R\u00e9daction\",\"@id\":\"https:\/\/elmawkie.dz\/fr\/#\/schema\/person\/e7bd59d6467874ba5c4723d8a9f0a63c\"},\"headline\":\"Protection civile : 18 incendies \u00e9teints sur 19 en 24 heures\",\"datePublished\":\"2026-08-30T16:42:55+00:00\",\"dateModified\":\"2026-08-30T16:42:56+00:00\",\"mainEntityOfPage\":{\"@id\":\"https:\/\/elmawkie.dz\/fr\/protection-civile-18-incendies-eteints-sur-19-en-24-heures\/\"},\"wordCount\":130,\"commentCount\":0,\"publisher\":{\"@id\":\"https:\/\/elmawkie.dz\/fr\/#organization\"},\"image\":{\"@id\":\"https:\/\/elmawkie.dz\/fr\/protection-civile-18-incendies-eteints-sur-19-en-24-heures\/#primaryimage\"},\"thumbnailUrl\":\"https:\/\/elmawkie.dz\/fr\/wp-content\/uploads\/2026\/08\/IMG_9946.jpeg\",\"keywords\":[\"Protection civile\"],\"articleSection\":[\"National\"],\"inLanguage\":\"fr-FR\",\"potentialAction\":[{\"@type\":\"CommentAction\",\"name\":\"Comment\",\"target\":[\"https:\/\/elmawkie.dz\/fr\/protection-civile-18-incendies-eteints-sur-19-en-24-heures\/#respond\"]}]},{\"@type\":\"WebPage\",\"@id\":\"https:\/\/elmawkie.dz\/fr\/protection-civile-18-incendies-eteints-sur-19-en-24-heures\/\",\"url\":\"https:\/\/elmawkie.dz\/fr\/protection-civile-18-incendies-eteints-sur-19-en-24-heures\/\",\"name\":\"Protection civile : 18 incendies \u00e9teints sur 19 en 24 heures - El Mawkie\",\"isPartOf\":{\"@id\":\"https:\/\/elmawkie.dz\/fr\/#website\"},\"primaryImageOfPage\":{\"@id\":\"https:\/\/elmawkie.dz\/fr\/protection-civile-18-incendies-eteints-sur-19-en-24-heures\/#primaryimage\"},\"image\":{\"@id\":\"https:\/\/elmawkie.dz\/fr\/protection-civile-18-incendies-eteints-sur-19-en-24-heures\/#primaryimage\"},\"thumbnailUrl\":\"https:\/\/elmawkie.dz\/fr\/wp-content\/uploads\/2026\/08\/IMG_9946.jpeg\",\"datePublished\":\"2026-08-30T16:42:55+00:00\",\"dateModified\":\"2026-08-30T16:42:56+00:00\",\"breadcrumb\":{\"@id\":\"https:\/\/elmawkie.dz\/fr\/protection-civile-18-incendies-eteints-sur-19-en-24-heures\/#breadcrumb\"},\"inLanguage\":\"fr-FR\",\"potentialAction\":[{\"@type\":\"ReadAction\",\"target\":[\"https:\/\/elmawkie.dz\/fr\/protection-civile-18-incendies-eteints-sur-19-en-24-heures\/\"]}]},{\"@type\":\"ImageObject\",\"inLanguage\":\"fr-FR\",\"@id\":\"https:\/\/elmawkie.dz\/fr\/protection-civile-18-incendies-eteints-sur-19-en-24-heures\/#primaryimage\",\"url\":\"https:\/\/elmawkie.dz\/fr\/wp-content\/uploads\/2026\/08\/IMG_9946.jpeg\",\"contentUrl\":\"https:\/\/elmawkie.dz\/fr\/wp-content\/uploads\/2026\/08\/IMG_9946.jpeg\",\"width\":2048,\"height\":1536},{\"@type\":\"BreadcrumbList\",\"@id\":\"https:\/\/elmawkie.dz\/fr\/protection-civile-18-incendies-eteints-sur-19-en-24-heures\/#breadcrumb\",\"itemListElement\":[{\"@type\":\"ListItem\",\"position\":1,\"name\":\"Home\",\"item\":\"https:\/\/elmawkie.dz\/fr\/\"},{\"@type\":\"ListItem\",\"position\":2,\"name\":\"Protection civile : 18 incendies \u00e9teints sur 19 en 24 heures\"}]},{\"@type\":\"WebSite\",\"@id\":\"https:\/\/elmawkie.dz\/fr\/#website\",\"url\":\"https:\/\/elmawkie.dz\/fr\/\",\"name\":\"EL MAWKIE\",\"description\":\"Journal \u00c9lectronique Alg\u00e9rien\",\"publisher\":{\"@id\":\"https:\/\/elmawkie.dz\/fr\/#organization\"},\"potentialAction\":[{\"@type\":\"SearchAction\",\"target\":{\"@type\":\"EntryPoint\",\"urlTemplate\":\"https:\/\/elmawkie.dz\/fr\/?s={search_term_string}\"},\"query-input\":\"required name=search_term_string\"}],\"inLanguage\":\"fr-FR\"},{\"@type\":\"Organization\",\"@id\":\"https:\/\/elmawkie.dz\/fr\/#organization\",\"name\":\"EL MAWKIE\",\"url\":\"https:\/\/elmawkie.dz\/fr\/\",\"logo\":{\"@type\":\"ImageObject\",\"inLanguage\":\"fr-FR\",\"@id\":\"https:\/\/elmawkie.dz\/fr\/#\/schema\/logo\/image\/\",\"url\":\"https:\/\/elmawkie.dz\/fr\/wp-content\/uploads\/2024\/05\/logo1.png\",\"contentUrl\":\"https:\/\/elmawkie.dz\/fr\/wp-content\/uploads\/2024\/05\/logo1.png\",\"width\":1648,\"height\":652,\"caption\":\"EL MAWKIE\"},\"image\":{\"@id\":\"https:\/\/elmawkie.dz\/fr\/#\/schema\/logo\/image\/\"},\"sameAs\":[\"https:\/\/www.facebook.com\/profile.php?id=100088407094989&locale=fr_FR\"]},{\"@type\":\"Person\",\"@id\":\"https:\/\/elmawkie.dz\/fr\/#\/schema\/person\/e7bd59d6467874ba5c4723d8a9f0a63c\",\"name\":\"R\u00e9daction\",\"image\":{\"@type\":\"ImageObject\",\"inLanguage\":\"fr-FR\",\"@id\":\"https:\/\/elmawkie.dz\/fr\/#\/schema\/person\/image\/\",\"url\":\"https:\/\/secure.gravatar.com\/avatar\/f0f773456344da4d2788c054a3d30a0c?s=96&d=mm&r=g\",\"contentUrl\":\"https:\/\/secure.gravatar.com\/avatar\/f0f773456344da4d2788c054a3d30a0c?s=96&d=mm&r=g\",\"caption\":\"R\u00e9daction\"},\"url\":\"https:\/\/elmawkie.dz\/fr\/author\/redaction\/\"}]}<\/script>\n<!-- \/ Yoast SEO Premium plugin. -->","yoast_head_json":{"title":"Protection civile : 18 incendies \u00e9teints sur 19 en 24 heures - El Mawkie","robots":{"index":"index","follow":"follow","max-snippet":"max-snippet:-1","max-image-preview":"max-image-preview:large","max-video-preview":"max-video-preview:-1"},"canonical":"https:\/\/elmawkie.dz\/fr\/protection-civile-18-incendies-eteints-sur-19-en-24-heures\/","og_locale":"fr_FR","og_type":"article","og_title":"Protection civile : 18 incendies \u00e9teints sur 19 en 24 heures","og_description":"Les unit\u00e9s de la Protection civile ont r\u00e9ussi \u00e0 \u00e9teindre, au cours des derni\u00e8res 24 heures, jusqu&rsquo;\u00e0 dimanche 13h00, 18 incendies sur les 19 enregistr\u00e9s \u00e0 travers plusieurs wilayas du pays, selon un nouveau bilan de la Direction g\u00e9n\u00e9rale de la Protection civile. Concernant la situation g\u00e9n\u00e9rale des incendies touchant le couvert v\u00e9g\u00e9tal et les &hellip;","og_url":"https:\/\/elmawkie.dz\/fr\/protection-civile-18-incendies-eteints-sur-19-en-24-heures\/","og_site_name":"El Mawkie","article_publisher":"https:\/\/www.facebook.com\/profile.php?id=100088407094989&locale=fr_FR","article_published_time":"2026-08-30T16:42:55+00:00","article_modified_time":"2026-08-30T16:42:56+00:00","og_image":[{"width":2048,"height":1536,"url":"https:\/\/elmawkie.dz\/fr\/wp-content\/uploads\/2026\/08\/IMG_9946.jpeg","type":"image\/jpeg"}],"author":"R\u00e9daction","twitter_card":"summary_large_image","twitter_misc":{"Written by":"R\u00e9daction","Est. reading time":"1 minute"},"schema":{"@context":"https:\/\/schema.org","@graph":[{"@type":"Article","@id":"https:\/\/elmawkie.dz\/fr\/protection-civile-18-incendies-eteints-sur-19-en-24-heures\/#article","isPartOf":{"@id":"https:\/\/elmawkie.dz\/fr\/protection-civile-18-incendies-eteints-sur-19-en-24-heures\/"},"author":{"name":"R\u00e9daction","@id":"https:\/\/elmawkie.dz\/fr\/#\/schema\/person\/e7bd59d6467874ba5c4723d8a9f0a63c"},"headline":"Protection civile : 18 incendies \u00e9teints sur 19 en 24 heures","datePublished":"2026-08-30T16:42:55+00:00","dateModified":"2026-08-30T16:42:56+00:00","mainEntityOfPage":{"@id":"https:\/\/elmawkie.dz\/fr\/protection-civile-18-incendies-eteints-sur-19-en-24-heures\/"},"wordCount":130,"commentCount":0,"publisher":{"@id":"https:\/\/elmawkie.dz\/fr\/#organization"},"image":{"@id":"https:\/\/elmawkie.dz\/fr\/protection-civile-18-incendies-eteints-sur-19-en-24-heures\/#primaryimage"},"thumbnailUrl":"https:\/\/elmawkie.dz\/fr\/wp-content\/uploads\/2026\/08\/IMG_9946.jpeg","keywords":["Protection civile"],"articleSection":["National"],"inLanguage":"fr-FR","potentialAction":[{"@type":"CommentAction","name":"Comment","target":["https:\/\/elmawkie.dz\/fr\/protection-civile-18-incendies-eteints-sur-19-en-24-heures\/#respond"]}]},{"@type":"WebPage","@id":"https:\/\/elmawkie.dz\/fr\/protection-civile-18-incendies-eteints-sur-19-en-24-heures\/","url":"https:\/\/elmawkie.dz\/fr\/protection-civile-18-incendies-eteints-sur-19-en-24-heures\/","name":"Protection civile : 18 incendies \u00e9teints sur 19 en 24 heures - El Mawkie","isPartOf":{"@id":"https:\/\/elmawkie.dz\/fr\/#website"},"primaryImageOfPage":{"@id":"https:\/\/elmawkie.dz\/fr\/protection-civile-18-incendies-eteints-sur-19-en-24-heures\/#primaryimage"},"image":{"@id":"https:\/\/elmawkie.dz\/fr\/protection-civile-18-incendies-eteints-sur-19-en-24-heures\/#primaryimage"},"thumbnailUrl":"https:\/\/elmawkie.dz\/fr\/wp-content\/uploads\/2026\/08\/IMG_9946.jpeg","datePublished":"2026-08-30T16:42:55+00:00","dateModified":"2026-08-30T16:42:56+00:00","breadcrumb":{"@id":"https:\/\/elmawkie.dz\/fr\/protection-civile-18-incendies-eteints-sur-19-en-24-heures\/#breadcrumb"},"inLanguage":"fr-FR","potentialAction":[{"@type":"ReadAction","target":["https:\/\/elmawkie.dz\/fr\/protection-civile-18-incendies-eteints-sur-19-en-24-heures\/"]}]},{"@type":"ImageObject","inLanguage":"fr-FR","@id":"https:\/\/elmawkie.dz\/fr\/protection-civile-18-incendies-eteints-sur-19-en-24-heures\/#primaryimage","url":"https:\/\/elmawkie.dz\/fr\/wp-content\/uploads\/2026\/08\/IMG_9946.jpeg","contentUrl":"https:\/\/elmawkie.dz\/fr\/wp-content\/uploads\/2026\/08\/IMG_9946.jpeg","width":2048,"height":1536},{"@type":"BreadcrumbList","@id":"https:\/\/elmawkie.dz\/fr\/protection-civile-18-incendies-eteints-sur-19-en-24-heures\/#breadcrumb","itemListElement":[{"@type":"ListItem","position":1,"name":"Home","item":"https:\/\/elmawkie.dz\/fr\/"},{"@type":"ListItem","position":2,"name":"Protection civile : 18 incendies \u00e9teints sur 19 en 24 heures"}]},{"@type":"WebSite","@id":"https:\/\/elmawkie.dz\/fr\/#website","url":"https:\/\/elmawkie.dz\/fr\/","name":"EL MAWKIE","description":"Journal \u00c9lectronique Alg\u00e9rien","publisher":{"@id":"https:\/\/elmawkie.dz\/fr\/#organization"},"potentialAction":[{"@type":"SearchAction","target":{"@type":"EntryPoint","urlTemplate":"https:\/\/elmawkie.dz\/fr\/?s={search_term_string}"},"query-input":"required name=search_term_string"}],"inLanguage":"fr-FR"},{"@type":"Organization","@id":"https:\/\/elmawkie.dz\/fr\/#organization","name":"EL MAWKIE","url":"https:\/\/elmawkie.dz\/fr\/","logo":{"@type":"ImageObject","inLanguage":"fr-FR","@id":"https:\/\/elmawkie.dz\/fr\/#\/schema\/logo\/image\/","url":"https:\/\/elmawkie.dz\/fr\/wp-content\/uploads\/2024\/05\/logo1.png","contentUrl":"https:\/\/elmawkie.dz\/fr\/wp-content\/uploads\/2024\/05\/logo1.png","width":1648,"height":652,"caption":"EL MAWKIE"},"image":{"@id":"https:\/\/elmawkie.dz\/fr\/#\/schema\/logo\/image\/"},"sameAs":["https:\/\/www.facebook.com\/profile.php?id=100088407094989&locale=fr_FR"]},{"@type":"Person","@id":"https:\/\/elmawkie.dz\/fr\/#\/schema\/person\/e7bd59d6467874ba5c4723d8a9f0a63c","name":"R\u00e9daction","image":{"@type":"ImageObject","inLanguage":"fr-FR","@id":"https:\/\/elmawkie.dz\/fr\/#\/schema\/person\/image\/","url":"https:\/\/secure.gravatar.com\/avatar\/f0f773456344da4d2788c054a3d30a0c?s=96&d=mm&r=g","contentUrl":"https:\/\/secure.gravatar.com\/avatar\/f0f773456344da4d2788c054a3d30a0c?s=96&d=mm&r=g","caption":"R\u00e9daction"},"url":"https:\/\/elmawkie.dz\/fr\/author\/redaction\/"}]}},"_links":{"self":[{"href":"https:\/\/elmawkie.dz\/fr\/wp-json\/wp\/v2\/posts\/67830","targetHints":{"allow":["GET"]}}],"collection":[{"href":"https:\/\/elmawkie.dz\/fr\/wp-json\/wp\/v2\/posts"}],"about":[{"href":"https:\/\/elmawkie.dz\/fr\/wp-json\/wp\/v2\/types\/post"}],"author":[{"embeddable":true,"href":"https:\/\/elmawkie.dz\/fr\/wp-json\/wp\/v2\/users\/9"}],"replies":[{"embeddable":true,"href":"https:\/\/elmawkie.dz\/fr\/wp-json\/wp\/v2\/comments?post=67830"}],"version-history":[{"count":1,"href":"https:\/\/elmawkie.dz\/fr\/wp-json\/wp\/v2\/posts\/67830\/revisions"}],"predecessor-version":[{"id":67833,"href":"https:\/\/elmawkie.dz\/fr\/wp-json\/wp\/v2\/posts\/67830\/revisions\/67833"}],"wp:featuredmedia":[{"embeddable":true,"href":"https:\/\/elmawkie.dz\/fr\/wp-json\/wp\/v2\/media\/67832"}],"wp:attachment":[{"href":"https:\/\/elmawkie.dz\/fr\/wp-json\/wp\/v2\/media?parent=67830"}],"wp:term":[{"taxonomy":"category","embeddable":true,"href":"https:\/\/elmawkie.dz\/fr\/wp-json\/wp\/v2\/categories?post=67830"},{"taxonomy":"post_tag","embeddable":true,"href":"https:\/\/elmawkie.dz\/fr\/wp-json\/wp\/v2\/tags?post=67830"}],"curies":[{"name":"wp","href":"https:\/\/api.w.org\/{rel}","templated":true}]}}