{"id":67822,"date":"2026-08-30T17:37:56","date_gmt":"2026-08-30T16:37:56","guid":{"rendered":"https:\/\/elmawkie.dz\/fr\/?p=67822"},"modified":"2026-08-30T17:37:57","modified_gmt":"2026-08-30T16:37:57","slug":"le-president-de-la-commission-de-lua-plaide-pour-un-effort-collectif-afin-daffronter-les-crises-en-afrique","status":"publish","type":"post","link":"https:\/\/elmawkie.dz\/fr\/le-president-de-la-commission-de-lua-plaide-pour-un-effort-collectif-afin-daffronter-les-crises-en-afrique\/","title":{"rendered":"Le pr\u00e9sident de la Commission de l&rsquo;UA plaide pour un effort collectif afin d&rsquo;affronter les crises en Afrique"},"content":{"rendered":"\n<p><strong>Le pr\u00e9sident de la Commission de l&rsquo;Union africaine (UA), Mahmoud Ali Youssouf, a appel\u00e9 dimanche, \u00e0 une r\u00e9forme urgente de l&rsquo;architecture de la paix et de la s\u00e9curit\u00e9 en Afrique, exhortant les pays du continent \u00e0 opter pour les actions collectives afin de r\u00e9soudre les crises.<\/strong><\/p>\n\n\n\n<p>\u00ab\u00a0Au Soudan, en RDC, en Somalie, au Sahel, en Libye, au nord du Mozambique et \u00e0 Madagascar, les crises persistantes et les menaces \u00e9mergentes, y compris le terrorisme, l&rsquo;extr\u00e9misme violent, la piraterie, la criminalit\u00e9 transnationale et le mauvais traitement des migrants, exigent une action collective plus forte\u00a0\u00bb, a affirm\u00e9 M. Ali Youssouf lors de son intervention au 21e Sommet extraordinaire de l&rsquo;UA organis\u00e9 \u00e0 Luanda, en Angola.<\/p>\n\n\n\n<p>\u00ab\u00a0La pr\u00e9vention doit devenir notre priorit\u00e9. Nous avons besoin d&rsquo;un syst\u00e8me continental d&rsquo;alerte pr\u00e9coce renforc\u00e9, d&rsquo;une mise en \u0153uvre plus efficace des d\u00e9cisions de l&rsquo;UA, d&rsquo;un financement durable pour les op\u00e9rations de paix et d&rsquo;un Fonds pour la paix pleinement op\u00e9rationnel\u00a0\u00bb, a-t-il assur\u00e9, par ailleurs.<\/p>\n\n\n\n<p>Il a estim\u00e9, en outre, que les partenariats, y compris avec les Nations unies, devraient refl\u00e9ter les r\u00e9alit\u00e9s et les attentes de l&rsquo;Afrique. \u00ab\u00a0La mise en \u0153uvre de la r\u00e9solution 2719 du Conseil de s\u00e9curit\u00e9 des Nations unies (consacrant la coop\u00e9ration entre l&rsquo;ONU et l&rsquo;UA) est un appel l\u00e9gitime et urgent\u00a0\u00bb, a-t-il insist\u00e9.<\/p>\n\n\n\n<p>Il a \u00e9galement soulign\u00e9 que les Communaut\u00e9s \u00e9conomiques r\u00e9gionales de l&rsquo;UA et les m\u00e9canismes r\u00e9gionaux restent au centre de la diplomatie pr\u00e9ventive. Une consultation continue entre le Conseil de paix et de s\u00e9curit\u00e9, la Commission, les Etats membres et les organismes r\u00e9gionaux \u00ab\u00a0est essentielle\u00a0\u00bb, a-t-il dit.<\/p>\n\n\n\n<p>La solidarit\u00e9, les ressources mutualis\u00e9es et une plus grande souverainet\u00e9 panafricaine en mati\u00e8re de paix et de s\u00e9curit\u00e9 sont imp\u00e9ratives, a-t-il plaid\u00e9 signalant, \u00e0 ce propos, qu&rsquo;aucun pays n&rsquo;\u00e9tait en mesure d&rsquo;affronter seul les menaces que conna\u00eet le continent.<\/p>\n\n\n\n<p>Le pr\u00e9sident de la Commission de l&rsquo;UA a not\u00e9, d&rsquo;autre part, que la mise en place de cette nouvelle architecture de paix et de s\u00e9curit\u00e9 n\u00e9cessitait une \u00ab\u00a0volont\u00e9 politique in\u00e9branlable\u00a0\u00bb.<\/p>\n","protected":false},"excerpt":{"rendered":"<p>Le pr\u00e9sident de la Commission de l&rsquo;Union africaine (UA), Mahmoud Ali Youssouf, a appel\u00e9 dimanche, \u00e0 une r\u00e9forme urgente de l&rsquo;architecture de la paix et de la s\u00e9curit\u00e9 en Afrique, exhortant les pays du continent \u00e0 opter pour les actions collectives afin de r\u00e9soudre les crises. \u00ab\u00a0Au Soudan, en RDC, en Somalie, au Sahel, en &hellip;<\/p>\n","protected":false},"author":9,"featured_media":67824,"comment_status":"open","ping_status":"open","sticky":false,"template":"","format":"standard","meta":{"footnotes":""},"categories":[44],"tags":[2604,1418],"class_list":["post-67822","post","type-post","status-publish","format-standard","has-post-thumbnail","hentry","category-international","tag-lua-2","tag-le-president"],"yoast_head":"<!-- This site is optimized with the Yoast SEO Premium plugin v22.6 (Yoast SEO v22.6) - https:\/\/yoast.com\/wordpress\/plugins\/seo\/ -->\n<title>Le pr\u00e9sident de la Commission de l&#039;UA plaide pour un effort collectif afin d&#039;affronter les crises en Afrique - El Mawkie<\/title>\n<meta name=\"robots\" content=\"index, follow, max-snippet:-1, max-image-preview:large, max-video-preview:-1\" \/>\n<link rel=\"canonical\" href=\"https:\/\/elmawkie.dz\/fr\/le-president-de-la-commission-de-lua-plaide-pour-un-effort-collectif-afin-daffronter-les-crises-en-afrique\/\" \/>\n<meta property=\"og:locale\" content=\"fr_FR\" \/>\n<meta property=\"og:type\" content=\"article\" \/>\n<meta property=\"og:title\" content=\"Le pr\u00e9sident de la Commission de l&#039;UA plaide pour un effort collectif afin d&#039;affronter les crises en Afrique\" \/>\n<meta property=\"og:description\" content=\"Le pr\u00e9sident de la Commission de l&rsquo;Union africaine (UA), Mahmoud Ali Youssouf, a appel\u00e9 dimanche, \u00e0 une r\u00e9forme urgente de l&rsquo;architecture de la paix et de la s\u00e9curit\u00e9 en Afrique, exhortant les pays du continent \u00e0 opter pour les actions collectives afin de r\u00e9soudre les crises. \u00ab\u00a0Au Soudan, en RDC, en Somalie, au Sahel, en &hellip;\" \/>\n<meta property=\"og:url\" content=\"https:\/\/elmawkie.dz\/fr\/le-president-de-la-commission-de-lua-plaide-pour-un-effort-collectif-afin-daffronter-les-crises-en-afrique\/\" \/>\n<meta property=\"og:site_name\" content=\"El Mawkie\" \/>\n<meta property=\"article:publisher\" content=\"https:\/\/www.facebook.com\/profile.php?id=100088407094989&amp;locale=fr_FR\" \/>\n<meta property=\"article:published_time\" content=\"2026-08-30T16:37:56+00:00\" \/>\n<meta property=\"article:modified_time\" content=\"2026-08-30T16:37:57+00:00\" \/>\n<meta property=\"og:image\" content=\"https:\/\/elmawkie.dz\/fr\/wp-content\/uploads\/2026\/08\/IMG_9943.jpeg\" \/>\n\t<meta property=\"og:image:width\" content=\"588\" \/>\n\t<meta property=\"og:image:height\" content=\"330\" \/>\n\t<meta property=\"og:image:type\" content=\"image\/jpeg\" \/>\n<meta name=\"author\" content=\"R\u00e9daction\" \/>\n<meta name=\"twitter:card\" content=\"summary_large_image\" \/>\n<meta name=\"twitter:label1\" content=\"Written by\" \/>\n\t<meta name=\"twitter:data1\" content=\"R\u00e9daction\" \/>\n\t<meta name=\"twitter:label2\" content=\"Est. reading time\" \/>\n\t<meta name=\"twitter:data2\" content=\"2 minutes\" \/>\n<script type=\"application\/ld+json\" class=\"yoast-schema-graph\">{\"@context\":\"https:\/\/schema.org\",\"@graph\":[{\"@type\":\"Article\",\"@id\":\"https:\/\/elmawkie.dz\/fr\/le-president-de-la-commission-de-lua-plaide-pour-un-effort-collectif-afin-daffronter-les-crises-en-afrique\/#article\",\"isPartOf\":{\"@id\":\"https:\/\/elmawkie.dz\/fr\/le-president-de-la-commission-de-lua-plaide-pour-un-effort-collectif-afin-daffronter-les-crises-en-afrique\/\"},\"author\":{\"name\":\"R\u00e9daction\",\"@id\":\"https:\/\/elmawkie.dz\/fr\/#\/schema\/person\/e7bd59d6467874ba5c4723d8a9f0a63c\"},\"headline\":\"Le pr\u00e9sident de la Commission de l&rsquo;UA plaide pour un effort collectif afin d&rsquo;affronter les crises en Afrique\",\"datePublished\":\"2026-08-30T16:37:56+00:00\",\"dateModified\":\"2026-08-30T16:37:57+00:00\",\"mainEntityOfPage\":{\"@id\":\"https:\/\/elmawkie.dz\/fr\/le-president-de-la-commission-de-lua-plaide-pour-un-effort-collectif-afin-daffronter-les-crises-en-afrique\/\"},\"wordCount\":394,\"commentCount\":0,\"publisher\":{\"@id\":\"https:\/\/elmawkie.dz\/fr\/#organization\"},\"image\":{\"@id\":\"https:\/\/elmawkie.dz\/fr\/le-president-de-la-commission-de-lua-plaide-pour-un-effort-collectif-afin-daffronter-les-crises-en-afrique\/#primaryimage\"},\"thumbnailUrl\":\"https:\/\/elmawkie.dz\/fr\/wp-content\/uploads\/2026\/08\/IMG_9943.jpeg\",\"keywords\":[\"l\u2019UA\",\"le Pr\u00e9sident\"],\"articleSection\":[\"International\"],\"inLanguage\":\"fr-FR\",\"potentialAction\":[{\"@type\":\"CommentAction\",\"name\":\"Comment\",\"target\":[\"https:\/\/elmawkie.dz\/fr\/le-president-de-la-commission-de-lua-plaide-pour-un-effort-collectif-afin-daffronter-les-crises-en-afrique\/#respond\"]}]},{\"@type\":\"WebPage\",\"@id\":\"https:\/\/elmawkie.dz\/fr\/le-president-de-la-commission-de-lua-plaide-pour-un-effort-collectif-afin-daffronter-les-crises-en-afrique\/\",\"url\":\"https:\/\/elmawkie.dz\/fr\/le-president-de-la-commission-de-lua-plaide-pour-un-effort-collectif-afin-daffronter-les-crises-en-afrique\/\",\"name\":\"Le pr\u00e9sident de la Commission de l'UA plaide pour un effort collectif afin d'affronter les crises en Afrique - El Mawkie\",\"isPartOf\":{\"@id\":\"https:\/\/elmawkie.dz\/fr\/#website\"},\"primaryImageOfPage\":{\"@id\":\"https:\/\/elmawkie.dz\/fr\/le-president-de-la-commission-de-lua-plaide-pour-un-effort-collectif-afin-daffronter-les-crises-en-afrique\/#primaryimage\"},\"image\":{\"@id\":\"https:\/\/elmawkie.dz\/fr\/le-president-de-la-commission-de-lua-plaide-pour-un-effort-collectif-afin-daffronter-les-crises-en-afrique\/#primaryimage\"},\"thumbnailUrl\":\"https:\/\/elmawkie.dz\/fr\/wp-content\/uploads\/2026\/08\/IMG_9943.jpeg\",\"datePublished\":\"2026-08-30T16:37:56+00:00\",\"dateModified\":\"2026-08-30T16:37:57+00:00\",\"breadcrumb\":{\"@id\":\"https:\/\/elmawkie.dz\/fr\/le-president-de-la-commission-de-lua-plaide-pour-un-effort-collectif-afin-daffronter-les-crises-en-afrique\/#breadcrumb\"},\"inLanguage\":\"fr-FR\",\"potentialAction\":[{\"@type\":\"ReadAction\",\"target\":[\"https:\/\/elmawkie.dz\/fr\/le-president-de-la-commission-de-lua-plaide-pour-un-effort-collectif-afin-daffronter-les-crises-en-afrique\/\"]}]},{\"@type\":\"ImageObject\",\"inLanguage\":\"fr-FR\",\"@id\":\"https:\/\/elmawkie.dz\/fr\/le-president-de-la-commission-de-lua-plaide-pour-un-effort-collectif-afin-daffronter-les-crises-en-afrique\/#primaryimage\",\"url\":\"https:\/\/elmawkie.dz\/fr\/wp-content\/uploads\/2026\/08\/IMG_9943.jpeg\",\"contentUrl\":\"https:\/\/elmawkie.dz\/fr\/wp-content\/uploads\/2026\/08\/IMG_9943.jpeg\",\"width\":588,\"height\":330},{\"@type\":\"BreadcrumbList\",\"@id\":\"https:\/\/elmawkie.dz\/fr\/le-president-de-la-commission-de-lua-plaide-pour-un-effort-collectif-afin-daffronter-les-crises-en-afrique\/#breadcrumb\",\"itemListElement\":[{\"@type\":\"ListItem\",\"position\":1,\"name\":\"Home\",\"item\":\"https:\/\/elmawkie.dz\/fr\/\"},{\"@type\":\"ListItem\",\"position\":2,\"name\":\"Le pr\u00e9sident de la Commission de l&rsquo;UA plaide pour un effort collectif afin d&rsquo;affronter les crises en Afrique\"}]},{\"@type\":\"WebSite\",\"@id\":\"https:\/\/elmawkie.dz\/fr\/#website\",\"url\":\"https:\/\/elmawkie.dz\/fr\/\",\"name\":\"EL MAWKIE\",\"description\":\"Journal \u00c9lectronique Alg\u00e9rien\",\"publisher\":{\"@id\":\"https:\/\/elmawkie.dz\/fr\/#organization\"},\"potentialAction\":[{\"@type\":\"SearchAction\",\"target\":{\"@type\":\"EntryPoint\",\"urlTemplate\":\"https:\/\/elmawkie.dz\/fr\/?s={search_term_string}\"},\"query-input\":\"required name=search_term_string\"}],\"inLanguage\":\"fr-FR\"},{\"@type\":\"Organization\",\"@id\":\"https:\/\/elmawkie.dz\/fr\/#organization\",\"name\":\"EL MAWKIE\",\"url\":\"https:\/\/elmawkie.dz\/fr\/\",\"logo\":{\"@type\":\"ImageObject\",\"inLanguage\":\"fr-FR\",\"@id\":\"https:\/\/elmawkie.dz\/fr\/#\/schema\/logo\/image\/\",\"url\":\"https:\/\/elmawkie.dz\/fr\/wp-content\/uploads\/2024\/05\/logo1.png\",\"contentUrl\":\"https:\/\/elmawkie.dz\/fr\/wp-content\/uploads\/2024\/05\/logo1.png\",\"width\":1648,\"height\":652,\"caption\":\"EL MAWKIE\"},\"image\":{\"@id\":\"https:\/\/elmawkie.dz\/fr\/#\/schema\/logo\/image\/\"},\"sameAs\":[\"https:\/\/www.facebook.com\/profile.php?id=100088407094989&locale=fr_FR\"]},{\"@type\":\"Person\",\"@id\":\"https:\/\/elmawkie.dz\/fr\/#\/schema\/person\/e7bd59d6467874ba5c4723d8a9f0a63c\",\"name\":\"R\u00e9daction\",\"image\":{\"@type\":\"ImageObject\",\"inLanguage\":\"fr-FR\",\"@id\":\"https:\/\/elmawkie.dz\/fr\/#\/schema\/person\/image\/\",\"url\":\"https:\/\/secure.gravatar.com\/avatar\/f0f773456344da4d2788c054a3d30a0c?s=96&d=mm&r=g\",\"contentUrl\":\"https:\/\/secure.gravatar.com\/avatar\/f0f773456344da4d2788c054a3d30a0c?s=96&d=mm&r=g\",\"caption\":\"R\u00e9daction\"},\"url\":\"https:\/\/elmawkie.dz\/fr\/author\/redaction\/\"}]}<\/script>\n<!-- \/ Yoast SEO Premium plugin. -->","yoast_head_json":{"title":"Le pr\u00e9sident de la Commission de l'UA plaide pour un effort collectif afin d'affronter les crises en Afrique - El Mawkie","robots":{"index":"index","follow":"follow","max-snippet":"max-snippet:-1","max-image-preview":"max-image-preview:large","max-video-preview":"max-video-preview:-1"},"canonical":"https:\/\/elmawkie.dz\/fr\/le-president-de-la-commission-de-lua-plaide-pour-un-effort-collectif-afin-daffronter-les-crises-en-afrique\/","og_locale":"fr_FR","og_type":"article","og_title":"Le pr\u00e9sident de la Commission de l'UA plaide pour un effort collectif afin d'affronter les crises en Afrique","og_description":"Le pr\u00e9sident de la Commission de l&rsquo;Union africaine (UA), Mahmoud Ali Youssouf, a appel\u00e9 dimanche, \u00e0 une r\u00e9forme urgente de l&rsquo;architecture de la paix et de la s\u00e9curit\u00e9 en Afrique, exhortant les pays du continent \u00e0 opter pour les actions collectives afin de r\u00e9soudre les crises. \u00ab\u00a0Au Soudan, en RDC, en Somalie, au Sahel, en &hellip;","og_url":"https:\/\/elmawkie.dz\/fr\/le-president-de-la-commission-de-lua-plaide-pour-un-effort-collectif-afin-daffronter-les-crises-en-afrique\/","og_site_name":"El Mawkie","article_publisher":"https:\/\/www.facebook.com\/profile.php?id=100088407094989&locale=fr_FR","article_published_time":"2026-08-30T16:37:56+00:00","article_modified_time":"2026-08-30T16:37:57+00:00","og_image":[{"width":588,"height":330,"url":"https:\/\/elmawkie.dz\/fr\/wp-content\/uploads\/2026\/08\/IMG_9943.jpeg","type":"image\/jpeg"}],"author":"R\u00e9daction","twitter_card":"summary_large_image","twitter_misc":{"Written by":"R\u00e9daction","Est. reading time":"2 minutes"},"schema":{"@context":"https:\/\/schema.org","@graph":[{"@type":"Article","@id":"https:\/\/elmawkie.dz\/fr\/le-president-de-la-commission-de-lua-plaide-pour-un-effort-collectif-afin-daffronter-les-crises-en-afrique\/#article","isPartOf":{"@id":"https:\/\/elmawkie.dz\/fr\/le-president-de-la-commission-de-lua-plaide-pour-un-effort-collectif-afin-daffronter-les-crises-en-afrique\/"},"author":{"name":"R\u00e9daction","@id":"https:\/\/elmawkie.dz\/fr\/#\/schema\/person\/e7bd59d6467874ba5c4723d8a9f0a63c"},"headline":"Le pr\u00e9sident de la Commission de l&rsquo;UA plaide pour un effort collectif afin d&rsquo;affronter les crises en Afrique","datePublished":"2026-08-30T16:37:56+00:00","dateModified":"2026-08-30T16:37:57+00:00","mainEntityOfPage":{"@id":"https:\/\/elmawkie.dz\/fr\/le-president-de-la-commission-de-lua-plaide-pour-un-effort-collectif-afin-daffronter-les-crises-en-afrique\/"},"wordCount":394,"commentCount":0,"publisher":{"@id":"https:\/\/elmawkie.dz\/fr\/#organization"},"image":{"@id":"https:\/\/elmawkie.dz\/fr\/le-president-de-la-commission-de-lua-plaide-pour-un-effort-collectif-afin-daffronter-les-crises-en-afrique\/#primaryimage"},"thumbnailUrl":"https:\/\/elmawkie.dz\/fr\/wp-content\/uploads\/2026\/08\/IMG_9943.jpeg","keywords":["l\u2019UA","le Pr\u00e9sident"],"articleSection":["International"],"inLanguage":"fr-FR","potentialAction":[{"@type":"CommentAction","name":"Comment","target":["https:\/\/elmawkie.dz\/fr\/le-president-de-la-commission-de-lua-plaide-pour-un-effort-collectif-afin-daffronter-les-crises-en-afrique\/#respond"]}]},{"@type":"WebPage","@id":"https:\/\/elmawkie.dz\/fr\/le-president-de-la-commission-de-lua-plaide-pour-un-effort-collectif-afin-daffronter-les-crises-en-afrique\/","url":"https:\/\/elmawkie.dz\/fr\/le-president-de-la-commission-de-lua-plaide-pour-un-effort-collectif-afin-daffronter-les-crises-en-afrique\/","name":"Le pr\u00e9sident de la Commission de l'UA plaide pour un effort collectif afin d'affronter les crises en Afrique - El Mawkie","isPartOf":{"@id":"https:\/\/elmawkie.dz\/fr\/#website"},"primaryImageOfPage":{"@id":"https:\/\/elmawkie.dz\/fr\/le-president-de-la-commission-de-lua-plaide-pour-un-effort-collectif-afin-daffronter-les-crises-en-afrique\/#primaryimage"},"image":{"@id":"https:\/\/elmawkie.dz\/fr\/le-president-de-la-commission-de-lua-plaide-pour-un-effort-collectif-afin-daffronter-les-crises-en-afrique\/#primaryimage"},"thumbnailUrl":"https:\/\/elmawkie.dz\/fr\/wp-content\/uploads\/2026\/08\/IMG_9943.jpeg","datePublished":"2026-08-30T16:37:56+00:00","dateModified":"2026-08-30T16:37:57+00:00","breadcrumb":{"@id":"https:\/\/elmawkie.dz\/fr\/le-president-de-la-commission-de-lua-plaide-pour-un-effort-collectif-afin-daffronter-les-crises-en-afrique\/#breadcrumb"},"inLanguage":"fr-FR","potentialAction":[{"@type":"ReadAction","target":["https:\/\/elmawkie.dz\/fr\/le-president-de-la-commission-de-lua-plaide-pour-un-effort-collectif-afin-daffronter-les-crises-en-afrique\/"]}]},{"@type":"ImageObject","inLanguage":"fr-FR","@id":"https:\/\/elmawkie.dz\/fr\/le-president-de-la-commission-de-lua-plaide-pour-un-effort-collectif-afin-daffronter-les-crises-en-afrique\/#primaryimage","url":"https:\/\/elmawkie.dz\/fr\/wp-content\/uploads\/2026\/08\/IMG_9943.jpeg","contentUrl":"https:\/\/elmawkie.dz\/fr\/wp-content\/uploads\/2026\/08\/IMG_9943.jpeg","width":588,"height":330},{"@type":"BreadcrumbList","@id":"https:\/\/elmawkie.dz\/fr\/le-president-de-la-commission-de-lua-plaide-pour-un-effort-collectif-afin-daffronter-les-crises-en-afrique\/#breadcrumb","itemListElement":[{"@type":"ListItem","position":1,"name":"Home","item":"https:\/\/elmawkie.dz\/fr\/"},{"@type":"ListItem","position":2,"name":"Le pr\u00e9sident de la Commission de l&rsquo;UA plaide pour un effort collectif afin d&rsquo;affronter les crises en Afrique"}]},{"@type":"WebSite","@id":"https:\/\/elmawkie.dz\/fr\/#website","url":"https:\/\/elmawkie.dz\/fr\/","name":"EL MAWKIE","description":"Journal \u00c9lectronique Alg\u00e9rien","publisher":{"@id":"https:\/\/elmawkie.dz\/fr\/#organization"},"potentialAction":[{"@type":"SearchAction","target":{"@type":"EntryPoint","urlTemplate":"https:\/\/elmawkie.dz\/fr\/?s={search_term_string}"},"query-input":"required name=search_term_string"}],"inLanguage":"fr-FR"},{"@type":"Organization","@id":"https:\/\/elmawkie.dz\/fr\/#organization","name":"EL MAWKIE","url":"https:\/\/elmawkie.dz\/fr\/","logo":{"@type":"ImageObject","inLanguage":"fr-FR","@id":"https:\/\/elmawkie.dz\/fr\/#\/schema\/logo\/image\/","url":"https:\/\/elmawkie.dz\/fr\/wp-content\/uploads\/2024\/05\/logo1.png","contentUrl":"https:\/\/elmawkie.dz\/fr\/wp-content\/uploads\/2024\/05\/logo1.png","width":1648,"height":652,"caption":"EL MAWKIE"},"image":{"@id":"https:\/\/elmawkie.dz\/fr\/#\/schema\/logo\/image\/"},"sameAs":["https:\/\/www.facebook.com\/profile.php?id=100088407094989&locale=fr_FR"]},{"@type":"Person","@id":"https:\/\/elmawkie.dz\/fr\/#\/schema\/person\/e7bd59d6467874ba5c4723d8a9f0a63c","name":"R\u00e9daction","image":{"@type":"ImageObject","inLanguage":"fr-FR","@id":"https:\/\/elmawkie.dz\/fr\/#\/schema\/person\/image\/","url":"https:\/\/secure.gravatar.com\/avatar\/f0f773456344da4d2788c054a3d30a0c?s=96&d=mm&r=g","contentUrl":"https:\/\/secure.gravatar.com\/avatar\/f0f773456344da4d2788c054a3d30a0c?s=96&d=mm&r=g","caption":"R\u00e9daction"},"url":"https:\/\/elmawkie.dz\/fr\/author\/redaction\/"}]}},"_links":{"self":[{"href":"https:\/\/elmawkie.dz\/fr\/wp-json\/wp\/v2\/posts\/67822","targetHints":{"allow":["GET"]}}],"collection":[{"href":"https:\/\/elmawkie.dz\/fr\/wp-json\/wp\/v2\/posts"}],"about":[{"href":"https:\/\/elmawkie.dz\/fr\/wp-json\/wp\/v2\/types\/post"}],"author":[{"embeddable":true,"href":"https:\/\/elmawkie.dz\/fr\/wp-json\/wp\/v2\/users\/9"}],"replies":[{"embeddable":true,"href":"https:\/\/elmawkie.dz\/fr\/wp-json\/wp\/v2\/comments?post=67822"}],"version-history":[{"count":1,"href":"https:\/\/elmawkie.dz\/fr\/wp-json\/wp\/v2\/posts\/67822\/revisions"}],"predecessor-version":[{"id":67825,"href":"https:\/\/elmawkie.dz\/fr\/wp-json\/wp\/v2\/posts\/67822\/revisions\/67825"}],"wp:featuredmedia":[{"embeddable":true,"href":"https:\/\/elmawkie.dz\/fr\/wp-json\/wp\/v2\/media\/67824"}],"wp:attachment":[{"href":"https:\/\/elmawkie.dz\/fr\/wp-json\/wp\/v2\/media?parent=67822"}],"wp:term":[{"taxonomy":"category","embeddable":true,"href":"https:\/\/elmawkie.dz\/fr\/wp-json\/wp\/v2\/categories?post=67822"},{"taxonomy":"post_tag","embeddable":true,"href":"https:\/\/elmawkie.dz\/fr\/wp-json\/wp\/v2\/tags?post=67822"}],"curies":[{"name":"wp","href":"https:\/\/api.w.org\/{rel}","templated":true}]}}