{"id":67814,"date":"2026-08-30T13:46:13","date_gmt":"2026-08-30T12:46:13","guid":{"rendered":"https:\/\/elmawkie.dz\/fr\/?p=67814"},"modified":"2026-08-30T13:46:14","modified_gmt":"2026-08-30T12:46:14","slug":"nepal-le-bilan-des-victimes-de-la-crue-salourdit-a-768-morts-et-plus-de-3-000-disparus","status":"publish","type":"post","link":"https:\/\/elmawkie.dz\/fr\/nepal-le-bilan-des-victimes-de-la-crue-salourdit-a-768-morts-et-plus-de-3-000-disparus\/","title":{"rendered":"N\u00e9pal : le bilan des victimes de la crue s\u2019alourdit \u00e0 768 morts et plus de 3.000 disparus"},"content":{"rendered":"\n<p>Le bilan provisoire de la crue d\u00e9vastatrice survenue mercredi au N\u00e9pal, \u00e0 la fronti\u00e8re avec la Chine, est pass\u00e9 \u00e0 768 morts et plus de 3000 disparus, a annonc\u00e9 dimanche l&rsquo;autorit\u00e9 n\u00e9palaise charg\u00e9e de la gestion des situations d&rsquo;urgence.<\/p>\n\n\n\n<p>Les m\u00e9dias chinois ont rapport\u00e9 de leur c\u00f4t\u00e9 un bilan de 16 morts et 546 disparus sur leur territoire. Du c\u00f4t\u00e9 n\u00e9palais, les autorit\u00e9s ont fait \u00e9tat de 752 morts, portant le total des victimes de la catastrophe \u00e0 768 morts et 3.044 disparus.<\/p>\n\n\n\n<p>Un pr\u00e9c\u00e9dent bilan a fait \u00e9tat de 734 morts et 2.498 disparus.<\/p>\n\n\n\n<p>Selon le gouvernement n\u00e9palais, plus de cent ouvriers pourraient \u00eatre encore en vie dans des tunnels, les secours se concentrant sur les sites Trishuli 3A et 3B.<\/p>\n\n\n\n<p>Experts et scientifiques attribuent la catastrophe \u00e0 l&rsquo;effondrement d&rsquo;un \u00e9norme glacier qui a transform\u00e9, en un instant, une paisible rivi\u00e8re en un fleuve en furie.<\/p>\n\n\n\n<p>Les autorit\u00e9s n\u00e9palaises et le chef de l&rsquo;ONU Climat ont invoqu\u00e9 samedi le changement climatique.<\/p>\n","protected":false},"excerpt":{"rendered":"<p>Le bilan provisoire de la crue d\u00e9vastatrice survenue mercredi au N\u00e9pal, \u00e0 la fronti\u00e8re avec la Chine, est pass\u00e9 \u00e0 768 morts et plus de 3000 disparus, a annonc\u00e9 dimanche l&rsquo;autorit\u00e9 n\u00e9palaise charg\u00e9e de la gestion des situations d&rsquo;urgence. Les m\u00e9dias chinois ont rapport\u00e9 de leur c\u00f4t\u00e9 un bilan de 16 morts et 546 disparus &hellip;<\/p>\n","protected":false},"author":9,"featured_media":67816,"comment_status":"open","ping_status":"open","sticky":false,"template":"","format":"standard","meta":{"footnotes":""},"categories":[44],"tags":[5058],"class_list":["post-67814","post","type-post","status-publish","format-standard","has-post-thumbnail","hentry","category-international","tag-nepal"],"yoast_head":"<!-- This site is optimized with the Yoast SEO Premium plugin v22.6 (Yoast SEO v22.6) - https:\/\/yoast.com\/wordpress\/plugins\/seo\/ -->\n<title>N\u00e9pal : le bilan des victimes de la crue s\u2019alourdit \u00e0 768 morts et plus de 3.000 disparus - El Mawkie<\/title>\n<meta name=\"robots\" content=\"index, follow, max-snippet:-1, max-image-preview:large, max-video-preview:-1\" \/>\n<link rel=\"canonical\" href=\"https:\/\/elmawkie.dz\/fr\/nepal-le-bilan-des-victimes-de-la-crue-salourdit-a-768-morts-et-plus-de-3-000-disparus\/\" \/>\n<meta property=\"og:locale\" content=\"fr_FR\" \/>\n<meta property=\"og:type\" content=\"article\" \/>\n<meta property=\"og:title\" content=\"N\u00e9pal : le bilan des victimes de la crue s\u2019alourdit \u00e0 768 morts et plus de 3.000 disparus\" \/>\n<meta property=\"og:description\" content=\"Le bilan provisoire de la crue d\u00e9vastatrice survenue mercredi au N\u00e9pal, \u00e0 la fronti\u00e8re avec la Chine, est pass\u00e9 \u00e0 768 morts et plus de 3000 disparus, a annonc\u00e9 dimanche l&rsquo;autorit\u00e9 n\u00e9palaise charg\u00e9e de la gestion des situations d&rsquo;urgence. Les m\u00e9dias chinois ont rapport\u00e9 de leur c\u00f4t\u00e9 un bilan de 16 morts et 546 disparus &hellip;\" \/>\n<meta property=\"og:url\" content=\"https:\/\/elmawkie.dz\/fr\/nepal-le-bilan-des-victimes-de-la-crue-salourdit-a-768-morts-et-plus-de-3-000-disparus\/\" \/>\n<meta property=\"og:site_name\" content=\"El Mawkie\" \/>\n<meta property=\"article:publisher\" content=\"https:\/\/www.facebook.com\/profile.php?id=100088407094989&amp;locale=fr_FR\" \/>\n<meta property=\"article:published_time\" content=\"2026-08-30T12:46:13+00:00\" \/>\n<meta property=\"article:modified_time\" content=\"2026-08-30T12:46:14+00:00\" \/>\n<meta property=\"og:image\" content=\"https:\/\/elmawkie.dz\/fr\/wp-content\/uploads\/2026\/08\/IMG_9895.jpeg\" \/>\n\t<meta property=\"og:image:width\" content=\"734\" \/>\n\t<meta property=\"og:image:height\" content=\"489\" \/>\n\t<meta property=\"og:image:type\" content=\"image\/jpeg\" \/>\n<meta name=\"author\" content=\"R\u00e9daction\" \/>\n<meta name=\"twitter:card\" content=\"summary_large_image\" \/>\n<meta name=\"twitter:label1\" content=\"Written by\" \/>\n\t<meta name=\"twitter:data1\" content=\"R\u00e9daction\" \/>\n\t<meta name=\"twitter:label2\" content=\"Est. reading time\" \/>\n\t<meta name=\"twitter:data2\" content=\"2 minutes\" \/>\n<script type=\"application\/ld+json\" class=\"yoast-schema-graph\">{\"@context\":\"https:\/\/schema.org\",\"@graph\":[{\"@type\":\"Article\",\"@id\":\"https:\/\/elmawkie.dz\/fr\/nepal-le-bilan-des-victimes-de-la-crue-salourdit-a-768-morts-et-plus-de-3-000-disparus\/#article\",\"isPartOf\":{\"@id\":\"https:\/\/elmawkie.dz\/fr\/nepal-le-bilan-des-victimes-de-la-crue-salourdit-a-768-morts-et-plus-de-3-000-disparus\/\"},\"author\":{\"name\":\"R\u00e9daction\",\"@id\":\"https:\/\/elmawkie.dz\/fr\/#\/schema\/person\/e7bd59d6467874ba5c4723d8a9f0a63c\"},\"headline\":\"N\u00e9pal : le bilan des victimes de la crue s\u2019alourdit \u00e0 768 morts et plus de 3.000 disparus\",\"datePublished\":\"2026-08-30T12:46:13+00:00\",\"dateModified\":\"2026-08-30T12:46:14+00:00\",\"mainEntityOfPage\":{\"@id\":\"https:\/\/elmawkie.dz\/fr\/nepal-le-bilan-des-victimes-de-la-crue-salourdit-a-768-morts-et-plus-de-3-000-disparus\/\"},\"wordCount\":186,\"commentCount\":0,\"publisher\":{\"@id\":\"https:\/\/elmawkie.dz\/fr\/#organization\"},\"image\":{\"@id\":\"https:\/\/elmawkie.dz\/fr\/nepal-le-bilan-des-victimes-de-la-crue-salourdit-a-768-morts-et-plus-de-3-000-disparus\/#primaryimage\"},\"thumbnailUrl\":\"https:\/\/elmawkie.dz\/fr\/wp-content\/uploads\/2026\/08\/IMG_9895.jpeg\",\"keywords\":[\"N\u00e9pal\"],\"articleSection\":[\"International\"],\"inLanguage\":\"fr-FR\",\"potentialAction\":[{\"@type\":\"CommentAction\",\"name\":\"Comment\",\"target\":[\"https:\/\/elmawkie.dz\/fr\/nepal-le-bilan-des-victimes-de-la-crue-salourdit-a-768-morts-et-plus-de-3-000-disparus\/#respond\"]}]},{\"@type\":\"WebPage\",\"@id\":\"https:\/\/elmawkie.dz\/fr\/nepal-le-bilan-des-victimes-de-la-crue-salourdit-a-768-morts-et-plus-de-3-000-disparus\/\",\"url\":\"https:\/\/elmawkie.dz\/fr\/nepal-le-bilan-des-victimes-de-la-crue-salourdit-a-768-morts-et-plus-de-3-000-disparus\/\",\"name\":\"N\u00e9pal : le bilan des victimes de la crue s\u2019alourdit \u00e0 768 morts et plus de 3.000 disparus - El Mawkie\",\"isPartOf\":{\"@id\":\"https:\/\/elmawkie.dz\/fr\/#website\"},\"primaryImageOfPage\":{\"@id\":\"https:\/\/elmawkie.dz\/fr\/nepal-le-bilan-des-victimes-de-la-crue-salourdit-a-768-morts-et-plus-de-3-000-disparus\/#primaryimage\"},\"image\":{\"@id\":\"https:\/\/elmawkie.dz\/fr\/nepal-le-bilan-des-victimes-de-la-crue-salourdit-a-768-morts-et-plus-de-3-000-disparus\/#primaryimage\"},\"thumbnailUrl\":\"https:\/\/elmawkie.dz\/fr\/wp-content\/uploads\/2026\/08\/IMG_9895.jpeg\",\"datePublished\":\"2026-08-30T12:46:13+00:00\",\"dateModified\":\"2026-08-30T12:46:14+00:00\",\"breadcrumb\":{\"@id\":\"https:\/\/elmawkie.dz\/fr\/nepal-le-bilan-des-victimes-de-la-crue-salourdit-a-768-morts-et-plus-de-3-000-disparus\/#breadcrumb\"},\"inLanguage\":\"fr-FR\",\"potentialAction\":[{\"@type\":\"ReadAction\",\"target\":[\"https:\/\/elmawkie.dz\/fr\/nepal-le-bilan-des-victimes-de-la-crue-salourdit-a-768-morts-et-plus-de-3-000-disparus\/\"]}]},{\"@type\":\"ImageObject\",\"inLanguage\":\"fr-FR\",\"@id\":\"https:\/\/elmawkie.dz\/fr\/nepal-le-bilan-des-victimes-de-la-crue-salourdit-a-768-morts-et-plus-de-3-000-disparus\/#primaryimage\",\"url\":\"https:\/\/elmawkie.dz\/fr\/wp-content\/uploads\/2026\/08\/IMG_9895.jpeg\",\"contentUrl\":\"https:\/\/elmawkie.dz\/fr\/wp-content\/uploads\/2026\/08\/IMG_9895.jpeg\",\"width\":734,\"height\":489},{\"@type\":\"BreadcrumbList\",\"@id\":\"https:\/\/elmawkie.dz\/fr\/nepal-le-bilan-des-victimes-de-la-crue-salourdit-a-768-morts-et-plus-de-3-000-disparus\/#breadcrumb\",\"itemListElement\":[{\"@type\":\"ListItem\",\"position\":1,\"name\":\"Home\",\"item\":\"https:\/\/elmawkie.dz\/fr\/\"},{\"@type\":\"ListItem\",\"position\":2,\"name\":\"N\u00e9pal : le bilan des victimes de la crue s\u2019alourdit \u00e0 768 morts et plus de 3.000 disparus\"}]},{\"@type\":\"WebSite\",\"@id\":\"https:\/\/elmawkie.dz\/fr\/#website\",\"url\":\"https:\/\/elmawkie.dz\/fr\/\",\"name\":\"EL MAWKIE\",\"description\":\"Journal \u00c9lectronique Alg\u00e9rien\",\"publisher\":{\"@id\":\"https:\/\/elmawkie.dz\/fr\/#organization\"},\"potentialAction\":[{\"@type\":\"SearchAction\",\"target\":{\"@type\":\"EntryPoint\",\"urlTemplate\":\"https:\/\/elmawkie.dz\/fr\/?s={search_term_string}\"},\"query-input\":\"required name=search_term_string\"}],\"inLanguage\":\"fr-FR\"},{\"@type\":\"Organization\",\"@id\":\"https:\/\/elmawkie.dz\/fr\/#organization\",\"name\":\"EL MAWKIE\",\"url\":\"https:\/\/elmawkie.dz\/fr\/\",\"logo\":{\"@type\":\"ImageObject\",\"inLanguage\":\"fr-FR\",\"@id\":\"https:\/\/elmawkie.dz\/fr\/#\/schema\/logo\/image\/\",\"url\":\"https:\/\/elmawkie.dz\/fr\/wp-content\/uploads\/2024\/05\/logo1.png\",\"contentUrl\":\"https:\/\/elmawkie.dz\/fr\/wp-content\/uploads\/2024\/05\/logo1.png\",\"width\":1648,\"height\":652,\"caption\":\"EL MAWKIE\"},\"image\":{\"@id\":\"https:\/\/elmawkie.dz\/fr\/#\/schema\/logo\/image\/\"},\"sameAs\":[\"https:\/\/www.facebook.com\/profile.php?id=100088407094989&locale=fr_FR\"]},{\"@type\":\"Person\",\"@id\":\"https:\/\/elmawkie.dz\/fr\/#\/schema\/person\/e7bd59d6467874ba5c4723d8a9f0a63c\",\"name\":\"R\u00e9daction\",\"image\":{\"@type\":\"ImageObject\",\"inLanguage\":\"fr-FR\",\"@id\":\"https:\/\/elmawkie.dz\/fr\/#\/schema\/person\/image\/\",\"url\":\"https:\/\/secure.gravatar.com\/avatar\/f0f773456344da4d2788c054a3d30a0c?s=96&d=mm&r=g\",\"contentUrl\":\"https:\/\/secure.gravatar.com\/avatar\/f0f773456344da4d2788c054a3d30a0c?s=96&d=mm&r=g\",\"caption\":\"R\u00e9daction\"},\"url\":\"https:\/\/elmawkie.dz\/fr\/author\/redaction\/\"}]}<\/script>\n<!-- \/ Yoast SEO Premium plugin. -->","yoast_head_json":{"title":"N\u00e9pal : le bilan des victimes de la crue s\u2019alourdit \u00e0 768 morts et plus de 3.000 disparus - El Mawkie","robots":{"index":"index","follow":"follow","max-snippet":"max-snippet:-1","max-image-preview":"max-image-preview:large","max-video-preview":"max-video-preview:-1"},"canonical":"https:\/\/elmawkie.dz\/fr\/nepal-le-bilan-des-victimes-de-la-crue-salourdit-a-768-morts-et-plus-de-3-000-disparus\/","og_locale":"fr_FR","og_type":"article","og_title":"N\u00e9pal : le bilan des victimes de la crue s\u2019alourdit \u00e0 768 morts et plus de 3.000 disparus","og_description":"Le bilan provisoire de la crue d\u00e9vastatrice survenue mercredi au N\u00e9pal, \u00e0 la fronti\u00e8re avec la Chine, est pass\u00e9 \u00e0 768 morts et plus de 3000 disparus, a annonc\u00e9 dimanche l&rsquo;autorit\u00e9 n\u00e9palaise charg\u00e9e de la gestion des situations d&rsquo;urgence. Les m\u00e9dias chinois ont rapport\u00e9 de leur c\u00f4t\u00e9 un bilan de 16 morts et 546 disparus &hellip;","og_url":"https:\/\/elmawkie.dz\/fr\/nepal-le-bilan-des-victimes-de-la-crue-salourdit-a-768-morts-et-plus-de-3-000-disparus\/","og_site_name":"El Mawkie","article_publisher":"https:\/\/www.facebook.com\/profile.php?id=100088407094989&locale=fr_FR","article_published_time":"2026-08-30T12:46:13+00:00","article_modified_time":"2026-08-30T12:46:14+00:00","og_image":[{"width":734,"height":489,"url":"https:\/\/elmawkie.dz\/fr\/wp-content\/uploads\/2026\/08\/IMG_9895.jpeg","type":"image\/jpeg"}],"author":"R\u00e9daction","twitter_card":"summary_large_image","twitter_misc":{"Written by":"R\u00e9daction","Est. reading time":"2 minutes"},"schema":{"@context":"https:\/\/schema.org","@graph":[{"@type":"Article","@id":"https:\/\/elmawkie.dz\/fr\/nepal-le-bilan-des-victimes-de-la-crue-salourdit-a-768-morts-et-plus-de-3-000-disparus\/#article","isPartOf":{"@id":"https:\/\/elmawkie.dz\/fr\/nepal-le-bilan-des-victimes-de-la-crue-salourdit-a-768-morts-et-plus-de-3-000-disparus\/"},"author":{"name":"R\u00e9daction","@id":"https:\/\/elmawkie.dz\/fr\/#\/schema\/person\/e7bd59d6467874ba5c4723d8a9f0a63c"},"headline":"N\u00e9pal : le bilan des victimes de la crue s\u2019alourdit \u00e0 768 morts et plus de 3.000 disparus","datePublished":"2026-08-30T12:46:13+00:00","dateModified":"2026-08-30T12:46:14+00:00","mainEntityOfPage":{"@id":"https:\/\/elmawkie.dz\/fr\/nepal-le-bilan-des-victimes-de-la-crue-salourdit-a-768-morts-et-plus-de-3-000-disparus\/"},"wordCount":186,"commentCount":0,"publisher":{"@id":"https:\/\/elmawkie.dz\/fr\/#organization"},"image":{"@id":"https:\/\/elmawkie.dz\/fr\/nepal-le-bilan-des-victimes-de-la-crue-salourdit-a-768-morts-et-plus-de-3-000-disparus\/#primaryimage"},"thumbnailUrl":"https:\/\/elmawkie.dz\/fr\/wp-content\/uploads\/2026\/08\/IMG_9895.jpeg","keywords":["N\u00e9pal"],"articleSection":["International"],"inLanguage":"fr-FR","potentialAction":[{"@type":"CommentAction","name":"Comment","target":["https:\/\/elmawkie.dz\/fr\/nepal-le-bilan-des-victimes-de-la-crue-salourdit-a-768-morts-et-plus-de-3-000-disparus\/#respond"]}]},{"@type":"WebPage","@id":"https:\/\/elmawkie.dz\/fr\/nepal-le-bilan-des-victimes-de-la-crue-salourdit-a-768-morts-et-plus-de-3-000-disparus\/","url":"https:\/\/elmawkie.dz\/fr\/nepal-le-bilan-des-victimes-de-la-crue-salourdit-a-768-morts-et-plus-de-3-000-disparus\/","name":"N\u00e9pal : le bilan des victimes de la crue s\u2019alourdit \u00e0 768 morts et plus de 3.000 disparus - El Mawkie","isPartOf":{"@id":"https:\/\/elmawkie.dz\/fr\/#website"},"primaryImageOfPage":{"@id":"https:\/\/elmawkie.dz\/fr\/nepal-le-bilan-des-victimes-de-la-crue-salourdit-a-768-morts-et-plus-de-3-000-disparus\/#primaryimage"},"image":{"@id":"https:\/\/elmawkie.dz\/fr\/nepal-le-bilan-des-victimes-de-la-crue-salourdit-a-768-morts-et-plus-de-3-000-disparus\/#primaryimage"},"thumbnailUrl":"https:\/\/elmawkie.dz\/fr\/wp-content\/uploads\/2026\/08\/IMG_9895.jpeg","datePublished":"2026-08-30T12:46:13+00:00","dateModified":"2026-08-30T12:46:14+00:00","breadcrumb":{"@id":"https:\/\/elmawkie.dz\/fr\/nepal-le-bilan-des-victimes-de-la-crue-salourdit-a-768-morts-et-plus-de-3-000-disparus\/#breadcrumb"},"inLanguage":"fr-FR","potentialAction":[{"@type":"ReadAction","target":["https:\/\/elmawkie.dz\/fr\/nepal-le-bilan-des-victimes-de-la-crue-salourdit-a-768-morts-et-plus-de-3-000-disparus\/"]}]},{"@type":"ImageObject","inLanguage":"fr-FR","@id":"https:\/\/elmawkie.dz\/fr\/nepal-le-bilan-des-victimes-de-la-crue-salourdit-a-768-morts-et-plus-de-3-000-disparus\/#primaryimage","url":"https:\/\/elmawkie.dz\/fr\/wp-content\/uploads\/2026\/08\/IMG_9895.jpeg","contentUrl":"https:\/\/elmawkie.dz\/fr\/wp-content\/uploads\/2026\/08\/IMG_9895.jpeg","width":734,"height":489},{"@type":"BreadcrumbList","@id":"https:\/\/elmawkie.dz\/fr\/nepal-le-bilan-des-victimes-de-la-crue-salourdit-a-768-morts-et-plus-de-3-000-disparus\/#breadcrumb","itemListElement":[{"@type":"ListItem","position":1,"name":"Home","item":"https:\/\/elmawkie.dz\/fr\/"},{"@type":"ListItem","position":2,"name":"N\u00e9pal : le bilan des victimes de la crue s\u2019alourdit \u00e0 768 morts et plus de 3.000 disparus"}]},{"@type":"WebSite","@id":"https:\/\/elmawkie.dz\/fr\/#website","url":"https:\/\/elmawkie.dz\/fr\/","name":"EL MAWKIE","description":"Journal \u00c9lectronique Alg\u00e9rien","publisher":{"@id":"https:\/\/elmawkie.dz\/fr\/#organization"},"potentialAction":[{"@type":"SearchAction","target":{"@type":"EntryPoint","urlTemplate":"https:\/\/elmawkie.dz\/fr\/?s={search_term_string}"},"query-input":"required name=search_term_string"}],"inLanguage":"fr-FR"},{"@type":"Organization","@id":"https:\/\/elmawkie.dz\/fr\/#organization","name":"EL MAWKIE","url":"https:\/\/elmawkie.dz\/fr\/","logo":{"@type":"ImageObject","inLanguage":"fr-FR","@id":"https:\/\/elmawkie.dz\/fr\/#\/schema\/logo\/image\/","url":"https:\/\/elmawkie.dz\/fr\/wp-content\/uploads\/2024\/05\/logo1.png","contentUrl":"https:\/\/elmawkie.dz\/fr\/wp-content\/uploads\/2024\/05\/logo1.png","width":1648,"height":652,"caption":"EL MAWKIE"},"image":{"@id":"https:\/\/elmawkie.dz\/fr\/#\/schema\/logo\/image\/"},"sameAs":["https:\/\/www.facebook.com\/profile.php?id=100088407094989&locale=fr_FR"]},{"@type":"Person","@id":"https:\/\/elmawkie.dz\/fr\/#\/schema\/person\/e7bd59d6467874ba5c4723d8a9f0a63c","name":"R\u00e9daction","image":{"@type":"ImageObject","inLanguage":"fr-FR","@id":"https:\/\/elmawkie.dz\/fr\/#\/schema\/person\/image\/","url":"https:\/\/secure.gravatar.com\/avatar\/f0f773456344da4d2788c054a3d30a0c?s=96&d=mm&r=g","contentUrl":"https:\/\/secure.gravatar.com\/avatar\/f0f773456344da4d2788c054a3d30a0c?s=96&d=mm&r=g","caption":"R\u00e9daction"},"url":"https:\/\/elmawkie.dz\/fr\/author\/redaction\/"}]}},"_links":{"self":[{"href":"https:\/\/elmawkie.dz\/fr\/wp-json\/wp\/v2\/posts\/67814","targetHints":{"allow":["GET"]}}],"collection":[{"href":"https:\/\/elmawkie.dz\/fr\/wp-json\/wp\/v2\/posts"}],"about":[{"href":"https:\/\/elmawkie.dz\/fr\/wp-json\/wp\/v2\/types\/post"}],"author":[{"embeddable":true,"href":"https:\/\/elmawkie.dz\/fr\/wp-json\/wp\/v2\/users\/9"}],"replies":[{"embeddable":true,"href":"https:\/\/elmawkie.dz\/fr\/wp-json\/wp\/v2\/comments?post=67814"}],"version-history":[{"count":1,"href":"https:\/\/elmawkie.dz\/fr\/wp-json\/wp\/v2\/posts\/67814\/revisions"}],"predecessor-version":[{"id":67817,"href":"https:\/\/elmawkie.dz\/fr\/wp-json\/wp\/v2\/posts\/67814\/revisions\/67817"}],"wp:featuredmedia":[{"embeddable":true,"href":"https:\/\/elmawkie.dz\/fr\/wp-json\/wp\/v2\/media\/67816"}],"wp:attachment":[{"href":"https:\/\/elmawkie.dz\/fr\/wp-json\/wp\/v2\/media?parent=67814"}],"wp:term":[{"taxonomy":"category","embeddable":true,"href":"https:\/\/elmawkie.dz\/fr\/wp-json\/wp\/v2\/categories?post=67814"},{"taxonomy":"post_tag","embeddable":true,"href":"https:\/\/elmawkie.dz\/fr\/wp-json\/wp\/v2\/tags?post=67814"}],"curies":[{"name":"wp","href":"https:\/\/api.w.org\/{rel}","templated":true}]}}