{"id":67805,"date":"2026-08-30T13:43:03","date_gmt":"2026-08-30T12:43:03","guid":{"rendered":"https:\/\/elmawkie.dz\/fr\/?p=67805"},"modified":"2026-08-30T13:43:19","modified_gmt":"2026-08-30T12:43:19","slug":"election-locales-le-president-de-la-republique-convoque-le-corps-electoral-pour-le-28-novembre-prochain","status":"publish","type":"post","link":"https:\/\/elmawkie.dz\/fr\/election-locales-le-president-de-la-republique-convoque-le-corps-electoral-pour-le-28-novembre-prochain\/","title":{"rendered":"Elections locales : le pr\u00e9sident de la R\u00e9publique convoque le corps \u00e9lectoral pour le 28 novembre prochain"},"content":{"rendered":"\n<p><strong>Le pr\u00e9sident de la R\u00e9publique, M. Abdelmadjid Tebboune, a sign\u00e9 un d\u00e9cret pr\u00e9sidentiel portant convocation du corps \u00e9lectoral pour l&rsquo;\u00e9lection des membres des Assembl\u00e9es populaires communales et de wilayas, le samedi 28 novembre 2026, indique dimanche un communiqu\u00e9 de la Pr\u00e9sidence de la R\u00e9publique.<\/strong><\/p>\n\n\n\n<p>\u00ab\u00a0Conform\u00e9ment aux dispositions des articles 62 et 123 de l&rsquo;ordonnance n 21-01 du 10 mars 2021 portant loi organique relative au r\u00e9gime \u00e9lectoral, modifi\u00e9e et compl\u00e9t\u00e9e, le pr\u00e9sident de la R\u00e9publique a sign\u00e9 un d\u00e9cret pr\u00e9sidentiel portant convocation du corps \u00e9lectoral pour l&rsquo;\u00e9lection des membres des Assembl\u00e9es populaires communales et de wilayas, le samedi 28 novembre 2026\u00a0\u00bb, lit-on dans le communiqu\u00e9.<\/p>\n\n\n\n<p>\u00ab\u00a0La r\u00e9vision exceptionnelle des listes \u00e9lectorales est ouverte \u00e0 compter du dimanche 6 septembre 2026. Elle est cl\u00f4tur\u00e9e le jeudi 17 septembre 2026\u00a0\u00bb, ajoute le communiqu\u00e9.<\/p>\n","protected":false},"excerpt":{"rendered":"<p>Le pr\u00e9sident de la R\u00e9publique, M. Abdelmadjid Tebboune, a sign\u00e9 un d\u00e9cret pr\u00e9sidentiel portant convocation du corps \u00e9lectoral pour l&rsquo;\u00e9lection des membres des Assembl\u00e9es populaires communales et de wilayas, le samedi 28 novembre 2026, indique dimanche un communiqu\u00e9 de la Pr\u00e9sidence de la R\u00e9publique. \u00ab\u00a0Conform\u00e9ment aux dispositions des articles 62 et 123 de l&rsquo;ordonnance n &hellip;<\/p>\n","protected":false},"author":9,"featured_media":67807,"comment_status":"open","ping_status":"open","sticky":false,"template":"","format":"standard","meta":{"footnotes":""},"categories":[47],"tags":[6758,2602,596],"class_list":["post-67805","post","type-post","status-publish","format-standard","has-post-thumbnail","hentry","category-national","tag-assemblee-populaire-communale-es","tag-election","tag-le-president-de-la-republique"],"yoast_head":"<!-- This site is optimized with the Yoast SEO Premium plugin v22.6 (Yoast SEO v22.6) - https:\/\/yoast.com\/wordpress\/plugins\/seo\/ -->\n<title>Elections locales : le pr\u00e9sident de la R\u00e9publique convoque le corps \u00e9lectoral pour le 28 novembre prochain - El Mawkie<\/title>\n<meta name=\"robots\" content=\"index, follow, max-snippet:-1, max-image-preview:large, max-video-preview:-1\" \/>\n<link rel=\"canonical\" href=\"https:\/\/elmawkie.dz\/fr\/election-locales-le-president-de-la-republique-convoque-le-corps-electoral-pour-le-28-novembre-prochain\/\" \/>\n<meta property=\"og:locale\" content=\"fr_FR\" \/>\n<meta property=\"og:type\" content=\"article\" \/>\n<meta property=\"og:title\" content=\"Elections locales : le pr\u00e9sident de la R\u00e9publique convoque le corps \u00e9lectoral pour le 28 novembre prochain\" \/>\n<meta property=\"og:description\" content=\"Le pr\u00e9sident de la R\u00e9publique, M. Abdelmadjid Tebboune, a sign\u00e9 un d\u00e9cret pr\u00e9sidentiel portant convocation du corps \u00e9lectoral pour l&rsquo;\u00e9lection des membres des Assembl\u00e9es populaires communales et de wilayas, le samedi 28 novembre 2026, indique dimanche un communiqu\u00e9 de la Pr\u00e9sidence de la R\u00e9publique. \u00ab\u00a0Conform\u00e9ment aux dispositions des articles 62 et 123 de l&rsquo;ordonnance n &hellip;\" \/>\n<meta property=\"og:url\" content=\"https:\/\/elmawkie.dz\/fr\/election-locales-le-president-de-la-republique-convoque-le-corps-electoral-pour-le-28-novembre-prochain\/\" \/>\n<meta property=\"og:site_name\" content=\"El Mawkie\" \/>\n<meta property=\"article:publisher\" content=\"https:\/\/www.facebook.com\/profile.php?id=100088407094989&amp;locale=fr_FR\" \/>\n<meta property=\"article:published_time\" content=\"2026-08-30T12:43:03+00:00\" \/>\n<meta property=\"article:modified_time\" content=\"2026-08-30T12:43:19+00:00\" \/>\n<meta property=\"og:image\" content=\"https:\/\/elmawkie.dz\/fr\/wp-content\/uploads\/2026\/08\/IMG_8619-1.jpeg\" \/>\n\t<meta property=\"og:image:width\" content=\"588\" \/>\n\t<meta property=\"og:image:height\" content=\"333\" \/>\n\t<meta property=\"og:image:type\" content=\"image\/jpeg\" \/>\n<meta name=\"author\" content=\"R\u00e9daction\" \/>\n<meta name=\"twitter:card\" content=\"summary_large_image\" \/>\n<meta name=\"twitter:label1\" content=\"Written by\" \/>\n\t<meta name=\"twitter:data1\" content=\"R\u00e9daction\" \/>\n\t<meta name=\"twitter:label2\" content=\"Est. reading time\" \/>\n\t<meta name=\"twitter:data2\" content=\"1 minute\" \/>\n<script type=\"application\/ld+json\" class=\"yoast-schema-graph\">{\"@context\":\"https:\/\/schema.org\",\"@graph\":[{\"@type\":\"Article\",\"@id\":\"https:\/\/elmawkie.dz\/fr\/election-locales-le-president-de-la-republique-convoque-le-corps-electoral-pour-le-28-novembre-prochain\/#article\",\"isPartOf\":{\"@id\":\"https:\/\/elmawkie.dz\/fr\/election-locales-le-president-de-la-republique-convoque-le-corps-electoral-pour-le-28-novembre-prochain\/\"},\"author\":{\"name\":\"R\u00e9daction\",\"@id\":\"https:\/\/elmawkie.dz\/fr\/#\/schema\/person\/e7bd59d6467874ba5c4723d8a9f0a63c\"},\"headline\":\"Elections locales : le pr\u00e9sident de la R\u00e9publique convoque le corps \u00e9lectoral pour le 28 novembre prochain\",\"datePublished\":\"2026-08-30T12:43:03+00:00\",\"dateModified\":\"2026-08-30T12:43:19+00:00\",\"mainEntityOfPage\":{\"@id\":\"https:\/\/elmawkie.dz\/fr\/election-locales-le-president-de-la-republique-convoque-le-corps-electoral-pour-le-28-novembre-prochain\/\"},\"wordCount\":158,\"commentCount\":0,\"publisher\":{\"@id\":\"https:\/\/elmawkie.dz\/fr\/#organization\"},\"image\":{\"@id\":\"https:\/\/elmawkie.dz\/fr\/election-locales-le-president-de-la-republique-convoque-le-corps-electoral-pour-le-28-novembre-prochain\/#primaryimage\"},\"thumbnailUrl\":\"https:\/\/elmawkie.dz\/fr\/wp-content\/uploads\/2026\/08\/IMG_8619-1.jpeg\",\"keywords\":[\"assembl\u00e9e populaire communale es\",\"Election\",\"le pr\u00e9sident de la R\u00e9publique\"],\"articleSection\":[\"National\"],\"inLanguage\":\"fr-FR\",\"potentialAction\":[{\"@type\":\"CommentAction\",\"name\":\"Comment\",\"target\":[\"https:\/\/elmawkie.dz\/fr\/election-locales-le-president-de-la-republique-convoque-le-corps-electoral-pour-le-28-novembre-prochain\/#respond\"]}]},{\"@type\":\"WebPage\",\"@id\":\"https:\/\/elmawkie.dz\/fr\/election-locales-le-president-de-la-republique-convoque-le-corps-electoral-pour-le-28-novembre-prochain\/\",\"url\":\"https:\/\/elmawkie.dz\/fr\/election-locales-le-president-de-la-republique-convoque-le-corps-electoral-pour-le-28-novembre-prochain\/\",\"name\":\"Elections locales : le pr\u00e9sident de la R\u00e9publique convoque le corps \u00e9lectoral pour le 28 novembre prochain - El Mawkie\",\"isPartOf\":{\"@id\":\"https:\/\/elmawkie.dz\/fr\/#website\"},\"primaryImageOfPage\":{\"@id\":\"https:\/\/elmawkie.dz\/fr\/election-locales-le-president-de-la-republique-convoque-le-corps-electoral-pour-le-28-novembre-prochain\/#primaryimage\"},\"image\":{\"@id\":\"https:\/\/elmawkie.dz\/fr\/election-locales-le-president-de-la-republique-convoque-le-corps-electoral-pour-le-28-novembre-prochain\/#primaryimage\"},\"thumbnailUrl\":\"https:\/\/elmawkie.dz\/fr\/wp-content\/uploads\/2026\/08\/IMG_8619-1.jpeg\",\"datePublished\":\"2026-08-30T12:43:03+00:00\",\"dateModified\":\"2026-08-30T12:43:19+00:00\",\"breadcrumb\":{\"@id\":\"https:\/\/elmawkie.dz\/fr\/election-locales-le-president-de-la-republique-convoque-le-corps-electoral-pour-le-28-novembre-prochain\/#breadcrumb\"},\"inLanguage\":\"fr-FR\",\"potentialAction\":[{\"@type\":\"ReadAction\",\"target\":[\"https:\/\/elmawkie.dz\/fr\/election-locales-le-president-de-la-republique-convoque-le-corps-electoral-pour-le-28-novembre-prochain\/\"]}]},{\"@type\":\"ImageObject\",\"inLanguage\":\"fr-FR\",\"@id\":\"https:\/\/elmawkie.dz\/fr\/election-locales-le-president-de-la-republique-convoque-le-corps-electoral-pour-le-28-novembre-prochain\/#primaryimage\",\"url\":\"https:\/\/elmawkie.dz\/fr\/wp-content\/uploads\/2026\/08\/IMG_8619-1.jpeg\",\"contentUrl\":\"https:\/\/elmawkie.dz\/fr\/wp-content\/uploads\/2026\/08\/IMG_8619-1.jpeg\",\"width\":588,\"height\":333},{\"@type\":\"BreadcrumbList\",\"@id\":\"https:\/\/elmawkie.dz\/fr\/election-locales-le-president-de-la-republique-convoque-le-corps-electoral-pour-le-28-novembre-prochain\/#breadcrumb\",\"itemListElement\":[{\"@type\":\"ListItem\",\"position\":1,\"name\":\"Home\",\"item\":\"https:\/\/elmawkie.dz\/fr\/\"},{\"@type\":\"ListItem\",\"position\":2,\"name\":\"Elections locales : le pr\u00e9sident de la R\u00e9publique convoque le corps \u00e9lectoral pour le 28 novembre prochain\"}]},{\"@type\":\"WebSite\",\"@id\":\"https:\/\/elmawkie.dz\/fr\/#website\",\"url\":\"https:\/\/elmawkie.dz\/fr\/\",\"name\":\"EL MAWKIE\",\"description\":\"Journal \u00c9lectronique Alg\u00e9rien\",\"publisher\":{\"@id\":\"https:\/\/elmawkie.dz\/fr\/#organization\"},\"potentialAction\":[{\"@type\":\"SearchAction\",\"target\":{\"@type\":\"EntryPoint\",\"urlTemplate\":\"https:\/\/elmawkie.dz\/fr\/?s={search_term_string}\"},\"query-input\":\"required name=search_term_string\"}],\"inLanguage\":\"fr-FR\"},{\"@type\":\"Organization\",\"@id\":\"https:\/\/elmawkie.dz\/fr\/#organization\",\"name\":\"EL MAWKIE\",\"url\":\"https:\/\/elmawkie.dz\/fr\/\",\"logo\":{\"@type\":\"ImageObject\",\"inLanguage\":\"fr-FR\",\"@id\":\"https:\/\/elmawkie.dz\/fr\/#\/schema\/logo\/image\/\",\"url\":\"https:\/\/elmawkie.dz\/fr\/wp-content\/uploads\/2024\/05\/logo1.png\",\"contentUrl\":\"https:\/\/elmawkie.dz\/fr\/wp-content\/uploads\/2024\/05\/logo1.png\",\"width\":1648,\"height\":652,\"caption\":\"EL MAWKIE\"},\"image\":{\"@id\":\"https:\/\/elmawkie.dz\/fr\/#\/schema\/logo\/image\/\"},\"sameAs\":[\"https:\/\/www.facebook.com\/profile.php?id=100088407094989&locale=fr_FR\"]},{\"@type\":\"Person\",\"@id\":\"https:\/\/elmawkie.dz\/fr\/#\/schema\/person\/e7bd59d6467874ba5c4723d8a9f0a63c\",\"name\":\"R\u00e9daction\",\"image\":{\"@type\":\"ImageObject\",\"inLanguage\":\"fr-FR\",\"@id\":\"https:\/\/elmawkie.dz\/fr\/#\/schema\/person\/image\/\",\"url\":\"https:\/\/secure.gravatar.com\/avatar\/f0f773456344da4d2788c054a3d30a0c?s=96&d=mm&r=g\",\"contentUrl\":\"https:\/\/secure.gravatar.com\/avatar\/f0f773456344da4d2788c054a3d30a0c?s=96&d=mm&r=g\",\"caption\":\"R\u00e9daction\"},\"url\":\"https:\/\/elmawkie.dz\/fr\/author\/redaction\/\"}]}<\/script>\n<!-- \/ Yoast SEO Premium plugin. -->","yoast_head_json":{"title":"Elections locales : le pr\u00e9sident de la R\u00e9publique convoque le corps \u00e9lectoral pour le 28 novembre prochain - El Mawkie","robots":{"index":"index","follow":"follow","max-snippet":"max-snippet:-1","max-image-preview":"max-image-preview:large","max-video-preview":"max-video-preview:-1"},"canonical":"https:\/\/elmawkie.dz\/fr\/election-locales-le-president-de-la-republique-convoque-le-corps-electoral-pour-le-28-novembre-prochain\/","og_locale":"fr_FR","og_type":"article","og_title":"Elections locales : le pr\u00e9sident de la R\u00e9publique convoque le corps \u00e9lectoral pour le 28 novembre prochain","og_description":"Le pr\u00e9sident de la R\u00e9publique, M. Abdelmadjid Tebboune, a sign\u00e9 un d\u00e9cret pr\u00e9sidentiel portant convocation du corps \u00e9lectoral pour l&rsquo;\u00e9lection des membres des Assembl\u00e9es populaires communales et de wilayas, le samedi 28 novembre 2026, indique dimanche un communiqu\u00e9 de la Pr\u00e9sidence de la R\u00e9publique. \u00ab\u00a0Conform\u00e9ment aux dispositions des articles 62 et 123 de l&rsquo;ordonnance n &hellip;","og_url":"https:\/\/elmawkie.dz\/fr\/election-locales-le-president-de-la-republique-convoque-le-corps-electoral-pour-le-28-novembre-prochain\/","og_site_name":"El Mawkie","article_publisher":"https:\/\/www.facebook.com\/profile.php?id=100088407094989&locale=fr_FR","article_published_time":"2026-08-30T12:43:03+00:00","article_modified_time":"2026-08-30T12:43:19+00:00","og_image":[{"width":588,"height":333,"url":"https:\/\/elmawkie.dz\/fr\/wp-content\/uploads\/2026\/08\/IMG_8619-1.jpeg","type":"image\/jpeg"}],"author":"R\u00e9daction","twitter_card":"summary_large_image","twitter_misc":{"Written by":"R\u00e9daction","Est. reading time":"1 minute"},"schema":{"@context":"https:\/\/schema.org","@graph":[{"@type":"Article","@id":"https:\/\/elmawkie.dz\/fr\/election-locales-le-president-de-la-republique-convoque-le-corps-electoral-pour-le-28-novembre-prochain\/#article","isPartOf":{"@id":"https:\/\/elmawkie.dz\/fr\/election-locales-le-president-de-la-republique-convoque-le-corps-electoral-pour-le-28-novembre-prochain\/"},"author":{"name":"R\u00e9daction","@id":"https:\/\/elmawkie.dz\/fr\/#\/schema\/person\/e7bd59d6467874ba5c4723d8a9f0a63c"},"headline":"Elections locales : le pr\u00e9sident de la R\u00e9publique convoque le corps \u00e9lectoral pour le 28 novembre prochain","datePublished":"2026-08-30T12:43:03+00:00","dateModified":"2026-08-30T12:43:19+00:00","mainEntityOfPage":{"@id":"https:\/\/elmawkie.dz\/fr\/election-locales-le-president-de-la-republique-convoque-le-corps-electoral-pour-le-28-novembre-prochain\/"},"wordCount":158,"commentCount":0,"publisher":{"@id":"https:\/\/elmawkie.dz\/fr\/#organization"},"image":{"@id":"https:\/\/elmawkie.dz\/fr\/election-locales-le-president-de-la-republique-convoque-le-corps-electoral-pour-le-28-novembre-prochain\/#primaryimage"},"thumbnailUrl":"https:\/\/elmawkie.dz\/fr\/wp-content\/uploads\/2026\/08\/IMG_8619-1.jpeg","keywords":["assembl\u00e9e populaire communale es","Election","le pr\u00e9sident de la R\u00e9publique"],"articleSection":["National"],"inLanguage":"fr-FR","potentialAction":[{"@type":"CommentAction","name":"Comment","target":["https:\/\/elmawkie.dz\/fr\/election-locales-le-president-de-la-republique-convoque-le-corps-electoral-pour-le-28-novembre-prochain\/#respond"]}]},{"@type":"WebPage","@id":"https:\/\/elmawkie.dz\/fr\/election-locales-le-president-de-la-republique-convoque-le-corps-electoral-pour-le-28-novembre-prochain\/","url":"https:\/\/elmawkie.dz\/fr\/election-locales-le-president-de-la-republique-convoque-le-corps-electoral-pour-le-28-novembre-prochain\/","name":"Elections locales : le pr\u00e9sident de la R\u00e9publique convoque le corps \u00e9lectoral pour le 28 novembre prochain - El Mawkie","isPartOf":{"@id":"https:\/\/elmawkie.dz\/fr\/#website"},"primaryImageOfPage":{"@id":"https:\/\/elmawkie.dz\/fr\/election-locales-le-president-de-la-republique-convoque-le-corps-electoral-pour-le-28-novembre-prochain\/#primaryimage"},"image":{"@id":"https:\/\/elmawkie.dz\/fr\/election-locales-le-president-de-la-republique-convoque-le-corps-electoral-pour-le-28-novembre-prochain\/#primaryimage"},"thumbnailUrl":"https:\/\/elmawkie.dz\/fr\/wp-content\/uploads\/2026\/08\/IMG_8619-1.jpeg","datePublished":"2026-08-30T12:43:03+00:00","dateModified":"2026-08-30T12:43:19+00:00","breadcrumb":{"@id":"https:\/\/elmawkie.dz\/fr\/election-locales-le-president-de-la-republique-convoque-le-corps-electoral-pour-le-28-novembre-prochain\/#breadcrumb"},"inLanguage":"fr-FR","potentialAction":[{"@type":"ReadAction","target":["https:\/\/elmawkie.dz\/fr\/election-locales-le-president-de-la-republique-convoque-le-corps-electoral-pour-le-28-novembre-prochain\/"]}]},{"@type":"ImageObject","inLanguage":"fr-FR","@id":"https:\/\/elmawkie.dz\/fr\/election-locales-le-president-de-la-republique-convoque-le-corps-electoral-pour-le-28-novembre-prochain\/#primaryimage","url":"https:\/\/elmawkie.dz\/fr\/wp-content\/uploads\/2026\/08\/IMG_8619-1.jpeg","contentUrl":"https:\/\/elmawkie.dz\/fr\/wp-content\/uploads\/2026\/08\/IMG_8619-1.jpeg","width":588,"height":333},{"@type":"BreadcrumbList","@id":"https:\/\/elmawkie.dz\/fr\/election-locales-le-president-de-la-republique-convoque-le-corps-electoral-pour-le-28-novembre-prochain\/#breadcrumb","itemListElement":[{"@type":"ListItem","position":1,"name":"Home","item":"https:\/\/elmawkie.dz\/fr\/"},{"@type":"ListItem","position":2,"name":"Elections locales : le pr\u00e9sident de la R\u00e9publique convoque le corps \u00e9lectoral pour le 28 novembre prochain"}]},{"@type":"WebSite","@id":"https:\/\/elmawkie.dz\/fr\/#website","url":"https:\/\/elmawkie.dz\/fr\/","name":"EL MAWKIE","description":"Journal \u00c9lectronique Alg\u00e9rien","publisher":{"@id":"https:\/\/elmawkie.dz\/fr\/#organization"},"potentialAction":[{"@type":"SearchAction","target":{"@type":"EntryPoint","urlTemplate":"https:\/\/elmawkie.dz\/fr\/?s={search_term_string}"},"query-input":"required name=search_term_string"}],"inLanguage":"fr-FR"},{"@type":"Organization","@id":"https:\/\/elmawkie.dz\/fr\/#organization","name":"EL MAWKIE","url":"https:\/\/elmawkie.dz\/fr\/","logo":{"@type":"ImageObject","inLanguage":"fr-FR","@id":"https:\/\/elmawkie.dz\/fr\/#\/schema\/logo\/image\/","url":"https:\/\/elmawkie.dz\/fr\/wp-content\/uploads\/2024\/05\/logo1.png","contentUrl":"https:\/\/elmawkie.dz\/fr\/wp-content\/uploads\/2024\/05\/logo1.png","width":1648,"height":652,"caption":"EL MAWKIE"},"image":{"@id":"https:\/\/elmawkie.dz\/fr\/#\/schema\/logo\/image\/"},"sameAs":["https:\/\/www.facebook.com\/profile.php?id=100088407094989&locale=fr_FR"]},{"@type":"Person","@id":"https:\/\/elmawkie.dz\/fr\/#\/schema\/person\/e7bd59d6467874ba5c4723d8a9f0a63c","name":"R\u00e9daction","image":{"@type":"ImageObject","inLanguage":"fr-FR","@id":"https:\/\/elmawkie.dz\/fr\/#\/schema\/person\/image\/","url":"https:\/\/secure.gravatar.com\/avatar\/f0f773456344da4d2788c054a3d30a0c?s=96&d=mm&r=g","contentUrl":"https:\/\/secure.gravatar.com\/avatar\/f0f773456344da4d2788c054a3d30a0c?s=96&d=mm&r=g","caption":"R\u00e9daction"},"url":"https:\/\/elmawkie.dz\/fr\/author\/redaction\/"}]}},"_links":{"self":[{"href":"https:\/\/elmawkie.dz\/fr\/wp-json\/wp\/v2\/posts\/67805","targetHints":{"allow":["GET"]}}],"collection":[{"href":"https:\/\/elmawkie.dz\/fr\/wp-json\/wp\/v2\/posts"}],"about":[{"href":"https:\/\/elmawkie.dz\/fr\/wp-json\/wp\/v2\/types\/post"}],"author":[{"embeddable":true,"href":"https:\/\/elmawkie.dz\/fr\/wp-json\/wp\/v2\/users\/9"}],"replies":[{"embeddable":true,"href":"https:\/\/elmawkie.dz\/fr\/wp-json\/wp\/v2\/comments?post=67805"}],"version-history":[{"count":2,"href":"https:\/\/elmawkie.dz\/fr\/wp-json\/wp\/v2\/posts\/67805\/revisions"}],"predecessor-version":[{"id":67809,"href":"https:\/\/elmawkie.dz\/fr\/wp-json\/wp\/v2\/posts\/67805\/revisions\/67809"}],"wp:featuredmedia":[{"embeddable":true,"href":"https:\/\/elmawkie.dz\/fr\/wp-json\/wp\/v2\/media\/67807"}],"wp:attachment":[{"href":"https:\/\/elmawkie.dz\/fr\/wp-json\/wp\/v2\/media?parent=67805"}],"wp:term":[{"taxonomy":"category","embeddable":true,"href":"https:\/\/elmawkie.dz\/fr\/wp-json\/wp\/v2\/categories?post=67805"},{"taxonomy":"post_tag","embeddable":true,"href":"https:\/\/elmawkie.dz\/fr\/wp-json\/wp\/v2\/tags?post=67805"}],"curies":[{"name":"wp","href":"https:\/\/api.w.org\/{rel}","templated":true}]}}